{"id":3928,"date":"2019-05-28T10:42:33","date_gmt":"2019-05-28T13:42:33","guid":{"rendered":"https:\/\/radardofuturo.com.br\/?p=3928"},"modified":"2019-05-28T10:42:33","modified_gmt":"2019-05-28T13:42:33","slug":"faculdade-lanca-pos-de-direito-medico-e-bioetica","status":"publish","type":"post","link":"https:\/\/radardofuturo.com.br\/test\/faculdade-lanca-pos-de-direito-medico-e-bioetica\/","title":{"rendered":"Faculdade lan\u00e7a p\u00f3s de direito m\u00e9dico e bio\u00e9tica"},"content":{"rendered":"<p>O curso de P&oacute;s-Gradua&ccedil;&atilde;o Direito M&eacute;dico e Bio&eacute;tica da Faculdade de Ci&ecirc;ncias M&eacute;dicas da Santa Casa de S&atilde;o Paulo tem como objetivo fornecer conhecimentos jur&iacute;dicos sobre situa&ccedil;&otilde;es que os m&eacute;dicos vivenciam no cotidiano, possibilitando uma maior seguran&ccedil;a em sua atua&ccedil;&atilde;o.<\/p>\n<p><!--more--><\/p>\n<p>Mesmo possuindo excelente forma&ccedil;&atilde;o profissional, o m&eacute;dico acaba se confrontando com situa&ccedil;&otilde;es controversas e potencialmente arriscadas. Inclusive, tem crescido de forma exponencial o n&uacute;mero de profissionais processados, tanto no &acirc;mbito judicial como no &acirc;mbito &eacute;tico-profissional.<\/p>\n<p>Atrav&eacute;s de discuss&otilde;es de casos concretos, o curso visa mostrar o que um m&eacute;dico precisa saber sobre Direito para n&atilde;o se complicar nas emerg&ecirc;ncias e plant&otilde;es m&eacute;dicos, se precaver de processos judiciais, abrir e gerenciar sua pr&oacute;pria cl&iacute;nica, inclusive, do ponto de vista fiscal, entre outras situa&ccedil;&otilde;es.<\/p>\n<h4>Inscri&ccedil;&otilde;es at&eacute; 12 de setembro de 2019.<\/h4>\n<h3>Informa&ccedil;&otilde;es:<\/h3>\n<p>Telefone: (11) 3367-7742<\/p>\n<p><a href=\"mailto:pos.lato@fcmsantacasasp.edu.br\" rel=\"noreferrer\">pos.lato@fcmsantacasasp.edu.br<\/a>&nbsp;e &nbsp;<a href=\"http:\/\/t.email.fcmsantacasasp.edu.br\/wf\/click?upn=7ZKaOL2SokRk0mp5qfbdeK-2BhVcGQ-2BjkLKHLKwqZtnR9za1YlyN98UUWA-2BLzrkDo5tLMZIVGGUoFX5SIAYVxPT-2BizZOnot1pQ-2FS-2FLtar6U-2FKKj22VEcHyxRGegQ-2FolpGP7-2FtqmgU-2Bc5VSOFCVxEpRkTHpIvhuPwU1VNqIAwveZA-2BH5J5EiLkh9HGEgI2g93lev5EFyBEMDEEN-2Fq1qZHaBpA-3D-3D_u6a2PqF3vslNNtSRbhxJPVqKQoJjAZIYAZ5KIwHB50E1o1DIYOzJLcUOLhq0WoO4XWKMRFVXH1AceP35HiEExVAB-2FWy28EHcpUU5cr2CrAqjPQ9qxj61XkNC6rrwtR4XdjdnlIQnFccZJLinGPBAHMhBoLiT-2FUAIvHdBRgActXFNRbDcF67B9ow210S1j4wjPG6ricrxH0rmMM5evQuY4smbI-2F8cd-2FCIi-2Bqri8-2B1lcudnw0QPP6gSLaWDLP051vDmbcYnlBNJ14Yo1fyR962buyMHZOxNIGOuckt6UXoTStq3eEOB09pucurGKfFa8xbsJ05mMV9HznesQ1mfjJsfLHXXpJcB4OhE5XXtUNyC8K2GmZ9NexJeW6t90eyXyp6SQ-2BNpEKrk4pn2HdWQq64umKv-2BRHjizZ54IN-2FanxgLIv42ZnuF6595sobUxDk-2FNnaUBko8jFi-2BjcL-2FzDN4Di47lDD-2Fu0TDdWTn7HBhEN53En-2F-2F7BkHl6bEAkoSWUZYUPx\" target=\"_blank\" rel=\"noopener noreferrer\">http:\/\/fcmsantacasasp.edu.br\/direito-medico-e-bioetica\/<\/a><\/p>\n","protected":false},"excerpt":{"rendered":"<p>O curso de P&oacute;s-Gradua&ccedil;&atilde;o Direito M&eacute;dico e Bio&eacute;tica da Faculdade de Ci&ecirc;ncias M&eacute;dicas da Santa Casa de S&atilde;o Paulo tem como objetivo fornecer conhecimentos jur&iacute;dicos sobre situa&ccedil;&otilde;es que os m&eacute;dicos vivenciam no cotidiano, possibilitando uma maior seguran&ccedil;a em sua atua&ccedil;&atilde;o.<\/p>\n","protected":false},"author":1,"featured_media":0,"comment_status":"open","ping_status":"open","sticky":false,"template":"","format":"standard","meta":{"tdm_status":"","tdm_grid_status":"","footnotes":"","jetpack_publicize_message":"","jetpack_publicize_feature_enabled":true,"jetpack_social_post_already_shared":true,"jetpack_social_options":{"image_generator_settings":{"template":"highway","enabled":false},"version":2}},"categories":[18],"tags":[],"class_list":{"0":"post-3928","1":"post","2":"type-post","3":"status-publish","4":"format-standard","6":"category-eventos"},"jetpack_publicize_connections":[],"jetpack_featured_media_url":"","post_mailing_queue_ids":[],"_links":{"self":[{"href":"https:\/\/radardofuturo.com.br\/test\/wp-json\/wp\/v2\/posts\/3928","targetHints":{"allow":["GET"]}}],"collection":[{"href":"https:\/\/radardofuturo.com.br\/test\/wp-json\/wp\/v2\/posts"}],"about":[{"href":"https:\/\/radardofuturo.com.br\/test\/wp-json\/wp\/v2\/types\/post"}],"author":[{"embeddable":true,"href":"https:\/\/radardofuturo.com.br\/test\/wp-json\/wp\/v2\/users\/1"}],"replies":[{"embeddable":true,"href":"https:\/\/radardofuturo.com.br\/test\/wp-json\/wp\/v2\/comments?post=3928"}],"version-history":[{"count":0,"href":"https:\/\/radardofuturo.com.br\/test\/wp-json\/wp\/v2\/posts\/3928\/revisions"}],"wp:attachment":[{"href":"https:\/\/radardofuturo.com.br\/test\/wp-json\/wp\/v2\/media?parent=3928"}],"wp:term":[{"taxonomy":"category","embeddable":true,"href":"https:\/\/radardofuturo.com.br\/test\/wp-json\/wp\/v2\/categories?post=3928"},{"taxonomy":"post_tag","embeddable":true,"href":"https:\/\/radardofuturo.com.br\/test\/wp-json\/wp\/v2\/tags?post=3928"}],"curies":[{"name":"wp","href":"https:\/\/api.w.org\/{rel}","templated":true}]}}