{"id":3716,"date":"2019-05-14T11:27:30","date_gmt":"2019-05-14T14:27:30","guid":{"rendered":"https:\/\/radardofuturo.com.br\/?p=3716"},"modified":"2019-05-14T11:27:30","modified_gmt":"2019-05-14T14:27:30","slug":"especialistas-debatem-impactos-da-inteligencia-artificial-na-educacao","status":"publish","type":"post","link":"https:\/\/radardofuturo.com.br\/test\/especialistas-debatem-impactos-da-inteligencia-artificial-na-educacao\/","title":{"rendered":"Especialistas debatem impactos da intelig\u00eancia artificial na educa\u00e7\u00e3o"},"content":{"rendered":"<figure id=\"attachment_1574\" aria-describedby=\"caption-attachment-1574\" style=\"width: 960px\" class=\"wp-caption aligncenter\"><a href=\"https:\/\/radardofuturo.com.br\/test\/wp-content\/uploads\/2018\/07\/ilustracao-ciencia-integracao-tecnologia.jpg\"><img loading=\"lazy\" decoding=\"async\" class=\"wp-image-1574 size-full\" src=\"https:\/\/radardofuturo.com.br\/test\/wp-content\/uploads\/2018\/07\/ilustracao-ciencia-integracao-tecnologia.jpg\" alt=\"Representantes dos diferentes segmentos da educa&ccedil;&atilde;o v&atilde;o debater temas relacionados com mudan&ccedil;as no processo de aprendizagem, as poss&iacute;veis tend&ecirc;ncias at&eacute; 2030 e estrat&eacute;gias de atualiza&ccedil;&atilde;o de professores e escolas\" width=\"960\" height=\"450\" srcset=\"https:\/\/radardofuturo.com.br\/test\/wp-content\/uploads\/2018\/07\/ilustracao-ciencia-integracao-tecnologia.jpg 960w, https:\/\/radardofuturo.com.br\/test\/wp-content\/uploads\/2018\/07\/ilustracao-ciencia-integracao-tecnologia-300x141.jpg 300w, https:\/\/radardofuturo.com.br\/test\/wp-content\/uploads\/2018\/07\/ilustracao-ciencia-integracao-tecnologia-768x360.jpg 768w\" sizes=\"auto, (max-width: 960px) 100vw, 960px\"><\/a><figcaption id=\"caption-attachment-1574\" class=\"wp-caption-text\">Representantes dos diferentes segmentos da educa&ccedil;&atilde;o v&atilde;o debater temas relacionados com mudan&ccedil;as no processo de aprendizagem, as poss&iacute;veis <a href=\"https:\/\/radardofuturo.com.br\/test\/ddof\/o-que-sao-tendencias\/\" target=\"_self\" title=\"Confira o que s&atilde;o tend&ecirc;ncias, os fatos ou fen&ocirc;menos que podem acontecer em algum momento adiante na hist&oacute;ria da sociedade, como um novo comportamento individual ou de um grupo\" class=\"encyclopedia\">tend&ecirc;ncias<\/a> at&eacute; 2030 e estrat&eacute;gias de atualiza&ccedil;&atilde;o de professores e escolas.<\/figcaption><\/figure>\n<p><!--more--><\/p>\n<p>Radar do Futuro<\/p>\n<p>Professores e alunos que interagem com assistentes digitais para a pesquisa e apresenta&ccedil;&atilde;o de conte&uacute;dos de ensino e aprendizagem. Escolas que acompanham o desempenho da forma&ccedil;&atilde;o escolar de forma instant&acirc;nea. Estes poucos exemplos sintetizam as potencialidades da intelig&ecirc;ncia artificial no setor educacional, tema do debate &ldquo;Impactos da IA na Educa&ccedil;&atilde;o do Futuro&rdquo;, promovido pela empresa AION, com apoio da PUCMinas.<\/p>\n<p>O evento ser&aacute; realizado no dia 22 de maio, de 19h &agrave;s 21h. Representantes dos diferentes segmentos da educa&ccedil;&atilde;o v&atilde;o debater temas relacionados com mudan&ccedil;as no processo de aprendizagem, as poss&iacute;veis <a href=\"https:\/\/radardofuturo.com.br\/test\/ddof\/o-que-sao-tendencias\/\" target=\"_self\" title=\"Confira o que s&atilde;o tend&ecirc;ncias, os fatos ou fen&ocirc;menos que podem acontecer em algum momento adiante na hist&oacute;ria da sociedade, como um novo comportamento individual ou de um grupo\" class=\"encyclopedia\">tend&ecirc;ncias<\/a> at&eacute; 2030 e estrat&eacute;gias de atualiza&ccedil;&atilde;o de professores e escolas. Promotor do debate e de outras iniciativas relacionadas com a evolu&ccedil;&atilde;o das tecnologias de IA, S&eacute;rgio Viegas, dono e fundador da AION, assinala que a intelig&ecirc;ncia artificial&nbsp;tem gerado expectativas em todos os setores, algumas pessimistas e outras otimistas em rela&ccedil;&atilde;o ao futuro.<\/p>\n<p>No &acirc;mbito da educa&ccedil;&atilde;o, a IA pode influenciar em muito diversos processos, alterando formatos atuais e possivelmente ampliando o aprendizado.&nbsp;Por&eacute;m, toda mudan&ccedil;a pode vir acompanhada de riscos e medos. Os professores, escolas e alunos poder&atilde;o ser impactados e precisam se orientar rapidamente para se prepararem para as novidades que vir&atilde;o.<\/p>\n<p>Em rela&ccedil;&atilde;o ao mercado, esse espera por profissionais diferentes dos que s&atilde;o formados atualmente e este ajuste mercado-escola n&atilde;o tem conseguido aguardar altera&ccedil;&otilde;es lentas de &acirc;mbito governamental que exige aprova&ccedil;&otilde;es em institui&ccedil;&otilde;es n&atilde;o preparadas para esta revolu&ccedil;&atilde;o digital em vigor.<\/p>\n<h2>O debate discutir&aacute; temas como:<\/h2>\n<p>&bull; Como a IA vai mudar o processo de aprendizagem?<br>\n&bull; Quais poss&iacute;veis <a href=\"https:\/\/radardofuturo.com.br\/test\/ddof\/o-que-sao-tendencias\/\" target=\"_self\" title=\"Confira o que s&atilde;o tend&ecirc;ncias, os fatos ou fen&ocirc;menos que podem acontecer em algum momento adiante na hist&oacute;ria da sociedade, como um novo comportamento individual ou de um grupo\" class=\"encyclopedia\">tend&ecirc;ncias<\/a> em IA na educa&ccedil;&atilde;o at&eacute; 2030?<br>\n&bull; Como os sistemas educacionais atuais ser&atilde;o impactados pelas tecnologias de IA?<br>\n&bull; Como o professor deve se preparar?<br>\n&bull; Como as escolas devem se preparar?<br>\n&bull; Como o aluno ser&aacute; impactado?<br>\n&bull; Como o mercado recebe e receber&aacute; os alunos formados?<\/p>\n<h2>Participantes:<\/h2>\n<h4>Mediador:<\/h4>\n<p>Wladmir Cardoso Brand&atilde;o. Professor e Pesquisador na PUC Minas. CV: Doutor em Ci&ecirc;ncia da Computa&ccedil;&atilde;o, Mestre em Ci&ecirc;ncia da Informa&ccedil;&atilde;o, Especialista em Gest&atilde;o de Neg&oacute;cios pela UFMG e Bacharel em Ci&ecirc;ncia da Computa&ccedil;&atilde;o pela PUC Minas. Professor adjunto do DCC (Departamento de Ci&ecirc;ncia da Computa&ccedil;&atilde;o) e pesquisador permanente do PPGINF na PUC Minas, onde coordena o grupo de pesquisa IRIS (Sistemas Inteligentes para Tratamento de Informa&ccedil;&atilde;o). Membro da ACM (Association for Computing Machinery) e da SBC (Sociedade Brasileira de Computa&ccedil;&atilde;o).<\/p>\n<h3>Debatedores:<\/h3>\n<ul>\n<li><strong>Luis Enrique Z&aacute;rate G&aacute;lvez<\/strong>. Professor e Pesquisador na PUC Minas. CV: gradua&ccedil;&atilde;o em Engenharia Eletr&ocirc;nica pela Universidad Ricardo Palma (1987), Lima-Per&uacute;; gradua&ccedil;&atilde;o em Engenharia El&eacute;trica pela Universidade Federal de Minas Gerais (2003); mestrado em Engenharia El&eacute;trica (1991) e doutorado em Engenharia Metal&uacute;rgica e de Minas (1998) ambos pela Universidade Federal de Minas Gerais. Entre as principais linhas de pesquisa encontram-se: Soft-Computing (Redes Neurais Artificiais, L&oacute;gica Nebulosa e Computa&ccedil;&atilde;o Evolucion&aacute;ria), Aprendizado de M&aacute;quina, Descoberta de Conhecimento e Minera&ccedil;&atilde;o de Dados, An&aacute;lise Formal de Conceitos e Ontologia. &Eacute; autor de 150 trabalhos publicados em peri&oacute;dicos e confer&ecirc;ncias tanto nacionais quanto internacionais.<\/li>\n<li><strong>Luciano Sathler<\/strong>. Diretor da Associa&ccedil;&atilde;o Brasileira de Educa&ccedil;&atilde;o a Dist&acirc;ncia. CV: PhD em Administra&ccedil;&atilde;o pela FEA-USP. P&oacute;s-Graduado em Gest&atilde;o Universit&aacute;ria pela Organiza&ccedil;&atilde;o Universit&aacute;ria Interamericana. Reitor do Centro Universit&aacute;rio Metodista Izabela Hendrix. Diretor da Sucesu Minas. Curador do site http:\/\/inovacaoeducacional.com.br.<\/li>\n<li><strong>Cristiano Lacerda Nunes Pinto<\/strong>. Gerente de TI da Dom Helder Escola de Direito e Coordenador do Curso de Ci&ecirc;ncia da Computa&ccedil;&atilde;o da EMGE Escola de Engenharia. CV: graduado em Ci&ecirc;ncia da Computa&ccedil;&atilde;o pela PUC Minas. Mestre em Ci&ecirc;ncia da Computa&ccedil;&atilde;o pela PUC Minas. Doutorando em Ci&ecirc;ncia da Computa&ccedil;&atilde;o pela PUC Minas. Cientista de Dados e Co-fundador da DSMiner. Diretor de Solu&ccedil;&otilde;es Educacionais na SUCESU-MG.<\/li>\n<li><strong>Victor Salles<\/strong>. Co-Founder &amp; Head of AI and Bid Data na Hekima. CV: Formado em Ci&ecirc;ncia da Computa&ccedil;&atilde;o pela UFMG, participou ativamente do Movimento Empresa J&uacute;nior e se envolveu na concep&ccedil;&atilde;o da empresa ainda durante a gradua&ccedil;&atilde;o. Possui experi&ecirc;ncia em desenvolvimento de software &aacute;gil, gest&atilde;o de processos, vendas de solu&ccedil;&otilde;es complexas e Lean Startup.<\/li>\n<li><strong>S&eacute;rgio Viegas<\/strong>. CEO e Fouder da AION, Vice-presidente de Intelig&ecirc;ncia Artificial da Sucesu Minas, Criador do Meetup de Intelig&ecirc;ncia Artificial, Criador do Canvas Cognitivo. CV: Formado em ci&ecirc;ncia da computa&ccedil;&atilde;o na PUC-MG com MBA pela FGV e Mestre em Administra&ccedil;&atilde;o pela Fumec sobre o tema da Sobrecarga de Informa&ccedil;&otilde;es e a aten&ccedil;&atilde;o humana. Autor do livro Gest&atilde;o da Informa&ccedil;&atilde;o e Aten&ccedil;&atilde;o.<\/li>\n<\/ul>\n<section class=\"section text--small\">\n<div class=\"chunk\">\n<div class=\"flex flex--row eventDateTime\">\n<div class=\"flex-item\">\n<h2 class=\"eventTimeDisplay eventDateTime--hover\"><time class=\"\" datetime=\"1558562400000\"><span class=\"eventTimeDisplay-startDate\"><br>\nServi&ccedil;o:<br>\nImpactos da IA na educa&ccedil;&atilde;o do futuro<br>\n<\/span><\/time><\/h2>\n<p class=\"eventTimeDisplay eventDateTime--hover\"><time class=\"\" datetime=\"1558562400000\"><span class=\"eventTimeDisplay-startDate\">Quando<br>\nQuarta-feira, 22 de maio de 2019<br>\n<span class=\"eventTimeDisplay-startDate-time\">19:00<\/span><\/span><span class=\"eventTimeDisplay-endDate\">&nbsp;at&eacute;&nbsp;<span class=\"eventTimeDisplay-endDate-partialTime\">21:00<\/span><\/span><\/time><\/p>\n<p>Inscri&ccedil;&otilde;es:<br>\nhttps:\/\/www.meetup.com\/pt-BR\/Meetup-de-Inteligencia-Artificial\/events\/261427976\/<\/p>\n<\/div>\n<\/div>\n<\/div>\n<div class=\"flex flex--row\">\n<div>Onde:<\/div>\n<div class=\"flex-item flex-item--shrink text--secondary\">PUC Minas &ndash; Liberty Square<\/div>\n<div class=\"flex-item\">\n<div class=\"chunk\">\n<div class=\"venueDisplay-venue-howToFindUs\">\n<p class=\"text--caption text--wrapNice\">Rua Sergipe, 790 &ndash; Audit&oacute;rio Liberdade<\/p>\n<\/div>\n<\/div>\n<\/div>\n<\/div>\n<\/section>\n<div class=\"venueMap event-info-venueMap\"><a class=\"venueMap-mapLink\" href=\"https:\/\/www.google.com\/maps\/search\/?api=1&amp;query=-19.933336%2C-43.937145\" target=\"_blank noreferrer noopener\" rel=\"noopener noreferrer\"><img decoding=\"async\" class=\"venueMap-mapImg span--100\" src=\"https:\/\/maps.google.com\/maps\/api\/staticmap?markers=icon%3Ahttps%3A%2F%2Fsecure.meetupstatic.com%2Fs%2Fimg%2F5961591462445047%2Fmup-custom-google-map-pin.png%7C-19.933336%2C-43.937145&amp;zoom=17&amp;size=480x300&amp;sensor=false&amp;key=AIzaSyA3fSxhHZNQNfMjJuMFvmULACXrBfFz9jQ&amp;signature=Vy5i9oAMjy0D6dgJltw27UEoDpA%3D\" alt=\"Imagem do local do evento\"><\/a><\/div>\n","protected":false},"excerpt":{"rendered":"","protected":false},"author":1,"featured_media":0,"comment_status":"open","ping_status":"open","sticky":false,"template":"","format":"standard","meta":{"tdm_status":"","tdm_grid_status":"","footnotes":"","jetpack_publicize_message":"","jetpack_publicize_feature_enabled":true,"jetpack_social_post_already_shared":true,"jetpack_social_options":{"image_generator_settings":{"template":"highway","enabled":false},"version":2}},"categories":[18],"tags":[],"class_list":{"0":"post-3716","1":"post","2":"type-post","3":"status-publish","4":"format-standard","6":"category-eventos"},"jetpack_publicize_connections":[],"jetpack_featured_media_url":"","post_mailing_queue_ids":[],"_links":{"self":[{"href":"https:\/\/radardofuturo.com.br\/test\/wp-json\/wp\/v2\/posts\/3716","targetHints":{"allow":["GET"]}}],"collection":[{"href":"https:\/\/radardofuturo.com.br\/test\/wp-json\/wp\/v2\/posts"}],"about":[{"href":"https:\/\/radardofuturo.com.br\/test\/wp-json\/wp\/v2\/types\/post"}],"author":[{"embeddable":true,"href":"https:\/\/radardofuturo.com.br\/test\/wp-json\/wp\/v2\/users\/1"}],"replies":[{"embeddable":true,"href":"https:\/\/radardofuturo.com.br\/test\/wp-json\/wp\/v2\/comments?post=3716"}],"version-history":[{"count":0,"href":"https:\/\/radardofuturo.com.br\/test\/wp-json\/wp\/v2\/posts\/3716\/revisions"}],"wp:attachment":[{"href":"https:\/\/radardofuturo.com.br\/test\/wp-json\/wp\/v2\/media?parent=3716"}],"wp:term":[{"taxonomy":"category","embeddable":true,"href":"https:\/\/radardofuturo.com.br\/test\/wp-json\/wp\/v2\/categories?post=3716"},{"taxonomy":"post_tag","embeddable":true,"href":"https:\/\/radardofuturo.com.br\/test\/wp-json\/wp\/v2\/tags?post=3716"}],"curies":[{"name":"wp","href":"https:\/\/api.w.org\/{rel}","templated":true}]}}