{"id":3580,"date":"2019-05-02T12:56:15","date_gmt":"2019-05-02T15:56:15","guid":{"rendered":"https:\/\/radardofuturo.com.br\/?p=3580"},"modified":"2019-05-02T12:56:15","modified_gmt":"2019-05-02T15:56:15","slug":"transformacao-digital-ou-intensificacao-digital","status":"publish","type":"post","link":"https:\/\/radardofuturo.com.br\/test\/transformacao-digital-ou-intensificacao-digital\/","title":{"rendered":"Transforma\u00e7\u00e3o digital ou intensifica\u00e7\u00e3o digital?"},"content":{"rendered":"<figure id=\"attachment_3583\" aria-describedby=\"caption-attachment-3583\" style=\"width: 1024px\" class=\"wp-caption aligncenter\"><a href=\"https:\/\/radardofuturo.com.br\/test\/wp-content\/uploads\/2019\/05\/digital-tela-programacao-de-computador-foto-pexels.jpeg\"><img loading=\"lazy\" decoding=\"async\" class=\"wp-image-3583 size-large\" src=\"https:\/\/radardofuturo.com.br\/test\/wp-content\/uploads\/2019\/05\/digital-tela-programacao-de-computador-foto-pexels-1024x682.jpeg\" alt=\"A maioria das empresas j&aacute; entendeu que &eacute; uma quest&atilde;o de sobreviv&ecirc;ncia acompanhar as tend&ecirc;ncias do mercado. Foto: Pexels\" width=\"1024\" height=\"682\" srcset=\"https:\/\/radardofuturo.com.br\/test\/wp-content\/uploads\/2019\/05\/digital-tela-programacao-de-computador-foto-pexels-1024x682.jpeg 1024w, https:\/\/radardofuturo.com.br\/test\/wp-content\/uploads\/2019\/05\/digital-tela-programacao-de-computador-foto-pexels-300x200.jpeg 300w, https:\/\/radardofuturo.com.br\/test\/wp-content\/uploads\/2019\/05\/digital-tela-programacao-de-computador-foto-pexels-768x512.jpeg 768w, https:\/\/radardofuturo.com.br\/test\/wp-content\/uploads\/2019\/05\/digital-tela-programacao-de-computador-foto-pexels-480x320.jpeg 480w, https:\/\/radardofuturo.com.br\/test\/wp-content\/uploads\/2019\/05\/digital-tela-programacao-de-computador-foto-pexels.jpeg 1880w\" sizes=\"auto, (max-width: 1024px) 100vw, 1024px\"><\/a><figcaption id=\"caption-attachment-3583\" class=\"wp-caption-text\">A maioria das empresas j&aacute; entendeu que &eacute; uma quest&atilde;o de sobreviv&ecirc;ncia acompanhar as <a href=\"https:\/\/radardofuturo.com.br\/test\/ddof\/o-que-sao-tendencias\/\" target=\"_self\" title=\"Confira o que s&atilde;o tend&ecirc;ncias, os fatos ou fen&ocirc;menos que podem acontecer em algum momento adiante na hist&oacute;ria da sociedade, como um novo comportamento individual ou de um grupo\" class=\"encyclopedia\">tend&ecirc;ncias<\/a> do mercado. Foto: Pexels<\/figcaption><\/figure>\n<p><!--more--><\/p>\n<p><em>Alexandro Barsi *<\/em><\/p>\n<p>O assunto transforma&ccedil;&atilde;o digital est&aacute; em alta em quase todas as empresas, que j&aacute; est&atilde;o correndo para implementar essa iniciativa. Mas, a quest&atilde;o &eacute;: ser&aacute; que elas sabem o real objetivo dessa transforma&ccedil;&atilde;o? Como podemos entender se estamos ou n&atilde;o atingindo esses objetivos?<\/p>\n<p>Um estudo da McKinsey, lan&ccedil;ado em outubro de 2018 e chamado <em>Unlocking success in digital transformations<\/em>, aponta que oito de dez empresas t&ecirc;m iniciativas de transforma&ccedil;&atilde;o digital, o que &eacute; um &oacute;timo indicador. Mas, apenas 30% dessas empresas t&ecirc;m tido sucesso efetivo na organiza&ccedil;&atilde;o.<\/p>\n<p>A maioria das empresas j&aacute; entendeu que &eacute; uma quest&atilde;o de sobreviv&ecirc;ncia e est&aacute; diariamente se provocando e questionando sobre como mudar sua estrutura, acompanhar as <a href=\"https:\/\/radardofuturo.com.br\/test\/ddof\/o-que-sao-tendencias\/\" target=\"_self\" title=\"Confira o que s&atilde;o tend&ecirc;ncias, os fatos ou fen&ocirc;menos que podem acontecer em algum momento adiante na hist&oacute;ria da sociedade, como um novo comportamento individual ou de um grupo\" class=\"encyclopedia\">tend&ecirc;ncias<\/a> do mercado, ampliar os conhecimentos digitais, utilizar novas tecnologias, <em>Mobile, Analytics<\/em>, IoT, rever processos, garantir entregas &aacute;geis, inserir design no processo, entre outras iniciativas. Mas, ainda assim, existe uma discuss&atilde;o enorme sobre como se transformar e muito pouco se pensa sobre como perceber que est&aacute; no caminho certo.<\/p>\n<p>Essa transforma&ccedil;&atilde;o nunca deve acabar. Por isso, insisto em usar o termo &ldquo;intensifica&ccedil;&atilde;o digital&rdquo; constantemente, como forma de ressaltar que devemos n&atilde;o s&oacute; tomar iniciativas digitais, mas, principalmente, ter muita efetividade em todas elas.<\/p>\n<p>A transforma&ccedil;&atilde;o &eacute; importante e necess&aacute;ria no momento em que vivemos. A intensifica&ccedil;&atilde;o &eacute; crucial para obter sucesso no processo e para o reconhecimento de que a sua empresa &eacute; digital. Portanto, tenha um planejamento estrat&eacute;gico consistente, em que a tecnologia &eacute; um meio de melhorar a produtividade, integrar, otimizar e agilizar a cadeia produtiva, al&eacute;m de simplificar processos.<\/p>\n<p>Por outro lado, pensar em transforma&ccedil;&atilde;o digital e presumir que todos os colaboradores e clientes v&atilde;o se adaptar &agrave;s mudan&ccedil;as facilmente e sem impacto na produtividade &eacute; um dos maiores erros que as companhias cometem. Se as pessoas n&atilde;o adotam as mudan&ccedil;as, todo o investimento se perde.<\/p>\n<p>Portanto, &eacute; importante se questionar: os seus colaboradores sentem que a empresa &eacute; digital ou eles ainda voltam para casa achando que todos os aplicativos que usam na vida pessoal s&atilde;o muito mais simples, menos burocr&aacute;ticos e inspiradores do que os que eles t&ecirc;m que usar no dia-a-dia na empresa? Incorporar a inova&ccedil;&atilde;o na cultura organizacional da empresa tamb&eacute;m &eacute; um grande passo para obter um bom desempenho com as novas a&ccedil;&otilde;es.<\/p>\n<p>E os seus clientes, est&atilde;o sendo impactados pelas estrat&eacute;gias digitais? Eles s&atilde;o fi&eacute;is &agrave; sua marca ou apenas est&atilde;o conectados &agrave; empresa por alguma conveni&ecirc;ncia?<\/p>\n<p>Conversar e olhar para a jornada de cada um a fim de entender onde realmente &eacute; preciso ser relevante, impactante e descobrir as oportunidades de gera&ccedil;&atilde;o de valor para o neg&oacute;cio &eacute; essencial para o sucesso dessa transforma&ccedil;&atilde;o e intensifica&ccedil;&atilde;o. Afinal, a sua empresa est&aacute; no caminho certo quando o cliente realmente &eacute; impactado e sente que ela &eacute; digital e se preocupa com ele<\/p>\n<p>J&aacute; temos alguns casos de sucesso, no Brasil e no mundo, de empresas completamente digitais, onde os clientes conseguem sentir e perceber a facilidade nos servi&ccedil;os e que os processos s&atilde;o pensados para resolver e simplificar a vida de seus clientes, o que acaba os tornando cada vez mais fi&eacute;is, al&eacute;m de uma base s&oacute;lida que n&atilde;o para de crescer.<\/p>\n<p>O que faz a diferen&ccedil;a nestas empresas &eacute;, de fato, o trabalho sempre focado na intensifica&ccedil;&atilde;o digital e na efetividade dos servi&ccedil;os. Al&eacute;m de colocarem, realmente, o cliente no centro do neg&oacute;cio, enquanto muitas outras empresas ainda est&atilde;o com o time de marketing colocando o cliente no centro das pe&ccedil;as de divulga&ccedil;&atilde;o.<\/p>\n<p>Hoje, acreditamos que colocar design apenas no processo n&atilde;o &eacute; o suficiente. Temos a certeza de que temos que fazer do design O PROCESSO. Que a empatia e o olhar sobre como gerar impacto estejam, de fato, voltados &agrave; experi&ecirc;ncia do cliente e que este, finalmente, consiga perceber, sentir e falar que a sua empresa &eacute; digital, que ele ama ser seu cliente, que voc&ecirc; entrega uma experi&ecirc;ncia que parece que foi feita sob medida para ele e que voc&ecirc; realmente se preocupa com ele.<\/p>\n<p>E a sua empresa, &eacute; digital? Est&aacute; em plena transforma&ccedil;&atilde;o ou est&aacute; na fase de intensifica&ccedil;&atilde;o?<\/p>\n<hr>\n<p>* Alexandro Barsi &eacute; s&oacute;cio-fundador e CEO da Verity Group, ecossistema de tecnologia com servi&ccedil;os e solu&ccedil;&otilde;es que atuam de ponta a ponta na jornada da experi&ecirc;ncia do cliente para acelerar e intensificar a transforma&ccedil;&atilde;o digital. &Eacute; formado pela Northwestern University, Funda&ccedil;&atilde;o Dom Cabral e p&oacute;s-graduado em Gest&atilde;o de Projetos e Processos pela USP.<\/p>\n","protected":false},"excerpt":{"rendered":"","protected":false},"author":1,"featured_media":3583,"comment_status":"open","ping_status":"open","sticky":false,"template":"","format":"standard","meta":{"tdm_status":"","tdm_grid_status":"","footnotes":"","jetpack_publicize_message":"","jetpack_publicize_feature_enabled":true,"jetpack_social_post_already_shared":true,"jetpack_social_options":{"image_generator_settings":{"template":"highway","enabled":false},"version":2}},"categories":[36],"tags":[212,384],"class_list":{"0":"post-3580","1":"post","2":"type-post","3":"status-publish","4":"format-standard","5":"has-post-thumbnail","7":"category-pensadores-futuro","8":"tag-digitalizacao","9":"tag-transformacao-digital"},"jetpack_publicize_connections":[],"jetpack_featured_media_url":"https:\/\/radardofuturo.com.br\/test\/wp-content\/uploads\/2019\/05\/digital-tela-programacao-de-computador-foto-pexels.jpeg","post_mailing_queue_ids":[],"_links":{"self":[{"href":"https:\/\/radardofuturo.com.br\/test\/wp-json\/wp\/v2\/posts\/3580","targetHints":{"allow":["GET"]}}],"collection":[{"href":"https:\/\/radardofuturo.com.br\/test\/wp-json\/wp\/v2\/posts"}],"about":[{"href":"https:\/\/radardofuturo.com.br\/test\/wp-json\/wp\/v2\/types\/post"}],"author":[{"embeddable":true,"href":"https:\/\/radardofuturo.com.br\/test\/wp-json\/wp\/v2\/users\/1"}],"replies":[{"embeddable":true,"href":"https:\/\/radardofuturo.com.br\/test\/wp-json\/wp\/v2\/comments?post=3580"}],"version-history":[{"count":0,"href":"https:\/\/radardofuturo.com.br\/test\/wp-json\/wp\/v2\/posts\/3580\/revisions"}],"wp:featuredmedia":[{"embeddable":true,"href":"https:\/\/radardofuturo.com.br\/test\/wp-json\/wp\/v2\/media\/3583"}],"wp:attachment":[{"href":"https:\/\/radardofuturo.com.br\/test\/wp-json\/wp\/v2\/media?parent=3580"}],"wp:term":[{"taxonomy":"category","embeddable":true,"href":"https:\/\/radardofuturo.com.br\/test\/wp-json\/wp\/v2\/categories?post=3580"},{"taxonomy":"post_tag","embeddable":true,"href":"https:\/\/radardofuturo.com.br\/test\/wp-json\/wp\/v2\/tags?post=3580"}],"curies":[{"name":"wp","href":"https:\/\/api.w.org\/{rel}","templated":true}]}}