{"id":330,"date":"2020-11-29T13:34:00","date_gmt":"2020-11-29T16:34:00","guid":{"rendered":"https:\/\/litebold.co\/~radardofuturo\/a-politica-em-2025\/"},"modified":"2020-11-29T19:39:19","modified_gmt":"2020-11-29T22:39:19","slug":"a-politica-em-2025","status":"publish","type":"post","link":"https:\/\/radardofuturo.com.br\/test\/a-politica-em-2025\/","title":{"rendered":"A pol\u00edtica em 2025: cen\u00e1rios de quando a popula\u00e7\u00e3o perdeu a paci\u00eancia"},"content":{"rendered":"\n<div class=\"wp-block-image is-style-default\"><figure class=\"aligncenter\"><a href=\"https:\/\/radardofuturo.com.br\/test\/wp-content\/uploads\/2017\/05\/manifestacao_contra_deportacao_jornalista_brasileira-_17082015_005-1.jpg\"><img loading=\"lazy\" decoding=\"async\" width=\"870\" height=\"350\" src=\"https:\/\/radardofuturo.com.br\/test\/wp-content\/uploads\/2017\/05\/manifestacao_contra_deportacao_jornalista_brasileira-_17082015_005-1.jpg\" alt=\"Em 2025, sem a m&iacute;nima credibilidade, os sistemas pol&iacute;ticos estar&atilde;o sob ataque intenso\" class=\"wp-image-614\" srcset=\"https:\/\/radardofuturo.com.br\/test\/wp-content\/uploads\/2017\/05\/manifestacao_contra_deportacao_jornalista_brasileira-_17082015_005-1.jpg 870w, https:\/\/radardofuturo.com.br\/test\/wp-content\/uploads\/2017\/05\/manifestacao_contra_deportacao_jornalista_brasileira-_17082015_005-1-300x121.jpg 300w, https:\/\/radardofuturo.com.br\/test\/wp-content\/uploads\/2017\/05\/manifestacao_contra_deportacao_jornalista_brasileira-_17082015_005-1-768x309.jpg 768w\" sizes=\"auto, (max-width: 870px) 100vw, 870px\"><\/a><figcaption>Em 2025, sem a m&iacute;nima credibilidade, os sistemas pol&iacute;ticos estar&atilde;o sob ataque intenso<\/figcaption><\/figure><\/div>\n\n\n\n<!--more-->\n\n\n\n<p class=\"author\">Carlos Teixeira<br>Jornalista &ndash; Editor do Radar do Futuro<\/p>\n\n\n\n<blockquote class=\"wp-block-quote is-style-default is-layout-flow wp-block-quote-is-layout-flow\"><p><span style=\"font-size: 12.8px;\">N&atilde;o confie em ningu&eacute;m com mais de 30 anos.<br><\/span><em>Marcos Valle<\/em><\/p><\/blockquote>\n\n\n\n<p>Cansados do tamanho da m&aacute;quina criada em Bras&iacute;lia para sustentar o neg&oacute;cio em que se transformou a pol&iacute;tica, em 2025 a popula&ccedil;&atilde;o finalmente faz o que muitos representantes das gera&ccedil;&otilde;es anteriores sonharam: implode, literalmente, os pr&eacute;dios do Congresso Nacional.&nbsp;Simbolicamente, o pa&iacute;s determina o fim das lutas pela elimina&ccedil;&atilde;o da pol&iacute;tica como representa&ccedil;&atilde;o de interesses particulares e de grupos empresariais.&nbsp;Junto em pelo menos uma causa, finalmente o povo unido venceu. Velhos senhores e senhoras e o sistema ultrapassado enterrados, com os pr&eacute;dios brasilienses, por jovens cansados da guerra por esperan&ccedil;as.<\/p>\n\n\n\n<p>O mesmo &ldquo;ver&atilde;o latino&rdquo; ocorre em outros lugares. Na verdade, o script acompanha um processo global diante da perda generalizada de credibilidade de governantes, do legislativo e do judici&aacute;rio. A respeitabilidade e a credibilidade dos poderes se dilu&iacute;ram finalmente, concluindo a degrada&ccedil;&atilde;o iniciada na segunda parte da d&eacute;cada anterior. Os podres poderes vencidos. Os velhos, enfim, morreram, abrindo espa&ccedil;o para que o novo nas&ccedil;a. <\/p>\n\n\n\n<h2 class=\"wp-block-heading\">Decad&ecirc;ncia da velha pol&iacute;tica<\/h2>\n\n\n\n<p>O jogo de representa&ccedil;&atilde;o dos velhos pol&iacute;ticos, descendentes ainda dos nascidos antes dos anos 1970, minou vigorosamente o que restava de import&acirc;ncia das institui&ccedil;&otilde;es formadas, em tese, por pessoas eleitas pelas popula&ccedil;&otilde;es com o objetivo de defender os interesses coletivos. O mundo sonha com algo realmente novo. Como um modelo de &ldquo;democracia direta&rdquo;, que se desenvolve gra&ccedil;as &agrave; utiliza&ccedil;&atilde;o da internet em todos os lugares, em todas as coisas. Gra&ccedil;as &agrave; capacidade de monitoramento das informa&ccedil;&otilde;es p&uacute;blicas &mdash; apesar dos riscos privados.<\/p>\n\n\n\n<p>As barreiras impostas &agrave;s lideran&ccedil;as novas, capazes de propor alternativas ao aprofundamento dos problemas sociais e econ&ocirc;micos dos dez anos anos anteriores, agravou o cen&aacute;rio das sociedades ocidentais. A solu&ccedil;&atilde;o dos pol&iacute;ticos &ldquo;n&atilde;o pol&iacute;ticos&rdquo; da d&eacute;cada de 2010 e in&iacute;cio dos 2020 e as artimanhas para impor um modelo &uacute;nico de gest&atilde;o econ&ocirc;mica, baseado em controle de gastos e a austeridade, geraram resultados tr&aacute;gicos para a maior parte da sociedade. E abriram as portas para a radicaliza&ccedil;&atilde;o de 2025.<\/p>\n\n\n\n<p>No cen&aacute;rio de austeridade das solu&ccedil;&otilde;es propostas a partir da crise financeira de 2008, e de avan&ccedil;os das tecnologias sobre o mercado de trabalho, a sociedade viu cair a qualidade de vida. Os jovens conheceram a era das desilus&otilde;es.<\/p>\n\n\n\n<p>Os confortos das inova&ccedil;&otilde;es n&atilde;o foram suficientes para compensar a quebra das expectativas de constru&ccedil;&atilde;o de um futuro melhor. Como j&aacute; alertavam at&eacute; mesmo organismos internacionais no final da d&eacute;cada de 2010, o ambiente global passou a combinar pouqu&iacute;ssimos ricos e bilh&otilde;es de miser&aacute;veis. Jovens, em especial, foram as maiores v&iacute;timas do fim do processo de mobilidade social. Com os seus trabalhos prec&aacute;rios, os filhos agora ganham menos do que seus pais e av&oacute;s. N&atilde;o h&aacute; esperan&ccedil;a de melhora.<\/p>\n\n\n\n<h2 class=\"wp-block-heading\">Avan&ccedil;o das polariza&ccedil;&otilde;es<\/h2>\n\n\n\n<p>Automa&ccedil;&atilde;o e robotiza&ccedil;&atilde;o cortaram n&atilde;o s&oacute; os empregos de caixas de banco e do com&eacute;rcio, operadores de telemarketing e de oper&aacute;rios, mas tamb&eacute;m da turma de colarinho branco. Advogados, uma categoria formada por milh&otilde;es de pessoas, s&atilde;o desnecess&aacute;rios, a n&atilde;o ser por uma pequena casta de privilegiados.<\/p>\n\n\n\n<p>O cidad&atilde;o que precisa da Justi&ccedil;a diz ao sistema qual a sua pend&ecirc;ncia. O computador cruza informa&ccedil;&otilde;es suas com os dados de outros envolvidos e gera uma senten&ccedil;a. Para que m&eacute;dicos para consultas triviais? Com um mero sopro na m&aacute;quina, sistemas inteligentes fazem diagn&oacute;stico e emitem uma receita de tratamento.<\/p>\n\n\n\n<p>Velhos trabalhadores se juntam aos novos nas lamenta&ccedil;&otilde;es de falta de alternativas. Em 2025, as ilus&otilde;es perdidas em anos anteriores deixaram, como presente para o futuro, o aprofundamento da mesma onda de rompimento com o passado. Mas polariza&ccedil;&otilde;es sociais e pol&iacute;ticas permanecem.<\/p>\n\n\n\n<h2 class=\"wp-block-heading\">Sa&iacute;da pela democracia direta<\/h2>\n\n\n\n<p>Descartando a velha pol&iacute;tica representativa, as sociedades tentam utilizar a pr&oacute;pria tecnologia como alternativa de gest&atilde;o dos interesses comuns, seja para a defini&ccedil;&atilde;o de uma obra necess&aacute;ria para o tr&aacute;fego ou a constru&ccedil;&atilde;o de um novo hospital. As decis&otilde;es sobre investimentos priorit&aacute;rios passam pela negocia&ccedil;&atilde;o intermediada pela intelig&ecirc;ncia artificial.<\/p>\n\n\n\n<p>A internet ultrarr&aacute;pida e o avan&ccedil;o de sistemas de realidade virtual ampliam as possibilidades de debate, em uma sociedade que s&oacute; conseguiu se unir em torno do &oacute;dio &agrave; pol&iacute;tica. Mas que n&atilde;o consegue resolver suas pr&oacute;prias diferen&ccedil;as. A era das desilus&otilde;es teve como seu resultado um aumento explosivo de movimentos radicais.<\/p>\n\n\n\n<p>A sociedade perdeu, em 2025, as suas refer&ecirc;ncias ideol&oacute;gicas. O mundo capitalista, dominado pelo sistema financeiro, vive a sua pior crise. A imagem &eacute; t&atilde;o contaminada quanto &agrave; dos pol&iacute;ticos. A sociedade se voltar&aacute; &agrave; compreens&atilde;o de que a pol&iacute;tica deve inibir as a&ccedil;&otilde;es dos grupos econ&ocirc;micos poderosos. &Eacute; necess&aacute;rio caminhar para um outro lado, socialmente justo, para construir um mundo melhor. <\/p>\n","protected":false},"excerpt":{"rendered":"","protected":false},"author":1,"featured_media":329,"comment_status":"open","ping_status":"open","sticky":false,"template":"","format":"standard","meta":{"tdm_status":"","tdm_grid_status":"","footnotes":"","jetpack_publicize_message":"","jetpack_publicize_feature_enabled":true,"jetpack_social_post_already_shared":false,"jetpack_social_options":{"image_generator_settings":{"template":"highway","enabled":false},"version":2}},"categories":[37],"tags":[328,321,325,322,324,329,323,326,327],"class_list":{"0":"post-330","1":"post","2":"type-post","3":"status-publish","4":"format-standard","5":"has-post-thumbnail","7":"category-um-dia-no-futuro","8":"tag-democracia-digital","9":"tag-em-2015","10":"tag-em-2025","11":"tag-fim-da-politica","12":"tag-futuro-da-politica","13":"tag-politica-brasileira","14":"tag-politica-em-2025","15":"tag-revolta-popular","16":"tag-revolucao"},"jetpack_publicize_connections":[],"jetpack_featured_media_url":"https:\/\/radardofuturo.com.br\/test\/wp-content\/uploads\/2017\/05\/manifestacao_contra_deportacao_jornalista_brasileira-_17082015_005.jpg","post_mailing_queue_ids":[],"_links":{"self":[{"href":"https:\/\/radardofuturo.com.br\/test\/wp-json\/wp\/v2\/posts\/330","targetHints":{"allow":["GET"]}}],"collection":[{"href":"https:\/\/radardofuturo.com.br\/test\/wp-json\/wp\/v2\/posts"}],"about":[{"href":"https:\/\/radardofuturo.com.br\/test\/wp-json\/wp\/v2\/types\/post"}],"author":[{"embeddable":true,"href":"https:\/\/radardofuturo.com.br\/test\/wp-json\/wp\/v2\/users\/1"}],"replies":[{"embeddable":true,"href":"https:\/\/radardofuturo.com.br\/test\/wp-json\/wp\/v2\/comments?post=330"}],"version-history":[{"count":0,"href":"https:\/\/radardofuturo.com.br\/test\/wp-json\/wp\/v2\/posts\/330\/revisions"}],"wp:featuredmedia":[{"embeddable":true,"href":"https:\/\/radardofuturo.com.br\/test\/wp-json\/wp\/v2\/media\/329"}],"wp:attachment":[{"href":"https:\/\/radardofuturo.com.br\/test\/wp-json\/wp\/v2\/media?parent=330"}],"wp:term":[{"taxonomy":"category","embeddable":true,"href":"https:\/\/radardofuturo.com.br\/test\/wp-json\/wp\/v2\/categories?post=330"},{"taxonomy":"post_tag","embeddable":true,"href":"https:\/\/radardofuturo.com.br\/test\/wp-json\/wp\/v2\/tags?post=330"}],"curies":[{"name":"wp","href":"https:\/\/api.w.org\/{rel}","templated":true}]}}