{"id":327,"date":"2017-05-18T14:52:22","date_gmt":"2017-05-18T17:52:22","guid":{"rendered":"https:\/\/litebold.co\/~radardofuturo\/a-doenca-da-proxima-decada-depressao\/"},"modified":"2018-02-17T19:27:25","modified_gmt":"2018-02-17T22:27:25","slug":"a-doenca-da-proxima-decada-depressao","status":"publish","type":"post","link":"https:\/\/radardofuturo.com.br\/test\/a-doenca-da-proxima-decada-depressao\/","title":{"rendered":"A doen\u00e7a da pr\u00f3xima d\u00e9cada: depress\u00e3o"},"content":{"rendered":"<p>Disturbios ps&iacute;quicos e sociais desafiam a compreens&atilde;o dos pais<\/p>\n<p><!--more--><\/p>\n<p>Radar do Futuro<\/p>\n<p>&ldquo;Outro dia vi o meu filho de 12 anos entrando em site que parecia o tal de baleia azul. N&atilde;o deixei para depois. Dei uma surra nele&rdquo;. Com a televis&atilde;o ligada na TV Globo permanentemente, n&atilde;o era para esperar muito do di&aacute;logo que ouvi outro dia na sala de espera de um consult&oacute;rio da dentista. Junto com as prega&ccedil;&otilde;es de que falta Jesus na vida das pessoas, a conversa resvalava para o senso comum de que as gera&ccedil;&otilde;es de nossos pais eram mais severas e, por isso, os atuais adultos teriam menos problemas.<\/p>\n<p>Na Universidade Federal de Minas Gerais, em Belo Horizonte, um alarme foi acionado recentemente diante do registro de casos de suic&iacute;dio. N&atilde;o teve qualquer rela&ccedil;&atilde;o com a onda da &ldquo;baleia azul&rdquo;, aplicativo na internet que estimulou alguns jovens a por fim na vida como etapa final de um jogo de desafios.<\/p>\n<p>Nos Estados Unidos, os millennials s&atilde;o a gera&ccedil;&atilde;o com maior n&uacute;mero de doentes com depress&atilde;o. A Organiza&ccedil;&atilde;o Mundial da Sa&uacute;de alertava, em 2016, para o fato de o&nbsp;suic&iacute;dio ser a segunda principal causa de morte de jovens entre os 15 e os 29 anos. As causas das doen&ccedil;as mentais s&atilde;o sempre indeterminadas, dif&iacute;ceis de enumerar.&nbsp;Segundo um estudo da BDA- Morneau Shepbell, um em cada&nbsp;cinco millennials sofria de depress&atilde;o nos Estados Unidos em 2015 (correspondente a 20% da popula&ccedil;&atilde;o millennial).<\/p>\n<p>Em Portugal, o Estudo Epidemiol&oacute;gico Nacional de Sa&uacute;de Mental foi o primeiro trabalho a avaliar a epidemiologia das perturba&ccedil;&otilde;es psiqui&aacute;tricas numa amostra representativa da popula&ccedil;&atilde;o adulta de Portugal. Os resultados do estudo, conhecido em 2010, mostram que a preval&ecirc;ncia das perturba&ccedil;&otilde;es psiqui&aacute;tricas em Portugal &eacute; muito elevada. &ldquo;Mais de um em cada cinco dos indiv&iacute;duos apresentou uma perturba&ccedil;&atilde;o psiqui&aacute;trica nos 12 meses anteriores &agrave; entrevista&rdquo;.<\/p>\n<p>Segundo an&aacute;lises do estudo, a preval&ecirc;ncia &eacute; &ldquo;a segunda mais alta a n&iacute;vel europeu, com um valor quase igual &agrave; da Irlanda do Norte, que ocupa o primeiro lugar&rdquo;. Neste aspeto, Portugal distingue-se significativamente de todos os outros pa&iacute;ses do sul da Europa, que, sem exce&ccedil;&atilde;o, apresentam preval&ecirc;ncias muito mais baixas que os pa&iacute;ses do norte.<\/p>\n<p>De acordo com o mesmo levantamento, as perturba&ccedil;&otilde;es de ansiedade s&atilde;o o grupo que apresenta uma preval&ecirc;ncia mais elevada no pa&iacute;s (16.5%) e que mais contribui para que, em conjunto com a Irlanda do Norte, Portugal se distinga dos outros pa&iacute;ses da Europa. Seguem-se as perturba&ccedil;&otilde;es depressivas, as perturba&ccedil;&otilde;es de controlo de impulsos e por abuso de subst&acirc;ncias, todas elas com valores mais pr&oacute;ximos dos encontrados nos outros pa&iacute;ses europeus.<\/p>\n","protected":false},"excerpt":{"rendered":"<p>Disturbios ps&iacute;quicos e sociais desafiam a compreens&atilde;o dos pais<\/p>\n","protected":false},"author":1,"featured_media":0,"comment_status":"open","ping_status":"open","sticky":false,"template":"","format":"standard","meta":{"tdm_status":"","tdm_grid_status":"","footnotes":"","jetpack_publicize_message":"","jetpack_publicize_feature_enabled":true,"jetpack_social_post_already_shared":false,"jetpack_social_options":{"image_generator_settings":{"template":"highway","enabled":false},"version":2}},"categories":[19],"tags":[],"class_list":{"0":"post-327","1":"post","2":"type-post","3":"status-publish","4":"format-standard","6":"category-insights"},"jetpack_publicize_connections":[],"jetpack_featured_media_url":"","post_mailing_queue_ids":[],"_links":{"self":[{"href":"https:\/\/radardofuturo.com.br\/test\/wp-json\/wp\/v2\/posts\/327","targetHints":{"allow":["GET"]}}],"collection":[{"href":"https:\/\/radardofuturo.com.br\/test\/wp-json\/wp\/v2\/posts"}],"about":[{"href":"https:\/\/radardofuturo.com.br\/test\/wp-json\/wp\/v2\/types\/post"}],"author":[{"embeddable":true,"href":"https:\/\/radardofuturo.com.br\/test\/wp-json\/wp\/v2\/users\/1"}],"replies":[{"embeddable":true,"href":"https:\/\/radardofuturo.com.br\/test\/wp-json\/wp\/v2\/comments?post=327"}],"version-history":[{"count":0,"href":"https:\/\/radardofuturo.com.br\/test\/wp-json\/wp\/v2\/posts\/327\/revisions"}],"wp:attachment":[{"href":"https:\/\/radardofuturo.com.br\/test\/wp-json\/wp\/v2\/media?parent=327"}],"wp:term":[{"taxonomy":"category","embeddable":true,"href":"https:\/\/radardofuturo.com.br\/test\/wp-json\/wp\/v2\/categories?post=327"},{"taxonomy":"post_tag","embeddable":true,"href":"https:\/\/radardofuturo.com.br\/test\/wp-json\/wp\/v2\/tags?post=327"}],"curies":[{"name":"wp","href":"https:\/\/api.w.org\/{rel}","templated":true}]}}