{"id":3188,"date":"2019-04-05T11:33:50","date_gmt":"2019-04-05T14:33:50","guid":{"rendered":"https:\/\/radardofuturo.com.br\/?p=3188"},"modified":"2019-04-05T11:33:50","modified_gmt":"2019-04-05T14:33:50","slug":"formacao-gratuita-em-lideranca-segue-com-inscricoes-abertas-ate-o-fim-do-mes","status":"publish","type":"post","link":"https:\/\/radardofuturo.com.br\/test\/formacao-gratuita-em-lideranca-segue-com-inscricoes-abertas-ate-o-fim-do-mes\/","title":{"rendered":"Forma\u00e7\u00e3o gratuita em lideran\u00e7a segue com inscri\u00e7\u00f5es abertas at\u00e9 o fim do m\u00eas"},"content":{"rendered":"<figure id=\"attachment_2255\" aria-describedby=\"caption-attachment-2255\" style=\"width: 960px\" class=\"wp-caption aligncenter\"><a href=\"https:\/\/radardofuturo.com.br\/test\/wp-content\/uploads\/2018\/11\/aeroporto-mulher-procurando-o-voo-foto-pixabay-1.jpg\"><img loading=\"lazy\" decoding=\"async\" class=\"wp-image-2255 size-full\" src=\"https:\/\/radardofuturo.com.br\/test\/wp-content\/uploads\/2018\/11\/aeroporto-mulher-procurando-o-voo-foto-pixabay-1.jpg\" alt=\"As inscri&ccedil;&otilde;es para a 4&ordf; edi&ccedil;&atilde;o do programa gratuito ProL&iacute;der, voltado para a forma&ccedil;&atilde;o de jovens lideran&ccedil;as e o desenvolvimento de empreendimentos de impacto social, foram prorrogadas e v&atilde;o at&eacute; o dia 30 de abril.\" width=\"960\" height=\"640\" srcset=\"https:\/\/radardofuturo.com.br\/test\/wp-content\/uploads\/2018\/11\/aeroporto-mulher-procurando-o-voo-foto-pixabay-1.jpg 960w, https:\/\/radardofuturo.com.br\/test\/wp-content\/uploads\/2018\/11\/aeroporto-mulher-procurando-o-voo-foto-pixabay-1-300x200.jpg 300w, https:\/\/radardofuturo.com.br\/test\/wp-content\/uploads\/2018\/11\/aeroporto-mulher-procurando-o-voo-foto-pixabay-1-768x512.jpg 768w, https:\/\/radardofuturo.com.br\/test\/wp-content\/uploads\/2018\/11\/aeroporto-mulher-procurando-o-voo-foto-pixabay-1-480x320.jpg 480w\" sizes=\"auto, (max-width: 960px) 100vw, 960px\"><\/a><figcaption id=\"caption-attachment-2255\" class=\"wp-caption-text\">As inscri&ccedil;&otilde;es para a 4&ordf; edi&ccedil;&atilde;o do programa gratuito ProL&iacute;der, voltado para a forma&ccedil;&atilde;o de jovens lideran&ccedil;as e o desenvolvimento de empreendimentos de impacto social, foram prorrogadas e v&atilde;o at&eacute; o dia 30 de abril.<\/figcaption><\/figure>\n<p><!--more--><\/p>\n<p>Radar do Futuro *<\/p>\n<p>As inscri&ccedil;&otilde;es para a quarta edi&ccedil;&atilde;o do programa ProL&iacute;der, voltado para a forma&ccedil;&atilde;o de jovens lideran&ccedil;as e o desenvolvimento de empreendimentos de impacto social, foram estendidas e encerram no pr&oacute;ximo dia 30 de abril. Com dura&ccedil;&atilde;o total de sete meses, participantes de todo o Brasil ser&atilde;o trazidos a S&atilde;o Paulo (com aux&iacute;lio-transporte) para encontros, aos s&aacute;bados, com formadores de renome &ndash; como Claudia Costin, ex-diretora de Educa&ccedil;&atilde;o do Banco Mundial, Marcelo Nobrega, diretor de RH da Arcos Dorados, e Camilla Junqueira, diretora-geral da Endeavor. As candidaturas podem ser feitas por meio do site <a href=\"http:\/\/www.programaprolider.com.br\" target=\"_blank\" rel=\"noopener\">www.programaprolider.com.br<\/a>.<\/p>\n<p>Com &iacute;ndice de evas&atilde;o zero, em 2018, participaram 41 pessoas de 16 estados brasileiros. Somando as tr&ecirc;s primeiras edi&ccedil;&otilde;es, uma centena de jovens &ndash; entre 14 e 35 anos &ndash; passaram pela forma&ccedil;&atilde;o gratuita.<\/p>\n<p>A fim de compor turmas representativas, com diferentes perspectivas da sociedade brasileira, o ProL&iacute;der preza pela diversidade regional, &eacute;tnica, ideol&oacute;gica, sexual, de classes sociais, forma&ccedil;&otilde;es e at&eacute; mesmo nacionalidades &ndash; com ex-participantes criados no Brasil, por&eacute;m nascidos no Jap&atilde;o, It&aacute;lia e Peru.<\/p>\n<h2>Origem<\/h2>\n<p>Como orquestrador de todo esse movimento est&aacute; Wellington Vitorino (24 anos), jovem negro nascido em S&atilde;o Gon&ccedil;alo\/RJ, que, a partir de uma realidade de pobreza e viol&ecirc;ncia, conseguiu se formar em Administra&ccedil;&atilde;o de Empresas no IBMEC e fundar o Instituto Four. A organiza&ccedil;&atilde;o sem fins lucrativos tem o ProL&iacute;der como carro-chefe e a Funda&ccedil;&atilde;o Lemann como mantenedora.<\/p>\n<p>&ldquo;Acreditamos que talento n&atilde;o tem CEP, ent&atilde;o nosso objetivo &eacute; atrair os melhores jovens espalhados pelo Brasil que querem contribuir para o desenvolvimento do Pa&iacute;s. Com o lema &lsquo;reclamar n&atilde;o muda&rsquo;, encorajamos esses jovens a fazerem suas inscri&ccedil;&otilde;es&rdquo;, ressalta.<\/p>\n<h2>Neg&oacute;cios transformadores<\/h2>\n<p>Funcionando como celeiro de empreendimentos inovadores, o ProL&iacute;der &eacute; respons&aacute;vel pelo desenvolvimento de projetos como o <em>Football for a Cause<\/em>, vencedor do programa em 2018, que vende, em plataforma de e-commerce, artigos usados por jogadores de futebol em treinos e partidas oficiais, revertendo metade da receita para projetos educacionais; o Emerge, que fomenta a comunidade de jovens inovadores e cientistas empreendedores; e a Rede Garat&eacute;a, que se empenha em diminuir o tempo de espera por atendimento em casos de emerg&ecirc;ncias m&eacute;dicas.<\/p>\n<p>&ldquo;No ProL&iacute;der, vi que podemos trabalhar pelo desenvolvimento do Pa&iacute;s nas principais &aacute;reas de interesse p&uacute;blico e criar uma rede de pessoas que querem impactar o Brasil, assumindo grandes desafios&rdquo;, afirma Caio Rolim (28 anos), que fundou o Legisla Brasil a partir do programa, em 2017. A organiza&ccedil;&atilde;o atua na sele&ccedil;&atilde;o e forma&ccedil;&atilde;o de jovens para trabalharem como estagi&aacute;rios ou assessores junto a representantes parlamentares.<\/p>\n<p>Integrante da &uacute;ltima edi&ccedil;&atilde;o, Gerliane Chaves (20 anos) enfrentava cerca de 12 horas de &ocirc;nibus entre Imperatriz e S&atilde;o Lu&iacute;s, no Maranh&atilde;o, para pegar o voo semanal para S&atilde;o Paulo. A jovem considera que o esfor&ccedil;o valeu a pena e almeja inspirar outros a participarem do ProL&iacute;der. &ldquo;Espero que, futuramente, jovens possam ver que tinha uma pessoa de A&ccedil;ail&acirc;ndia\/MA no programa e pensar: &lsquo;Ent&atilde;o eu tamb&eacute;m posso!&rsquo;&rdquo;, torce.<\/p>\n<ul>\n<li><em>Com informa&ccedil;&otilde;es da assessoria de imprensa<\/em><\/li>\n<\/ul>\n","protected":false},"excerpt":{"rendered":"","protected":false},"author":1,"featured_media":2255,"comment_status":"open","ping_status":"open","sticky":false,"template":"","format":"standard","meta":{"tdm_status":"","tdm_grid_status":"","footnotes":"","jetpack_publicize_message":"","jetpack_publicize_feature_enabled":true,"jetpack_social_post_already_shared":true,"jetpack_social_options":{"image_generator_settings":{"template":"highway","enabled":false},"version":2}},"categories":[18,19],"tags":[],"class_list":{"0":"post-3188","1":"post","2":"type-post","3":"status-publish","4":"format-standard","5":"has-post-thumbnail","7":"category-eventos","8":"category-insights"},"jetpack_publicize_connections":[],"jetpack_featured_media_url":"https:\/\/radardofuturo.com.br\/test\/wp-content\/uploads\/2018\/11\/aeroporto-mulher-procurando-o-voo-foto-pixabay-1.jpg","post_mailing_queue_ids":[],"_links":{"self":[{"href":"https:\/\/radardofuturo.com.br\/test\/wp-json\/wp\/v2\/posts\/3188","targetHints":{"allow":["GET"]}}],"collection":[{"href":"https:\/\/radardofuturo.com.br\/test\/wp-json\/wp\/v2\/posts"}],"about":[{"href":"https:\/\/radardofuturo.com.br\/test\/wp-json\/wp\/v2\/types\/post"}],"author":[{"embeddable":true,"href":"https:\/\/radardofuturo.com.br\/test\/wp-json\/wp\/v2\/users\/1"}],"replies":[{"embeddable":true,"href":"https:\/\/radardofuturo.com.br\/test\/wp-json\/wp\/v2\/comments?post=3188"}],"version-history":[{"count":0,"href":"https:\/\/radardofuturo.com.br\/test\/wp-json\/wp\/v2\/posts\/3188\/revisions"}],"wp:featuredmedia":[{"embeddable":true,"href":"https:\/\/radardofuturo.com.br\/test\/wp-json\/wp\/v2\/media\/2255"}],"wp:attachment":[{"href":"https:\/\/radardofuturo.com.br\/test\/wp-json\/wp\/v2\/media?parent=3188"}],"wp:term":[{"taxonomy":"category","embeddable":true,"href":"https:\/\/radardofuturo.com.br\/test\/wp-json\/wp\/v2\/categories?post=3188"},{"taxonomy":"post_tag","embeddable":true,"href":"https:\/\/radardofuturo.com.br\/test\/wp-json\/wp\/v2\/tags?post=3188"}],"curies":[{"name":"wp","href":"https:\/\/api.w.org\/{rel}","templated":true}]}}