{"id":3047,"date":"2019-03-22T15:48:15","date_gmt":"2019-03-22T18:48:15","guid":{"rendered":"https:\/\/radardofuturo.com.br\/?p=3047"},"modified":"2019-03-22T15:48:15","modified_gmt":"2019-03-22T18:48:15","slug":"dois-bilhoes-de-pessoas-nao-tem-acesso-a-agua-no-planeta","status":"publish","type":"post","link":"https:\/\/radardofuturo.com.br\/test\/dois-bilhoes-de-pessoas-nao-tem-acesso-a-agua-no-planeta\/","title":{"rendered":"Dois bilh\u00f5es de pessoas n\u00e3o t\u00eam acesso \u00e0 agua no planeta"},"content":{"rendered":"<figure id=\"attachment_3048\" aria-describedby=\"caption-attachment-3048\" style=\"width: 960px\" class=\"wp-caption aligncenter\"><a href=\"https:\/\/radardofuturo.com.br\/test\/wp-content\/uploads\/2019\/03\/seca-dia-mundial-da-agua-foto-pixabay.jpg\"><img loading=\"lazy\" decoding=\"async\" class=\"wp-image-3048 size-full\" src=\"https:\/\/radardofuturo.com.br\/test\/wp-content\/uploads\/2019\/03\/seca-dia-mundial-da-agua-foto-pixabay.jpg\" alt=\"No Dia Mundial da &Aacute;gua relat&oacute;rio da ONU refor&ccedil;a desafios gerados pelo desequil&iacute;brio da oferta e acesso ao produto essencial &agrave; sobreviv&ecirc;ncia da humanidade - foto: Pixabay\" width=\"960\" height=\"640\" srcset=\"https:\/\/radardofuturo.com.br\/test\/wp-content\/uploads\/2019\/03\/seca-dia-mundial-da-agua-foto-pixabay.jpg 960w, https:\/\/radardofuturo.com.br\/test\/wp-content\/uploads\/2019\/03\/seca-dia-mundial-da-agua-foto-pixabay-300x200.jpg 300w, https:\/\/radardofuturo.com.br\/test\/wp-content\/uploads\/2019\/03\/seca-dia-mundial-da-agua-foto-pixabay-768x512.jpg 768w, https:\/\/radardofuturo.com.br\/test\/wp-content\/uploads\/2019\/03\/seca-dia-mundial-da-agua-foto-pixabay-480x320.jpg 480w\" sizes=\"auto, (max-width: 960px) 100vw, 960px\"><\/a><figcaption id=\"caption-attachment-3048\" class=\"wp-caption-text\">No Dia Mundial da &Aacute;gua relat&oacute;rio da ONU refor&ccedil;a desafios gerados pelo desequil&iacute;brio da oferta e acesso ao produto essencial &agrave; sobreviv&ecirc;ncia da humanidade<\/figcaption><\/figure>\n<p><!--more-->ONU<\/p>\n<p>O &uacute;ltimo Relat&oacute;rio Mundial das Na&ccedil;&otilde;es Unidas sobre Desenvolvimento dos Recursos H&iacute;dricos, intitulado &ldquo;N&atilde;o deixar ningu&eacute;m para tr&aacute;s&rdquo;, explora os sinais de exclus&atilde;o e investiga formas de superar as desigualdades. O acesso &agrave; &aacute;gua e ao saneamento &eacute; reconhecido internacionalmente como um direito humano. Ainda assim, mais de 2 bilh&otilde;es de pessoas n&atilde;o disp&otilde;em dos servi&ccedil;os mais b&aacute;sicos.<\/p>\n<p>O documento foi lan&ccedil;ado na ter&ccedil;a-feira (19), em Genebra, na Su&iacute;&ccedil;a, durante a 40&ordf; Sess&atilde;o do Conselho de Direitos Humanos, antes do Dia Mundial da &Aacute;gua, celebrado anualmente no em 22 de mar&ccedil;o.<\/p>\n<p>Em 2010, a Assembleia Geral das Na&ccedil;&otilde;es Unidas aprovou uma resolu&ccedil;&atilde;o que reconheceu &ldquo;o direito &agrave; &aacute;gua pot&aacute;vel segura e limpa e ao saneamento como um direito humano&rdquo; e, em 2015, o direito humano ao saneamento foi reconhecido de forma expl&iacute;cita como um direito distinto.<\/p>\n<p>Esses direitos obrigam os Estados a agirem rumo &agrave; obten&ccedil;&atilde;o do acesso universal &agrave; &aacute;gua e ao saneamento para todos, sem discrimina&ccedil;&atilde;o, ao mesmo tempo em que devem dar prioridade &agrave;s pessoas mais necessitadas.<\/p>\n<p>O Objetivo de Desenvolvimento Sustent&aacute;vel (ODS) 6 da Agenda 2030 tamb&eacute;m visa garantir a gest&atilde;o sustent&aacute;vel e o acesso &agrave; &aacute;gua e ao saneamento para todos at&eacute; 2030.&nbsp;Por&eacute;m, apesar dos progressos significativos obtidos nos &uacute;ltimos 15 anos, esse objetivo &eacute; inalcan&ccedil;&aacute;vel para grande parte da popula&ccedil;&atilde;o mundial.<\/p>\n<p>Em 2015, tr&ecirc;s entre dez pessoas (2,1 bilh&otilde;es) n&atilde;o tinham acesso &agrave; &aacute;gua pot&aacute;vel segura, e 4,5 bilh&otilde;es de pessoas, ou seis entre dez, n&atilde;o tinham instala&ccedil;&otilde;es sanit&aacute;rias geridas de forma segura. O mundo ainda est&aacute; fora do caminho para alcan&ccedil;ar esse importante objetivo.<\/p>\n<p>&ldquo;O acesso &agrave; &aacute;gua &eacute; um direito vital para a dignidade de todos os seres humanos&rdquo;, declarou a diretora-geral da Organiza&ccedil;&atilde;o das Na&ccedil;&otilde;es Unidas para a Educa&ccedil;&atilde;o, a Ci&ecirc;ncia e a Cultura (UNESCO), Audrey Azoulay. &ldquo;Ainda assim, bilh&otilde;es de pessoas continuam sendo privadas desse direito&rdquo;.<\/p>\n<p>&ldquo;A nova edi&ccedil;&atilde;o do Relat&oacute;rio Mundial das Na&ccedil;&otilde;es Unidas sobre Desenvolvimento dos Recursos H&iacute;dricos mostra que a determina&ccedil;&atilde;o coletiva para avan&ccedil;ar, bem como esfor&ccedil;os para incluir aqueles que foram deixados para tr&aacute;s no processo de tomada de decis&otilde;es, s&atilde;o fatores que podem transformar esse direito em realidade&rdquo;.<\/p>\n<p>&ldquo;Os n&uacute;meros falam por si. Como mostra o relat&oacute;rio, se a degrada&ccedil;&atilde;o do meio ambiente natural e a press&atilde;o insustent&aacute;vel sobre os recursos h&iacute;dricos mundiais continuarem a ocorrer nas taxas atuais, 45% do Produto Interno Bruto (PIB) mundial e 40% da produ&ccedil;&atilde;o mundial de gr&atilde;os estar&atilde;o em risco at&eacute; 2050&rdquo;, disse Gilbert F. Houngbo, diretor da ONU &Aacute;gua e presidente do Fundo Internacional de Desenvolvimento Agr&iacute;cola (FIDA).<\/p>\n<p>&ldquo;As popula&ccedil;&otilde;es pobres e marginalizadas ser&atilde;o afetadas de forma desproporcional, aumentando ainda mais as desigualdades crescentes(&hellip;). O relat&oacute;rio de 2019 fornece evid&ecirc;ncias da necessidade de se adaptar as abordagens, tanto nas pol&iacute;ticas quanto na pr&aacute;tica, para tratar das causas da exclus&atilde;o e da desigualdade&rdquo;, concluiu.<\/p>\n<h2>Grandes disparidades entre ricos e pobres<\/h2>\n<p>Esses dados escondem disparidades significativas. Em escala mundial, metade das pessoas que bebem &aacute;gua retirada de fontes n&atilde;o seguras vivem na &Aacute;frica. Na &Aacute;frica Subsaariana, apenas 24% da popula&ccedil;&atilde;o t&ecirc;m acesso &agrave; &aacute;gua pot&aacute;vel segura, e 28% t&ecirc;m instala&ccedil;&otilde;es sanit&aacute;rias b&aacute;sicas que n&atilde;o s&atilde;o compartilhadas com outras resid&ecirc;ncias.<\/p>\n<p>Discrep&acirc;ncias importantes quanto ao acesso existem at&eacute; mesmo dentro dos pa&iacute;ses, de forma clara entre pessoas ricas e pobres. Em &aacute;reas urbanas, as pessoas desfavorecidas que vivem em acomoda&ccedil;&otilde;es improvisadas sem &aacute;gua corrente muitas vezes pagam de dez a 20 vezes mais do que seus vizinhos em bairros mais ricos por uma &aacute;gua de qualidade similar ou inferior comprada de vendedores ou de caminh&otilde;es-pipa.<\/p>\n<p>O direito &agrave; &aacute;gua, como explicam os autores do relat&oacute;rio, n&atilde;o pode ser separado de outros direitos humanos. Na verdade, aqueles que s&atilde;o marginalizados ou discriminados por causa de seu g&ecirc;nero, idade, status socioecon&ocirc;mico, ou por sua identidade &eacute;tnica, religiosa ou lingu&iacute;stica, tamb&eacute;m t&ecirc;m maior probabilidade de ter um acesso limitado a &aacute;gua e saneamento adequados.<\/p>\n<p>Quase metade das pessoas que bebem &aacute;gua retirada de fontes desprotegidas vivem na &Aacute;frica Subsaariana, onde o encargo da coleta recai principalmente sobre as mulheres e meninas, muitas das quais gastam mais de 30 minutos em cada viagem para buscar &aacute;gua. Sem &aacute;gua e saneamento seguros e acess&iacute;veis, essas pessoas provavelmente enfrentar&atilde;o m&uacute;ltiplos desafios, incluindo sa&uacute;de e condi&ccedil;&otilde;es de vida prec&aacute;rias, desnutri&ccedil;&atilde;o e falta de oportunidades de educa&ccedil;&atilde;o e emprego.<\/p>\n<h2>Refugiados s&atilde;o especialmente vulner&aacute;veis<\/h2>\n<p>Os refugiados e pessoas deslocadas internamente com frequ&ecirc;ncia enfrentam s&eacute;rios obst&aacute;culos para ter acesso ao fornecimento de &aacute;gua e a servi&ccedil;os sanit&aacute;rios, e a quantidade de pessoas nessas situa&ccedil;&otilde;es &eacute; mais alta do que nunca.<\/p>\n<p>Em 2017, conflitos e persegui&ccedil;&otilde;es for&ccedil;aram 68,5 milh&otilde;es de pessoas a fugirem de seus lares. Al&eacute;m disso, uma m&eacute;dia anual de 25,3 milh&otilde;es s&atilde;o for&ccedil;adas a migrar por causa de desastres naturais, o dobro de pessoas na mesma situa&ccedil;&atilde;o no in&iacute;cio da d&eacute;cada de 1970 &ndash; espera-se que esse n&uacute;mero aumente ainda mais devido &agrave; mudan&ccedil;a clim&aacute;tica.<\/p>\n<p>S&atilde;o necess&aacute;rias pol&iacute;ticas inclusivas para se alcan&ccedil;ar o ODS 6. Elas tamb&eacute;m s&atilde;o necess&aacute;rias para neutralizar conflitos entre diferentes usu&aacute;rios da &aacute;gua. Em um contexto de demanda crescente (1% de crescimento anual desde a d&eacute;cada de 1980), o relat&oacute;rio observa um aumento significativo dos conflitos relacionados &agrave; &aacute;gua: 94 de 2000 at&eacute; 2009, e 263 de 2010 at&eacute; 2018.<\/p>\n<p>O documento tamb&eacute;m demonstra que investir em fornecimento de &aacute;gua e saneamento faz sentido em termos econ&ocirc;micos. O retorno do investimento &eacute; alto em geral e tamb&eacute;m no caso espec&iacute;fico das pessoas vulner&aacute;veis e desfavorecidas, especialmente quando s&atilde;o considerados benef&iacute;cios mais amplos, como sa&uacute;de e produtividade. O fator multiplicador para o retorno do investimento foi estimado mundialmente em 2 para a &aacute;gua pot&aacute;vel, e em 5,5 para o saneamento.<\/p>\n<p>Coordenado e publicado pelo Programa Mundial de Avalia&ccedil;&atilde;o dos Recursos H&iacute;dricos (WWAP) da UNESCO, o Relat&oacute;rio Mundial das Na&ccedil;&otilde;es Unidas sobre Desenvolvimento dos Recursos H&iacute;dricos &eacute; o resultado de uma colabora&ccedil;&atilde;o entre 32 entidades das Na&ccedil;&otilde;es Unidas e dos 41 parceiros internacionais que comp&otilde;em a ONU &Aacute;gua. O relat&oacute;rio &eacute; publicado todos os anos no Dia Mundial da &Aacute;gua.<\/p>\n<ul>\n<li>&Iacute;ntegra (em ingl&ecirc;s) do&nbsp;<a href=\"https:\/\/unesdoc.unesco.org\/ark:\/48223\/pf0000367306?posInSet=4&amp;queryId=ac9e70e5-8039-4577-94a3-158548a1f5a0\" target=\"_blank\" rel=\"noopener noreferrer\" data-saferedirecturl=\"https:\/\/www.google.com\/url?q=https:\/\/unesdoc.unesco.org\/ark:\/48223\/pf0000367306?posInSet%3D4%26queryId%3Dac9e70e5-8039-4577-94a3-158548a1f5a0&amp;source=gmail&amp;ust=1553094706586000&amp;usg=AFQjCNFVxqFTo_6d3RavT_kgCRm3bboc0Q\">Relat&oacute;rio Mundial das Na&ccedil;&otilde;es Unidas sobre Desenvolvimento dos Recursos H&iacute;dricos, &ldquo;N&atilde;o deixar ningu&eacute;m para tr&aacute;s&rdquo;<\/a><\/li>\n<li><a href=\"https:\/\/unesdoc.unesco.org\/ark:\/48223\/pf0000367303_por\" target=\"_blank\" rel=\"noopener noreferrer\" data-saferedirecturl=\"https:\/\/www.google.com\/url?q=https:\/\/unesdoc.unesco.org\/ark:\/48223\/pf0000367303_por&amp;source=gmail&amp;ust=1553094706586000&amp;usg=AFQjCNHOGyggib4Uva5eDuEjpsBx50-PeQ\">Resumo executivo<\/a>&nbsp;(em portugu&ecirc;s) do Relat&oacute;rio Mundial das Na&ccedil;&otilde;es Unidas sobre Desenvolvimento dos Recursos H&iacute;dricos, &ldquo;N&atilde;o deixar ningu&eacute;m para tr&aacute;s&rdquo;<\/li>\n<li><a href=\"https:\/\/unesdoc.unesco.org\/ark:\/48223\/pf0000367276_por?posInSet=2&amp;queryId=fa5e9bfb-2f91-44ad-8dab-065598a7cadf\" target=\"_blank\" rel=\"noopener noreferrer\" data-saferedirecturl=\"https:\/\/www.google.com\/url?q=https:\/\/unesdoc.unesco.org\/ark:\/48223\/pf0000367276_por?posInSet%3D2%26queryId%3Dfa5e9bfb-2f91-44ad-8dab-065598a7cadf&amp;source=gmail&amp;ust=1553094706586000&amp;usg=AFQjCNERxerjLS6F2Bcddx0_K8RH0VfICA\">Fatos e Dados<\/a>&nbsp;(em portugu&ecirc;s) do Relat&oacute;rio Mundial das Na&ccedil;&otilde;es Unidas sobre Desenvolvimento dos Recursos H&iacute;dricos, &ldquo;N&atilde;o deixar ningu&eacute;m para tr&aacute;s&rdquo;<\/li>\n<\/ul>\n","protected":false},"excerpt":{"rendered":"","protected":false},"author":1,"featured_media":3048,"comment_status":"closed","ping_status":"closed","sticky":false,"template":"","format":"standard","meta":{"tdm_status":"","tdm_grid_status":"","footnotes":"","jetpack_publicize_message":"","jetpack_publicize_feature_enabled":true,"jetpack_social_post_already_shared":true,"jetpack_social_options":{"image_generator_settings":{"template":"highway","enabled":false},"version":2}},"categories":[20,19],"tags":[1022,1023,1024,1025,455],"class_list":{"0":"post-3047","1":"post","2":"type-post","3":"status-publish","4":"format-standard","5":"has-post-thumbnail","7":"category-destaques","8":"category-insights","9":"tag-acesso-a-agua","10":"tag-direito-a-agua","11":"tag-escassez-de-agua","12":"tag-impactos-das-secas","13":"tag-seca"},"jetpack_publicize_connections":[],"jetpack_featured_media_url":"https:\/\/radardofuturo.com.br\/test\/wp-content\/uploads\/2019\/03\/seca-dia-mundial-da-agua-foto-pixabay.jpg","post_mailing_queue_ids":[],"_links":{"self":[{"href":"https:\/\/radardofuturo.com.br\/test\/wp-json\/wp\/v2\/posts\/3047","targetHints":{"allow":["GET"]}}],"collection":[{"href":"https:\/\/radardofuturo.com.br\/test\/wp-json\/wp\/v2\/posts"}],"about":[{"href":"https:\/\/radardofuturo.com.br\/test\/wp-json\/wp\/v2\/types\/post"}],"author":[{"embeddable":true,"href":"https:\/\/radardofuturo.com.br\/test\/wp-json\/wp\/v2\/users\/1"}],"replies":[{"embeddable":true,"href":"https:\/\/radardofuturo.com.br\/test\/wp-json\/wp\/v2\/comments?post=3047"}],"version-history":[{"count":0,"href":"https:\/\/radardofuturo.com.br\/test\/wp-json\/wp\/v2\/posts\/3047\/revisions"}],"wp:featuredmedia":[{"embeddable":true,"href":"https:\/\/radardofuturo.com.br\/test\/wp-json\/wp\/v2\/media\/3048"}],"wp:attachment":[{"href":"https:\/\/radardofuturo.com.br\/test\/wp-json\/wp\/v2\/media?parent=3047"}],"wp:term":[{"taxonomy":"category","embeddable":true,"href":"https:\/\/radardofuturo.com.br\/test\/wp-json\/wp\/v2\/categories?post=3047"},{"taxonomy":"post_tag","embeddable":true,"href":"https:\/\/radardofuturo.com.br\/test\/wp-json\/wp\/v2\/tags?post=3047"}],"curies":[{"name":"wp","href":"https:\/\/api.w.org\/{rel}","templated":true}]}}