{"id":2697,"date":"2019-02-18T09:50:26","date_gmt":"2019-02-18T12:50:26","guid":{"rendered":"https:\/\/radardofuturo.com.br\/?p=2697"},"modified":"2019-02-18T09:50:26","modified_gmt":"2019-02-18T12:50:26","slug":"geracao-de-energia-eolica-dobra-ate-2026","status":"publish","type":"post","link":"https:\/\/radardofuturo.com.br\/test\/geracao-de-energia-eolica-dobra-ate-2026\/","title":{"rendered":"Gera\u00e7\u00e3o de energia e\u00f3lica dobra at\u00e9 2026"},"content":{"rendered":"<figure id=\"attachment_2708\" aria-describedby=\"caption-attachment-2708\" style=\"width: 960px\" class=\"wp-caption aligncenter\"><a href=\"https:\/\/radardofuturo.com.br\/test\/wp-content\/uploads\/2019\/02\/energia-eolica-economia-verde-2-imagem-pixabay.jpg\"><img loading=\"lazy\" decoding=\"async\" class=\"size-full wp-image-2708\" src=\"https:\/\/radardofuturo.com.br\/test\/wp-content\/uploads\/2019\/02\/energia-eolica-economia-verde-2-imagem-pixabay.jpg\" alt=\"A capacidade de gera&ccedil;&atilde;o de energia e&oacute;lica no mercado brasileiro pode dobrar at&eacute; 2026 - foto: Pixabay\" width=\"960\" height=\"638\" srcset=\"https:\/\/radardofuturo.com.br\/test\/wp-content\/uploads\/2019\/02\/energia-eolica-economia-verde-2-imagem-pixabay.jpg 960w, https:\/\/radardofuturo.com.br\/test\/wp-content\/uploads\/2019\/02\/energia-eolica-economia-verde-2-imagem-pixabay-300x199.jpg 300w, https:\/\/radardofuturo.com.br\/test\/wp-content\/uploads\/2019\/02\/energia-eolica-economia-verde-2-imagem-pixabay-768x510.jpg 768w, https:\/\/radardofuturo.com.br\/test\/wp-content\/uploads\/2019\/02\/energia-eolica-economia-verde-2-imagem-pixabay-480x320.jpg 480w\" sizes=\"auto, (max-width: 960px) 100vw, 960px\"><\/a><figcaption id=\"caption-attachment-2708\" class=\"wp-caption-text\">A capacidade de gera&ccedil;&atilde;o de energia e&oacute;lica no mercado brasileiro pode dobrar at&eacute; 2026.<\/figcaption><\/figure>\n<p><!--more--><\/p>\n<p>Radar do Futuro<\/p>\n<p>A capacidade de gera&ccedil;&atilde;o de energia e&oacute;lica no mercado brasileiro pode dobrar at&eacute; 2026, segundo estudo da consultoria&nbsp; A.T. Kearney. Respons&aacute;vel atualmente por 8% da matriz energ&eacute;tica do Pa&iacute;s, com 14,7 bilh&otilde;es de GW, a produ&ccedil;&atilde;o no segmento pode alcan&ccedil;ar 25GW. Favorecido por bons ventos, principais na costa, h&aacute; potencial para posicionar o Pa&iacute;s como a oitava maior pot&ecirc;ncia do setor.<\/p>\n<p>Uma outra pesquisa, do Conselho Global de Energia E&oacute;lica (GWEC, da sigla em ingl&ecirc;s) aponta o&nbsp;Brasil como l&iacute;der na produ&ccedil;&atilde;o do modal energ&eacute;tico na Am&eacute;rica Latina, com 14,7 GW. Do total, 2 GW foram instalados em 2018. O Nordeste concentra 85% de toda a produ&ccedil;&atilde;o nacional. O Piau&iacute; est&aacute; na lideran&ccedil;a, seguido de Rio Grande do Norte e da Bahia, que pode se tornar l&iacute;der num futuro pr&oacute;ximo, em raz&atilde;o dos investimentos e de sua extens&atilde;o territorial.<\/p>\n<p>Em 2018, a produ&ccedil;&atilde;o conjunta das&nbsp;Am&eacute;ricas somou 135 GW, carga que corresponde a 25% de toda a produ&ccedil;&atilde;o mundial. Brasil, Estados Unidos e M&eacute;xico s&atilde;o os pa&iacute;ses que lideram o setor. O territ&oacute;rio americano instalou 11,9 GW no ano passado, o que significa um crescimento de 12% em rela&ccedil;&atilde;o a 2017. Calcula-se que mais 60 GW sejam instalados nos tr&ecirc;s subcontinentes at&eacute; 2023.<\/p>\n<h2>Crescimento acelerado<\/h2>\n<p>A demanda global por energia renov&aacute;vel crescer&aacute; em um ritmo sem precedentes nas pr&oacute;ximas d&eacute;cadas, assegura o relat&oacute;rio de proje&ccedil;&otilde;es da BP. Segundo o documento, o crescimento de energia da China &eacute; visto em desacelera&ccedil;&atilde;o consider&aacute;vel conforme sua expans&atilde;o econ&ocirc;mica tamb&eacute;m desacelera.<\/p>\n<p>Ainda assim, a China deve permanecer como maior consumidora de energia do mundo por grande margem at&eacute; 2040, apesar de que a &Iacute;ndia deva ultrapass&aacute;-la em termos de crescimento de demanda a partir da pr&oacute;xima d&eacute;cada, apontou a gigante de petr&oacute;leo e g&aacute;s brit&acirc;nica em seu &ldquo;Energy Outlook&rdquo; de 2019.<\/p>\n<p>A demanda por energia da China cresceu 5,9% nos &uacute;ltimos 20 anos, mas deve avan&ccedil;ar apenas 1% at&eacute; 2040, conforme sua economia muda de ind&uacute;strias de energia intensiva para servi&ccedil;os e Pequim introduz regras mais rigorosas a respeito da polui&ccedil;&atilde;o do ar.<\/p>\n<h2>Energia solar no Brasil<\/h2>\n<p>Atualmente, o Brasil se encontra na 12&ordf; posi&ccedil;&atilde;o entre os pa&iacute;ses com maior n&uacute;mero de pain&eacute;is solares instalados. Mas o Pa&iacute;s tem potencial para ultrapassar pa&iacute;ses dessa lista como It&aacute;lia, Holanda e Reino Unido, segundo o especialista no setor el&eacute;trico da A.T. Kearney no Brasil, Cl&aacute;udio Gon&ccedil;alves. Alemanha, Dinamarca, China, Estados Unidos, Fran&ccedil;a e Espanha s&atilde;o outros que est&atilde;o &agrave; frente do Brasil.<\/p>\n<p>&ldquo;Acredito que o Brasil vai subir no ranking.&nbsp;Trabalhamos com empresas otimistas em rela&ccedil;&atilde;o ao mercado de energia renov&aacute;vel&rdquo;, declarou Gon&ccedil;alves em entrevista publicada pelo jornal Valor Econ&ocirc;mico. &ldquo;Vemos o Brasil com muito potencial de penetra&ccedil;&atilde;o e condi&ccedil;&otilde;es meteorol&oacute;gicas favor&aacute;veis. S&oacute; vai depender da economia&rdquo;. O Pa&iacute;s &eacute; considerado promissor porque n&atilde;o alcan&ccedil;ou a m&aacute;xima de seu potencial ainda.<\/p>\n<p>Pa&iacute;ses europeus como It&aacute;lia, Reino Unido e Espanha, por exemplo, j&aacute; encontram seus mercados mais saturados. &Agrave; Holanda, por sua vez, falta espa&ccedil;o para a constru&ccedil;&atilde;o de novas usinas e&oacute;licas. A solu&ccedil;&atilde;o foi apostar em parques &ldquo;offshore&rdquo;, ou seja, longe da costa, cuja constru&ccedil;&atilde;o &eacute; mais cara.<\/p>\n<p>Fontes:<br>\nwww.sunoresearch.com.br<br>\nwww.valoreconomico.com.br<\/p>\n","protected":false},"excerpt":{"rendered":"","protected":false},"author":1,"featured_media":2708,"comment_status":"closed","ping_status":"closed","sticky":false,"template":"","format":"standard","meta":{"tdm_status":"","tdm_grid_status":"","footnotes":"","jetpack_publicize_message":"","jetpack_publicize_feature_enabled":true,"jetpack_social_post_already_shared":true,"jetpack_social_options":{"image_generator_settings":{"template":"highway","enabled":false},"version":2}},"categories":[20,19,16],"tags":[923,560,145,926,428,925,922,147,924],"class_list":{"0":"post-2697","1":"post","2":"type-post","3":"status-publish","4":"format-standard","5":"has-post-thumbnail","7":"category-destaques","8":"category-insights","9":"category-tendencias-setores","10":"tag-energia-dos-ventos","11":"tag-energia-eletrica","12":"tag-energia-eolica","13":"tag-energia-verde","14":"tag-fontes-de-energia","15":"tag-forca-dos-ventos","16":"tag-matriz-energetica","17":"tag-sustentabilidade","18":"tag-ventos"},"jetpack_publicize_connections":[],"jetpack_featured_media_url":"https:\/\/radardofuturo.com.br\/test\/wp-content\/uploads\/2019\/02\/energia-eolica-economia-verde-2-imagem-pixabay.jpg","post_mailing_queue_ids":[],"_links":{"self":[{"href":"https:\/\/radardofuturo.com.br\/test\/wp-json\/wp\/v2\/posts\/2697","targetHints":{"allow":["GET"]}}],"collection":[{"href":"https:\/\/radardofuturo.com.br\/test\/wp-json\/wp\/v2\/posts"}],"about":[{"href":"https:\/\/radardofuturo.com.br\/test\/wp-json\/wp\/v2\/types\/post"}],"author":[{"embeddable":true,"href":"https:\/\/radardofuturo.com.br\/test\/wp-json\/wp\/v2\/users\/1"}],"replies":[{"embeddable":true,"href":"https:\/\/radardofuturo.com.br\/test\/wp-json\/wp\/v2\/comments?post=2697"}],"version-history":[{"count":0,"href":"https:\/\/radardofuturo.com.br\/test\/wp-json\/wp\/v2\/posts\/2697\/revisions"}],"wp:featuredmedia":[{"embeddable":true,"href":"https:\/\/radardofuturo.com.br\/test\/wp-json\/wp\/v2\/media\/2708"}],"wp:attachment":[{"href":"https:\/\/radardofuturo.com.br\/test\/wp-json\/wp\/v2\/media?parent=2697"}],"wp:term":[{"taxonomy":"category","embeddable":true,"href":"https:\/\/radardofuturo.com.br\/test\/wp-json\/wp\/v2\/categories?post=2697"},{"taxonomy":"post_tag","embeddable":true,"href":"https:\/\/radardofuturo.com.br\/test\/wp-json\/wp\/v2\/tags?post=2697"}],"curies":[{"name":"wp","href":"https:\/\/api.w.org\/{rel}","templated":true}]}}