{"id":268,"date":"2016-07-10T18:27:48","date_gmt":"2016-07-10T21:27:48","guid":{"rendered":"https:\/\/litebold.co\/~radardofuturo\/voce-e-sua-profissao-razoes-para-otimismo-e-pessimismo\/"},"modified":"2020-10-08T12:36:19","modified_gmt":"2020-10-08T15:36:19","slug":"voce-e-sua-profissao-razoes-para-otimismo-e-pessimismo","status":"publish","type":"post","link":"https:\/\/radardofuturo.com.br\/test\/voce-e-sua-profissao-razoes-para-otimismo-e-pessimismo\/","title":{"rendered":"Voc\u00ea e sua profiss\u00e3o: raz\u00f5es para otimismo e pessimismo"},"content":{"rendered":"\n<p>O Radar do Futuro e a Esta&ccedil;&atilde;o do Saber querem a sua avalia&ccedil;&atilde;o<\/p>\n<p><!--more--><\/p>\n<p>&nbsp;<\/p>\n<p>&nbsp;<\/p>\n<p>Carregando&hellip;<\/p>\n<p>imagem<\/p>\n","protected":false},"excerpt":{"rendered":"<p>O Radar do Futuro e a Esta&ccedil;&atilde;o do Saber querem a sua avalia&ccedil;&atilde;o<\/p>\n","protected":false},"author":1,"featured_media":0,"comment_status":"open","ping_status":"open","sticky":false,"template":"","format":"standard","meta":{"tdm_status":"","tdm_grid_status":"","footnotes":"","jetpack_publicize_message":"","jetpack_publicize_feature_enabled":true,"jetpack_social_post_already_shared":false,"jetpack_social_options":{"image_generator_settings":{"template":"highway","enabled":false},"version":2}},"categories":[19],"tags":[],"class_list":{"0":"post-268","1":"post","2":"type-post","3":"status-publish","4":"format-standard","6":"category-insights"},"jetpack_publicize_connections":[],"jetpack_featured_media_url":"","post_mailing_queue_ids":[],"_links":{"self":[{"href":"https:\/\/radardofuturo.com.br\/test\/wp-json\/wp\/v2\/posts\/268","targetHints":{"allow":["GET"]}}],"collection":[{"href":"https:\/\/radardofuturo.com.br\/test\/wp-json\/wp\/v2\/posts"}],"about":[{"href":"https:\/\/radardofuturo.com.br\/test\/wp-json\/wp\/v2\/types\/post"}],"author":[{"embeddable":true,"href":"https:\/\/radardofuturo.com.br\/test\/wp-json\/wp\/v2\/users\/1"}],"replies":[{"embeddable":true,"href":"https:\/\/radardofuturo.com.br\/test\/wp-json\/wp\/v2\/comments?post=268"}],"version-history":[{"count":0,"href":"https:\/\/radardofuturo.com.br\/test\/wp-json\/wp\/v2\/posts\/268\/revisions"}],"wp:attachment":[{"href":"https:\/\/radardofuturo.com.br\/test\/wp-json\/wp\/v2\/media?parent=268"}],"wp:term":[{"taxonomy":"category","embeddable":true,"href":"https:\/\/radardofuturo.com.br\/test\/wp-json\/wp\/v2\/categories?post=268"},{"taxonomy":"post_tag","embeddable":true,"href":"https:\/\/radardofuturo.com.br\/test\/wp-json\/wp\/v2\/tags?post=268"}],"curies":[{"name":"wp","href":"https:\/\/api.w.org\/{rel}","templated":true}]}}