{"id":2660,"date":"2019-02-11T07:13:16","date_gmt":"2019-02-11T10:13:16","guid":{"rendered":"https:\/\/radardofuturo.com.br\/?p=2660"},"modified":"2019-02-11T07:13:16","modified_gmt":"2019-02-11T10:13:16","slug":"onu-destaca-urgencia-de-acoes-contra-aquecimento-global-recorde","status":"publish","type":"post","link":"https:\/\/radardofuturo.com.br\/test\/onu-destaca-urgencia-de-acoes-contra-aquecimento-global-recorde\/","title":{"rendered":"ONU destaca urg\u00eancia de a\u00e7\u00f5es contra aquecimento global recorde"},"content":{"rendered":"<figure id=\"attachment_2662\" aria-describedby=\"caption-attachment-2662\" style=\"width: 1024px\" class=\"wp-caption aligncenter\"><a href=\"https:\/\/radardofuturo.com.br\/test\/wp-content\/uploads\/2019\/02\/climate-change-mudancas-climaticas-foto-onu.jpg\"><img loading=\"lazy\" decoding=\"async\" class=\"wp-image-2662 size-large\" src=\"https:\/\/radardofuturo.com.br\/test\/wp-content\/uploads\/2019\/02\/climate-change-mudancas-climaticas-foto-onu-1024x461.jpg\" alt=\"ONU destaca urg&ecirc;ncia de a&ccedil;&atilde;o clim&aacute;tica ap&oacute;s ag&ecirc;ncia meteorol&oacute;gica confirmar aquecimento global recorde\" width=\"1024\" height=\"461\" srcset=\"https:\/\/radardofuturo.com.br\/test\/wp-content\/uploads\/2019\/02\/climate-change-mudancas-climaticas-foto-onu-1024x461.jpg 1024w, https:\/\/radardofuturo.com.br\/test\/wp-content\/uploads\/2019\/02\/climate-change-mudancas-climaticas-foto-onu-300x135.jpg 300w, https:\/\/radardofuturo.com.br\/test\/wp-content\/uploads\/2019\/02\/climate-change-mudancas-climaticas-foto-onu-768x346.jpg 768w, https:\/\/radardofuturo.com.br\/test\/wp-content\/uploads\/2019\/02\/climate-change-mudancas-climaticas-foto-onu.jpg 1178w\" sizes=\"auto, (max-width: 1024px) 100vw, 1024px\"><\/a><figcaption id=\"caption-attachment-2662\" class=\"wp-caption-text\">ONU destaca urg&ecirc;ncia de a&ccedil;&atilde;o clim&aacute;tica ap&oacute;s ag&ecirc;ncia meteorol&oacute;gica confirmar aquecimento global recorde<\/figcaption><\/figure>\n<p><!--more--><\/p>\n<p>ONU<\/p>\n<p>Na esteira de dados divulgados pela Organiza&ccedil;&atilde;o Meteorol&oacute;gica Mundial (OMM) indicando que os &uacute;ltimos quatro anos foram oficialmente os &ldquo;quatro mais quentes j&aacute; registrados&rdquo;, o secret&aacute;rio-geral das Na&ccedil;&otilde;es Unidas, Ant&oacute;nio Guterres, pediu a&ccedil;&atilde;o clim&aacute;tica urgente e aumento da ambi&ccedil;&atilde;o, antes da C&uacute;pula sobre o Clima, marcada para setembro.<\/p>\n<p>A rea&ccedil;&atilde;o aconteceu ap&oacute;s a OMM emitir um relat&oacute;rio confirmando que 2015, 2016, 2017 e 2018 foram os quatro anos mais quentes registrados at&eacute; hoje. A an&aacute;lise, com base em monitoramento realizado por cinco organiza&ccedil;&otilde;es internacionais, tamb&eacute;m mostra que a temperatura m&eacute;dia global da superf&iacute;cie da Terra em 2018 foi aproximadamente 1&deg;C acima da base pr&eacute;-industrial (1850-1900).<\/p>\n<p>Na esteira de dados divulgados pela Organiza&ccedil;&atilde;o Meteorol&oacute;gica Mundial (OMM) indicando que os &uacute;ltimos quatro anos foram oficialmente os &ldquo;quatro mais quentes j&aacute; registrados&rdquo;, o secret&aacute;rio-geral das Na&ccedil;&otilde;es Unidas, Ant&oacute;nio Guterres, pediu a&ccedil;&atilde;o clim&aacute;tica urgente e aumento da ambi&ccedil;&atilde;o, antes da C&uacute;pula sobre o Clima, marcada para setembro.<\/p>\n<h2>Recordes de aquecimento<\/h2>\n<p>A rea&ccedil;&atilde;o na quarta-feira, 6 de fevereiro, aconteceu ap&oacute;s a OMM emitir um relat&oacute;rio confirmando que 2015, 2016, 2017 e 2018 foram os quatro anos mais quentes registrados at&eacute; hoje. A an&aacute;lise, com base em monitoramento realizado por cinco organiza&ccedil;&otilde;es internacionais, tamb&eacute;m mostra que a temperatura m&eacute;dia global da superf&iacute;cie da Terra em 2018 foi aproximadamente 1&deg;C acima da base pr&eacute;-industrial (1850-1900).<\/p>\n<p>&ldquo;A tend&ecirc;ncia de temperaturas no longo prazo &eacute; bem mais importante do que o ranking de anos individuais, e esta tend&ecirc;ncia &eacute; de ascend&ecirc;ncia&rdquo;, disse o secret&aacute;rio-geral da OMM, Petteri Taalas. &ldquo;Os 20 anos mais quentes j&aacute; registrados ocorreram nos &uacute;ltimos 22 anos. O grau de aquecimento durante os &uacute;ltimos quatro anos foi excecional, tanto em solo quando no oceano&rdquo;.<\/p>\n<p>&ldquo;Temperaturas s&atilde;o apenas parte da hist&oacute;ria. Alto e extremo impacto meteorol&oacute;gico afetou muitos pa&iacute;ses e milh&otilde;es de pessoas, com repercuss&otilde;es devastadoras para economias e ecossistemas em 2018&rdquo;, disse.<\/p>\n<p>&ldquo;Muitos dos eventos meteorol&oacute;gicos extremos s&atilde;o consistentes com o que esperamos de um clima em mudan&ccedil;a. Esta &eacute; uma realidade que precisamos enfrentar. Redu&ccedil;&atilde;o de emiss&atilde;o de gases causadores do efeito estufa e medidas de adapta&ccedil;&atilde;o clim&aacute;tica devem ser uma prioridade global&rdquo;, disse Taalas.<\/p>\n<h2>Urg&ecirc;ncia de respostas<\/h2>\n<p>Destacando preocupa&ccedil;&atilde;o com os dados, divulgados pela primeira vez em novembro de 2018, Guterres disse que eles confirmam &ldquo;a urg&ecirc;ncia de responder com a&ccedil;&atilde;o clim&aacute;tica&rdquo;, ecoando os resultados apresentados pelo Painel Intergovernamental sobre Mudan&ccedil;a Clim&aacute;tica (IPCC) em seu relat&oacute;rio especial de outubro de 2018 sobre os impactos de um aquecimento global de 1,5&deg;C.<\/p>\n<p>O relat&oacute;rio do IPCC indicou que limitar o aquecimento global a 1,5&deg;C ir&aacute; exigir &ldquo;transi&ccedil;&otilde;es r&aacute;pidas e de longo alcance em terrenos, energias, ind&uacute;strias, constru&ccedil;&otilde;es, transportes e cidades&rdquo; e que emiss&otilde;es globais de di&oacute;xido de carbono, atribu&iacute;veis &agrave; atividade humana, ter&atilde;o que cair 45% at&eacute; 2030 em rela&ccedil;&atilde;o ao n&iacute;veis de 2010, alcan&ccedil;ado &ldquo;zero&rdquo; em torno de 2050.<\/p>\n<p>O secret&aacute;rio-geral afirmou que, &ldquo;para fazer estas transforma&ccedil;&otilde;es, precisamos aumentar significativamente o n&iacute;vel global de a&ccedil;&atilde;o e ambi&ccedil;&atilde;o clim&aacute;ticas&rdquo;.<\/p>\n<p>Para mobiliza&ccedil;&atilde;o pol&iacute;tica, Guterres convocou uma C&uacute;pula sobre o Clima para 23 de setembro deste ano, focando em nove &aacute;reas essenciais: ambi&ccedil;&atilde;o elevada em medidas de mitiga&ccedil;&atilde;o clim&aacute;tica; como gerenciar a transi&ccedil;&atilde;o para fontes alternativas de energia; gerenciar transi&ccedil;&atilde;o industrial.<\/p>\n<p>Outros pontos incluem criar solu&ccedil;&otilde;es atrav&eacute;s de agricultura, oceanos, florestas e ambientes relacionados &agrave; natureza; infraestrutura, cidades e a&ccedil;&otilde;es locais; finan&ccedil;as clim&aacute;ticas, especialmente precifica&ccedil;&atilde;o de carbono; intensifica&ccedil;&atilde;o de resili&ecirc;ncia e adapta&ccedil;&atilde;o, especialmente para os mais vulner&aacute;veis; impulsionadores sociais e pol&iacute;ticos; e mobiliza&ccedil;&atilde;o pol&iacute;tica e de cidad&atilde;os.<\/p>\n<h2>Relat&oacute;rio em mar&ccedil;o<\/h2>\n<p>O secret&aacute;rio-geral da ONU disse estar trabalhando de perto com Estados-membros e partes interessadas n&atilde;o partid&aacute;rias para permitir resultados nestas &aacute;reas, podendo assim enviar &ldquo;fortes sinais comerciais e pol&iacute;ticos que podem impulsionar a corrida&rdquo; para cumprir os objetivos do Acordo de Paris de 2015, no qual pa&iacute;ses se comprometeram coletivamente a limitar aquecimento global para 1,5&deg;C acima de n&iacute;veis pr&eacute;-industriais.<\/p>\n<p>Informando as discuss&otilde;es na C&uacute;pula junto a outros importantes relat&oacute;rios cient&iacute;ficos, a OMM ir&aacute; emitir o relat&oacute;rio completo &ldquo;Estado do Clima 2018&rdquo; em mar&ccedil;o. O relat&oacute;rio ir&aacute; fornecer uma vis&atilde;o abrangente sobre varia&ccedil;&otilde;es e <a href=\"https:\/\/radardofuturo.com.br\/test\/ddof\/o-que-sao-tendencias\/\" target=\"_self\" title=\"Confira o que s&atilde;o tend&ecirc;ncias, os fatos ou fen&ocirc;menos que podem acontecer em algum momento adiante na hist&oacute;ria da sociedade, como um novo comportamento individual ou de um grupo\" class=\"encyclopedia\">tend&ecirc;ncias<\/a> da temperatura, eventos de alto impacto e indicadores de mudan&ccedil;a clim&aacute;tica no longo prazo, como aumento de concentra&ccedil;&otilde;es de di&oacute;xido de carbono.<\/p>\n<p>O relat&oacute;rio ser&aacute; acompanhado de um comunicado de recomenda&ccedil;&otilde;es pol&iacute;ticas da ONU para tomadores de decis&otilde;es sobre a intera&ccedil;&atilde;o entre condi&ccedil;&otilde;es meteorol&oacute;gicas, clima e fornecimento de &aacute;gua, e os Objetivos de Desenvolvimento Sustent&aacute;vel (ODS) das Na&ccedil;&otilde;es Unidas.<\/p>\n<p>&nbsp;<\/p>\n<p>[amazon_link asins=&rsquo;8537818003,8536308842,B07BFGS9Y5&prime; template=&rsquo;ProductCarousel&rsquo; store=&rsquo;oportunidad0f-20&prime; marketplace=&rsquo;BR&rsquo; link_id=&rsquo;5e819c70-bd3e-4adb-951a-bc3aa04ee7ca&rsquo;]<\/p>\n","protected":false},"excerpt":{"rendered":"","protected":false},"author":1,"featured_media":2662,"comment_status":"closed","ping_status":"closed","sticky":false,"template":"","format":"standard","meta":{"tdm_status":"","tdm_grid_status":"","footnotes":"","jetpack_publicize_message":"","jetpack_publicize_feature_enabled":true,"jetpack_social_post_already_shared":true,"jetpack_social_options":{"image_generator_settings":{"template":"highway","enabled":false},"version":2}},"categories":[20,19],"tags":[159,452,914,191,899],"class_list":{"0":"post-2660","1":"post","2":"type-post","3":"status-publish","4":"format-standard","5":"has-post-thumbnail","7":"category-destaques","8":"category-insights","9":"tag-aquecimento-global","10":"tag-crise-climatica","11":"tag-guerra-climatica","12":"tag-meio-ambiente","13":"tag-onu-meio-ambiente"},"jetpack_publicize_connections":[],"jetpack_featured_media_url":"https:\/\/radardofuturo.com.br\/test\/wp-content\/uploads\/2019\/02\/climate-change-mudancas-climaticas-foto-onu.jpg","post_mailing_queue_ids":[],"_links":{"self":[{"href":"https:\/\/radardofuturo.com.br\/test\/wp-json\/wp\/v2\/posts\/2660","targetHints":{"allow":["GET"]}}],"collection":[{"href":"https:\/\/radardofuturo.com.br\/test\/wp-json\/wp\/v2\/posts"}],"about":[{"href":"https:\/\/radardofuturo.com.br\/test\/wp-json\/wp\/v2\/types\/post"}],"author":[{"embeddable":true,"href":"https:\/\/radardofuturo.com.br\/test\/wp-json\/wp\/v2\/users\/1"}],"replies":[{"embeddable":true,"href":"https:\/\/radardofuturo.com.br\/test\/wp-json\/wp\/v2\/comments?post=2660"}],"version-history":[{"count":0,"href":"https:\/\/radardofuturo.com.br\/test\/wp-json\/wp\/v2\/posts\/2660\/revisions"}],"wp:featuredmedia":[{"embeddable":true,"href":"https:\/\/radardofuturo.com.br\/test\/wp-json\/wp\/v2\/media\/2662"}],"wp:attachment":[{"href":"https:\/\/radardofuturo.com.br\/test\/wp-json\/wp\/v2\/media?parent=2660"}],"wp:term":[{"taxonomy":"category","embeddable":true,"href":"https:\/\/radardofuturo.com.br\/test\/wp-json\/wp\/v2\/categories?post=2660"},{"taxonomy":"post_tag","embeddable":true,"href":"https:\/\/radardofuturo.com.br\/test\/wp-json\/wp\/v2\/tags?post=2660"}],"curies":[{"name":"wp","href":"https:\/\/api.w.org\/{rel}","templated":true}]}}