{"id":246,"date":"2016-06-11T16:24:40","date_gmt":"2016-06-11T19:24:40","guid":{"rendered":"https:\/\/litebold.co\/~radardofuturo\/suicos-rejeitam-projeto-de-renda-minima\/"},"modified":"2022-08-03T22:00:20","modified_gmt":"2022-08-04T01:00:20","slug":"suicos-rejeitam-projeto-de-renda-minima","status":"publish","type":"post","link":"https:\/\/radardofuturo.com.br\/test\/suicos-rejeitam-projeto-de-renda-minima\/","title":{"rendered":"Su\u00ed\u00e7os rejeitam projeto de renda m\u00ednima"},"content":{"rendered":"<h2 class=\"b-article__lead\" style=\"margin-bottom: 20px; padding: 0px; border: 0px; font-weight: bold; line-height: 26px; font-family: 'Open Sans', sans-serif; font-size: 18px; vertical-align: baseline;\" itemprop=\"description\">A Su&iacute;&ccedil;a realiza hoje um referendo nacional que poder&aacute; implementar uma renda m&iacute;nima universal para todos os cidad&atilde;os, independentemente da riqueza de cada um.<\/h2>\n<div class=\"b-article__text\" style=\"margin: 0px; padding: 0px; border: 0px; line-height: 24px; font-family: 'Open Sans', sans-serif; font-size: 16px; vertical-align: baseline; color: #333333;\" itemprop=\"articleBody\">\n<p style=\"margin-top: 0px; margin-bottom: 18px; border: 0px; font-style: inherit; font-variant: inherit; font-weight: inherit; line-height: inherit; font-family: inherit; vertical-align: baseline;\"><strong style=\"margin: 0px; padding: 0px; border: 0px; font-style: inherit; font-variant: inherit; line-height: inherit; font-family: inherit; vertical-align: baseline;\">Uma alternativa &agrave;s falhas do capitalismo&nbsp;<\/strong><\/p>\n<p style=\"margin-bottom: 18px; border: 0px; font-style: inherit; font-variant: inherit; font-weight: inherit; line-height: inherit; font-family: inherit; vertical-align: baseline;\">A proposta foi lan&ccedil;ada ainda em 2010 por oito professores universit&aacute;rios e se resume ao seguinte:<\/p>\n<p class=\"marker-quote1\" style=\"margin-bottom: 18px; padding: 15px 30px 20px; border-width: 0px 0px 0px 19px; border-left-style: solid; border-left-color: #f7961d; font-style: italic; font-weight: bold; line-height: 23px; font-family: Georgia; vertical-align: baseline;\">&ldquo;O Estado deve adotar uma lei que assegure, sem quaisquer condi&ccedil;&otilde;es, uma renda permanente a qualquer cidad&atilde;o su&iacute;&ccedil;o, que lhe permita viver com esse dinheiro&rdquo;.<\/p>\n<p style=\"margin-bottom: 18px; border: 0px; font-style: inherit; font-variant: inherit; font-weight: inherit; line-height: inherit; font-family: inherit; vertical-align: baseline;\">Os especialistas justificaram a ideia pelo fato de o trabalho e a renda virem no futuro a estar inevitavelmente desassociados, pois cada vez mais a tecnologia est&aacute; substituindo a atividade humana nos pa&iacute;ses desenvolvidos. Eles prop&otilde;em ultrapassar desta forma as&nbsp;falhas do capitalismo e libertar as&nbsp;capacidades humanas das obriga&ccedil;&otilde;es econ&ocirc;micas.<\/p>\n<p style=\"margin-bottom: 18px; border: 0px; font-style: inherit; font-variant: inherit; font-weight: inherit; line-height: inherit; font-family: inherit; vertical-align: baseline;\">A medida, que suscita admira&ccedil;&atilde;o e inveja na Europa de Leste, tamb&eacute;m far&aacute; os cidad&atilde;os mais felizes: eles poder&atilde;o ter a profiss&atilde;o que quiserem sem se preocupar com o sal&aacute;rio.<\/p>\n<p style=\"margin-bottom: 18px; border: 0px; font-style: inherit; font-variant: inherit; font-weight: inherit; line-height: inherit; font-family: inherit; vertical-align: baseline;\"><strong style=\"margin: 0px; padding: 0px; border: 0px; font-style: inherit; font-variant: inherit; line-height: inherit; font-family: inherit; vertical-align: baseline;\">Experimentos deram certo<\/strong><\/p>\n<p style=\"margin-bottom: 18px; border: 0px; font-style: inherit; font-variant: inherit; font-weight: inherit; line-height: inherit; font-family: inherit; vertical-align: baseline;\">Projetos semelhantes &agrave; escala regional foram testados em diversos pa&iacute;ses&nbsp;&mdash; mas a possibilidade de tal ser implementado em larga escala &eacute; in&eacute;dita.<\/p>\n<div class=\"b-inject m-inject-min\" style=\"margin: 5px 0px 20px 40px; padding: 0px; border: 0px; font-style: inherit; font-variant: inherit; font-weight: inherit; line-height: inherit; font-family: inherit; vertical-align: baseline; color: #000000; float: right; width: 331px;\">\n<div class=\"b-inject__media\" style=\"margin: 0px; padding: 0px; border: 0px; font-style: inherit; font-variant: inherit; font-weight: inherit; line-height: inherit; font-family: inherit; vertical-align: baseline;\"><\/div>\n<div class=\"b-inject__copy\" style=\"margin: 0px 0px -30px; padding: 9px 20px 8px; border: 0px; font-style: inherit; font-variant: inherit; font-weight: inherit; line-height: 1.3; font-family: inherit; font-size: 10px; vertical-align: baseline; color: #ffffff; text-transform: uppercase; text-align: right; background-color: #f7961d;\"><span style=\"margin: 0px; padding: 0px; border: 0px; font-style: inherit; font-variant: inherit; font-weight: inherit; line-height: inherit; font-family: inherit; vertical-align: baseline;\">&copy; AFP 2016\/ ODD ANDERSEN<\/span><\/div>\n<div class=\"b-inject__content\" style=\"margin: 0px; padding: 30px 20px; border: 0px; font-style: inherit; font-variant: inherit; font-weight: bold; line-height: 18px; font-family: inherit; font-size: 14px; vertical-align: baseline; background-color: #f7961d;\">Angela Merkel quer espa&ccedil;o econ&ocirc;mico comum de Lisboa a Vladivostok<\/div>\n<\/div>\n<p> O pioneiro foi o Canad&aacute;. Em 1974, na cidade de Dauphin, prov&iacute;ncia de Manitoba, foi lan&ccedil;ado um experimento com a renda m&iacute;nima obrigat&oacute;ria, finalizado em 1979 pelo governo conservador. Os cientistas provaram o seu impacto positivo na sociedade: a situa&ccedil;&atilde;o das mulheres solteiras melhorou (elas puderam deixar o trabalho), os hospitais passaram a ter menos doentes.&nbsp; <\/p>\n<p style=\"margin-bottom: 18px; border: 0px; font-style: inherit; font-variant: inherit; font-weight: inherit; line-height: inherit; font-family: inherit; vertical-align: baseline;\">Os experimentos realizados mais tarde mostraram que a renda m&iacute;nima universal ajudar&aacute; o Estado a cortar os gastos na esfera social. Os lares e centros de abrigo poder&atilde;o cobrar o pagamento pelos servi&ccedil;os e, consequentemente, concorrer. E n&atilde;o h&aacute; melhor m&eacute;todo de cortar os custos do que a concorr&ecirc;ncia.<\/p>\n<p style=\"margin-bottom: 18px; border: 0px; font-style: inherit; font-variant: inherit; font-weight: inherit; line-height: inherit; font-family: inherit; vertical-align: baseline;\"><strong style=\"margin: 0px; padding: 0px; border: 0px; font-style: inherit; font-variant: inherit; line-height: inherit; font-family: inherit; vertical-align: baseline;\">O Governo est&aacute; contra<\/strong><\/p>\n<p style=\"margin-bottom: 18px; border: 0px; font-style: inherit; font-variant: inherit; font-weight: inherit; line-height: inherit; font-family: inherit; vertical-align: baseline;\">O governo da Su&iacute;&ccedil;a pronunciou-se abertamente contra a proposta. Segundo eles, os subs&iacute;dios existentes n&atilde;o podem ser substitu&iacute;dos por uma renda fixa, isso n&atilde;o ir&aacute; suprir todas as&nbsp;necessidades sociais.<\/p>\n<p style=\"margin-bottom: 18px; border: 0px; font-style: inherit; font-variant: inherit; font-weight: inherit; line-height: inherit; font-family: inherit; vertical-align: baseline;\">Al&eacute;m disso, o governo destaca que parte da popula&ccedil;&atilde;o com renda inferior a 2500 francos n&atilde;o teria mais incentivos para trabalhar e, para al&eacute;m disso, vai atrair imigrantes indesejados.<\/p>\n<p style=\"margin-bottom: 18px; border: 0px; font-style: inherit; font-variant: inherit; font-weight: inherit; line-height: inherit; font-family: inherit; vertical-align: baseline;\"><strong style=\"margin: 0px; padding: 0px; border: 0px; font-style: inherit; font-variant: inherit; line-height: inherit; font-family: inherit; vertical-align: baseline;\">Opini&atilde;o dos eleitores<\/strong><\/p>\n<div class=\"b-inject m-inject-min\" style=\"margin: 5px 0px 20px 40px; padding: 0px; border: 0px; font-style: inherit; font-variant: inherit; font-weight: inherit; line-height: inherit; font-family: inherit; vertical-align: baseline; color: #000000; float: right; width: 331px;\">\n<div class=\"b-inject__media\" style=\"margin: 0px; padding: 0px; border: 0px; font-style: inherit; font-variant: inherit; font-weight: inherit; line-height: inherit; font-family: inherit; vertical-align: baseline;\"><\/div>\n<div class=\"b-inject__copy\" style=\"margin: 0px 0px -30px; padding: 9px 20px 8px; border: 0px; font-style: inherit; font-variant: inherit; font-weight: inherit; line-height: 1.3; font-family: inherit; font-size: 10px; vertical-align: baseline; color: #ffffff; text-transform: uppercase; text-align: right; background-color: #f7961d;\"><span style=\"margin: 0px; padding: 0px; border: 0px; font-style: inherit; font-variant: inherit; font-weight: inherit; line-height: inherit; font-family: inherit; vertical-align: baseline;\">&copy; SPUTNIK\/ MICHAIL KUTUZOV<\/span><\/div>\n<div class=\"b-inject__content\" style=\"margin: 0px; padding: 30px 20px; border: 0px; font-style: inherit; font-variant: inherit; font-weight: bold; line-height: 18px; font-family: inherit; font-size: 14px; vertical-align: baseline; background-color: #f7961d;\">Jamil Chade: Maior esc&acirc;ndalo investigado at&eacute; hoje na Su&iacute;&ccedil;a &eacute; a Lava Jato (EXCLUSIVO) \n<div class=\"b-inject__type m-audio\" style=\"margin: 10px 0px 0px; padding: 0px; border: 0px; font-style: inherit; font-variant: inherit; font-weight: inherit; line-height: 10px; font-family: inherit; font-size: 10px; vertical-align: baseline;\">&nbsp;<\/div>\n<\/div>\n<\/div>\n<p> Com uma renda per capita estimada em US$ 59 mil ao ano (R$ 211 mil) e taxa de desemprego inferior a 4%, o pa&iacute;s n&atilde;o carece de pol&iacute;ticas p&uacute;blicas de combate &agrave; pobreza.&nbsp; <\/p>\n<p class=\"marker-quote1\" style=\"margin-bottom: 18px; padding: 15px 30px 20px; border-width: 0px 0px 0px 19px; border-left-style: solid; border-left-color: #f7961d; font-style: italic; font-weight: bold; line-height: 23px; font-family: Georgia; vertical-align: baseline;\">Segundo as &uacute;ltimas sondagens, cerca de 72% da popula&ccedil;&atilde;o e uma grande maioria dos cant&otilde;es dever&atilde;o rejeitar a proposta no referendo (as iniciativas devem ser aprovadas n&atilde;o s&oacute; pela maioria dos eleitores, mas tamb&eacute;m por mais de metade dos cant&otilde;es).<\/p>\n<p style=\"margin-bottom: 18px; border: 0px; font-style: inherit; font-variant: inherit; font-weight: inherit; line-height: inherit; font-family: inherit; vertical-align: baseline;\">Enquanto a esquerda considera a ideia uma &ldquo;limita&ccedil;&atilde;o dos direitos dos pobres&rdquo;, os partidos de direita opinam que representar&aacute; uma amea&ccedil;a ao crescimento econ&ocirc;mico. No final, parece que s&oacute; os rom&acirc;nticos e radicais v&atilde;o votar a favor da renda m&iacute;nima universal.<\/p>\n<\/div>\n<p>Leia mais:&nbsp;https:\/\/br.sputniknews.com\/sociedade\/20160605\/4930823\/suica-referendo-renda-minima.html#ixzz4BHxjZEuH<\/p>\n","protected":false},"excerpt":{"rendered":"<p>A Su&iacute;&ccedil;a realiza hoje um referendo nacional que poder&aacute; implementar uma renda m&iacute;nima universal para todos os cidad&atilde;os, independentemente da riqueza de cada um. Uma alternativa &agrave;s falhas do capitalismo&nbsp; A proposta foi lan&ccedil;ada ainda em 2010 por oito professores universit&aacute;rios e se resume ao seguinte: &ldquo;O Estado deve adotar uma lei que assegure, sem [&hellip;]<\/p>\n","protected":false},"author":1,"featured_media":0,"comment_status":"open","ping_status":"open","sticky":false,"template":"","format":"standard","meta":{"tdm_status":"","tdm_grid_status":"","footnotes":"","jetpack_publicize_message":"","jetpack_publicize_feature_enabled":true,"jetpack_social_post_already_shared":false,"jetpack_social_options":{"image_generator_settings":{"template":"highway","enabled":false},"version":2}},"categories":[10],"tags":[],"class_list":{"0":"post-246","1":"post","2":"type-post","3":"status-publish","4":"format-standard","6":"category-estudos-prospectivos"},"jetpack_publicize_connections":[],"jetpack_featured_media_url":"","post_mailing_queue_ids":[],"_links":{"self":[{"href":"https:\/\/radardofuturo.com.br\/test\/wp-json\/wp\/v2\/posts\/246","targetHints":{"allow":["GET"]}}],"collection":[{"href":"https:\/\/radardofuturo.com.br\/test\/wp-json\/wp\/v2\/posts"}],"about":[{"href":"https:\/\/radardofuturo.com.br\/test\/wp-json\/wp\/v2\/types\/post"}],"author":[{"embeddable":true,"href":"https:\/\/radardofuturo.com.br\/test\/wp-json\/wp\/v2\/users\/1"}],"replies":[{"embeddable":true,"href":"https:\/\/radardofuturo.com.br\/test\/wp-json\/wp\/v2\/comments?post=246"}],"version-history":[{"count":0,"href":"https:\/\/radardofuturo.com.br\/test\/wp-json\/wp\/v2\/posts\/246\/revisions"}],"wp:attachment":[{"href":"https:\/\/radardofuturo.com.br\/test\/wp-json\/wp\/v2\/media?parent=246"}],"wp:term":[{"taxonomy":"category","embeddable":true,"href":"https:\/\/radardofuturo.com.br\/test\/wp-json\/wp\/v2\/categories?post=246"},{"taxonomy":"post_tag","embeddable":true,"href":"https:\/\/radardofuturo.com.br\/test\/wp-json\/wp\/v2\/tags?post=246"}],"curies":[{"name":"wp","href":"https:\/\/api.w.org\/{rel}","templated":true}]}}