{"id":24079,"date":"2022-08-08T16:30:30","date_gmt":"2022-08-08T19:30:30","guid":{"rendered":"https:\/\/radardofuturo.com.br\/?p=24079"},"modified":"2022-08-08T18:34:51","modified_gmt":"2022-08-08T21:34:51","slug":"flexibilizacao-das-armas-por-que-tambem-ha-policiais-preocupados","status":"publish","type":"post","link":"https:\/\/radardofuturo.com.br\/test\/flexibilizacao-das-armas-por-que-tambem-ha-policiais-preocupados\/","title":{"rendered":"Flexibiliza\u00e7\u00e3o das armas: por que tamb\u00e9m h\u00e1 policiais preocupados"},"content":{"rendered":"\n<p><strong>PF assinala que a flexibiliza&ccedil;&atilde;o do com&eacute;rcio de armas pode trazer de volta &ldquo;uma situa&ccedil;&atilde;o ca&oacute;tica e tornar muito piores os &iacute;ndices de criminalidade&rdquo;<\/strong><\/p>\n\n\n\n<figure class=\"wp-block-image size-full\"><img loading=\"lazy\" decoding=\"async\" width=\"960\" height=\"540\" src=\"https:\/\/radardofuturo.com.br\/test\/wp-content\/uploads\/2022\/07\/clube-de-tiro-reproducao-youtube.png\" alt=\"flexibiliza&ccedil;&atilde;o do uso de armas: homem simula treino de tiro\" class=\"wp-image-24135\" srcset=\"https:\/\/radardofuturo.com.br\/test\/wp-content\/uploads\/2022\/07\/clube-de-tiro-reproducao-youtube.png 960w, https:\/\/radardofuturo.com.br\/test\/wp-content\/uploads\/2022\/07\/clube-de-tiro-reproducao-youtube-300x169.png 300w, https:\/\/radardofuturo.com.br\/test\/wp-content\/uploads\/2022\/07\/clube-de-tiro-reproducao-youtube-768x432.png 768w, https:\/\/radardofuturo.com.br\/test\/wp-content\/uploads\/2022\/07\/clube-de-tiro-reproducao-youtube-696x392.png 696w, https:\/\/radardofuturo.com.br\/test\/wp-content\/uploads\/2022\/07\/clube-de-tiro-reproducao-youtube-150x84.png 150w\" sizes=\"auto, (max-width: 960px) 100vw, 960px\"><figcaption>Foto: Reprodu&ccedil;&atilde;o <\/figcaption><\/figure>\n\n\n\n<!--more-->\n\n\n\n<p><strong>Carlos Pl&aacute;cido Teixeira<\/strong><br>Jornalista Respons&aacute;vel I Radar do Futuro<\/p>\n\n\n\n<p>Policial civil, M. G. (ele prefere n&atilde;o divulgar o nome real) est&aacute; preocupado com o aumento da quantidade de armas em poder de cidad&atilde;os comuns na cidade onde atua, no Norte de Minas Gerais. &Agrave; fam&iacute;lia e aos amigos ele comenta, reservadamente, que a quantidade de apreens&otilde;es de armas aumentou assustadoramente na regi&atilde;o nos &uacute;ltimos  meses. Por enquanto, diz ele, s&atilde;o casos mais simples. Na maior parte dos registros, s&atilde;o propriet&aacute;rios flagrados carregando os seus rev&oacute;lveres legais dentro dos seus ve&iacute;culos. Pessoas com direito exclusivamente de posse, sem autoriza&ccedil;&atilde;o para porte.<\/p>\n\n\n\n<p>A fam&iacute;lia pode respirar aliviada porque a cidade onde M.G. atua tem criminalidade baixa. A regi&atilde;o de popula&ccedil;&atilde;o pequena, dependente da agricultura, convive com homens que cultuam o desfile com armas &agrave; mostra. Mas a desenvoltura dos desfiles &eacute; cada vez maior. Velhos sinais de identidade, comuns em algumas localidades do interior, onde persiste um certo coronelismo pol&iacute;ticos e as caminhonetes combinam com os s&iacute;mbolos de poder masculino. O que causa maior preocupa&ccedil;&atilde;o do policial civil &eacute; que a flexibiza&ccedil;&atilde;o do com&eacute;rcio do rev&oacute;lveres, pistolas e rifles pode tornar o ambiente incontrol&aacute;vel e com tens&atilde;o crescente para quem trabalha na &aacute;rea.<\/p>\n\n\n\n<p>&ldquo;&Eacute;  cada vez maior o risco de n&oacute;s, policiais civis, militares e federais, sermos recebidos a bala em opera&ccedil;&otilde;es corriqueiras&rdquo;, desabafa o funcion&aacute;rio p&uacute;blico mineiro. Por exemplo, uma abordagem para conferir documentos pode gerar um confronto. H&aacute; uma sensa&ccedil;&atilde;o de proximidade do descontrole. Na verdade, em regi&otilde;es com maior n&uacute;mero de habitantes, os problemas j&aacute; acontecem mais frequentemente. <\/p>\n\n\n\n<p>No dia 10 de maio, a cidade de Cabo Frio, no Estado do Rio de Janeiro, registrou um exemplo das situa&ccedil;&otilde;es que tendem a virar rotina. Um agente da 126&ordf; Delegacia foi baleado durante dilig&ecirc;ncia para cumprimento de um mandado de pris&atilde;o. A viatura passava por um dos acessos da Cidade Alta, em Cordovil, Zona Norte do Rio, quando foi atacada por criminosos fortemente armados. <\/p>\n\n\n\n<h2 class=\"wp-block-heading\">Balan&ccedil;o: policiais militares s&atilde;o alvo<\/h2>\n\n\n\n<p>Policiais militares s&atilde;o as principais v&iacute;timas do armamento e dos desvios que ocorrem do mercado legal para o ilegal. Segundo os levantamentos ofertados para o ano de 2021, segundo o Anu&aacute;rio Brasileiro de Seguran&ccedil;a P&uacute;blica. As mortes ocorridas fora do turno de servi&ccedil;o s&atilde;o as que ocorrem em maior n&uacute;mero. Os profissionais de seguran&ccedil;a s&atilde;o v&iacute;timas de amea&ccedil;as (75,6% em servi&ccedil;o e 53,1% fora de servi&ccedil;o), s&atilde;o v&iacute;timas de ass&eacute;dio moral ou humilha&ccedil;&atilde;o no ambiente de trabalho (63,5%) e foram discriminados por serem profissionais de seguran&ccedil;a p&uacute;blica (65,7% e 73,8% entre policiais militares). <\/p>\n\n\n\n<p>Um <a href=\"https:\/\/forumseguranca.org.br\/wp-content\/uploads\/2021\/07\/15-as-policias-e-as-armas.pdf\" data-type=\"URL\" data-id=\"https:\/\/forumseguranca.org.br\/wp-content\/uploads\/2021\/07\/15-as-policias-e-as-armas.pdf\" target=\"_blank\" rel=\"noreferrer noopener\">artigo<\/a> de T&uacute;lio Kahn, doutor em Ci&ecirc;ncia Pol&iacute;tica e Consultor em Seguran&ccedil;a P&uacute;blica, revela que uma minoria de 16% entre os policiais defende a proibi&ccedil;&atilde;o e porte de todas as armas de fogo. O n&uacute;mero &eacute; at&eacute; maior do que a outra minoria, de 10,4%, favor&aacute;vel &agrave; posse e libera&ccedil;&atilde;o de armas para toda a popula&ccedil;&atilde;o, sem limites de qualquer natureza. Mas a grande maioria, 73,6%,  defende uma postura condizente com a legisla&ccedil;&atilde;o atual. Ou seja, permiss&atilde;o para porte e a posse, mas com limites de quantidade de armas e muni&ccedil;&otilde;es, mecanismos de controle e rastreamento de armas, restri&ccedil;&atilde;o a certos tipos de armamento, etc. Nem libera&ccedil;&atilde;o completa, nem restri&ccedil;&atilde;o total. &ldquo;Diferentes matizes em torno do que a legisla&ccedil;&atilde;o hoje j&aacute; permite&rdquo;, assinala o especialista. <\/p>\n\n\n\n<p>Em julho, a Pol&iacute;cia Federal encaminhou pareceres ao Congresso Nacional com um alerta sobre um projeto de lei, em debate no Senado com o objetivo de flexibilizar a compra e o uso de armas de fogo. A altera&ccedil;&atilde;o no Estatuto do Desarmamento j&aacute; foi aprovada na C&acirc;mara, mas ainda n&atilde;o no Senado. Em seu relat&oacute;rio, a PF assinala que o dispositivo poder&aacute; trazer de volta &ldquo;uma situa&ccedil;&atilde;o ca&oacute;tica&rdquo; no pa&iacute;s, com potencial de &ldquo;tornar muito piores os &iacute;ndices de criminalidade&rdquo;.<\/p>\n\n\n<div class=\"wp-block-image\">\n<figure class=\"alignleft size-full\"><img loading=\"lazy\" decoding=\"async\" width=\"600\" height=\"371\" src=\"https:\/\/radardofuturo.com.br\/test\/wp-content\/uploads\/2022\/07\/CLUBES-DE-TIRO-ABERTOS-ENTRE-2003-E-2021-1.png\" alt=\"\" class=\"wp-image-24132\" srcset=\"https:\/\/radardofuturo.com.br\/test\/wp-content\/uploads\/2022\/07\/CLUBES-DE-TIRO-ABERTOS-ENTRE-2003-E-2021-1.png 600w, https:\/\/radardofuturo.com.br\/test\/wp-content\/uploads\/2022\/07\/CLUBES-DE-TIRO-ABERTOS-ENTRE-2003-E-2021-1-300x186.png 300w, https:\/\/radardofuturo.com.br\/test\/wp-content\/uploads\/2022\/07\/CLUBES-DE-TIRO-ABERTOS-ENTRE-2003-E-2021-1-150x93.png 150w\" sizes=\"auto, (max-width: 600px) 100vw, 600px\"><\/figure>\n<\/div>\n\n\n<h2 class=\"wp-block-heading\">Mais viol&ecirc;ncia<\/h2>\n\n\n\n<p>Enquanto o debate envolve grupos favor&aacute;veis e contr&aacute;rios &agrave; flexibiliza&ccedil;&atilde;o da posse e porte de armas, a ind&uacute;stria de forma&ccedil;&atilde;o de novos atiradores cresce aceleradamente. Quase a metade das 2.061 empresas de forma&ccedil;&atilde;o e entretenimento de atiradores existentes no pa&iacute;s hoje foi criada desde 2019, primeiro ano do governo de Jair Bolsonaro. <\/p>\n\n\n\n<p>Um levantamento do Instituto Sou da Paz, via Lei de Acesso &agrave; Informa&ccedil;&atilde;o (LAI), a venda de muni&ccedil;&otilde;es e cartuchos no Brasil mais que dobrou em rela&ccedil;&atilde;o a 2020: 61,3 milh&otilde;es contra 28,5 milh&otilde;es, apenas entre os colecionadores, atiradores esportivos e ca&ccedil;adores (CACs). &nbsp;O n&uacute;mero de lojas para a venda de armas e muni&ccedil;&otilde;es tamb&eacute;m cresceu assustadoramente. Em um ano foram abertas 620 novas lojas no pa&iacute;s. <\/p>\n\n\n\n<p>A liberaliza&ccedil;&atilde;o do com&eacute;rcio no Brasil gerou um descontrole na aquisi&ccedil;&atilde;o de armas e o imposs&iacute;vel rastreio da origem da muni&ccedil;&atilde;o. &ldquo;Sou policial civil e a farra da compra de armamento est&aacute; t&atilde;o absurda que j&aacute; tem colegas bolsonaristas mudando de lado porque t&aacute; vendo um monte de criminoso conhecido comprando arma de grosso calibre de maneira legal&rdquo;, diz um internauta na conta do Twitter. Para parte dos integrantes das corpora&ccedil;&otilde;es civil e militar, h&aacute; um risco crescente de que as abordagens sejam recebidas por pessoas fortemente armadas. <\/p>\n\n\n\n<p>Especialistas em seguran&ccedil;a p&uacute;blica garantem que as armas e muni&ccedil;&otilde;es legais e ilegais, que s&atilde;o desviadas e ingressam no mercado do crime, n&atilde;o causam, isoladamente, varia&ccedil;&otilde;es nas taxas criminalidade. Elas tendem a aumentar os homic&iacute;dios circunstanciais, em bares, boates e no tr&acirc;nsito, por exemplo, e os feminic&iacute;dios. Mas n&atilde;o afetam necessariamente as din&acirc;micas criminais nos<br>estados. No Brasil, quase 80% dos homic&iacute;dios s&atilde;o cometidos com armas de fogo.<\/p>\n\n\n\n<p>Sobram exemplos ilustrativos das mortes, apresentados diariamente pela imprensa, sobre os efeitos da prolifera&ccedil;&atilde;o de armas na sociedade no aumento das mortes circunstanciais. O homic&iacute;dio do jovem Ailson Augusto Ortiz, de 21 anos, em Cascavel\/PR. Ap&oacute;s uma discuss&atilde;o em raz&atilde;o de uma fechada no tr&acirc;nsito, Ailson levou tr&ecirc;s tiros, ao enfrentar o outro motorista. Segundo investigadores, o autor dos disparos seria CAC e teria arma para pr&aacute;tica de tiro desportivo, n&atilde;o possuindo porte de armas de fogo para defesa pessoal. O que se verifica &eacute; que a facilidade de acesso e abund&acirc;ncia de armas de fogo em determinado espa&ccedil;o faz com que o instrumento seja um catalisador de viol&ecirc;ncia letal.<\/p>\n\n\n\n<p>Este &eacute; o momento de toda a hist&oacute;ria nacional em que existem mais armas nas m&atilde;os de cidad&atilde;os comuns. Em 2019 e 2020, os brasileiros registraram 320 mil novas armas na Pol&iacute;cia Federal. De 2012 a 2018, o total havia sido de 303 mil. As autoriza&ccedil;&otilde;es concedidas pelo Ex&eacute;rcito a ca&ccedil;adores, atiradores esportivos e colecionadores de armas tamb&eacute;m bateram recorde no atual governo&nbsp;&mdash; 160 mil nos &uacute;ltimos dois anos contra 70 mil nos sete anos anteriores. O mercado de armas e muni&ccedil;&otilde;es, tanto as de origem nacional quanto as importadas, est&aacute; extraordinariamente aquecido.<\/p>\n\n\n\n<p><span style=\"color: initial;\"><\/span><\/p>\n\n\n\n<div class=\"wp-block-columns is-layout-flex wp-container-core-columns-is-layout-9d6595d7 wp-block-columns-is-layout-flex\">\n<div class=\"wp-block-column is-layout-flow wp-block-column-is-layout-flow\">\n<figure class=\"wp-block-image size-full\"><img loading=\"lazy\" decoding=\"async\" width=\"800\" height=\"800\" src=\"https:\/\/radardofuturo.com.br\/test\/wp-content\/uploads\/2022\/07\/antecipe-se-ao-futuro.png\" alt=\"\" class=\"wp-image-23941\" srcset=\"https:\/\/radardofuturo.com.br\/test\/wp-content\/uploads\/2022\/07\/antecipe-se-ao-futuro.png 800w, https:\/\/radardofuturo.com.br\/test\/wp-content\/uploads\/2022\/07\/antecipe-se-ao-futuro-300x300.png 300w, https:\/\/radardofuturo.com.br\/test\/wp-content\/uploads\/2022\/07\/antecipe-se-ao-futuro-150x150.png 150w, https:\/\/radardofuturo.com.br\/test\/wp-content\/uploads\/2022\/07\/antecipe-se-ao-futuro-768x768.png 768w, https:\/\/radardofuturo.com.br\/test\/wp-content\/uploads\/2022\/07\/antecipe-se-ao-futuro-696x696.png 696w, https:\/\/radardofuturo.com.br\/test\/wp-content\/uploads\/2022\/07\/antecipe-se-ao-futuro-96x96.png 96w\" sizes=\"auto, (max-width: 800px) 100vw, 800px\"><\/figure>\n<\/div>\n\n\n\n<div class=\"wp-block-column is-layout-flow wp-block-column-is-layout-flow\">\n<div class=\"wp-block-contact-form-7-contact-form-selector\">\n<div class=\"wpcf7 no-js\" id=\"wpcf7-f3203-o1\" lang=\"pt-BR\" dir=\"ltr\" data-wpcf7-id=\"3203\">\n<div class=\"screen-reader-response\"><p role=\"status\" aria-live=\"polite\" aria-atomic=\"true\"><\/p> <ul><\/ul><\/div>\n<form action=\"\/test\/wp-json\/wp\/v2\/posts\/24079#wpcf7-f3203-o1\" method=\"post\" class=\"wpcf7-form init\" aria-label=\"Formul&aacute;rios de contato\" novalidate=\"novalidate\" data-status=\"init\">\n<fieldset class=\"hidden-fields-container\"><input type=\"hidden\" name=\"_wpcf7\" value=\"3203\"><input type=\"hidden\" name=\"_wpcf7_version\" value=\"6.1.5\"><input type=\"hidden\" name=\"_wpcf7_locale\" value=\"pt_BR\"><input type=\"hidden\" name=\"_wpcf7_unit_tag\" value=\"wpcf7-f3203-o1\"><input type=\"hidden\" name=\"_wpcf7_container_post\" value=\"0\"><input type=\"hidden\" name=\"_wpcf7_posted_data_hash\" value=\"\">\n<\/fieldset>\n<p><b>A gente quer manter voc&ecirc; bem informado sobre <a href=\"https:\/\/radardofuturo.com.br\/test\/ddof\/o-que-sao-tendencias\/\" target=\"_self\" title=\"Confira o que s&atilde;o tend&ecirc;ncias, os fatos ou fen&ocirc;menos que podem acontecer em algum momento adiante na hist&oacute;ria da sociedade, como um novo comportamento individual ou de um grupo\" class=\"encyclopedia\">tend&ecirc;ncias<\/a> impactantes<\/b>\n<\/p>\n<p>Deixe abaixo o seu e-mail para receber nossos insights sobre o futuro.\n<\/p>\n<p>Seu Nome (obrigat&oacute;rio)\n<\/p>\n<p><span class=\"wpcf7-form-control-wrap\" data-name=\"your-name\"><input size=\"40\" maxlength=\"400\" class=\"wpcf7-form-control wpcf7-text wpcf7-validates-as-required\" aria-required=\"true\" aria-invalid=\"false\" value=\"\" type=\"text\" name=\"your-name\"><\/span>\n<\/p>\n<p>Seu e-mail (obrigat&oacute;rio)\n<\/p>\n<p><span class=\"wpcf7-form-control-wrap\" data-name=\"your-email\"><input size=\"40\" maxlength=\"400\" class=\"wpcf7-form-control wpcf7-email wpcf7-validates-as-required wpcf7-text wpcf7-validates-as-email\" aria-required=\"true\" aria-invalid=\"false\" value=\"\" type=\"email\" name=\"your-email\"><\/span>\n<\/p>\n<p><input class=\"wpcf7-form-control wpcf7-submit has-spinner\" type=\"submit\" value=\"Enviar\">\n<\/p><p style=\"display: none !important;\"><label>&Delta;<textarea name=\"_wpcf7_ak_hp_textarea\" cols=\"45\" rows=\"8\" maxlength=\"100\"><\/textarea><\/label><input type=\"hidden\" id=\"ak_js_1\" name=\"_wpcf7_ak_js\" value=\"111\"><script>document.getElementById( \"ak_js_1\" ).setAttribute( \"value\", ( new Date() ).getTime() );<\/script><\/p><input type=\"hidden\" class=\"wpcf7-pum\" value='{\"closepopup\":false,\"closedelay\":0,\"openpopup\":false,\"openpopup_id\":0}'><div class=\"wpcf7-response-output\" aria-hidden=\"true\"><\/div>\n<\/form>\n<\/div>\n<\/div>\n<\/div>\n<\/div>\n\n\n\n<p><\/p>\n\n\n\n<p><\/p>\n\n\n\n<p><\/p>\n\n\n\n<p><\/p>\n\n\n\n<p>@LeonelRadde<\/p>\n\n\n\n<p><\/p>\n","protected":false},"excerpt":{"rendered":"<p>PF assinala que a flexibiliza&ccedil;&atilde;o do com&eacute;rcio de armas pode trazer de volta &ldquo;uma situa&ccedil;&atilde;o ca&oacute;tica e tornar muito piores os &iacute;ndices de criminalidade&rdquo;<\/p>\n","protected":false},"author":1,"featured_media":24416,"comment_status":"open","ping_status":"open","sticky":false,"template":"","format":"standard","meta":{"tdm_status":"","tdm_grid_status":"","footnotes":"","jetpack_publicize_message":"","jetpack_publicize_feature_enabled":true,"jetpack_social_post_already_shared":true,"jetpack_social_options":{"image_generator_settings":{"template":"highway","enabled":false},"version":2}},"categories":[20,2245,1121],"tags":[2247,3727,3731,3732,3729],"class_list":{"0":"post-24079","1":"post","2":"type-post","3":"status-publish","4":"format-standard","5":"has-post-thumbnail","7":"category-destaques","8":"category-conjuntura","9":"category-sociedade-do-futuro","10":"tag-conjuntura","11":"tag-flexibilizacao","12":"tag-policia-militar","13":"tag-tendencias-da-violencia-urbana","14":"tag-violencia-urbana"},"jetpack_publicize_connections":[],"jetpack_featured_media_url":"https:\/\/radardofuturo.com.br\/test\/wp-content\/uploads\/2022\/08\/clube-de-tiro-reproducao-youtube.png","post_mailing_queue_ids":[],"_links":{"self":[{"href":"https:\/\/radardofuturo.com.br\/test\/wp-json\/wp\/v2\/posts\/24079","targetHints":{"allow":["GET"]}}],"collection":[{"href":"https:\/\/radardofuturo.com.br\/test\/wp-json\/wp\/v2\/posts"}],"about":[{"href":"https:\/\/radardofuturo.com.br\/test\/wp-json\/wp\/v2\/types\/post"}],"author":[{"embeddable":true,"href":"https:\/\/radardofuturo.com.br\/test\/wp-json\/wp\/v2\/users\/1"}],"replies":[{"embeddable":true,"href":"https:\/\/radardofuturo.com.br\/test\/wp-json\/wp\/v2\/comments?post=24079"}],"version-history":[{"count":0,"href":"https:\/\/radardofuturo.com.br\/test\/wp-json\/wp\/v2\/posts\/24079\/revisions"}],"wp:featuredmedia":[{"embeddable":true,"href":"https:\/\/radardofuturo.com.br\/test\/wp-json\/wp\/v2\/media\/24416"}],"wp:attachment":[{"href":"https:\/\/radardofuturo.com.br\/test\/wp-json\/wp\/v2\/media?parent=24079"}],"wp:term":[{"taxonomy":"category","embeddable":true,"href":"https:\/\/radardofuturo.com.br\/test\/wp-json\/wp\/v2\/categories?post=24079"},{"taxonomy":"post_tag","embeddable":true,"href":"https:\/\/radardofuturo.com.br\/test\/wp-json\/wp\/v2\/tags?post=24079"}],"curies":[{"name":"wp","href":"https:\/\/api.w.org\/{rel}","templated":true}]}}