{"id":23952,"date":"2022-07-11T15:52:42","date_gmt":"2022-07-11T18:52:42","guid":{"rendered":"https:\/\/radardofuturo.com.br\/?p=23952"},"modified":"2022-07-12T16:24:47","modified_gmt":"2022-07-12T19:24:47","slug":"em-2022-a-populacao-mundial-chega-a-8-bilhoes-com-fertilidade-em-queda","status":"publish","type":"post","link":"https:\/\/radardofuturo.com.br\/test\/em-2022-a-populacao-mundial-chega-a-8-bilhoes-com-fertilidade-em-queda\/","title":{"rendered":"Em 2022 a popula\u00e7\u00e3o mundial chega a 8 bilh\u00f5es com fertilidade em queda"},"content":{"rendered":"\n<p><strong>A popula&ccedil;&atilde;o mundial cresce em ritmo mais lento, com a perspectiva de alcan&ccedil;ar 9,7 bilh&otilde;es em 2050 e 10,4 bilh&otilde;es em 2080<\/strong><\/p>\n\n\n\n<figure class=\"wp-block-image size-large\"><img loading=\"lazy\" decoding=\"async\" width=\"1024\" height=\"464\" src=\"https:\/\/radardofuturo.com.br\/test\/wp-content\/uploads\/2022\/07\/multidao-na-rua-foto-unsplash-1024x464.jpg\" alt=\"Unsplash\/Yoav Aziz\" class=\"wp-image-23954\" srcset=\"https:\/\/radardofuturo.com.br\/test\/wp-content\/uploads\/2022\/07\/multidao-na-rua-foto-unsplash-1024x464.jpg 1024w, https:\/\/radardofuturo.com.br\/test\/wp-content\/uploads\/2022\/07\/multidao-na-rua-foto-unsplash-300x136.jpg 300w, https:\/\/radardofuturo.com.br\/test\/wp-content\/uploads\/2022\/07\/multidao-na-rua-foto-unsplash-768x348.jpg 768w, https:\/\/radardofuturo.com.br\/test\/wp-content\/uploads\/2022\/07\/multidao-na-rua-foto-unsplash-696x315.jpg 696w, https:\/\/radardofuturo.com.br\/test\/wp-content\/uploads\/2022\/07\/multidao-na-rua-foto-unsplash-150x68.jpg 150w, https:\/\/radardofuturo.com.br\/test\/wp-content\/uploads\/2022\/07\/multidao-na-rua-foto-unsplash.jpg 1170w\" sizes=\"auto, (max-width: 1024px) 100vw, 1024px\"><figcaption>Pessoas caminham em uma rua movimentada em um bairro comercial popular no centro de Manhattan, Nova York. Foto: Unsplash\/Yoav Aziz\n<\/figcaption><\/figure>\n\n\n\n<!--more-->\n\n\n\n<p>Radar do Futuro *<\/p>\n\n\n\n<p>No dia 15 de novembro de 2022 o planeta ter&aacute; oito bilh&otilde;es de habitantes. A proje&ccedil;&atilde;o &eacute; do relat&oacute;rio World Population Prospects 2022 &mdash; proje&ccedil;&otilde;es da popula&ccedil;&atilde;o mundial &ndash;, da Organiza&ccedil;&atilde;o das Na&ccedil;&otilde;es Unidas (ONU). A divulga&ccedil;&atilde;o do estudo anual marca o Dia Mundial da Popula&ccedil;&atilde;o, comemorado em 7 de julho, num cen&aacute;rio em que a popula&ccedil;&atilde;o global est&aacute; crescendo a menos de um por cento anual, o ritmo mais lento desde o in&iacute;cio da d&eacute;cada de 1950. <\/p>\n\n\n\n<p>Segundo os dados da ONU, a popula&ccedil;&atilde;o mundial pode crescer para cerca de 8,5 bilh&otilde;es em 2030 e 9,7 bilh&otilde;es em 2050, antes&nbsp;de atingir um pico de cerca de 10,4 bilh&otilde;es de pessoas durante a d&eacute;cada de 2080.&nbsp;A popula&ccedil;&atilde;o dever&aacute; permanecer nesse n&iacute;vel at&eacute; 2100.&nbsp;<\/p>\n\n\n\n<p>A fertilidade caiu acentuadamente nas &uacute;ltimas d&eacute;cadas para muitos pa&iacute;ses: hoje, dois ter&ccedil;os da popula&ccedil;&atilde;o global vive em um pa&iacute;s ou &aacute;rea onde a fertilidade ao longo da vida est&aacute; abaixo de 2,1 nascimentos por mulher, aproximadamente o n&iacute;vel necess&aacute;rio para o crescimento zero na longo prazo, para uma popula&ccedil;&atilde;o com baixa mortalidade.<\/p>\n\n\n\n<figure class=\"wp-block-pullquote is-style-solid-color\"><blockquote><p><span style=\"font-size: revert; color: initial;\"><strong>A &Iacute;ndia tende a superar a China como o pa&iacute;s mais populoso do mundo em 2023<\/strong><\/span><\/p><\/blockquote><\/figure>\n\n\n\n<p>Em 61 pa&iacute;ses ou &aacute;reas, espera-se que a popula&ccedil;&atilde;o diminua em pelo menos um por cento nas pr&oacute;ximas tr&ecirc;s d&eacute;cadas, como resultado de baixos n&iacute;veis sustentados de fecundidade e, em alguns casos, taxas elevadas de emigra&ccedil;&atilde;o.<\/p>\n\n\n\n<h2 class=\"wp-block-heading\">Efeitos da pandemia<\/h2>\n\n\n\n<p>A pandemia de COVID-19 teve um efeito na mudan&ccedil;a populacional: a expectativa de vida global ao nascer caiu para 71 anos em 2021 (abaixo dos 72,9 em 2019) e, em alguns pa&iacute;ses, ondas sucessivas da pandemia podem ter produzido redu&ccedil;&otilde;es de curto prazo na n&uacute;mero de gesta&ccedil;&otilde;es e partos.<\/p>\n\n\n\n<p>&ldquo;Mais a&ccedil;&otilde;es governamentais destinadas a reduzir a fertilidade teriam pouco impacto no ritmo de crescimento populacional entre agora e meados do s&eacute;culo, por causa da estrutura et&aacute;ria jovem da popula&ccedil;&atilde;o global de hoje&rdquo;, disse John Wilmoth, diretor da Divis&atilde;o de Popula&ccedil;&atilde;o da ONU. Departamento de Assuntos Econ&ocirc;micos e Sociais (DESA).<\/p>\n\n\n\n<p>&ldquo;No entanto, o efeito cumulativo da menor fecundidade, se mantido ao longo de v&aacute;rias d&eacute;cadas, poder&aacute; ser uma desacelera&ccedil;&atilde;o mais substancial do crescimento populacional global na segunda metade do s&eacute;culo &rdquo;.<\/p>\n\n\n\n<h2 class=\"wp-block-heading\">Crescimento concentrado em oito pa&iacute;ses<\/h2>\n\n\n\n<p>Mais da metade do aumento projetado da popula&ccedil;&atilde;o global at&eacute; 2050 estar&aacute; concentrado em oito pa&iacute;ses: Rep&uacute;blica Democr&aacute;tica do Congo, Egito, Eti&oacute;pia, &Iacute;ndia, Nig&eacute;ria, Paquist&atilde;o, Filipinas e Rep&uacute;blica Unida da Tanz&acirc;nia.<\/p>\n\n\n\n<p>Espera-se que os pa&iacute;ses da &Aacute;frica Subsaariana contribuam com mais da metade do aumento previsto at&eacute; 2050.<br>Liu Zhenmin, Subsecret&aacute;rio-Geral da ONU para Assuntos Econ&ocirc;micos e Sociais, alertou que o r&aacute;pido crescimento populacional torna a erradica&ccedil;&atilde;o da pobreza, o combate &agrave; fome e &agrave; desnutri&ccedil;&atilde;o e aumentar a cobertura dos sistemas de sa&uacute;de e educa&ccedil;&atilde;o &eacute; mais dif&iacute;cil.<\/p>\n\n\n\n<p>Na maioria dos pa&iacute;ses da &Aacute;frica Subsaariana, bem como em partes da &Aacute;sia, Am&eacute;rica Latina e Caribe, as recentes redu&ccedil;&otilde;es da fecundidade levaram a um &ldquo;dividendo demogr&aacute;fico&rdquo;, com um aumento da parcela da popula&ccedil;&atilde;o em idade ativa (25 a 64 anos), proporcionando uma oportunidade de crescimento econ&ocirc;mico acelerado per capita.<\/p>\n\n\n\n<p>O relat&oacute;rio argumenta que, para aproveitar ao m&aacute;ximo essa oportunidade, os pa&iacute;ses devem investir no desenvolvimento de seu capital humano, garantindo o acesso &agrave; sa&uacute;de e educa&ccedil;&atilde;o de qualidade em todas as idades e promovendo oportunidades de emprego produtivo e trabalho decente.<\/p>\n\n\n\n<p>Alcan&ccedil;ar os Objetivos de Desenvolvimento Sustent&aacute;vel da ONU , especialmente aqueles relacionados &agrave; sa&uacute;de, educa&ccedil;&atilde;o e igualdade de g&ecirc;nero, contribuir&aacute; para reduzir os n&iacute;veis de fertilidade e desacelerar o crescimento da popula&ccedil;&atilde;o global.<\/p>\n\n\n\n<h2 class=\"wp-block-heading\">Aumento da expectativa de vida<\/h2>\n\n\n\n<p>O mundo deve esperar ver muito mais cabelos grisalhos at&eacute; 2050: at&eacute; l&aacute;, espera-se que o n&uacute;mero de pessoas com 65 anos ou mais em todo o mundo seja mais que o dobro do n&uacute;mero de crian&ccedil;as com menos de cinco anos, e aproximadamente o mesmo que o n&uacute;mero de menores de 12 anos.<\/p>\n\n\n\n<p>Prev&ecirc;-se que novas redu&ccedil;&otilde;es na mortalidade resultem em uma longevidade global m&eacute;dia de cerca de 77,2 anos em 2050. No entanto, em 2021, a expectativa de vida dos pa&iacute;ses menos desenvolvidos ficou sete anos atr&aacute;s da m&eacute;dia global.<\/p>\n\n\n\n<p>O relat&oacute;rio recomenda que os pa&iacute;ses com popula&ccedil;&otilde;es envelhecidas tomem medidas para adaptar os programas p&uacute;blicos ao n&uacute;mero crescente de idosos, estabelecendo sistemas universais de sa&uacute;de e cuidados de longa dura&ccedil;&atilde;o e melhorando a sustentabilidade dos sistemas de seguridade social e pens&otilde;es.<\/p>\n\n\n\n<p>&ldquo;O Dia Mundial da Popula&ccedil;&atilde;o deste ano cai durante um ano marcante, quando antecipamos o nascimento do oitavo bilion&eacute;simo habitante da Terra&rdquo;, disse o secret&aacute;rio-geral da ONU, Ant&oacute;nio Guterres, reagindo &agrave;s conclus&otilde;es do relat&oacute;rio.<\/p>\n\n\n\n<p>Esta &eacute; uma ocasi&atilde;o para celebrar nossa diversidade, reconhecer nossa humanidade comum e se maravilhar com os avan&ccedil;os na sa&uacute;de que prolongaram a vida &uacute;til e reduziram drasticamente as taxas de mortalidade materna e infantil&rdquo;, acrescentou. &ldquo;Ao mesmo tempo, &eacute; um lembrete de nossa responsabilidade compartilhada de cuidar de nosso planeta e um momento para refletir sobre onde ainda estamos aqu&eacute;m de nossos compromissos uns com os outros &rdquo;.<\/p>\n\n\n\n<h2 class=\"wp-block-heading\">Dia Mundial da Popula&ccedil;&atilde;o<\/h2>\n\n\n\n<p>&ldquo;Vamos proteger os direitos humanos e a capacidade de todos os indiv&iacute;duos de fazer escolhas informadas sobre se e quando ter filhos&rdquo;, disse Ant&oacute;nio Guterres, em sua mensagem no Dia Mundial da Popula&ccedil;&atilde;o. &ldquo;Ainda vivemos em um mundo de grande desigualdade de g&ecirc;nero &ndash; e estamos testemunhando novos ataques aos direitos das mulheres , inclusive nos servi&ccedil;os essenciais de sa&uacute;de&rdquo;, afirmou.<\/p>\n\n\n\n<p>Ele chamou o dia de &ldquo;uma ocasi&atilde;o para celebrar nossa diversidade, reconhecer nossa humanidade comum e se maravilhar com os avan&ccedil;os na sa&uacute;de que prolongaram a vida &uacute;til e reduziram drasticamente as taxas de mortalidade materna e infantil&rdquo;.<\/p>\n\n\n\n<p>Ao mesmo tempo, o Guterres descreveu-o como um lembrete de &ldquo;nossa responsabilidade compartilhada de cuidar de nosso planeta e um momento para refletir sobre onde ainda estamos aqu&eacute;m de nossos compromissos uns com os outros&rdquo;.<\/p>\n\n\n\n<p>Em meio &agrave; COVID-19, &agrave; crise clim&aacute;tica, guerras e conflitos, emerg&ecirc;ncias humanit&aacute;rias, fome e pobreza, ele atestou que &ldquo;nosso mundo est&aacute; em perigo&rdquo;.  &ldquo;As complica&ccedil;&otilde;es relacionadas &agrave; gravidez e ao parto ainda s&atilde;o a principal causa de morte entre meninas de 15 a 19 anos&rdquo;.<\/p>\n\n\n\n<ul class=\"wp-block-list\"><li>Com informa&ccedil;&otilde;es da ONU<\/li><\/ul>\n","protected":false},"excerpt":{"rendered":"<p>A popula&ccedil;&atilde;o mundial cresce em ritmo mais lento, com a perspectiva de alcan&ccedil;ar 9,7 bilh&otilde;es em 2050 e 10,4 bilh&otilde;es em 2080<\/p>\n","protected":false},"author":1,"featured_media":23954,"comment_status":"open","ping_status":"open","sticky":false,"template":"","format":"standard","meta":{"tdm_status":"","tdm_grid_status":"","footnotes":"","jetpack_publicize_message":"","jetpack_publicize_feature_enabled":true,"jetpack_social_post_already_shared":true,"jetpack_social_options":{"image_generator_settings":{"template":"highway","enabled":false},"version":2}},"categories":[22,1,20],"tags":[3713,3711,259,3714,3710,3712],"class_list":{"0":"post-23952","1":"post","2":"type-post","3":"status-publish","4":"format-standard","5":"has-post-thumbnail","7":"category-indicadores","8":"category-uncategorized","9":"category-destaques","10":"tag-aumento-da-populacao","11":"tag-fertilidade","12":"tag-populacao","13":"tag-populacao-global","14":"tag-populacao-mundial","15":"tag-taxa-de-fertilidade"},"jetpack_publicize_connections":[],"jetpack_featured_media_url":"https:\/\/radardofuturo.com.br\/test\/wp-content\/uploads\/2022\/07\/multidao-na-rua-foto-unsplash.jpg","post_mailing_queue_ids":[],"_links":{"self":[{"href":"https:\/\/radardofuturo.com.br\/test\/wp-json\/wp\/v2\/posts\/23952","targetHints":{"allow":["GET"]}}],"collection":[{"href":"https:\/\/radardofuturo.com.br\/test\/wp-json\/wp\/v2\/posts"}],"about":[{"href":"https:\/\/radardofuturo.com.br\/test\/wp-json\/wp\/v2\/types\/post"}],"author":[{"embeddable":true,"href":"https:\/\/radardofuturo.com.br\/test\/wp-json\/wp\/v2\/users\/1"}],"replies":[{"embeddable":true,"href":"https:\/\/radardofuturo.com.br\/test\/wp-json\/wp\/v2\/comments?post=23952"}],"version-history":[{"count":0,"href":"https:\/\/radardofuturo.com.br\/test\/wp-json\/wp\/v2\/posts\/23952\/revisions"}],"wp:featuredmedia":[{"embeddable":true,"href":"https:\/\/radardofuturo.com.br\/test\/wp-json\/wp\/v2\/media\/23954"}],"wp:attachment":[{"href":"https:\/\/radardofuturo.com.br\/test\/wp-json\/wp\/v2\/media?parent=23952"}],"wp:term":[{"taxonomy":"category","embeddable":true,"href":"https:\/\/radardofuturo.com.br\/test\/wp-json\/wp\/v2\/categories?post=23952"},{"taxonomy":"post_tag","embeddable":true,"href":"https:\/\/radardofuturo.com.br\/test\/wp-json\/wp\/v2\/tags?post=23952"}],"curies":[{"name":"wp","href":"https:\/\/api.w.org\/{rel}","templated":true}]}}