{"id":23419,"date":"2022-06-14T17:56:55","date_gmt":"2022-06-14T20:56:55","guid":{"rendered":"https:\/\/radardofuturo.com.br\/?p=23419"},"modified":"2022-06-20T09:14:35","modified_gmt":"2022-06-20T12:14:35","slug":"futuro-da-educacao-forcas-geradoras-das-tendencias-de-curto-prazo","status":"publish","type":"post","link":"https:\/\/radardofuturo.com.br\/test\/futuro-da-educacao-forcas-geradoras-das-tendencias-de-curto-prazo\/","title":{"rendered":"Futuro da educa\u00e7\u00e3o: for\u00e7as geradoras das tend\u00eancias de curto prazo"},"content":{"rendered":"\n<p>A tecnologia acelerou o futuro da educa&ccedil;&atilde;o em todo o mundo. E pode criar uma ilus&atilde;o de que resolve os problemas do ensino<\/p>\n\n\n\n<figure class=\"wp-block-image size-large\"><img loading=\"lazy\" decoding=\"async\" width=\"1024\" height=\"707\" src=\"https:\/\/radardofuturo.com.br\/test\/wp-content\/uploads\/2022\/06\/bill-wegener-LqOO5Ko0zSo-unsplash-1024x707.jpg\" alt=\"Photo by bill wegener on Unsplash\" class=\"wp-image-23629\" srcset=\"https:\/\/radardofuturo.com.br\/test\/wp-content\/uploads\/2022\/06\/bill-wegener-LqOO5Ko0zSo-unsplash-1024x707.jpg 1024w, https:\/\/radardofuturo.com.br\/test\/wp-content\/uploads\/2022\/06\/bill-wegener-LqOO5Ko0zSo-unsplash-300x207.jpg 300w, https:\/\/radardofuturo.com.br\/test\/wp-content\/uploads\/2022\/06\/bill-wegener-LqOO5Ko0zSo-unsplash-768x530.jpg 768w, https:\/\/radardofuturo.com.br\/test\/wp-content\/uploads\/2022\/06\/bill-wegener-LqOO5Ko0zSo-unsplash-1536x1061.jpg 1536w, https:\/\/radardofuturo.com.br\/test\/wp-content\/uploads\/2022\/06\/bill-wegener-LqOO5Ko0zSo-unsplash-100x70.jpg 100w, https:\/\/radardofuturo.com.br\/test\/wp-content\/uploads\/2022\/06\/bill-wegener-LqOO5Ko0zSo-unsplash-218x150.jpg 218w, https:\/\/radardofuturo.com.br\/test\/wp-content\/uploads\/2022\/06\/bill-wegener-LqOO5Ko0zSo-unsplash-436x300.jpg 436w, https:\/\/radardofuturo.com.br\/test\/wp-content\/uploads\/2022\/06\/bill-wegener-LqOO5Ko0zSo-unsplash-696x481.jpg 696w, https:\/\/radardofuturo.com.br\/test\/wp-content\/uploads\/2022\/06\/bill-wegener-LqOO5Ko0zSo-unsplash-1392x961.jpg 1392w, https:\/\/radardofuturo.com.br\/test\/wp-content\/uploads\/2022\/06\/bill-wegener-LqOO5Ko0zSo-unsplash-150x104.jpg 150w, https:\/\/radardofuturo.com.br\/test\/wp-content\/uploads\/2022\/06\/bill-wegener-LqOO5Ko0zSo-unsplash.jpg 1920w\" sizes=\"auto, (max-width: 1024px) 100vw, 1024px\"><figcaption>Photo by bill wegener on Unsplash<\/figcaption><\/figure>\n\n\n\n<!--more-->\n\n\n\n<p>A cren&ccedil;a de que as tecnologias tiveram desempenho aprovado durante a pandemia, ao socorrer as escolas de todos os n&iacute;veis com ferramentas para a realiza&ccedil;&atilde;o de aulas remotas, tende a ser o maior risco que estudantes correm no per&iacute;odo em que ocorre o retorno a alguma normalidade das atividades presenciais. Como consequ&ecirc;ncia mais inesperada, o laborat&oacute;rio de experi&ecirc;ncias for&ccedil;adas demonstrou, por vias tortas, que h&aacute; condi&ccedil;&otilde;es suficientes de infraestrutura de m&aacute;quinas, softwares e internet para antecipar inova&ccedil;&otilde;es que seriam adotadas nos pr&oacute;ximos dez anos. <\/p>\n\n\n\n<p>O maior perigo &eacute; a antecipa&ccedil;&atilde;o indiscriminada de projetos que envolvem interesses econ&ocirc;micos, sem uma avalia&ccedil;&atilde;o adequeda dos objetivos e da &eacute;tica dos investimentos realizados por corpora&ccedil;&otilde;es privadas e por administradores p&uacute;blicos. A precau&ccedil;&atilde;o &eacute; justa. Uma investiga&ccedil;&atilde;o global conduzida pelo Observat&oacute;rio de Direitos Humanos (<a href=\"https:\/\/www.hrw.org\/report\/2022\/05\/25\/how-dare-they-peep-my-private-life\/childrens-rights-violations-governments#892\" data-type=\"URL\" data-id=\"https:\/\/www.hrw.org\/report\/2022\/05\/25\/how-dare-they-peep-my-private-life\/childrens-rights-violations-governments#892\" target=\"_blank\" rel=\"noopener\">HRW<\/a>, da sigla em ingl&ecirc;s) concluiu que 49 governos autorizaram empresas de tecnologia educacional, as edtechs, a introduzir plataformas que colocam em risco ou violam diretamente os direitos de crian&ccedil;as e de suas fam&iacute;lias.<\/p>\n\n\n\n<p>Segundo o estudo, sob a justificativa da urg&ecirc;ncia em viabilizar o ensino virtual durante o per&iacute;odo de isolamento, 164 plataformas de ensino online promoveram desvios de informa&ccedil;&otilde;es, entregues para empresas de publicidade na internet. Ao acelerar as <a href=\"https:\/\/radardofuturo.com.br\/test\/ddof\/o-que-sao-tendencias\/\" target=\"_self\" title=\"Confira o que s&atilde;o tend&ecirc;ncias, os fatos ou fen&ocirc;menos que podem acontecer em algum momento adiante na hist&oacute;ria da sociedade, como um novo comportamento individual ou de um grupo\" class=\"encyclopedia\">tend&ecirc;ncias<\/a> de inova&ccedil;&atilde;o no setor de educa&ccedil;&atilde;o a partir do ano de 2020, como outros segmentos induzidos a realizar adapta&ccedil;&otilde;es de urg&ecirc;ncia para manter os seus servi&ccedil;os, a pandemia criou est&iacute;mulos para a nova corrida do ouro do setor educacional. As edtechs certamente est&atilde;o t&atilde;o alvoro&ccedil;adas quanto os grandes grupos empresariais de ensino. <\/p>\n\n\n\n<p>Os produtores de inova&ccedil;&otilde;es do segmento de ensino tendem a interpretar que foi dado o sinal para a consolida&ccedil;&atilde;o da era da educa&ccedil;&atilde;o digital. Por tal ponto de vista, n&atilde;o &eacute; mais necess&aacute;rio esperar a implanta&ccedil;&atilde;o das redes de quinta gera&ccedil;&atilde;o (5G) para efetivar as li&ccedil;&otilde;es aprendidas durante o per&iacute;odo em que os estudantes foram for&ccedil;ados a conviver com as aulas remotas. E, mais grave, recursos inovadores s&atilde;o implantados sem a an&aacute;lise sobre conceitos e pr&aacute;ticas da educa&ccedil;&atilde;o do futuro.<\/p>\n\n\n\n<h2 class=\"wp-block-heading\">Educa&ccedil;&atilde;o como oportunidade<\/h2>\n\n\n\n<p>&Eacute; verdade que as redes de transmiss&atilde;o de dados e o poder de processamento dispon&iacute;vel nos computadores possibilitaram a realiza&ccedil;&atilde;o de aulas emergenciais com o uso da comunica&ccedil;&atilde;o online, especialmente para a popula&ccedil;&atilde;o de renda m&eacute;dia alta e acima. <\/p>\n\n\n\n<p>Os problemas registrados nas &ldquo;salas de aula virtuais n&atilde;o foram provocados pelos recursos digitais dispon&iacute;veis. Se houve inefici&ecirc;ncia foi a falta de preparo dos educadores para lidar com a modalidade do ensino remoto. Nas escolas p&uacute;blicas, as dificuldades foram decorrentes da pobreza da popula&ccedil;&atilde;o, sem acesso a redes de internet e a computadores. <\/p>\n\n\n\n<p>Prova da acelera&ccedil;&atilde;o antecipada, institui&ccedil;&otilde;es de ensino j&aacute; anunciam, com apoio da m&iacute;dia, iniciativas criadas no Pa&iacute;s. As publica&ccedil;&otilde;es anunciam que a sala de aula &ldquo;do futuro&rdquo; pode estar mais pr&oacute;xima do que imaginamos. &ldquo;Com o avan&ccedil;o da tecnologia de <a href=\"https:\/\/radardofuturo.com.br\/test\/ddof\/realidade-aumentada\/\" target=\"_self\" title=\"Realidade aumentada &eacute; a tecnologia que utiliza recursos para facilitar a informa&ccedil;&otilde;es e conhecimentos do mundo externo, seja sobre caracter&iacute;sticas de produtos, de coisas ou lugares. A ideia &eacute; aumentar seu conhecimento imediato do mundo ao seu redor. Para isso, insere informa&ccedil;&otilde;es curtas, diretas e relevantes nele. Isso permite maior intera&ccedil;&atilde;o e aumenta as possibilidades&hellip;\" class=\"encyclopedia\">realidade aumentada<\/a> e o empurr&atilde;ozinho que a pandemia deu para o ensino remoto, universidades e escolas no Brasil e ao redor do mundo come&ccedil;am a explorar o recurso do <a href=\"https:\/\/radardofuturo.com.br\/test\/ddof\/metaverso\/\" target=\"_self\" title='O metaverso &eacute; um termo usado para descrever um espa&ccedil;o virtual em ambientes digitais, como jogos online, m&iacute;dia social e realidade virtual. &Eacute; uma combina&ccedil;&atilde;o do prefixo \"meta\", que significa al&eacute;m, e o radical \"universo\". Cunhado por Neal Stephenson, o metaverso &eacute;, na verdade, o material da fic&ccedil;&atilde;o cient&iacute;fica.&nbsp;Ele falou sobre isso em detalhes em&hellip;' class=\"encyclopedia\">Metaverso<\/a>&rdquo;, diz a mat&eacute;ria &ldquo;<a href=\"https:\/\/www.istoedinheiro.com.br\/universidades-brasileiras-ja-apostam-no-metaverso-para-ensinar\/\" target=\"_blank\" data-type=\"URL\" data-id=\"https:\/\/www.istoedinheiro.com.br\/universidades-brasileiras-ja-apostam-no-metaverso-para-ensinar\/\" rel=\"noreferrer noopener\">Universidades brasileiras j&aacute; apostam no metaverso para ensinar<\/a>&ldquo;, publicada pelo site Isto &Eacute; Dinheiro.<\/p>\n\n\n\n<figure class=\"wp-block-pullquote\" style=\"font-size:14px\"><blockquote><p>Edtechs aceleram o desenvolvimento de inova&ccedil;&otilde;es para a educa&ccedil;&atilde;o<\/p><\/blockquote><\/figure>\n\n\n\n<h2 class=\"wp-block-heading\">As for&ccedil;as antecipat&oacute;rias <\/h2>\n\n\n\n<p>Seis grandes for&ccedil;as explicam a perspectiva de acelera&ccedil;&atilde;o  das mudan&ccedil;as nos ambientes de ensino e aprendizado. A primeira &eacute; a compreens&atilde;o de que h&aacute; <a href=\"https:\/\/radardofuturo.com.br\/test\/ddof\/potencia-tecnologica\/\" target=\"_self\" title=\"A infraestrutura necess&aacute;ria para viabilizar as inova&ccedil;&otilde;es digitais re&uacute;ne tr&ecirc;s elementos: poder de processamento, velocidade de rede e capacidade de armazenamento.\" class=\"encyclopedia\">pot&ecirc;ncia tecnol&oacute;gica<\/a> suficiente para fazer a m&aacute;quina digital funcionar. Em s&iacute;ntese, o poder de processamento das m&aacute;quinas, cada vez mais pr&oacute;ximas da computa&ccedil;&atilde;o qu&acirc;ntica, estimula a corrida das  &ldquo;edtechs&rdquo; &mdash; as startups de base tecnol&oacute;gica &mdash; rumo ao desenvolvimento de novas solu&ccedil;&otilde;es destinadas &agrave;s institui&ccedil;&otilde;es do setor educacional. <\/p>\n\n\n\n<p>As m&aacute;quinas hiperpoderosas encontram capacidade de armazenamento suficiente para absorver as demandas geradas pela produ&ccedil;&atilde;o de conte&uacute;dos de ensino baseados em textos, &aacute;udio e v&iacute;deo. E o ambiente adequado para a ado&ccedil;&atilde;o intensiva de recursos digitais na educa&ccedil;&atilde;o se complementa com o poder de transmiss&atilde;o de dados, que possibilitou a intera&ccedil;&atilde;o emergencial entre professores e alunos durante o per&iacute;odo de maiores restri&ccedil;&otilde;es de mobilidade durante a pandemia.<\/p>\n\n\n\n<figure class=\"wp-block-table alignleft is-style-stripes\"><table class=\"has-vivid-cyan-blue-background-color has-background has-fixed-layout\"><thead><tr><th>FOR&Ccedil;AS DE ACELERA&Ccedil;&Atilde;O<\/th><\/tr><\/thead><tbody><tr><td><a href=\"https:\/\/radardofuturo.com.br\/test\/ddof\/potencia-tecnologica\/\" target=\"_self\" title=\"A infraestrutura necess&aacute;ria para viabilizar as inova&ccedil;&otilde;es digitais re&uacute;ne tr&ecirc;s elementos: poder de processamento, velocidade de rede e capacidade de armazenamento.\" class=\"encyclopedia\">Pot&ecirc;ncia tecnol&oacute;gica<\/a><\/td><\/tr><tr><td>Devagar. E de repente<\/td><\/tr><tr><td>Enfim, internet em tudo<\/td><\/tr><tr><td>Cen&aacute;rio edtech<\/td><\/tr><tr><td>Transi&ccedil;&atilde;o social<\/td><\/tr><tr><td>Trabalho sem v&iacute;nculos<\/td><\/tr><\/tbody><\/table><figcaption>Mega<a href=\"https:\/\/radardofuturo.com.br\/test\/ddof\/o-que-sao-tendencias\/\" target=\"_self\" title=\"Confira o que s&atilde;o tend&ecirc;ncias, os fatos ou fen&ocirc;menos que podem acontecer em algum momento adiante na hist&oacute;ria da sociedade, como um novo comportamento individual ou de um grupo\" class=\"encyclopedia\">tend&ecirc;ncias<\/a> 2022+: <br>Radar do Futuro<\/figcaption><\/figure>\n\n\n\n<p>Outra vari&aacute;vel de acelera&ccedil;&atilde;o abrange a percep&ccedil;&atilde;o de que as transforma&ccedil;&otilde;es parecem ocorrer quando menos se espera: &ldquo;devagar, e de repente&rdquo;. E a internet intensifica o seu car&aacute;ter de <a href=\"https:\/\/radardofuturo.com.br\/test\/ddof\/ubiquidade\/\" target=\"_self\" title=\"Sin&ocirc;nimo de onipresen&ccedil;a, a ubiquidade &eacute;, originalmente, a faculdade divina de algo estar concomitantemente presente em toda parte. O fato de algo estar ou existir em todos os lugares, pessoas, coisas. A palavra passou a ser adotada para definir a capacidade das redes tecnol&oacute;gicas que criam a internet. Como tend&ecirc;ncia, a expectativa &eacute; de que,&hellip;\" class=\"encyclopedia\">ubiquidade<\/a>, como mais uma for&ccedil;a. A onipresen&ccedil;a se transforma em algo ainda mais avassalador, com realidade virtual e assistentes de voz alterando os nossos conceitos de interatividade. A virtualiza&ccedil;&atilde;o &eacute; expandida em todos segmentos sociais. Embaladas pelo cen&aacute;rio, as escolas passam a ser vistas como institui&ccedil;&otilde;es tecnol&oacute;gicas.     <\/p>\n\n\n\n<hr class=\"wp-block-separator has-alpha-channel-opacity is-style-wide\">\n\n\n\n<h2 class=\"wp-block-heading\">Tend&ecirc;ncias: os impactos das for&ccedil;as<\/h2>\n\n\n\n<h4 class=\"wp-block-heading\">As for&ccedil;as de acelera&ccedil;&atilde;o transformam o cen&aacute;rio ensino e geram as transforma&ccedil;&otilde;es do futuro. Confira abaixo as cinco tend&ecirc;ncias mais importantes com as quais a comunidade de educa&ccedil;&atilde;o deve se familiarizar.<\/h4>\n\n\n\n<h3 class=\"wp-block-heading\">1. Pot&ecirc;ncia tecnol&oacute;gica<\/h3>\n\n\n\n<p>A constata&ccedil;&atilde;o de que o poder das tecnologias &eacute; suficiente para garantir o funcionamento da educa&ccedil;&atilde;o no ambiente digital tende a levar &agrave; implanta&ccedil;&atilde;o antecipada de projetos que seriam adotados a partir da segunda metade da d&eacute;cada. Na pr&aacute;tica, &eacute; a transi&ccedil;&atilde;o definitiva do ensino da revolu&ccedil;&atilde;o industrial para a era digital. Ocorre a mudan&ccedil;a de modelos de neg&oacute;cios e de produ&ccedil;&atilde;o e transmiss&atilde;o de conhecimentos. <\/p>\n\n\n\n<p>Os computadores e a internet j&aacute; vinham mudando a forma como alunos podem acessar n&atilde;o apenas as informa&ccedil;&otilde;es, mas at&eacute; mesmo as aulas.&nbsp;Entre 2009 a 2019, o n&uacute;mero de matriculados em&nbsp;gradua&ccedil;&otilde;es &agrave; dist&acirc;ncia saltou de 330 mil para 1 milh&atilde;o e meio de estudantes. Atualmente, h&aacute; mais alunos matriculados em cursos remotos do que presenciais.<\/p>\n\n\n\n<p>Em resumo, a pr&oacute;pria comunidade dos estudantes estimula o uso mais intensivo das tecnologias. O crescimento das capacidades tecnol&oacute;gicas significa que uma variedade de meios de comunica&ccedil;&atilde;o e ferramentas de apoio &agrave; aprendizagem ganhou legitimidade para oferecer educa&ccedil;&atilde;o com novas formas e conte&uacute;dos.<\/p>\n\n\n\n<h3 class=\"wp-block-heading\">Devagar. E de repente<\/h3>\n\n\n\n<p>As mudan&ccedil;as dentro e fora das salas de aula v&atilde;o surpreender alunos, professores e pais, como consequ&ecirc;ncia de que a tecnologia est&aacute; dispon&iacute;vel para novos saltos de inova&ccedil;&atilde;o. A palavra que define o processo &eacute; <a href=\"https:\/\/www.google.com\/search?q=exponencializa%C3%A7%C3%A3o+defini%C3%A7%C3%A3o&amp;newwindow=1&amp;sxsrf=ALiCzsa81rd-yZsF_LIUZ_iPgrDMvpmTLg%3A1654554579735&amp;ei=03-eYuC5LN6z1sQP0PqySA&amp;ved=0ahUKEwig7_GP8Jn4AhXemZUCHVC9DAkQ4dUDCA4&amp;uact=5&amp;oq=exponencializa%C3%A7%C3%A3o+defini%C3%A7%C3%A3o&amp;gs_lcp=Cgdnd3Mtd2l6EAMyBggAEB4QFjoICAAQgAQQsAM6BQgAEKIEOggIABAeEBYQCkoECEEYAUoECEYYAFDGBVj5EWDTGWgBcAB4AYABxQKIAfoOkgEHMC44LjAuMpgBAKABAcgBAcABAQ&amp;sclient=gws-wiz\" target=\"_blank\" data-type=\"URL\" data-id=\"https:\/\/www.google.com\/search?q=exponencializa%C3%A7%C3%A3o+defini%C3%A7%C3%A3o&amp;newwindow=1&amp;sxsrf=ALiCzsa81rd-yZsF_LIUZ_iPgrDMvpmTLg%3A1654554579735&amp;ei=03-eYuC5LN6z1sQP0PqySA&amp;ved=0ahUKEwig7_GP8Jn4AhXemZUCHVC9DAkQ4dUDCA4&amp;uact=5&amp;oq=exponencializa%C3%A7%C3%A3o+defini%C3%A7%C3%A3o&amp;gs_lcp=Cgdnd3Mtd2l6EAMyBggAEB4QFjoICAAQgAQQsAM6BQgAEKIEOggIABAeEBYQCkoECEEYAUoECEYYAFDGBVj5EWDTGWgBcAB4AYABxQKIAfoOkgEHMC44LjAuMpgBAKABAcgBAcABAQ&amp;sclient=gws-wiz\" rel=\"noreferrer noopener\">exponencializa&ccedil;&atilde;o<\/a>. Entramos na segunda metade do tabuleiro, onde em cada quadro colocamos o dobro de arroz do quadro anterior.  <\/p>\n\n\n\n<p>Quando menos se espera, as institui&ccedil;&otilde;es de ensino ter&atilde;o desenvolvido e implementado estrat&eacute;gias pr&oacute;prias de inova&ccedil;&atilde;o. Por exemplo, a ado&ccedil;&atilde;o do <a href=\"https:\/\/radardofuturo.com.br\/test\/ddof\/metaverso\/\" target=\"_self\" title='O metaverso &eacute; um termo usado para descrever um espa&ccedil;o virtual em ambientes digitais, como jogos online, m&iacute;dia social e realidade virtual. &Eacute; uma combina&ccedil;&atilde;o do prefixo \"meta\", que significa al&eacute;m, e o radical \"universo\". Cunhado por Neal Stephenson, o metaverso &eacute;, na verdade, o material da fic&ccedil;&atilde;o cient&iacute;fica.&nbsp;Ele falou sobre isso em detalhes em&hellip;' class=\"encyclopedia\">metaverso<\/a> como ambiente de ensino. Ou a intelig&ecirc;ncia artificial ter&aacute; aplica&ccedil;&otilde;es para ajudar a melhorar o desempenho dos alunos no dia a dia. Ou as crian&ccedil;as ter&atilde;o as primeiras aulas com tradu&ccedil;&atilde;o instant&acirc;nea de um professor chin&ecirc;s. <\/p>\n\n\n\n<p>Mudan&ccedil;as &ldquo;inesperadas&rdquo; tendem a envolver outros ambientes humanos. A quest&atilde;o clim&aacute;tica tende a criar impactos em salas de aula, assim como a possibilidade de novas crises de sa&uacute;de.<\/p>\n\n\n\n<h3 class=\"wp-block-heading\">Empresas de ensino s&atilde;o tecnol&oacute;gicas<\/h3>\n\n\n\n<p>As organiza&ccedil;&otilde;es de ensino abra&ccedil;am definitivamente a transforma&ccedil;&atilde;o digital como um fator de sobreviv&ecirc;ncia. A ado&ccedil;&atilde;o digital refor&ccedil;a a capacidade de competi&ccedil;&atilde;o no mercado. Na esteira da pandemia, as pessoas come&ccedil;aram a perceber o poder de longo alcance da tecnologia orientada &agrave; educa&ccedil;&atilde;o. Como o mundo digital exige que os educadores encontrem novas formas de incorporar e integrar a tecnologia nas pr&aacute;ticas de ensino, as escolas que gerenciam isso da melhor forma naturalmente se superar&atilde;o as outras. <\/p>\n\n\n\n<p>Assim, n&atilde;o bastar&aacute; um departamento de inform&aacute;tica para resolver problemas e demandas pontuais. As institui&ccedil;&otilde;es tender&atilde;o a ter um perfil de produtor e aplicador de solu&ccedil;&otilde;es tecnol&oacute;gicas. Haver&aacute; n&atilde;o s&oacute; maior investimento, mas tamb&eacute;m a prioriza&ccedil;&atilde;o das inova&ccedil;&otilde;es em novos modelos de atua&ccedil;&atilde;o com base em aplica&ccedil;&atilde;o de sistemas informatizados. <\/p>\n\n\n\n<h3 class=\"wp-block-heading\">Internet em todas as coisas<\/h3>\n\n\n\n<p>Com hardware e software amplamente dispon&iacute;veis, os papeis de todos os atores do ambiente educacional s&atilde;o afetados pela <a href=\"https:\/\/radardofuturo.com.br\/test\/ddof\/ubiquidade\/\" target=\"_self\" title=\"Sin&ocirc;nimo de onipresen&ccedil;a, a ubiquidade &eacute;, originalmente, a faculdade divina de algo estar concomitantemente presente em toda parte. O fato de algo estar ou existir em todos os lugares, pessoas, coisas. A palavra passou a ser adotada para definir a capacidade das redes tecnol&oacute;gicas que criam a internet. Como tend&ecirc;ncia, a expectativa &eacute; de que,&hellip;\" class=\"encyclopedia\">ubiquidade<\/a>. N&atilde;o &eacute; s&oacute; a internet que vai receber grandes investimentos das institui&ccedil;&otilde;es de ensino a curt&iacute;ssimo prazo. Dentro de sala de aula, h&aacute; a tend&ecirc;ncia de ampliar o uso de novos sistemas de apresenta&ccedil;&atilde;o de conhecimentos, com o desenvolvimento de sistemas rob&oacute;ticos de apoio aos professores. <\/p>\n\n\n\n<p>Novas propostas pedag&oacute;gicas exploram, por exemplo, plataformas de interface baseadas em realidades virtual, aumentada e mista, em cen&aacute;rios de <a href=\"https:\/\/radardofuturo.com.br\/test\/ddof\/metaverso\/\" target=\"_self\" title='O metaverso &eacute; um termo usado para descrever um espa&ccedil;o virtual em ambientes digitais, como jogos online, m&iacute;dia social e realidade virtual. &Eacute; uma combina&ccedil;&atilde;o do prefixo \"meta\", que significa al&eacute;m, e o radical \"universo\". Cunhado por Neal Stephenson, o metaverso &eacute;, na verdade, o material da fic&ccedil;&atilde;o cient&iacute;fica.&nbsp;Ele falou sobre isso em detalhes em&hellip;' class=\"encyclopedia\">metaverso<\/a>.  Al&eacute;m de sistemas de intelig&ecirc;ncia artificial que possibilitam o melhor acompanhamento do desempenho dos alunos e a intera&ccedil;&atilde;o com pais e gestores escolares.<\/p>\n\n\n\n<p>H&aacute; algum tempo, as atividades de ensino e aprendizado tinham dois momentos completamente distintos: o tempo dentro de salas de aula e outro do exerc&iacute;cio do aprendizado. Com o avan&ccedil;o do ensino virtual, as linhas que separam as atividades tendem a ser cada vez mais dilu&iacute;das. A rela&ccedil;&atilde;o ocorre, cada vez mais, em todos os momentos, gra&ccedil;as &agrave; onipresen&ccedil;a da internet. <\/p>\n\n\n\n<p>A educa&ccedil;&atilde;o &eacute; um processo intermediado pela internet. &Agrave; medida que a tecnologia cresce, tamb&eacute;m muda a forma como os professores se relacionam com seus alunos e suas salas de aula.&nbsp;Com uma riqueza de informa&ccedil;&otilde;es na ponta dos dedos, os alunos ganham mais ferramentas necess&aacute;rias para descobrir a enorme quantidade de fatos e conhecimentos de forma independente.&nbsp;Os professores tendem a agir mais com um papel facilitador.&nbsp;Seu trabalho evoluiu lentamente para uma posi&ccedil;&atilde;o em que eles ajudam os alunos a entender como aprender, amar aprender e como descobrir e entender as informa&ccedil;&otilde;es que encontram.<\/p>\n\n\n\n<p>Isso pode apresentar alguns desafios para os professores, que devem trabalhar suas pr&oacute;prias habilidades sociais de lideran&ccedil;a e resolu&ccedil;&atilde;o de problemas.&nbsp;Eles devem aprender a promover conversas e criar um ambiente que valorize o trabalho em equipe.<\/p>\n\n\n\n<h3 class=\"wp-block-heading\">Trabalho: rela&ccedil;&otilde;es prec&aacute;rias<\/h3>\n\n\n\n<p>A pandemia acelerou a precariza&ccedil;&atilde;o das rela&ccedil;&otilde;es de trabalho, antecipando o cen&aacute;rio de transi&ccedil;&atilde;o para a economia digital. A tecnologia elimina fun&ccedil;&otilde;es ou, mesmo, profiss&otilde;es, muda outras e cria novas atividades e rotinas. Fortalece o culto ao empreendedorismo como sa&iacute;da &agrave; informaliza&ccedil;&atilde;o e precariza&ccedil;&atilde;o de rela&ccedil;&otilde;es e queda de renda. Gera desemprego, mas tem car&ecirc;ncia de especialistas. Globaliza as demandas e estimula as atividades remotas.<\/p>\n\n\n\n<p>A educa&ccedil;&atilde;o tende a normalizar a crise, com o risco de acreditar que a tecnologia &eacute; o centro das mudan&ccedil;as necess&aacute;rias para corrigir os rumos da qualidade do ensino. A crise sanit&aacute;ria e a estrat&eacute;gia do governo de negar os problemas sociais deixaram em segundo plano as an&aacute;lises da implanta&ccedil;&atilde;o do Novo Ensino M&eacute;dio, uma proposta de mudan&ccedil;a que imagina um sistema de ensino que iguala escolas privadas e p&uacute;blicas. <\/p>\n\n\n\n<h3 class=\"wp-block-heading\">Transi&ccedil;&atilde;o social<\/h3>\n\n\n\n<p>Processo de sele&ccedil;&atilde;o de estudante para universidades federais, o Enem viu a redu&ccedil;&atilde;o do n&uacute;mero de inscritos nos &uacute;ltimos anos. &Eacute; o resultado do cen&aacute;rio de crise econ&ocirc;mica, social e pol&iacute;tica, agravado pela pandemia. Os desafios que existiam na educa&ccedil;&atilde;o brasilera foram agravados pela aus&ecirc;ncia de a&ccedil;&otilde;es governamentais. Com efeitos mas graves entre a popula&ccedil;&atilde;o de baixa renda, incluindo, especialmente, mulheres e negros. <\/p>\n\n\n\n<p>O sistema educacional, assim como toda a sociedade, tende a ver a amplia&ccedil;&atilde;o das diferen&ccedil;as sociais. De um lado, uma imensa maioria que se prepara para um mercado de trabalho incerto. S&atilde;o os usu&aacute;rios de sistema p&uacute;blico esvaziado de recursos e que prepara trabalhadores para atividades informais e para fun&ccedil;&otilde;es de rotina, que ser&atilde;o alvo preferencial de investimentos em automa&ccedil;&atilde;o e robotiza&ccedil;&atilde;o. De outro lado, as escolas privadas investem fortemente em ensino de qualidade, com o foco em aplica&ccedil;&atilde;o de recursos tecnol&oacute;gicos avan&ccedil;ados. <\/p>\n","protected":false},"excerpt":{"rendered":"<p>A tecnologia acelerou o futuro da educa&ccedil;&atilde;o em todo o mundo. E pode criar uma ilus&atilde;o de que resolve os problemas do ensino<\/p>\n","protected":false},"author":1,"featured_media":23629,"comment_status":"open","ping_status":"open","sticky":false,"template":"","format":"standard","meta":{"tdm_status":"","tdm_grid_status":"","footnotes":"","jetpack_publicize_message":"","jetpack_publicize_feature_enabled":true,"jetpack_social_post_already_shared":true,"jetpack_social_options":{"image_generator_settings":{"template":"highway","enabled":false},"version":2}},"categories":[515,23,20,19],"tags":[504,242,246,488,426],"class_list":{"0":"post-23419","1":"post","2":"type-post","3":"status-publish","4":"format-standard","5":"has-post-thumbnail","7":"category-futuro-da-educacao","8":"category-carlos-placido-teixeira","9":"category-destaques","10":"category-insights","11":"tag-educacao-no-futuro","12":"tag-futuro-da-educacao","13":"tag-futuro-do-ensino","14":"tag-tendencias-da-educacao","15":"tag-tendencias-do-ensino"},"jetpack_publicize_connections":[],"jetpack_featured_media_url":"https:\/\/radardofuturo.com.br\/test\/wp-content\/uploads\/2022\/06\/bill-wegener-LqOO5Ko0zSo-unsplash.jpg","post_mailing_queue_ids":[],"_links":{"self":[{"href":"https:\/\/radardofuturo.com.br\/test\/wp-json\/wp\/v2\/posts\/23419","targetHints":{"allow":["GET"]}}],"collection":[{"href":"https:\/\/radardofuturo.com.br\/test\/wp-json\/wp\/v2\/posts"}],"about":[{"href":"https:\/\/radardofuturo.com.br\/test\/wp-json\/wp\/v2\/types\/post"}],"author":[{"embeddable":true,"href":"https:\/\/radardofuturo.com.br\/test\/wp-json\/wp\/v2\/users\/1"}],"replies":[{"embeddable":true,"href":"https:\/\/radardofuturo.com.br\/test\/wp-json\/wp\/v2\/comments?post=23419"}],"version-history":[{"count":0,"href":"https:\/\/radardofuturo.com.br\/test\/wp-json\/wp\/v2\/posts\/23419\/revisions"}],"wp:featuredmedia":[{"embeddable":true,"href":"https:\/\/radardofuturo.com.br\/test\/wp-json\/wp\/v2\/media\/23629"}],"wp:attachment":[{"href":"https:\/\/radardofuturo.com.br\/test\/wp-json\/wp\/v2\/media?parent=23419"}],"wp:term":[{"taxonomy":"category","embeddable":true,"href":"https:\/\/radardofuturo.com.br\/test\/wp-json\/wp\/v2\/categories?post=23419"},{"taxonomy":"post_tag","embeddable":true,"href":"https:\/\/radardofuturo.com.br\/test\/wp-json\/wp\/v2\/tags?post=23419"}],"curies":[{"name":"wp","href":"https:\/\/api.w.org\/{rel}","templated":true}]}}