{"id":233,"date":"2016-05-23T09:51:02","date_gmt":"2016-05-23T12:51:02","guid":{"rendered":"https:\/\/litebold.co\/~radardofuturo\/um-dia-na-vida-do-medico-em-2022\/"},"modified":"2020-10-07T20:26:41","modified_gmt":"2020-10-07T23:26:41","slug":"um-dia-na-vida-do-medico-em-2022","status":"publish","type":"post","link":"https:\/\/radardofuturo.com.br\/test\/um-dia-na-vida-do-medico-em-2022\/","title":{"rendered":"Tecnologia far\u00e1 o diagn\u00f3stico m\u00e9dico em 2022"},"content":{"rendered":"\n<p>A evolu&ccedil;&atilde;o da intelig&ecirc;ncia aritificial, incorporada aos equipamentos, muda a pr&aacute;tica da medicina dos pr&oacute;ximos anos. Profissionais devem refor&ccedil;ar a habilidade de empatia com clientes<\/p>\n<p>  <!--more-->  <\/p>\n<p>Carlos Pl&aacute;cido Teixeira<br>Editor &ndash; Radar do Futuro<\/p>\n<p dir=\"ltr\">Em 2022, ao se formar em medicina, Abel Filho retinha na mem&oacute;ria pessoal menor quantidade de informa&ccedil;&otilde;es sobre anatomia, fisiologia, sinapses, patologia, bioqu&iacute;mica e biof&iacute;sica, entre outros conhecimentos sobre o corpo humano, do que Abel Pai, m&eacute;dico formado nos distantes anos de 1980. A consci&ecirc;ncia disso n&atilde;o preocupava o rec&eacute;m-formado.<\/p>\n<p dir=\"ltr\">Desde a segunda parte dos anos 2010, quando Abel Pai iniciou o curso, a evolu&ccedil;&atilde;o das tecnologias da informa&ccedil;&atilde;o vinha reduzindo a depend&ecirc;ncia do conhecimento acumulado na mem&oacute;ria humana pelos profissionais da &aacute;rea m&eacute;dica. Em 1985, Abel Pai estudava em livros caros, grande parte importados. O acesso ao conhecimento cient&iacute;fico novo dependia exclusivamente de revistas especializadas. O esfor&ccedil;o de atualiza&ccedil;&atilde;o era n&atilde;o s&oacute; dif&iacute;cil mas, tamb&eacute;m, caro.<\/p>\n<p dir=\"ltr\">O filho contou com o acesso &agrave; internet e com as inova&ccedil;&otilde;es tecnol&oacute;gicas que alteraram o acesso ao conhecimento e &agrave; pr&aacute;tica m&eacute;dica. Em 2019, todo diagn&oacute;stico levantando com pacientes j&aacute; passava a contar com a intelig&ecirc;ncia artificial, com a capacidade de processamento dispon&iacute;vel no ambiente m&aacute;gico das redes informatizados e com as informa&ccedil;&otilde;es dispon&iacute;veis na internet. A evolu&ccedil;&atilde;o dos marcadores biol&oacute;gicos, propiciada pela biotecnologia, ampliou a oferta de informa&ccedil;&otilde;es de um simples exame de sangue.<\/p>\n<p dir=\"ltr\">At&eacute; os primeiros anos do s&eacute;culo, o m&eacute;dico t&iacute;pico, como o pai de Abel, contava com conhecimentos acumulados na mem&oacute;ria pessoal para realizar os seus diagn&oacute;sticos e prescrever tratamentos. Era uma quest&atilde;o de necessidade. Os profissionais que sobressa&iacute;am frente aos demais eram aqueles capazes de identificar doen&ccedil;as raras, gra&ccedil;as ao investimento maior em estudos.O esfor&ccedil;o do profissional resultava em diferencia&ccedil;&otilde;es e, consequentemente, no reconhecimento de pacientes e do mercado de uma forma geral.<\/p>\n<p dir=\"ltr\">A tecnologia mudou o quadro. Em 2022, certamente, os laborat&oacute;rios de an&aacute;lises cl&iacute;nicas estar&atilde;o vivendo uma crise. Qualquer consult&oacute;rio ter&aacute; os recursos necess&aacute;rios para realizar exames de sangue ou urina. At&eacute; mais ainda. O exame indicar&aacute; at&eacute; mesmo dados de DNA para a identifica&ccedil;&atilde;o de doen&ccedil;as raras.<\/p>\n<p>O avan&ccedil;o da tecnologia altera os procedimentos de diagn&oacute;stico, de an&aacute;lise e dos tratamentos. Parte substancial ficar&aacute; a cargo dos computadores, dispositivos e rob&ocirc;s. As condi&ccedil;&otilde;es de trabalho levar&atilde;o m&eacute;dicos e profissionais da sa&uacute;de a fortalecer a interface emocional. Eles ter&atilde;o um papel cada vez maior de relacionamento interpessoal.<\/p>\n<p>A educa&ccedil;&atilde;o m&eacute;dica ter&aacute; de lidar com a integra&ccedil;&atilde;o destas novas tecnologias de forma r&aacute;pida e eficiente e a sociedade ter&aacute; de se adaptar aos novos modelos de cuidados com a sa&uacute;de.<\/p>\n","protected":false},"excerpt":{"rendered":"<p>A evolu&ccedil;&atilde;o da intelig&ecirc;ncia aritificial, incorporada aos equipamentos, muda a pr&aacute;tica da medicina dos pr&oacute;ximos anos. Profissionais devem refor&ccedil;ar a habilidade de empatia com clientes<\/p>\n","protected":false},"author":1,"featured_media":232,"comment_status":"open","ping_status":"open","sticky":false,"template":"","format":"standard","meta":{"tdm_status":"","tdm_grid_status":"","footnotes":"","jetpack_publicize_message":"","jetpack_publicize_feature_enabled":true,"jetpack_social_post_already_shared":false,"jetpack_social_options":{"image_generator_settings":{"template":"highway","enabled":false},"version":2}},"categories":[31],"tags":[],"class_list":{"0":"post-233","1":"post","2":"type-post","3":"status-publish","4":"format-standard","5":"has-post-thumbnail","7":"category-tendencias-profissoes"},"jetpack_publicize_connections":[],"jetpack_featured_media_url":"https:\/\/radardofuturo.com.br\/test\/wp-content\/uploads\/2016\/05\/monitoramento-de-saude-smartphone-medicinaonline.jpg","post_mailing_queue_ids":[],"_links":{"self":[{"href":"https:\/\/radardofuturo.com.br\/test\/wp-json\/wp\/v2\/posts\/233","targetHints":{"allow":["GET"]}}],"collection":[{"href":"https:\/\/radardofuturo.com.br\/test\/wp-json\/wp\/v2\/posts"}],"about":[{"href":"https:\/\/radardofuturo.com.br\/test\/wp-json\/wp\/v2\/types\/post"}],"author":[{"embeddable":true,"href":"https:\/\/radardofuturo.com.br\/test\/wp-json\/wp\/v2\/users\/1"}],"replies":[{"embeddable":true,"href":"https:\/\/radardofuturo.com.br\/test\/wp-json\/wp\/v2\/comments?post=233"}],"version-history":[{"count":0,"href":"https:\/\/radardofuturo.com.br\/test\/wp-json\/wp\/v2\/posts\/233\/revisions"}],"wp:featuredmedia":[{"embeddable":true,"href":"https:\/\/radardofuturo.com.br\/test\/wp-json\/wp\/v2\/media\/232"}],"wp:attachment":[{"href":"https:\/\/radardofuturo.com.br\/test\/wp-json\/wp\/v2\/media?parent=233"}],"wp:term":[{"taxonomy":"category","embeddable":true,"href":"https:\/\/radardofuturo.com.br\/test\/wp-json\/wp\/v2\/categories?post=233"},{"taxonomy":"post_tag","embeddable":true,"href":"https:\/\/radardofuturo.com.br\/test\/wp-json\/wp\/v2\/tags?post=233"}],"curies":[{"name":"wp","href":"https:\/\/api.w.org\/{rel}","templated":true}]}}