{"id":22807,"date":"2022-05-05T15:06:08","date_gmt":"2022-05-05T18:06:08","guid":{"rendered":"https:\/\/radardofuturo.com.br\/?p=22807"},"modified":"2022-05-05T15:06:15","modified_gmt":"2022-05-05T18:06:15","slug":"o-futuro-da-educacao-fisica-o-que-e-importante-saber","status":"publish","type":"post","link":"https:\/\/radardofuturo.com.br\/test\/o-futuro-da-educacao-fisica-o-que-e-importante-saber\/","title":{"rendered":"O futuro da educa\u00e7\u00e3o f\u00edsica: o que \u00e9 importante saber"},"content":{"rendered":"\n<p>A consci&ecirc;ncia crescente da popula&ccedil;&atilde;o sobre a import&acirc;ncia de cuidar da sa&uacute;de sinaliza um bom futuro da educa&ccedil;&atilde;o f&iacute;sica. Mas h&aacute; riscos tambem<\/p>\n\n\n\n<figure class=\"wp-block-image size-large\"><img loading=\"lazy\" decoding=\"async\" width=\"1024\" height=\"644\" src=\"https:\/\/radardofuturo.com.br\/test\/wp-content\/uploads\/2022\/05\/personal-g176aae231_1280-1024x644.jpg\" alt=\"Foto: pixabay - Personal trainer de costas para a imagem acompanha exerc&iacute;cios de alunos\" class=\"wp-image-23172\" srcset=\"https:\/\/radardofuturo.com.br\/test\/wp-content\/uploads\/2022\/05\/personal-g176aae231_1280-1024x644.jpg 1024w, https:\/\/radardofuturo.com.br\/test\/wp-content\/uploads\/2022\/05\/personal-g176aae231_1280-300x189.jpg 300w, https:\/\/radardofuturo.com.br\/test\/wp-content\/uploads\/2022\/05\/personal-g176aae231_1280-768x483.jpg 768w, https:\/\/radardofuturo.com.br\/test\/wp-content\/uploads\/2022\/05\/personal-g176aae231_1280-696x438.jpg 696w, https:\/\/radardofuturo.com.br\/test\/wp-content\/uploads\/2022\/05\/personal-g176aae231_1280-150x94.jpg 150w, https:\/\/radardofuturo.com.br\/test\/wp-content\/uploads\/2022\/05\/personal-g176aae231_1280.jpg 1280w\" sizes=\"auto, (max-width: 1024px) 100vw, 1024px\"><figcaption>Foto: Pixabay<\/figcaption><\/figure>\n\n\n\n<!--more-->\n\n\n\n<figure class=\"wp-block-pullquote is-style-solid-color\"><blockquote><p>Meu sobrinho se prepara para fazer o Enem no final deste ano. Sinto grande responsabilidade por ele e gostaria de contribuir com boas informa&ccedil;&otilde;es para avaliar pr&oacute;s e contras e o futuro. A profiss&atilde;o vai valer a pena? <\/p><cite>(E.Orlando<\/cite><\/blockquote><\/figure>\n\n\n\n<p class=\"has-text-align-right\"><\/p>\n\n\n\n<p class=\"has-drop-cap\">Essa &eacute; uma boa quest&atilde;o para quem vai escolher a atividade, que integra o ranking das dez mais procuradas no Enem.<\/p>\n\n\n\n<p><strong> <\/strong><br><strong>A primeira quest&atilde;o a resolver &eacute;: seu sobrinho &eacute; uma pessoa soci&aacute;vel, adora estar cercado de companheiros de aventuras e de apresentar conhecimentos sobre t&eacute;cnicas de exerc&iacute;cios?<\/strong><\/p>\n\n\n\n<h3 class=\"wp-block-heading\">Se a resposta &eacute; n&atilde;o<\/h3>\n\n\n\n<p>Imaginemos que a resposta seja n&atilde;o. Ele adora esportes, mas n&atilde;o tem paci&ecirc;ncia com grupos. Prefere fazer tudo sozinho. T&iacute;pico ermit&atilde;o, fica irritado quando est&aacute; perto de um grupo de crian&ccedil;as, adolescentes ou idosos. Se o seu sobrinho curte esportes radicais, corrida ou bicicleta em montanhas ou nata&ccedil;&atilde;o durante horas, desde que seja sozinho ou considera que tr&ecirc;s pessoas formam uma multid&atilde;o, ent&atilde;o n&atilde;o fa&ccedil;a a op&ccedil;&atilde;o pelo curso de educa&ccedil;&atilde;o f&iacute;sica. Sugira escolher outro e manter as rotinas reservadas.<\/p>\n\n\n\n<h3 class=\"wp-block-heading\">Se a resposta &eacute; sim<\/h3>\n\n\n\n<p>Agora, vamos ao oposto. Sim, o sobrinho adora as atividades em grupo. Tem uma atra&ccedil;&atilde;o especial pela possibilidade de ensinar macetes sobre corridas, nata&ccedil;&atilde;o, alongamento, t&eacute;cnicas e regras de jogos. Neste aspecto, ele est&aacute; liberado para seguir mais um passo no processo de escolha da profiss&atilde;o. <\/p>\n\n\n\n<h2 class=\"wp-block-heading\">Por que isso pesa na escolha?<\/h2>\n\n\n\n<p>H&aacute; um ponto fundamental a levar em conta por quem pretende cumprir os quatro anos, pelo menos, do curso de educa&ccedil;&atilde;o f&iacute;sica: a pessoa estar&aacute; escolhendo uma profiss&atilde;o na &aacute;rea de ensino. Ou seja, ter&aacute; fun&ccedil;&otilde;es de um professor ou treinador. Como <strong>licenciado<\/strong>, o profissional dar&aacute; aulas para v&aacute;rios estudantes de forma&ccedil;&atilde;o b&aacute;sica. Como bacharel, pode ter atua&ccedil;&atilde;o voltada para compradores de seus servi&ccedil;os. Pode ser um &ldquo;treinador pessoal&rdquo; &mdash; ou personal trainner, um preparador em um clube ou orientador em academias. <\/p>\n\n\n\n<p><strong>Em resumo, a primeira habilidade pessoal a ser levada em conta &eacute; a de relacionamento interpessoal. <\/strong><\/p>\n\n\n\n<p>O argumento de que &ldquo;adoro fazer exerc&iacute;cios, ent&atilde;o vou fazer um curso na &aacute;rea&rdquo; deve ser descartado caso a pessoa n&atilde;o tenha um m&iacute;nimo de satisfa&ccedil;&atilde;o em interagir com outras pessoas e ensinar. Em outras palavras, acompanhar alunos em exerc&iacute;cios ao ar livre ou em ambientes fechados. <\/p>\n\n\n\n<p>Isso significa que o profissional deve<strong> desenvolver compet&ecirc;ncias de organiza&ccedil;&atilde;o e planejamento<\/strong> para propor a realiza&ccedil;&atilde;o de atividades necess&aacute;rias para as demandas de clientes individuais ou coletivos. Al&eacute;m disso, &eacute; essencial ter <strong>capacidade de lideran&ccedil;a e de empatia<\/strong> para gerar credibilidade e de garantir a ades&atilde;o de grupos.<\/p>\n\n\n\n<h2 class=\"wp-block-heading\">Quais s&atilde;o os conhecimentos es<strong>pec&iacute;ficos? <\/strong><\/h2>\n\n\n\n<p>O interessado deve ter consci&ecirc;ncia tamb&eacute;m que o curso requer o aprofundamento dos conhecimentos em caracter&iacute;sticas complexas do funcionamento do corpo humano. N&atilde;o &eacute; um curso para aprender a fazer flex&otilde;es. <\/p>\n\n\n\n<h2 class=\"wp-block-heading\">Futuro da educa&ccedil;&atilde;o f&iacute;sica: oportunidades e amea&ccedil;as<\/h2>\n\n\n\n<p>Se a pessoa passou pelo funil, vale seguir adiante. No caso do seu sobrinho, se tudo der certo, a formatura ser&aacute; por volta de 2027. Ele ser&aacute; testemunha das mudan&ccedil;as tecnol&oacute;gicas que impactam todas as atividades humanas em geral. Com internet 100 vezes mais veloz do que a atual, no m&iacute;nimo, e a intelig&ecirc;ncia artificial dando saltos exponenciais, a sociedade tende a viver a concorr&ecirc;ncia das inova&ccedil;&otilde;es. Como a consolida&ccedil;&atilde;o do <a href=\"https:\/\/radardofuturo.com.br\/test\/ddof\/metaverso\/\" target=\"_self\" title='O metaverso &eacute; um termo usado para descrever um espa&ccedil;o virtual em ambientes digitais, como jogos online, m&iacute;dia social e realidade virtual. &Eacute; uma combina&ccedil;&atilde;o do prefixo \"meta\", que significa al&eacute;m, e o radical \"universo\". Cunhado por Neal Stephenson, o metaverso &eacute;, na verdade, o material da fic&ccedil;&atilde;o cient&iacute;fica.&nbsp;Ele falou sobre isso em detalhes em&hellip;' class=\"encyclopedia\">metaverso<\/a>, incluindo hologramas, que v&atilde;o colocar professores virtuais diante de alunos. <\/p>\n\n\n\n<p>Outro risco, mais prov&aacute;vel, &eacute; a redu&ccedil;&atilde;o da demanda por professores nas redes de ensino. A reforma do ensino proposta no Novo Ensino M&eacute;dio, por exemplo, elimina a exig&ecirc;ncia de aulas de educa&ccedil;&atilde;o f&iacute;sica.<\/p>\n\n\n\n<p>Mas os humanos ser&atilde;o imprescind&iacute;veis na condu&ccedil;&atilde;o dos programas de exerc&iacute;cios. Um dos pontos fortes da profiss&atilde;o ser&aacute; exatamente a capacidade de estabelecer rela&ccedil;&otilde;es humanas. Novas gera&ccedil;&otilde;es de pessoas conscientes sobre a necessidade de cuidar da sa&uacute;de estar&atilde;o gerando demandas, como os herdeiros de quem j&aacute; est&aacute; nas academias e pra&ccedil;as buscando se manter em forma. <\/p>\n\n\n\n<figure class=\"wp-block-image size-full\"><img loading=\"lazy\" decoding=\"async\" width=\"960\" height=\"540\" src=\"https:\/\/radardofuturo.com.br\/test\/wp-content\/uploads\/2022\/05\/educacao-fisica-caracteristicas-gerais.jpg\" alt=\"\" class=\"wp-image-23177\" srcset=\"https:\/\/radardofuturo.com.br\/test\/wp-content\/uploads\/2022\/05\/educacao-fisica-caracteristicas-gerais.jpg 960w, https:\/\/radardofuturo.com.br\/test\/wp-content\/uploads\/2022\/05\/educacao-fisica-caracteristicas-gerais-300x169.jpg 300w, https:\/\/radardofuturo.com.br\/test\/wp-content\/uploads\/2022\/05\/educacao-fisica-caracteristicas-gerais-768x432.jpg 768w, https:\/\/radardofuturo.com.br\/test\/wp-content\/uploads\/2022\/05\/educacao-fisica-caracteristicas-gerais-696x392.jpg 696w, https:\/\/radardofuturo.com.br\/test\/wp-content\/uploads\/2022\/05\/educacao-fisica-caracteristicas-gerais-150x84.jpg 150w\" sizes=\"auto, (max-width: 960px) 100vw, 960px\"><\/figure>\n\n\n\n<div class=\"wp-block-columns is-layout-flex wp-container-core-columns-is-layout-9d6595d7 wp-block-columns-is-layout-flex\">\n<div class=\"wp-block-column is-layout-flow wp-block-column-is-layout-flow\">\n<figure class=\"wp-block-image size-full\"><img loading=\"lazy\" decoding=\"async\" width=\"800\" height=\"800\" src=\"https:\/\/radardofuturo.com.br\/test\/wp-content\/uploads\/2022\/05\/sua-duvida.png\" alt=\"\" class=\"wp-image-23179\" srcset=\"https:\/\/radardofuturo.com.br\/test\/wp-content\/uploads\/2022\/05\/sua-duvida.png 800w, https:\/\/radardofuturo.com.br\/test\/wp-content\/uploads\/2022\/05\/sua-duvida-300x300.png 300w, https:\/\/radardofuturo.com.br\/test\/wp-content\/uploads\/2022\/05\/sua-duvida-150x150.png 150w, https:\/\/radardofuturo.com.br\/test\/wp-content\/uploads\/2022\/05\/sua-duvida-768x768.png 768w, https:\/\/radardofuturo.com.br\/test\/wp-content\/uploads\/2022\/05\/sua-duvida-696x696.png 696w, https:\/\/radardofuturo.com.br\/test\/wp-content\/uploads\/2022\/05\/sua-duvida-96x96.png 96w\" sizes=\"auto, (max-width: 800px) 100vw, 800px\"><\/figure>\n<\/div>\n\n\n\n<div class=\"wp-block-column is-layout-flow wp-block-column-is-layout-flow\">\n<div class=\"wp-block-contact-form-7-contact-form-selector\">\n<div class=\"wpcf7 no-js\" id=\"wpcf7-f2084-o1\" lang=\"pt-BR\" dir=\"ltr\" data-wpcf7-id=\"2084\">\n<div class=\"screen-reader-response\"><p role=\"status\" aria-live=\"polite\" aria-atomic=\"true\"><\/p> <ul><\/ul><\/div>\n<form action=\"\/test\/wp-json\/wp\/v2\/posts\/22807#wpcf7-f2084-o1\" method=\"post\" class=\"wpcf7-form init\" aria-label=\"Formul&aacute;rios de contato\" novalidate=\"novalidate\" data-status=\"init\">\n<fieldset class=\"hidden-fields-container\"><input type=\"hidden\" name=\"_wpcf7\" value=\"2084\"><input type=\"hidden\" name=\"_wpcf7_version\" value=\"6.1.5\"><input type=\"hidden\" name=\"_wpcf7_locale\" value=\"pt_BR\"><input type=\"hidden\" name=\"_wpcf7_unit_tag\" value=\"wpcf7-f2084-o1\"><input type=\"hidden\" name=\"_wpcf7_container_post\" value=\"0\"><input type=\"hidden\" name=\"_wpcf7_posted_data_hash\" value=\"\">\n<\/fieldset>\n<p>Seu Nome (obrigat&oacute;rio)\n<\/p>\n<p><span class=\"wpcf7-form-control-wrap\" data-name=\"your-name\"><input size=\"40\" maxlength=\"400\" class=\"wpcf7-form-control wpcf7-text wpcf7-validates-as-required\" aria-required=\"true\" aria-invalid=\"false\" value=\"\" type=\"text\" name=\"your-name\"><\/span>\n<\/p>\n<p>Seu e-mail (obrigat&oacute;rio)\n<\/p>\n<p><span class=\"wpcf7-form-control-wrap\" data-name=\"your-email\"><input size=\"40\" maxlength=\"400\" class=\"wpcf7-form-control wpcf7-email wpcf7-validates-as-required wpcf7-text wpcf7-validates-as-email\" aria-required=\"true\" aria-invalid=\"false\" value=\"\" type=\"email\" name=\"your-email\"><\/span>\n<\/p>\n<p>Assunto\n<\/p>\n<p><span class=\"wpcf7-form-control-wrap\" data-name=\"your-subject\"><input size=\"40\" maxlength=\"400\" class=\"wpcf7-form-control wpcf7-text\" aria-invalid=\"false\" value=\"\" type=\"text\" name=\"your-subject\"><\/span>\n<\/p>\n<p>Sua mensagem\n<\/p>\n<p><span class=\"wpcf7-form-control-wrap\" data-name=\"your-message\"><textarea cols=\"40\" rows=\"10\" maxlength=\"2000\" class=\"wpcf7-form-control wpcf7-textarea\" aria-invalid=\"false\" name=\"your-message\"><\/textarea><\/span>\n<\/p>\n<p><input class=\"wpcf7-form-control wpcf7-submit has-spinner\" type=\"submit\" value=\"Enviar\">\n<\/p><p style=\"display: none !important;\"><label>&Delta;<textarea name=\"_wpcf7_ak_hp_textarea\" cols=\"45\" rows=\"8\" maxlength=\"100\"><\/textarea><\/label><input type=\"hidden\" id=\"ak_js_1\" name=\"_wpcf7_ak_js\" value=\"171\"><script>document.getElementById( \"ak_js_1\" ).setAttribute( \"value\", ( new Date() ).getTime() );<\/script><\/p><input type=\"hidden\" class=\"wpcf7-pum\" value='{\"closepopup\":true,\"closedelay\":5,\"openpopup\":false,\"openpopup_id\":12983}'><div class=\"wpcf7-response-output\" aria-hidden=\"true\"><\/div>\n<\/form>\n<\/div>\n<\/div>\n<\/div>\n<\/div>\n","protected":false},"excerpt":{"rendered":"<p>A consci&ecirc;ncia crescente da popula&ccedil;&atilde;o sobre a import&acirc;ncia de cuidar da sa&uacute;de sinaliza um bom futuro da educa&ccedil;&atilde;o f&iacute;sica. Mas h&aacute; riscos tamb&eacute;m<\/p>\n","protected":false},"author":1,"featured_media":23172,"comment_status":"open","ping_status":"open","sticky":false,"template":"","format":"standard","meta":{"tdm_status":"","tdm_grid_status":"","footnotes":"","jetpack_publicize_message":"","jetpack_publicize_feature_enabled":true,"jetpack_social_post_already_shared":true,"jetpack_social_options":{"image_generator_settings":{"template":"highway","enabled":false},"version":2}},"categories":[2007,20,31],"tags":[3643,3642,246,3645],"class_list":{"0":"post-22807","1":"post","2":"type-post","3":"status-publish","4":"format-standard","5":"has-post-thumbnail","7":"category-futuro-das-profissoes","8":"category-destaques","9":"category-tendencias-profissoes","10":"tag-educacao-fisica","11":"tag-futuro-da-educacao-fisica","12":"tag-futuro-do-ensino","13":"tag-futuro-do-ensino-de-educacao-fisica"},"jetpack_publicize_connections":[],"jetpack_featured_media_url":"https:\/\/radardofuturo.com.br\/test\/wp-content\/uploads\/2022\/05\/personal-g176aae231_1280.jpg","post_mailing_queue_ids":[],"_links":{"self":[{"href":"https:\/\/radardofuturo.com.br\/test\/wp-json\/wp\/v2\/posts\/22807","targetHints":{"allow":["GET"]}}],"collection":[{"href":"https:\/\/radardofuturo.com.br\/test\/wp-json\/wp\/v2\/posts"}],"about":[{"href":"https:\/\/radardofuturo.com.br\/test\/wp-json\/wp\/v2\/types\/post"}],"author":[{"embeddable":true,"href":"https:\/\/radardofuturo.com.br\/test\/wp-json\/wp\/v2\/users\/1"}],"replies":[{"embeddable":true,"href":"https:\/\/radardofuturo.com.br\/test\/wp-json\/wp\/v2\/comments?post=22807"}],"version-history":[{"count":0,"href":"https:\/\/radardofuturo.com.br\/test\/wp-json\/wp\/v2\/posts\/22807\/revisions"}],"wp:featuredmedia":[{"embeddable":true,"href":"https:\/\/radardofuturo.com.br\/test\/wp-json\/wp\/v2\/media\/23172"}],"wp:attachment":[{"href":"https:\/\/radardofuturo.com.br\/test\/wp-json\/wp\/v2\/media?parent=22807"}],"wp:term":[{"taxonomy":"category","embeddable":true,"href":"https:\/\/radardofuturo.com.br\/test\/wp-json\/wp\/v2\/categories?post=22807"},{"taxonomy":"post_tag","embeddable":true,"href":"https:\/\/radardofuturo.com.br\/test\/wp-json\/wp\/v2\/tags?post=22807"}],"curies":[{"name":"wp","href":"https:\/\/api.w.org\/{rel}","templated":true}]}}