{"id":22800,"date":"2022-04-04T16:42:21","date_gmt":"2022-04-04T19:42:21","guid":{"rendered":"https:\/\/radardofuturo.com.br\/?p=22800"},"modified":"2022-04-08T22:07:09","modified_gmt":"2022-04-09T01:07:09","slug":"notas-economicas-28-de-marco-a-1-de-abril-de-2022","status":"publish","type":"post","link":"https:\/\/radardofuturo.com.br\/test\/notas-economicas-28-de-marco-a-1-de-abril-de-2022\/","title":{"rendered":"Notas Econ\u00f4micas &#8211; 28 de mar\u00e7o a 1 de abril de 2022"},"content":{"rendered":"\n<p>Coleta de informa&ccedil;&otilde;es semanais feita pelo<strong> Economista Paulo Roberto Bretas<\/strong><\/p>\n\n\n\n<!--more-->\n\n\n\n<p>Abril come&ccedil;a com a acelera&ccedil;&atilde;o do processo eleitoral. E com defini&ccedil;&otilde;es em todos os segmentos da disputa por cargos no executivo e legislativo. Na pr&aacute;tica, vai se consolidando o quadro nacional entre Lula e Bolsonaro para a presid&ecirc;ncia. Governadores de seis estados brasileiros renunciaram aos cargos na &uacute;ltima semana de mar&ccedil;o. De acordo com a lei eleitoral, com exce&ccedil;&atilde;o dos que v&atilde;o disputar a reelei&ccedil;&atilde;o, quem pretende entrar na disputa por uma vaga no Legislativo este ano precisa se desincompatibilizar do cargo p&uacute;blico at&eacute; seis meses antes do primeiro turno da elei&ccedil;&atilde;o, que ser&aacute; em 2 de outubro.<img decoding=\"async\" src=\"https:\/\/agenciabrasil.ebc.com.br\/ebc.png?id=1452198&amp;o=node\"> Dos seis nomes que deixaram os cargos, quatro s&atilde;o do Nordeste e v&atilde;o disputar uma vaga no Senado. A tend&ecirc;ncia &eacute; de um processo repleto de jogadas sujas.  (Radar do Futuro)<\/p>\n\n\n\n<figure class=\"wp-block-image size-large\"><img loading=\"lazy\" decoding=\"async\" width=\"1024\" height=\"613\" src=\"https:\/\/radardofuturo.com.br\/test\/wp-content\/uploads\/2022\/04\/detalhe-da-urna-eletronica-eleitoral-foto-agencia-brasil-1024x613.jpg\" alt=\"\" class=\"wp-image-22801\" srcset=\"https:\/\/radardofuturo.com.br\/test\/wp-content\/uploads\/2022\/04\/detalhe-da-urna-eletronica-eleitoral-foto-agencia-brasil-1024x613.jpg 1024w, https:\/\/radardofuturo.com.br\/test\/wp-content\/uploads\/2022\/04\/detalhe-da-urna-eletronica-eleitoral-foto-agencia-brasil-300x179.jpg 300w, https:\/\/radardofuturo.com.br\/test\/wp-content\/uploads\/2022\/04\/detalhe-da-urna-eletronica-eleitoral-foto-agencia-brasil-768x459.jpg 768w, https:\/\/radardofuturo.com.br\/test\/wp-content\/uploads\/2022\/04\/detalhe-da-urna-eletronica-eleitoral-foto-agencia-brasil-696x416.jpg 696w, https:\/\/radardofuturo.com.br\/test\/wp-content\/uploads\/2022\/04\/detalhe-da-urna-eletronica-eleitoral-foto-agencia-brasil.jpg 1170w\" sizes=\"auto, (max-width: 1024px) 100vw, 1024px\"><figcaption>Foto: Ag&ecirc;ncia Brasil<\/figcaption><\/figure>\n\n\n\n<p><strong>EM 2022 O BRASIL COMEMORA 200 ANOS DE INDEPEND&Ecirc;NCIA.<\/strong><\/p>\n\n\n\n<h2 class=\"wp-block-heading\"><strong>Economia e Finan&ccedil;as<\/strong><\/h2>\n\n\n\n<p><strong>Cresce a Produ&ccedil;&atilde;o Industrial 1: <\/strong>Uma boa not&iacute;cia, a&nbsp;produ&ccedil;&atilde;o industrial brasileira cresceu 0,7% em fevereiro, ante janeiro, na s&eacute;rie com ajuste sazonal, melhor do que a queda de 2,2% do m&ecirc;s anterior, mas o setor ainda deve enfrentar &ldquo;ventos contr&aacute;rios&rdquo; &agrave; frente, apontam economistas. (Valor)<\/p>\n\n\n\n<p><strong>Cresce a Produ&ccedil;&atilde;o Industrial 2: <\/strong>Apesar da alta de 0,7% em fevereiro, a ind&uacute;stria brasileira se mant&eacute;m abaixo do que se encontrava antes do in&iacute;cio da pandemia, segundo os dados da Pesquisa Industrial Mensal Produ&ccedil;&atilde;o F&iacute;sica (PIM-PF) publicada pelo Instituto Brasileiro de Geografia e Estat&iacute;stica (IBGE), dia 01-04-2022. Em 2021, a ind&uacute;stria encerrou com alta de 3,9%, compensando apenas em parte a queda de 4,5% de 2020.&nbsp; (Valor)<\/p>\n\n\n\n<p><strong>Super&aacute;vit da Balan&ccedil;a Comercial:<\/strong> A<strong>&nbsp;<\/strong>balan&ccedil;a comercial brasileira&nbsp;registrou&nbsp;super&aacute;vit de US$ 7,383 bilh&otilde;es<strong>&nbsp;<\/strong>em&nbsp;mar&ccedil;o, aumento de 19,3% em rela&ccedil;&atilde;o ao mesmo m&ecirc;s de 2021, varia&ccedil;&atilde;o sempre calculada pela m&eacute;dia di&aacute;ria. Os n&uacute;meros foram divulgados pela Secretaria de Com&eacute;rcio Exterior (Secex) do Minist&eacute;rio da Economia. Observa-se que, nos primeiros tr&ecirc;s meses do ano, a balan&ccedil;a acumulou saldo positivo de US$ 11,3 bilh&otilde;es, aumento de 37,6% sobre o mesmo per&iacute;odo de 2021. Espera-se um super&aacute;vit de 111 bilh&otilde;es de d&oacute;lares em 2022. (Valor)<\/p>\n\n\n\n<p><strong>Arrecada&ccedil;&atilde;o Federal Recorde 1: <\/strong>A arrecada&ccedil;&atilde;o de impostos e contribui&ccedil;&otilde;es federais somou R$ 148,66 bilh&otilde;es em fevereiro de 2022. &Eacute; o melhor resultado para o m&ecirc;s da s&eacute;rie hist&oacute;rica da Receita Federal, iniciada em 1995. Em fevereiro, a arrecada&ccedil;&atilde;o federal teve uma alta real (descontada a infla&ccedil;&atilde;o) de 5,27% em rela&ccedil;&atilde;o ao mesmo m&ecirc;s de 2021. (Poder 360)<\/p>\n\n\n\n<p><strong>Arrecada&ccedil;&atilde;o Federal Recorde 2: <\/strong>O dado de fevereiro, contudo, foi menor que o de janeiro, quando a arrecada&ccedil;&atilde;o superou os R$ 235 bilh&otilde;es. O governo disse que o resultado superou em 2,5% a expectativa do mercado, que apontava para uma arrecada&ccedil;&atilde;o de R$ 145 bilh&otilde;es. Analistas ouvidos pelo&nbsp;Poder 360, no entanto,&nbsp;esperavam que a arrecada&ccedil;&atilde;o variasse de R$ 141,7 bilh&otilde;es a R$ 167,6 bilh&otilde;es em fevereiro. (Poder 360)<\/p>\n\n\n\n<p><strong>D&iacute;vida P&uacute;blica Federal Sobe: <\/strong>A D&iacute;vida P&uacute;blica Federal (DPF) subiu 2,03% em termos nominais na passagem de janeiro para fevereiro, alcan&ccedil;ando R$ 5,730 trilh&otilde;es, conforme divulgado nesta quarta-feira pelo Tesouro Nacional. J&aacute; a D&iacute;vida P&uacute;blica Mobili&aacute;ria Federal Interna (DPMFi) registrou alta de 2,3% no segundo m&ecirc;s de 2022, para R$ 5,490 trilh&otilde;es, enquanto a D&iacute;vida Federal Externa somou R$ 240 bilh&otilde;es (US$ 46,70 bilh&otilde;es), o baixa de 3,78% na compara&ccedil;&atilde;o com janeiro. (Valor)<\/p>\n\n\n\n<p><strong>Campos Neto Fala ao Canal Livre<\/strong>: O presidente do Banco Central, Roberto Campos Neto, afirmou, em entrevista ao programa Canal Livre, da Band News, que o consumo de energia em todo o mundo deve cair. Os pre&ccedil;os altos e as pr&oacute;prias dificuldades log&iacute;sticas em escala mundial tendem a reequilibrar a oferta e a demanda, impactadas sucessivamente pela pandemia de Covid-19 e, em seguida, pela guerra na Ucr&acirc;nia. (Poder 360)<\/p>\n\n\n\n<p><strong>Alta das Commodities e a Balan&ccedil;a Comercial<\/strong>: Os efeitos da guerra impulsionaram os pre&ccedil;os das commodities, em cen&aacute;rio divulgado em mar&ccedil;o, o Ita&uacute; Unibanco atualizou a proje&ccedil;&atilde;o de super&aacute;vit comercial em 2022 de US$ 67 bilh&otilde;es para US$ 74 bilh&otilde;es. O Bradesco projeta US$ 75 bilh&otilde;es, ante estimativa de US$ 61 bilh&otilde;es veiculada em fevereiro. Se concretizadas as proje&ccedil;&otilde;es dos bancos, a balan&ccedil;a ter&aacute; neste ano novo marco hist&oacute;rico. Em 2021, o saldo atingiu recorde de US$61,4 bilh&otilde;es, segundo a Secretaria de Com&eacute;rcio Exterior (Secex\/ME). (Poder 360)<\/p>\n\n\n\n<p><strong>Relat&oacute;rio Focus PIB<\/strong>: A mediana das proje&ccedil;&otilde;es do mercado para o crescimento da economia brasileira em 2022 permaneceu em de 0,50%. Para 2023, o ponto-m&eacute;dio das expectativas para a expans&atilde;o do Produto Interno Bruto (PIB) manteve-se em 1,30% Para 2024, ficou parado em 2,00%. (Valor)<\/p>\n\n\n\n<p><strong>Relat&oacute;rio Focus Selic: <\/strong>Para a taxa b&aacute;sica de juros (Selic), o ponto-m&eacute;dio das expectativas permaneceu em 13,00% no fim deste ano, 9,00% no de 2023 e 7,50% em 2024.<strong> <\/strong>(Valor)<\/p>\n\n\n\n<p><strong>Relat&oacute;rio Focus D&oacute;lar: <\/strong>A mediana das estimativas para o d&oacute;lar no fim deste ano foi cortada de R$ 5,30 para R$ 5,25, segundo o Relat&oacute;rio Focus.<strong> <\/strong>Para 2023, o ponto-m&eacute;dio das estimativas para a moeda americana tamb&eacute;m recuou, de R$ 5,22 para R$ 5,20, entre uma semana e outra. Para 2024, permaneceu em R$ 5,20.<strong> <\/strong>(Valor)<\/p>\n\n\n\n<p><strong>Confian&ccedil;a da Ind&uacute;stria Segue em Queda: <\/strong>Preocupa o fato do<strong>&nbsp;<\/strong>&Iacute;ndice de Confian&ccedil;a da Ind&uacute;stria (ICI) do Instituto Brasileiro de Economia da Funda&ccedil;&atilde;o Get&uacute;lio Vargas (FGV Ibre)&nbsp;cair 1,7 ponto em mar&ccedil;o, passando para 95,0 pontos, o menor n&iacute;vel desde julho de 2020 (89,8 pontos). Trata-se da oitava queda seguida do &iacute;ndice que na m&eacute;trica de m&eacute;dias m&oacute;veis trimestrais tamb&eacute;m recuou 1,7 ponto no m&ecirc;s. (Valor)<\/p>\n\n\n\n<p><strong>Utiliza&ccedil;&atilde;o da Capacidade Instalada Aumenta: <\/strong>O&nbsp;N&iacute;vel de Utiliza&ccedil;&atilde;o da Capacidade Instalada (Nuci) da Ind&uacute;stria&nbsp;avan&ccedil;ou 0,3 ponto percentual em mar&ccedil;o, para 80,2%. (Valor)<\/p>\n\n\n\n<p><strong>Aval T&eacute;cnico para Venda da Eletrobras: <\/strong>A &aacute;rea t&eacute;cnica do Tribunal de Contas da Uni&atilde;o (TCU) concluiu o parecer referente &agrave; segunda etapa do processo de privatiza&ccedil;&atilde;o da Eletrobras. Os auditores deram sinal verde para o prosseguimento da opera&ccedil;&atilde;o, mas pedem alguns ajustes no &ldquo;valuation&rdquo; &ndash; processo pelo qual &eacute; calculado o valor das a&ccedil;&otilde;es da companhia. (Valor)<\/p>\n\n\n\n<p><strong>Agropecu&aacute;ria Mineira: <\/strong>Em 2019, a agropecu&aacute;ria mineira respondeu por 8,5% do valor adicionado da agropecu&aacute;ria brasileira. Nesse ano, o PIB do agroneg&oacute;cio foi estimado em R$ 117,3 bilh&otilde;es, tendo correspondido a 18,1% do PIB mineiro. (FJP)<\/p>\n\n\n\n<p><strong>Para Presidente da Febraban Lucros N&atilde;o S&atilde;o Excessivos<\/strong>: O presidente da&nbsp;Federa&ccedil;&atilde;o Brasileira de Bancos&nbsp;(Febraban),&nbsp;Isaac Sidney apontou que estudos feitos por consultorias especializadas e pelo pr&oacute;prio Banco Central indicam que os lucros dos bancos representam cerca de 18% do spread, enquanto os 82% restantes se devem a outros fatores, como os custos associados &agrave; inadimpl&ecirc;ncia e &agrave; carga tribut&aacute;ria, al&eacute;m de despesas administrativas. (Valor)<\/p>\n\n\n\n<p><strong>Aumento do Cr&eacute;dito<\/strong><strong>: <\/strong>Ap&oacute;s uma forte eleva&ccedil;&atilde;o do saldo de cr&eacute;dito em 2020, de 15,6%, o cr&eacute;dito voltou a crescer em um ritmo bastante forte em 2021, com uma expans&atilde;o de 16,3%, atingindo a marca de R$ 4,7 trilh&otilde;es, o equivalente a uma rela&ccedil;&atilde;o cr&eacute;dito\/PIB de 54,0%, n&iacute;vel recorde.&nbsp;(Valor)<\/p>\n\n\n\n<p><strong>Mais Ataques Manique&iacute;stas: <\/strong>Em mais um evento em clima de campanha eleitoral em Parnamirim (RN) Jair Bolsonaro&nbsp;conclamou militares, a darem &ldquo;a nossa vida por liberdade&rdquo;, repetiu que as elei&ccedil;&otilde;es ser&atilde;o &ldquo;a luta do bem contra o mal&rdquo; e, sem mencionar o&nbsp;Tribunal Superior Eleitoral (TSE), afirmou que &ldquo;n&atilde;o ser&atilde;o dois ou tr&ecirc;s que ir&atilde;o contar os votos&rdquo; em outubro. (Valor)<\/p>\n\n\n\n<p><strong>Produtividade em Baixa no Brasil: <\/strong>&Eacute; triste, mas a economia brasileira em 2021 obteve o menor valor de produtividade em 12 anos. O indicador pode continuar a cair em 2022, alerta Claudio Considera, pesquisador da Funda&ccedil;&atilde;o Get&uacute;lio Vargas (FGV). Estudo comandado por ele em parceria com as economistas Isabela Kelly e Juliana Trece, mostra que a produtividade do Produto Interno Bruto (PIB) encerrou 2021 em R$ 80.913,06\/pessoa ocupada, a menor desde 2009 (R$ 77.804,24). (Valor)<\/p>\n\n\n\n<p><strong>Confian&ccedil;a no Setor Servi&ccedil;os: <\/strong>O setor servi&ccedil;os est&aacute; em festa. O &Iacute;ndice de Confian&ccedil;a de Servi&ccedil;os (ICS) subiu 3,0 pontos em mar&ccedil;o, comparado a fevereiro. Subiu para 92,2 pontos, a mais elevada alta desde julho de 2021 (4,2 pontos), mas o desempenho favor&aacute;vel deve ser visto com cautela, nas palavras do economista da Funda&ccedil;&atilde;o Get&uacute;lio Vargas (FGV) e respons&aacute;vel do indicador, Rodolpho Tobler. (Valor)<\/p>\n\n\n\n<p><strong>Banco Central Aumenta Reservas em Yuan:<\/strong> Com a eleva&ccedil;&atilde;o da press&atilde;o inflacion&aacute;ria e do aperto monet&aacute;rio nas principais economias, o&nbsp;Banco Central<strong>&nbsp;<\/strong>(BC) brasileiro aumentou a participa&ccedil;&atilde;o de&nbsp;yuan&nbsp;nas&nbsp;reservas internacionais&nbsp;para 4,99% em 2021,&nbsp;maior patamar desde quando a moeda chinesa passou a compor a cesta, em 2019. O percentual &eacute;&nbsp;quatro vezes acima do alocado no ano anterior, de 1,21%. Essa eleva&ccedil;&atilde;o representou, em termos nominais, US$ 13,766 bilh&otilde;es a mais em ativos mensurados em yuan. (Valor)<\/p>\n\n\n\n<p><strong>Queda no Percentual de D&oacute;lares e Euros:<\/strong> A representa&ccedil;&atilde;o do&nbsp;d&oacute;lar<strong>&nbsp;<\/strong>norte-americano&nbsp;nas reservas do Brasil caiu 5,69 pontos percentuais, ante 2020, e ficou em 80,34% no per&iacute;odo, menor n&iacute;vel desde 2014. A queda equivale a&nbsp;US$ 15,276 bilh&otilde;es a menos em ativos em d&oacute;lares. Tamb&eacute;m a participa&ccedil;&atilde;o do&nbsp;euro nas reservas caiu, de 7,85% em 2020 para 5,04% em 2021, redu&ccedil;&atilde;o de US$ 9,691 bilh&otilde;es nesses pap&eacute;is.&nbsp;(Valor)<\/p>\n\n\n\n<p><strong>Quase Dobra a Posi&ccedil;&atilde;o das Reservas em Ouro: <\/strong>Tamb&eacute;m o&nbsp;ouro, outra tradicional prote&ccedil;&atilde;o contra a infla&ccedil;&atilde;o, teve a sua posi&ccedil;&atilde;o aumentada de 1,19% para 2,25%. (Valor)<\/p>\n\n\n\n<p><strong>Assembleia de Minas Aprova Reajuste:<\/strong> A Assembleia Legislativa de Minas Gerais aprovou o projeto de lei do governador Romeu Zema (Novo), que reajusta os sal&aacute;rios dos servidores do Estado em 10,06%. Houve, ainda, modifica&ccedil;&otilde;es. As for&ccedil;as de seguran&ccedil;a v&atilde;o receber 24,06% de reajuste, a t&iacute;tulo de recomposi&ccedil;&atilde;o de perdas. Tamb&eacute;m foi aprovado pagamento de aux&iacute;lio social, em tr&ecirc;s parcelas, correspondente a 40% da remunera&ccedil;&atilde;o b&aacute;sica do soldado, entre outras mudan&ccedil;as. (Valor)<\/p>\n\n\n\n<p><strong>Romeu Zema (Governador de MG):<\/strong> &ldquo;Como j&aacute; disse antes, o reajuste de 10% para todos os servidores de Minas &eacute; o limite que a situa&ccedil;&atilde;o do Estado permite no momento. Qualquer valor acima ser&aacute; vetado pois n&atilde;o temos como pagar. Entre ser respons&aacute;vel com o futuro ou voltar ao desequil&iacute;brio do passado, sigo na primeira&rdquo;.(Valor)<\/p>\n\n\n\n<h2 class=\"wp-block-heading\"><strong>Infla&ccedil;&atilde;o<\/strong><\/h2>\n\n\n\n<p><strong>Relat&oacute;rio Focus IPCA: <\/strong>Segundo o Relat&oacute;rio Focus do BC, divulgado dia 28-03-2022, a mediana das proje&ccedil;&otilde;es dos economistas do mercado para o &Iacute;ndice Nacional de Pre&ccedil;os ao Consumidor Amplo (IPCA) de 2022 subiu de 6,59% para 6,86%. Para 2023, tamb&eacute;m subiu, de 3,75% para 3,80%. Para 2024, foi de 3,15% para 3,20%.<strong> <\/strong>(Valor)<strong>&nbsp;<\/strong><\/p>\n\n\n\n<p><strong>Infla&ccedil;&atilde;o da Constru&ccedil;&atilde;o Civil<\/strong>: Vamos falar da infla&ccedil;&atilde;o da Constru&ccedil;&atilde;o. O &Iacute;ndice Nacional de Custo da Constru&ccedil;&atilde;o &ndash; M (INCC-M), calculado pelo Instituto Brasileiro de Economia da Funda&ccedil;&atilde;o Get&uacute;lio Vargas (FGV Ibre), subiu 0,73% em mar&ccedil;o, percentual superior ao apurado um m&ecirc;s antes, quando o &iacute;ndice registrou taxa de 0,48%. O &iacute;ndice acumula alta de 1,85% no ano e 11,63% em 12 meses. (Valor)<\/p>\n\n\n\n<p><strong>Pre&ccedil;os dos Medicamentos Sofrem Nova Alta<\/strong>: Para desespero dos brasileiros, os pre&ccedil;os dos medicamentos devem ficar mais caros a partir do final desta semana: dia 1&ordm; de abril &eacute; quando entra em vigor, usualmente, a autoriza&ccedil;&atilde;o para reajuste dos rem&eacute;dios pela C&acirc;mara de Regula&ccedil;&atilde;o do Mercado de Medicamentos (CMED). A alta deve ficar em torno de 10%. (g1)<\/p>\n\n\n\n<p><strong>IGP-M de Mar&ccedil;o em Alta<\/strong>: Para aumentar o desespero dos cidad&atilde;os, o&nbsp;&Iacute;ndice Geral de Pre&ccedil;os &ndash; Mercado (IGP-M)&nbsp;encerrou o m&ecirc;s de mar&ccedil;o com infla&ccedil;&atilde;o de 1,74%, acumulando alta de 5,49% no ano e de 14,77% em 12 meses, informou a Funda&ccedil;&atilde;o Get&uacute;lio Vargas (FGV). (Valor)<\/p>\n\n\n\n<p><strong>IPC-S Acelera<\/strong>: Segundo informa&ccedil;&otilde;es da Funda&ccedil;&atilde;o Get&uacute;lio Vargas, o &iacute;ndice de Pre&ccedil;os ao Consumidor Semanal<strong> <\/strong>(IPC-S)<strong>&nbsp;<\/strong>avan&ccedil;ou 1,35% no encerramento de mar&ccedil;o, vindo de 0,94% na medi&ccedil;&atilde;o imediatamente anterior, a terceira do m&ecirc;s, acumulando alta de 9,68% nos &uacute;ltimos 12 meses. (Valor)<\/p>\n\n\n\n<h2 class=\"wp-block-heading\"><strong>Governo e Ambiente Pol&iacute;tico<\/strong><\/h2>\n\n\n\n<p><strong>Ditadura Nunca Mais, Mentira Tamb&eacute;m N&atilde;o: <\/strong>Em comemora&ccedil;&atilde;o&nbsp;ao anivers&aacute;rio do golpe civil-militar de 1964, o&nbsp;ministro da Defesa, Walter Braga Netto &mdash; que est&aacute; de sa&iacute;da para ser vice de Bolsonaro &mdash;, publicou uma ordem do dia&nbsp;classificando o que chama de &ldquo;movimento&rdquo; como &ldquo;marco na evolu&ccedil;&atilde;o pol&iacute;tica&rdquo; que &ldquo;fortaleceu a democracia&rdquo; no pa&iacute;s. N&atilde;o h&aacute; no documento refer&ecirc;ncia ao fechamento do Congresso, &agrave;s torturas e desaparecimentos nem &agrave; censura &agrave; imprensa e &agrave;s artes. (g1) (Meio)<\/p>\n\n\n\n<pre class=\"wp-block-verse\"><strong>Coment\u00e1rio<\/strong>: O dia que uma ditadura militar, que durou 21 anos, que fechou o Congresso Nacional, matou e torturou, cassou direitos pol\u00edticos, impediu a liberdade de imprensa, instalou a censura, exilou advers\u00e1rios pol\u00edticos e perseguiu estudantes, fortalecer uma democracia, ser\u00e1 o dia mundial dos absurdos. Porque o dia da mentira j\u00e1 \u00e9 o dia primeiro de abril.<\/pre>\n\n\n\n<p><strong>Moro Fora da Disputa<\/strong><strong>: <\/strong>Em nota publicada no dia 31-03-2022 em seu Instagram, o ex-juiz Sergio Moro confirmou a sa&iacute;da do Podemos e sua filia&ccedil;&atilde;o ao Uni&atilde;o Brasil. Moro afirmou que abriu m&atilde;o, &ldquo;nesse momento&rdquo;, da pr&eacute;-candidatura &agrave; Presid&ecirc;ncia da Rep&uacute;blica. (Valor)<\/p>\n\n\n\n<p><strong>Demiss&atilde;o do Presidente da Petrobras: <\/strong>Em meio &agrave; sua insatisfa&ccedil;&atilde;o e de seus aliados pol&iacute;ticos com os reajustes dos pre&ccedil;os dos combust&iacute;veis e seus efeitos inflacion&aacute;rios em ano eleitoral, o presidente Bolsonaro decidiu demitir o atual presidente da Petrobras, o general Joaquim Silva e Luna, e nomear para o cargo o consultor Adriano Pires, especialista em energia. A d&uacute;vida &eacute; saber como Adriano Pires conciliar&aacute; sua postura t&eacute;cnica, de defesa do livre mercado, com as demandas de Bolsonaro para controlar os pre&ccedil;os da gasolina, do etanol e do &oacute;leo diesel. (Valor)<\/p>\n\n\n\n<p><strong>Lula sobre Adriano Pires: <\/strong>&ldquo;N&atilde;o conhe&ccedil;o essa pessoa, por isso n&atilde;o vou falar mal do cara que assumiu. Mas em dois trechos de not&iacute;cias que eu li hoje, eu vi que ele &eacute; lobista. E que ele &eacute; muito mais ligado &agrave;s empresas estrangeiras do que &agrave;s nossas. E ele faz parte de um grupo seleto de personalidades brasileiras que n&atilde;o aceitam o discurso de que o petr&oacute;leo &eacute; nosso.&rdquo; (Poder 360)<\/p>\n\n\n\n<p><strong>E o Milton Ribeiro? <\/strong>O ministro da Educa&ccedil;&atilde;o, Milton Ribeiro caiu. Ele n&atilde;o resistiu a novas den&uacute;ncias sobre suposta influ&ecirc;ncia de pastores na destina&ccedil;&atilde;o de verbas da pasta e pediu exonera&ccedil;&atilde;o. A decis&atilde;o foi tomada em comum acordo com o presidente Jair Bolsonaro e comunicada por meio de uma carta em que ele negou envolvimento em irregularidades. O secret&aacute;rio-executivo, Victor Godoy Vieira, assumir&aacute; o cargo interinamente. (Valor)<\/p>\n\n\n\n<p><strong>Tarde Demais para o PL<\/strong>: O Lollapalooza acabou, mas o PL desistiu de representa&ccedil;&atilde;o&nbsp;junto ao Tribunal Superior Eleitoral que acusava os artistas de estarem fazendo propaganda eleitoral antecipada. O presidente Jair Bolsonaro ficou enfurecido, pelo que ouviram os rep&oacute;rteres Victor Fuzeira e Mayara Oliveira, com o desgaste sofrido nas redes sociais com a acusa&ccedil;&atilde;o de estar pedindo censura. (Metr&oacute;poles) (Meio)<\/p>\n\n\n\n<p><strong>Eduardo Leite Segue no PSDB<\/strong>: O governador do Rio Grande do Sul,<strong> <\/strong>Eduardo Leite (PSDB), sinalizou a aliados pr&oacute;ximos que ficar&aacute; no partido e n&atilde;o se filiar&aacute; ao PSD para levar adiante seu projeto de concorrer &agrave; Presid&ecirc;ncia da Rep&uacute;blica. J&aacute; informou sua decis&atilde;o ao presidente do PSD, Gilberto Kassab.Tudo indica que ao ficar no PSDB, o governador ga&uacute;cho pretende ficar &agrave; disposi&ccedil;&atilde;o do partido para eventualmente ser candidato &agrave; Presid&ecirc;ncia, em uma composi&ccedil;&atilde;o com o MDB e Uni&atilde;o Brasil. (Valor)<\/p>\n\n\n\n<p><strong>Lula Conversa com Empres&aacute;rios: <\/strong>Lula&nbsp;garantiu a um grupo de empres&aacute;rios, numa conversa fechada, que se eleito far&aacute; um governo com previsibilidade, seguran&ccedil;a jur&iacute;dica e sem revanchismo, conta Lauro Jardim. O ex-presidente falou a Luiz Carlos Trabuco, presidente do conselho do Bradesco, Claudio Erm&iacute;rio de Moraes, do grupo Votorantim, Eduardo Sirotsky, fundador da empresa de investimentos EB Capital, e ao anfitri&atilde;o Jos&eacute; Seripieri Junior, da QSa&uacute;de!. Lula disse que far&aacute; &ldquo;o que for preciso para gerar confian&ccedil;a&rdquo; (Globo) (Meio)&nbsp;<\/p>\n\n\n\n<p><strong>Vera Magalh&atilde;es:<\/strong>&nbsp;&ldquo;PSDB, DEM e Uni&atilde;o Brasil v&atilde;o tentar chegar a um consenso para lan&ccedil;ar apenas um candidato&nbsp;para tentar quebrar a at&eacute; aqui consolidad&iacute;ssima polariza&ccedil;&atilde;o entre Lula e Jair Bolsonaro. E quais as apostas para o desenvolvimento desse enredo? Cada um tem a sua. Leite ficou no partido na esperan&ccedil;a de ser ungido candidato por um apelo dos demais partidos. E o que dizem os aliados do governador de S&atilde;o Paulo? Que ele n&atilde;o est&aacute; mais t&atilde;o inflex&iacute;vel quanto antes a respeito da possibilidade de n&atilde;o ser candidato. Mas tamb&eacute;m que ele pode &lsquo;desistir para apoiar qualquer um, menos o Leite&rsquo;. E Simone Tebet? A senadora do MDB corre por fora na disputa tucana. E S&eacute;rgio Moro? Se h&aacute; hoje um s&oacute; consenso entre os grupos de Doria, Tebet e Leite &eacute; que o ex-juiz n&atilde;o vai manter a candidatura at&eacute; o fim. Falta apoio pol&iacute;tico, inclusive da dire&ccedil;&atilde;o do Podemos, dinheiro e espa&ccedil;o para crescer, dada a rejei&ccedil;&atilde;o que tem. Segundo um cacique do MDB, a pr&oacute;pria presidente do Podemos, Renata Abreu, j&aacute; estaria disposta a caminhar com uma candidatura &uacute;nica de centro. Faltaria apenas convencer Moro a sair de cena. N&atilde;o dever&aacute; ser t&atilde;o f&aacute;cil.&rdquo; (Globo) (Meio)<\/p>\n\n\n\n<p><strong>Clima de Campanha Antecipada: <\/strong>Avaliem se estou exagerando, mas o clima era de campanha e os discursos eram de campanha, contudo Bolsonaro (PL) jura que o encontro do seu partido na manh&atilde; de 27-03-2022, em Bras&iacute;lia, n&atilde;o era campanha antecipada. Por orienta&ccedil;&atilde;o de advogados, o evento foi repaginado como um ato para estimular a filia&ccedil;&atilde;o &agrave; legenda, mas, na v&eacute;spera, o pr&oacute;prio Bolsonaro admitira que era o lan&ccedil;amento<strong> <\/strong>de sua &ldquo;pr&eacute;-candidatura&rdquo;. Com o cuidado de n&atilde;o pedir votos explicitamente, ele discursou dizendo que a elei&ccedil;&atilde;o n&atilde;o era uma luta entre &ldquo;direita e esquerda&rdquo;, mas entre &ldquo;o bem e o mal&rdquo;. Ele tamb&eacute;m afirmou que tem &ldquo;um ex&eacute;rcito&rdquo; a seu lado, mas negou que o tom fosse de ruptura. &ldquo;Por vezes me embrulha o est&ocirc;mago ter que jogar dentro das quatro linhas, mas eu jurei, e n&atilde;o foi da boca para fora, jogar dentro da Constitui&ccedil;&atilde;o&rdquo;. Bolsonaro aproveitou para fazer mais uma homenagem ao coronel do Ex&eacute;rcito Carlos Alberto Brilhante Ustra (1932-2015), que atuou no DOI-Codi durante a ditadura militar e foi condenado na Justi&ccedil;a por tortura. Para o presidente, o coronel &ldquo;lutou por democracia&rdquo; (UOL)<strong> <\/strong>(Meio)<\/p>\n\n\n\n<p><strong>Telegram Ficou Bonzinho e Firmou Acordo<\/strong>: O Telegram, depois de sua suspens&atilde;o no Brasil, assinou dia 25-03-2022 um acordo com o TSE para combater a desinforma&ccedil;&atilde;o durante as elei&ccedil;&otilde;es deste ano. Em fevereiro, um documento semelhante havia sido firmado com outras oito plataformas, mas o aplicativo russo n&atilde;o tinha representante no Brasil nem respondia &agrave;s notifica&ccedil;&otilde;es da Justi&ccedil;a. (g1) (Meio)<\/p>\n\n\n\n<p><strong>Querem Extinguir a Pandemia por Decreto<\/strong>: O Minist&eacute;rio da Sa&uacute;de recuou<strong> <\/strong>na ideia de declarar o fim da pandemia de covid-19, uma atribui&ccedil;&atilde;o da OMS e n&atilde;o dele. O rebaixamento da doen&ccedil;a &agrave; condi&ccedil;&atilde;o de endemia foi anunciado no in&iacute;cio do m&ecirc;s pelo presidente Bolsonaro, mas auxiliares do minist&eacute;rio explicaram a Queiroga que isso estava fora de sua al&ccedil;ada. A inten&ccedil;&atilde;o de mandar um sinal de que o governo &ldquo;venceu a crise&rdquo; permanece, agora por meio de medidas secund&aacute;rias, como a orienta&ccedil;&atilde;o geral pelo fim do uso de m&aacute;scaras e o encerramento da Emerg&ecirc;ncia em Sa&uacute;de P&uacute;blica de Import&acirc;ncia Nacional (Espin), reconhecida em fevereiro de 2020. (Folha) (Meio)<\/p>\n\n\n\n<p><strong>S&oacute; N&atilde;o Pode Pedir Votos: <\/strong>A campanha eleitoral s&oacute; vai come&ccedil;ar no dia 16 de agosto, e isso vale para com&iacute;cios, carreatas e apari&ccedil;&otilde;es na TV. Mas, na pr&aacute;tica, o TSE tem feito&nbsp;vista grossa&nbsp;a atos nos quais os pr&eacute;-candidatos fazem de tudo, menos pedir explicitamente votos. Foi o caso do evento do PL no &uacute;ltimo domingo, no qual o presidente Jair Bolsonaro disse que sua reelei&ccedil;&atilde;o&nbsp;era &ldquo;uma luta do bem contra o mal&rdquo;, da participa&ccedil;&atilde;o&nbsp;do ex-presidente Lula (PT), no &uacute;ltimo s&aacute;bado, do Festival Vermelho, em Niter&oacute;i (RJ), e de atos de praticamente todos os demais postulantes ao Planalto. Especialistas dizem que a forte polariza&ccedil;&atilde;o na campanha e o uso de plataformas da internet dificultam a a&ccedil;&atilde;o da Justi&ccedil;a Eleitoral. (Folha) (Meio)<\/p>\n\n\n\n<p><strong>Kassab Vai ficando Sem Candidato: <\/strong>Pode-se afirmar que Gilberto Kassab n&atilde;o teve sucesso nas suas tentativas de convencer o presidente do Senado,&nbsp;Rodrigo Pacheco (MG), e o governador do Rio Grande do Sul, Eduardo Leite (PSDB), a encabe&ccedil;arem uma candidatura presidencial pelo PSD. O pior &eacute; que ele j&aacute; tem no radar um terceiro &ldquo;n&atilde;o&rdquo;. Trata-se do ex-governador do Esp&iacute;rito Santo Paulo Hartung (sem partido), apontado por Kassab como &ldquo;plano C&rdquo; do partido &agrave; Presid&ecirc;ncia. Hartung sinalizou que vai declinar do convite, deixando o PSD sem alternativas no momento. (Carta Capital)<\/p>\n\n\n\n<p><strong>N&atilde;o Vou Nem Comentar: <\/strong>A Pol&iacute;cia Federal encaminhou dia 30-03-2022, ao STF, um relat&oacute;rio concluindo que o presidente Bolsonaro (PL) n&atilde;o interferiu, vou repetir, n&atilde;o interferiu&nbsp;na corpora&ccedil;&atilde;o para proteger parentes e aliados. A investiga&ccedil;&atilde;o foi aberta em 2020, a pedido da PGR, ap&oacute;s acusa&ccedil;&otilde;es&nbsp;do ex-ministro da Justi&ccedil;a S&eacute;rgio Moro, hoje pr&eacute;-candidato &agrave; Presid&ecirc;ncia pelo Podemos. Moro acusou Bolsonaro de tentar interferir em investiga&ccedil;&otilde;es ao cobrar a troca do chefe da PF no Rio e ao exonerar&nbsp;o diretor-geral da corpora&ccedil;&atilde;o. O relator do caso, ministro Alexandre de Moraes, deve encaminhar o documento da PF &agrave; PGR. (g1) (Meio)<\/p>\n\n\n\n<p><strong>Augusto Aras, Um Bolsonarista Fiel: <\/strong>A ministra do STF Rosa Weber negou pedido do procurador-geral da Rep&uacute;blica, Augusto Aras, para arquivar o inqu&eacute;rito que investiga se Bolsonaro cometeu crime de prevarica&ccedil;&atilde;o ao n&atilde;o dar prosseguimento a den&uacute;ncias de fraude na tentativa de compra da vacina indiana Covaxin. Pasmem, Aras argumentou que n&atilde;o era atribui&ccedil;&atilde;o do presidente abrir uma investiga&ccedil;&atilde;o, mas Rosa Weber concluiu que ao chefe do Executivo &ldquo;n&atilde;o assiste a prerrogativa da in&eacute;rcia nem o direito &agrave; letargia&rdquo;. A PGR vai recorrer. (UOL) (Meio)<\/p>\n\n\n\n<p><strong>De Volta ao Ataque: <\/strong>Bolsonaro voltou a atacar a urnas eletr&ocirc;nicas. Em evento no Rio Grande do Norte, ele disse que &ldquo;os votos ser&atilde;o contados no Brasil. N&atilde;o ser&atilde;o dois ou tr&ecirc;s que decidir&atilde;o como ser&atilde;o contados esses votos&rdquo;. Os votos nas elei&ccedil;&otilde;es brasileiras s&atilde;o totalizados pelo sistema do TSE, em Bras&iacute;lia, sob fiscaliza&ccedil;&atilde;o dos partidos. (Metr&oacute;poles) (Meio)<\/p>\n\n\n\n<p><strong>Mais Bondades Eleitoreiras: <\/strong>Em mais um gesto eleitoreiro o governo avalia a possibilidade de conceder reajuste de 5% para todas as categorias a partir de julho.&nbsp;Ocorre que a medida custaria pelo menos R$ 5 bilh&otilde;es em 2022, e a margem dispon&iacute;vel para reajustes &eacute; de R$ 1,7 bilh&atilde;o. O custo anualizado da medida seria de R$ 10 bilh&otilde;es a R$ 11 bilh&otilde;es. A hip&oacute;tese de reajuste de 5% encontra clara resist&ecirc;ncia na &aacute;rea fiscal do governo. (Valor)<\/p>\n\n\n\n<p><strong>Malu Gaspar:<\/strong>&nbsp;&ldquo;Um cacique tucano resumiu assim a situa&ccedil;&atilde;o: &lsquo;Doria agiu como explodir tudo.&rsquo; Ao final do dia, parecia evidente que a carta de Ara&uacute;jo n&atilde;o ser&aacute; suficiente para impedir que Doria comece a ser abandonado no dia seguinte&nbsp;a sua sa&iacute;da do governo. Na vis&atilde;o desses tucanos, o que eles fizeram ontem foi desarmar a bomba. De agora em diante, v&atilde;o come&ccedil;ar a trabalhar para se livrar do terrorista.&rdquo; (Globo) (Meio)<\/p>\n\n\n\n<p><strong>Doeu o Bolso<\/strong>: &nbsp;Com a amea&ccedil;a de bloqueio de bens e multa di&aacute;ria de R$ 15 mil, o deputado Daniel Silveira (PTB-RJ) foi ontem &agrave; superintend&ecirc;ncia da Pol&iacute;cia Federal em Bras&iacute;lia recolocar&nbsp;a tornozeleira eletr&ocirc;nica. A ordem partiu do ministro do STF Alexandre Moraes, a pedido da PRG. No pr&oacute;ximo dia 20, Silveira ser&aacute; julgado pelo Supremo por incitar atos antidemocr&aacute;ticos e amea&ccedil;ar os pr&oacute;prios ministros da Corte. (g1) (Meio)<\/p>\n\n\n\n<h2 class=\"wp-block-heading\"><strong>Ambiente Social, Emprego e Renda<\/strong><\/h2>\n\n\n\n<p><strong>Pagamento de Indeniza&ccedil;&otilde;es pela Vale<\/strong>: Vem da Vale a informa&ccedil;&atilde;o de que j&aacute; pagou pouco mais de R$ 3 bilh&otilde;es em indeniza&ccedil;&otilde;es a pessoas atingidas pelo rompimento da barragem B1, em Brumadinho (MG), em 2019, que causou a morte de 270 pessoas. Foram fechados 6,5 mil acordos, sendo 5,1 mil acordos c&iacute;veis, abrangendo 10,4 mil pessoas, e 1,4 mil acordos trabalhistas, envolvendo cerca de 2,4 mil pessoas.&nbsp; (Valor)<\/p>\n\n\n\n<p><strong>Aux&iacute;lio &Eacute; Pago Sem Controle da Frequ&ecirc;ncia Escolar<\/strong>: Num total desprezo &agrave;s regras, o governo federal n&atilde;o est&aacute; verificando a frequ&ecirc;ncia escolar de crian&ccedil;as cujas fam&iacute;lias recebem o benef&iacute;cio <a href=\"https:\/\/g1.globo.com\/tudo-sobre\/auxilio-brasil\/\" target=\"_blank\" rel=\"noopener\">Aux&iacute;lio Brasil<\/a>, embora este seja um requisito do programa. Segundo especialistas, a retomada deste monitoramento &eacute; essencial para estimular a volta dos estudantes para as salas de aula ap&oacute;s as interrup&ccedil;&otilde;es causadas pela pandemia. A frequ&ecirc;ncia escolar m&iacute;nima exigida para o pagamento do Aux&iacute;lio Brasil &eacute; de 60% para crian&ccedil;as de 4 e 5 anos e 75% para estudantes de 6 a 21 anos. (g1)<\/p>\n\n\n\n<p><strong>Tempo Total de Estudos Cai<\/strong>: E os dados da pesquisa Retorno para Escola, Jornada e Pandemia, publicada pela FGV Social em janeiro de 2022, mostram que o tempo total de estudo dos alunos pertencentes ao Bolsa Fam&iacute;lia caiu &agrave; metade entre 2006 e 2020. A m&eacute;dia semanal foi de 4 horas e 1 minuto para 2 horas e 1 minuto por semana em 2020, entre os estudantes de 6 a 15 anos. (g1)<\/p>\n\n\n\n<p><strong>Mais Vagas com Carteira Assinada<\/strong>: Seguindo em recupera&ccedil;&atilde;o com o arrefecimento da Covid-19, o mercado de trabalho brasileiro registrou abertura l&iacute;quida de 328.507 vagas com carteira assinada em fevereiro, resultado de 2.013.143 admiss&otilde;es menos 1.684.636 desligamentos. Os dados do Novo Cadastro Geral de Empregados e Desempregados (Caged) foram divulgados pelo Minist&eacute;rio do Trabalho e Previd&ecirc;ncia. Com os n&uacute;meros de fevereiro, o saldo de contrata&ccedil;&otilde;es acumulado em 2022 est&aacute; positivo em 478.862 postos de trabalho. (Valor)<\/p>\n\n\n\n<p><strong>Vagas para Trabalho Intermitente Aumentam<\/strong>: E os dados do&nbsp;Novo Cadastro Geral de Empregados e Desempregados (Caged)<strong>&nbsp;<\/strong>apontam que o pa&iacute;s gerou em fevereiro<strong>&nbsp;<\/strong>8.828 novos postos de trabalho intermitente, modalidade criada pela reforma trabalhista que permite jornada em dias alternados ou por horas determinadas. O n&uacute;mero &eacute; resultado de 25.396 admiss&otilde;es e 16.568 desligamentos. No ano, at&eacute; fevereiro, foram criados 12.457 postos intermitentes, resultado de 47.075 admiss&otilde;es e 34.618 desligamentos. (Valor)<\/p>\n\n\n\n<p><strong>Regime de Tempo Parcial Amplia Contrata&ccedil;&otilde;es<\/strong>: O regime de tempo parcial registrou 26.104 admiss&otilde;es e 16.586 desligamentos, gerando saldo de 9.518 vagas. At&eacute; fevereiro, o resultado doe 2022 ficou positivo em 10.100. Foram 42.726 admiss&otilde;es contra 32.626 desligamentos. (Valor)<\/p>\n\n\n\n<p><strong>M&atilde;o de Obra Subutilizada 1:<\/strong> O Brasil tinha 27,3 milh&otilde;es de trabalhadores subutilizados no trimestre encerrado em fevereiro de 2022, segundo a&nbsp;Pesquisa Nacional por Amostra de Domic&iacute;lios (Pnad) Cont&iacute;nua do IBGE. A boa not&iacute;cia &eacute; que os dados divulgados mostram que houve queda de 6,3% (menos 1,8 milh&atilde;o de subutilizados) frente ao trimestre m&oacute;vel anterior e retra&ccedil;&atilde;o de 17,8% (menos 5,9 milh&otilde;es de pessoas), em rela&ccedil;&atilde;o a igual trimestre do ano passado. (Valor)<\/p>\n\n\n\n<p><strong>M&atilde;o de Obra Subutilizada<\/strong> <strong>2<\/strong>: Notem que o contingente de subutilizados correspondia a 23,5% da for&ccedil;a de trabalho ampliada do pa&iacute;s (que soma a for&ccedil;a de trabalho com a for&ccedil;a de trabalho potencial), a chamada taxa de subutiliza&ccedil;&atilde;o, no trimestre encerrado em fevereiro. O indicador era de 25% no trimestre encerrado em novembro de 2021 e de 29,2% em igual per&iacute;odo de 2021. (Valor)<\/p>\n\n\n\n<h2 class=\"wp-block-heading\"><strong>Ambiente Empresarial e Tecnol&oacute;gico<\/strong><\/h2>\n\n\n\n<p><strong>Suzana Cencin Castelnau, escrit&oacute;rio Donelli e Abreu Sodr&eacute; Advogados (DSA)<\/strong>: &ldquo;A troca de presidente da Petrobras parece ser uma resposta do chefe do poder executivo para mostrar que est&aacute; tomando provid&ecirc;ncias com rela&ccedil;&atilde;o &agrave; alta dos combust&iacute;veis. Contudo, a mudan&ccedil;a de pol&iacute;tica de pre&ccedil;os de combust&iacute;veis da Petrobras n&atilde;o &eacute; algo que possa ser feito com a mera mudan&ccedil;a do Presidente da Companhia e sem seguir todo um procedimento de aprova&ccedil;&otilde;es internas&rdquo;. (Valor)<\/p>\n\n\n\n<p><strong>Avalia&ccedil;&atilde;o de Servi&ccedil;os de Telecomunica&ccedil;&otilde;es<\/strong>: A internet&nbsp;banda larga fixa foi o servi&ccedil;o mais mal avaliado&nbsp;pelo consumidor em 2021, segundo pesquisa&nbsp;da Ag&ecirc;ncia Nacional de Telecomunica&ccedil;&otilde;es (Anatel). J&aacute; a telefonia m&oacute;vel pr&eacute;-paga foi o servi&ccedil;o com melhor avalia&ccedil;&atilde;o. A internet banda larga fixa&nbsp;obteve a pontua&ccedil;&atilde;o de 6,88 em uma escala de zero a dez, enquanto a telefonia celular pr&eacute;-paga registrou 7,82%. Segundo a Anatel,&nbsp;o home office durante a pandemia evidenciou a limita&ccedil;&atilde;o de alguns servi&ccedil;os, e esse descasamento entre a oferta vendida e a expectativa do consumidor ajuda a explicar a baixa avalia&ccedil;&atilde;o. (g1) (Meio)<\/p>\n\n\n\n<p><strong>Apple Reduz a Produ&ccedil;&atilde;o por Queda na Demanda<\/strong><strong>: <\/strong>A Apple<strong> <\/strong>deve reduzir em 20%&nbsp;a produ&ccedil;&atilde;o do novo iPhone SE no pr&oacute;ximo trimestre e oferecer&aacute; 10 milh&otilde;es a menos de AirPods em 2022. Em vez de problemas na cadeia de suprimentos ou escassez de chips, que t&ecirc;m impactado na produ&ccedil;&atilde;o de empresas de tecnologia no mundo, a demanda abaixo do esperado est&aacute; entre os motivos para a empresa voltar atr&aacute;s em seus planos de produ&ccedil;&atilde;o. O iPhone SE foi lan&ccedil;ado no in&iacute;cio deste m&ecirc;s como a vers&atilde;o mais acess&iacute;vel da sua linha de telefones. No Brasil, o aparelho custa R$ 4.199. (UOL) (Meio)<\/p>\n\n\n\n<p><strong>Pequena Ind&uacute;stria Estava Otimista em Fevereiro<\/strong>: Segundo a pesquisa Indicador de Atividade da Micro e Pequena Ind&uacute;stria do Estado de S&atilde;o Paulo, realizada pelo Datafolha e encomendada pelo Sindicato das Micro e Pequenas Ind&uacute;strias do Estado de S&atilde;o Paulo, a satisfa&ccedil;&atilde;o com os neg&oacute;cios entre empres&aacute;rios do setor subiu de 132 pontos para 144 pontos em fevereiro, maior marca desde janeiro de 2020. Em rela&ccedil;&atilde;o &agrave; infla&ccedil;&atilde;o, a perspectiva pessimista caiu de 61% para 53% em fevereiro. Apesar do resultado positivo, a tend&ecirc;ncia &eacute; que a onda otimista n&atilde;o prossiga, em decorr&ecirc;ncia da guerra da Ucr&acirc;nia e da queda do d&oacute;lar. (Valor)<\/p>\n\n\n\n<p><strong>Produ&ccedil;&atilde;o de Cal&ccedil;ados Deve Aumentar: <\/strong>A<strong>&nbsp;<\/strong>ind&uacute;stria cal&ccedil;adista<strong>&nbsp;<\/strong>est&aacute; na expectativa<strong> <\/strong>de uma retomada gradual do mercado interno e aumento do ritmo das exporta&ccedil;&otilde;es,&nbsp; elevando a produ&ccedil;&atilde;o de cal&ccedil;ados, mais uma vez, em 2022, depois de crescer 8% no ano passado (806,3 milh&otilde;es de pares, de acordo com os dados mais recentemente ajustados pelo IBGE). Devem ser produzidos mais de 820 milh&otilde;es de pares de cal&ccedil;ados ao longo do ano. A proje&ccedil;&atilde;o &eacute; da&nbsp;Associa&ccedil;&atilde;o Brasileira das Ind&uacute;strias de Cal&ccedil;ados (Abical&ccedil;ados)&nbsp;e significa um incremento m&eacute;dio de 2,3% em rela&ccedil;&atilde;o a 2021. A associa&ccedil;&atilde;o trabalha com um intervalo de crescimento de 1,8% e 2,7%, indo de 820 milh&otilde;es a 828 milh&otilde;es de pares. (Valor)<\/p>\n\n\n\n<p><strong>Not&iacute;cias da Copasa 1:<\/strong> Segundo o presidente da Companhia de Saneamento de Minas Gerais (Copasa), Carlos Eduardo de Castro, a empresa se prepara para disputar leil&otilde;es de &aacute;gua e esgoto, por ora, dentro do Estado. A empresa, que se comprometeu a quase dobrar seu patamar de investimentos nos pr&oacute;ximos quatro anos, n&atilde;o depender&aacute; nem de privatiza&ccedil;&atilde;o nem de subconcess&otilde;es para atingir seus objetivos. (Valor)<\/p>\n\n\n\n<p><strong>Not&iacute;cias da Copasa 2: <\/strong>Um dos alvos das disputas ser&aacute; Ipatinga, cujo contrato com a Copasa venceu em fevereiro de 2022. A cidade, que era uma das dez maiores opera&ccedil;&otilde;es do grupo, dever&aacute; fazer licita&ccedil;&atilde;o para uma concess&atilde;o. (Valor)<\/p>\n\n\n\n<p><strong>Not&iacute;cias da Copasa 3: <\/strong>A m&aacute; not&iacute;cia &eacute; que, em 2021, a Copasa registrou um lucro l&iacute;quido de R$ 537,6 milh&otilde;es, tendo uma queda de 34,2% em rela&ccedil;&atilde;o a 2020. O Ebitda (lucro antes de juros, impostos, deprecia&ccedil;&atilde;o e amortiza&ccedil;&atilde;o) atingiu R$ 1,6 bilh&atilde;o, uma redu&ccedil;&atilde;o de 17,2%. No quarto trimestre do ano passado, os n&uacute;meros tamb&eacute;m ficaram bastante abaixo da expectativa do mercado. O lucro no per&iacute;odo caiu 76,1% e ficou em R$ 64,3 milh&otilde;es. (Valor)<\/p>\n\n\n\n<p><strong>Not&iacute;cias da Cemig:<\/strong> A&nbsp;Cemig anunciou que far&aacute; uma<strong>&nbsp;<\/strong>reestrutura&ccedil;&atilde;o<strong>&nbsp;<\/strong>na &aacute;rea de&nbsp;fundos de pens&atilde;o&nbsp;e no&nbsp;plano de sa&uacute;de dos empregados, como parte dos esfor&ccedil;os para melhorar seu desempenho financeiro. Os dois bra&ccedil;os geram uma despesa pr&oacute;xima a R$ 7 bilh&otilde;es para a companhia. (Valor)<\/p>\n\n\n\n<p><strong>Cresce a Confian&ccedil;a nas Empresas e nas ONGs 1:<\/strong> Um estudo&nbsp;da Edelman Trust Barometer 2022, pesquisa que ouviu 36 mil pessoas, em 28 pa&iacute;ses, incluindo o Brasil, e que chegou este ano &agrave; sua 22&ordf; edi&ccedil;&atilde;o, constatou que os&nbsp;brasileiros&nbsp;confiam primeiro na<strong>&nbsp;<\/strong>empresa em que trabalha. E, no &uacute;ltimo ano, passou a confiar mais nas empresas em geral e tamb&eacute;m nas ONGs. J&aacute; o&nbsp;governo&nbsp;&eacute; visto como a institui&ccedil;&atilde;o menos confi&aacute;vel, &eacute;tica e competente. (Valor)<\/p>\n\n\n\n<p><strong>Cresce a Confian&ccedil;a nas Empresas e nas ONGs 2: <\/strong>A pesquisa aponta que a<strong>&nbsp;<\/strong>confian&ccedil;a nas empresas, que j&aacute; vinha aumentando nos &uacute;ltimos anos, subiu 3 pontos, sendo citada por 64% dos entrevistados. A cren&ccedil;a nas ONGs foi a que mais cresceu subindo 4 pontos e chegando a 60%, saindo do patamar de neutralidade para o de credibilidade. A confian&ccedil;a no governo, por sua vez, caiu 5 pontos, ficando em 34%, enquanto a confian&ccedil;a na m&iacute;dia caiu 1 ponto, ficando em 47%.&nbsp;(Valor)<\/p>\n\n\n\n<p><strong>Crescimento do E-Commerce<\/strong>: O mercado de e-commerce no Brasil deve crescer 95% at&eacute; 2025, atingindo US$ 79 milh&otilde;es segundo o relat&oacute;rio The Global Payments 2022. Globalmente, o estudo indica que o aumento dever&aacute; ser de 53,3% no mesmo per&iacute;odo, chegando a US$ 8 trilh&otilde;es. O levantamento constatou o novo comportamento do consumidor brasileiro, que reduziu o uso de dinheiro em esp&eacute;cie. Cart&otilde;es de cr&eacute;dito aparecem como principal meio de pagamento, com 44,7% do valor das transa&ccedil;&otilde;es do com&eacute;rcio eletr&ocirc;nico em 2021. Por conta disso, o forte avan&ccedil;o dos meios online demanda solu&ccedil;&otilde;es de tecnologia para atender os novos consumidores. (Meio)<\/p>\n\n\n\n<p><strong>Crescimento das Edtechs: <\/strong>As&nbsp;startups do setor de educa&ccedil;&atilde;o, devem movimentar, globalmente, mais de US$ 350 bilh&otilde;es at&eacute; 2025, segundo o Distrito Report. Com diversas <a href=\"https:\/\/radardofuturo.com.br\/test\/ddof\/o-que-sao-tendencias\/\" target=\"_self\" title=\"Confira o que s&atilde;o tend&ecirc;ncias, os fatos ou fen&ocirc;menos que podem acontecer em algum momento adiante na hist&oacute;ria da sociedade, como um novo comportamento individual ou de um grupo\" class=\"encyclopedia\">tend&ecirc;ncias<\/a>, como a Web3 e <a href=\"https:\/\/radardofuturo.com.br\/test\/ddof\/metaverso\/\" target=\"_self\" title='O metaverso &eacute; um termo usado para descrever um espa&ccedil;o virtual em ambientes digitais, como jogos online, m&iacute;dia social e realidade virtual. &Eacute; uma combina&ccedil;&atilde;o do prefixo \"meta\", que significa al&eacute;m, e o radical \"universo\". Cunhado por Neal Stephenson, o metaverso &eacute;, na verdade, o material da fic&ccedil;&atilde;o cient&iacute;fica.&nbsp;Ele falou sobre isso em detalhes em&hellip;' class=\"encyclopedia\">metaverso<\/a>, as edtechs ter&atilde;o uma s&eacute;rie de oportunidades e desafios nos pr&oacute;ximos anos. (Forbes Brasil)<\/p>\n\n\n\n<p><strong>O Jogo &Eacute; Sujo e Pesado: <\/strong>Meta, a&nbsp;empresa controladora do Facebook, Instagram e WhatsApp, teria&nbsp;contratado uma das maiores empresas de consultoria pol&iacute;tica dos Estados Unidos para uma campanha de difama&ccedil;&atilde;o&nbsp;<a href=\"https:\/\/apps.canalmeio.com.br\/meio\/news\/r\/MTEzMjc5\/MDAwMTYwMjYx\" target=\"_blank\" rel=\"noopener\">contra o TikTok<\/a>, segundo uma investiga&ccedil;&atilde;o do jornal The Washington Post. De acordo com e-mails internos da companhia, a Targeted Victory promoveu hist&oacute;rias falsas em meios de comunica&ccedil;&atilde;o&nbsp;para prejudicar a reputa&ccedil;&atilde;o do aplicativo, criticando a atua&ccedil;&atilde;o do TikTok com crian&ccedil;as e adolescentes. Andy Stone, porta-voz da Meta, defendeu a empresa e disse que &ldquo;todas as plataformas, incluindo o TikTok, devem enfrentar um n&iacute;vel de escrut&iacute;nio consistente com seu crescente sucesso&rdquo;. (The Washington Post) (Meio)<\/p>\n\n\n\n<p><strong>Genoma 100% Sequenciado: <\/strong>Boa not&iacute;cia.<strong> <\/strong>Uma equipe<strong>&nbsp;<\/strong>com quase 100 cientistas do Cons&oacute;rcio Tlomere-to-Telomere (T2T) anunciou o sequenciamento completo&nbsp;do genoma humano. Foram quase vinte anos desde que, em 2003, foram sequenciados 92% dos nossos genes, mas os 8% restantes se mostraram um enorme desafio, devido a sua complexidade. A conclus&atilde;o do trabalho acrescentou 400 milh&otilde;es de letras ao DNA previamente sequenciado &ndash; valor de um cromossomo inteiro. &ldquo;Eles cont&ecirc;m genes de resposta imune que nos ajudam a nos adaptar e sobreviver a infec&ccedil;&otilde;es, pragas e v&iacute;rus&rdquo;, disse Evan Eichler, pesquisador do Howard Hughes Medical Institute da Universidade de Washington e l&iacute;der da pesquisa. (CNN Brasil) (Meio)<\/p>\n\n\n\n<h2 class=\"wp-block-heading\"><strong>Gest&atilde;o Ambiental e Energia<\/strong><\/h2>\n\n\n\n<p><strong>Press&atilde;o no Ibama por<\/strong> <strong>Derrubada de Embargos<\/strong>: Segundo informa&ccedil;&otilde;es do site The Intercept Brasil, mensagens de WhatsApp revelam que o presidente do Instituto Brasileiro do Meio Ambiente e dos Recursos Naturais Renov&aacute;veis, o Ibama, Eduardo Fortunato Bim, pressionou o ent&atilde;o superintendente do &oacute;rg&atilde;o no Par&aacute; para derrubar embargos contra a mineradora Gana Gold. A empresa extraiu mais de R$ 1 bilh&atilde;o em ouro de uma unidade de conserva&ccedil;&atilde;o federal com licen&ccedil;a ambiental irregular. (The Intercept)<\/p>\n\n\n\n<p><strong>Importadores de Combust&iacute;veis Apontam Defasagem nos Pre&ccedil;os: <\/strong>Dados da Associa&ccedil;&atilde;o Brasileira dos Importadores de Combust&iacute;veis (Abicom) apontam que at&eacute;&nbsp; o dia 28-03-2022 os pre&ccedil;os praticados para a Petrobras para a gasolina estavam com uma defasagem m&eacute;dia de 8% em rela&ccedil;&atilde;o aos do mercado internacional, o que indicaria necessidade de um aumento de R$ 0,33 por litro no combust&iacute;vel. J&aacute; os pre&ccedil;os do diesel estariam 11% abaixo da cota&ccedil;&atilde;o internacional, com uma defasagem de R$ 0,58 por litro. (Valor)<\/p>\n\n\n\n<h2 class=\"wp-block-heading\"><strong>Ambiente Internacional<\/strong><\/h2>\n\n\n\n<p><strong>Quita&ccedil;&atilde;o de D&iacute;vida Externa Russa: <\/strong>A R&uacute;ssia&nbsp;tem compromisso de quitar mais de US$ 2,6 bilh&otilde;es de sua d&iacute;vida em moeda estrangeira at&eacute; dia 04-04-2022. H&aacute; d&uacute;vidas sobre a capacidade de Moscou efetuar os pagamentos por causa das&nbsp; san&ccedil;&otilde;es aplicadas sobre seu Banco Central e Tesouro. (Poder 360)<\/p>\n\n\n\n<p><strong>Lei dos Mercados Digitais na Europa<\/strong>: A Uni&atilde;o Europeia fechou acordo sobre a Lei de Mercados Digitais (Digital Markets Act) com uma s&eacute;rie de obriga&ccedil;&otilde;es para evitar pr&aacute;ticas anticompetitivas das gigantes de tecnologia como Google, Microsoft, Meta e Apple. A nova lei, que ainda precisa da aprova&ccedil;&atilde;o do Parlamento e do Conselho Europeu, est&aacute; prevista para entrar em vigor em janeiro de 2023 e incluem medidas como proibir que as empresas classifiquem seus produtos ou servi&ccedil;os acima dos de outras em resultados de pesquisa on-line ou reutilizar dados coletados de diferentes servi&ccedil;os. A legisla&ccedil;&atilde;o prev&ecirc; multas que podem ir de 10% das vendas mundiais do grupo at&eacute; 20% em caso de reincid&ecirc;ncia. (The Guardian) (Meio)<\/p>\n\n\n\n<p><strong>Situa&ccedil;&atilde;o Complicada para a Europa: <\/strong>E a presidente do Banco Central Europeu (BCE),&nbsp;Christine Lagarde, reconheceu que a&nbsp;Europa est&aacute; entrando em uma fase dif&iacute;cil, em meio ao cen&aacute;rio de infla&ccedil;&atilde;o mais alta e crescimento econ&ocirc;mico mais lento. &ldquo;H&aacute; uma incerteza consider&aacute;vel sobre qu&atilde;o grandes ser&atilde;o esses efeitos e por quanto tempo durar&atilde;o&rdquo;, afirmou, durante evento organizado pelo banco central de Chipre. Lagarde afirmou, ainda, que,&nbsp;com a resposta pol&iacute;tica correta, &eacute; poss&iacute;vel diminuir os dados econ&ocirc;micos da guerra da Ucr&acirc;nia e gerenciar os elevados n&iacute;veis de incerteza. (Valor)<\/p>\n\n\n\n<p><strong>PIB dos Estados Unidos: <\/strong>E o<strong>&nbsp;<\/strong>desempenho do Produto Interno Bruto (PIB)&nbsp;dos&nbsp;Estados Unidos&nbsp;no quarto trimestre de 2021 foi revisado para uma expans&atilde;o de 6,9%, em vez de 7% como informado anteriormente. O dado faz parte da terceira leitura feita pelo Departamento de Com&eacute;rcio.&nbsp;(Valor)<\/p>\n\n\n\n<p><strong>Crescimento da China Amea&ccedil;ado: <\/strong>A&nbsp;economia&nbsp;da&nbsp;China&nbsp;est&aacute; enfrentando problemas por causa de um crescente surto de&nbsp;covid-19, com economistas alertando para uma&nbsp;desacelera&ccedil;&atilde;o&nbsp;mais profunda se os<strong>&nbsp;<\/strong>lockdowns&nbsp;em&nbsp;Xangai&nbsp;e outros locais persistirem. (Valor)<\/p>\n\n\n\n<p><strong>Alemanha N&atilde;o Pagar&aacute; G&aacute;s em Rublos: <\/strong>A&nbsp;Alemanha<strong>&nbsp;<\/strong>est&aacute; se preparando caso ocorra uma&nbsp;queda repentina no fornecimento de g&aacute;s natural russo<strong>&nbsp;<\/strong>em meio a amea&ccedil;as de Moscou de reduzir as exporta&ccedil;&otilde;es de energia. A decis&atilde;o ocorreu ap&oacute;s o governo da R&uacute;ssia ter dito que receberia apenas rublos pelas exporta&ccedil;&otilde;es de g&aacute;s. Os contratos entre as empresas alem&atilde;s e russas s&atilde;o denominados em euros. As san&ccedil;&otilde;es impostas a Moscou pela invas&atilde;o da Ucr&acirc;nia impedem as companhias ocidentais de comprar a moeda russa. (Valor)<\/p>\n\n\n\n<p><strong>As Origens da Depend&ecirc;ncia Alem&atilde;: <\/strong>Vejam onde come&ccedil;ou o problema.<strong> <\/strong>A Alemanha, que ajudou a construir dois gasodutos submarinos que a conectam &agrave; R&uacute;ssia, &eacute; o maior comprador global do g&aacute;s russo e depende de Moscou para mais de 50% de seu fornecimento. V&aacute;rios governos alem&atilde;es, especialmente o da ex-premi&ecirc; Angela Merkel, aumentaram gradualmente a depend&ecirc;ncia do pa&iacute;s de importa&ccedil;&otilde;es da energia barata da R&uacute;ssia. (Valor)<\/p>\n\n\n\n<hr class=\"wp-block-separator is-style-wide\">\n\n\n\n<h2 class=\"wp-block-heading\">Notas Econ&ocirc;micas &ndash; Fontes: <\/h2>\n\n\n\n<p>Jornal Valor, Folha, Estad&atilde;o, UOL, Globo, Meio Newsletter, Poder 360, Metr&oacute;poles, The Guardian, Carta Capital, The Intercept, FJP, Forbes Brasil, The Washington Post, CNN Brasil e g1.<\/p>\n","protected":false},"excerpt":{"rendered":"<p>Coleta de informa&ccedil;&otilde;es semanais feita pelo Economista Paulo Roberto Bretas<\/p>\n","protected":false},"author":16,"featured_media":22801,"comment_status":"open","ping_status":"open","sticky":false,"template":"","format":"standard","meta":{"tdm_status":"","tdm_grid_status":"","footnotes":"","jetpack_publicize_message":"","jetpack_publicize_feature_enabled":true,"jetpack_social_post_already_shared":true,"jetpack_social_options":{"image_generator_settings":{"template":"highway","enabled":false},"version":2}},"categories":[2245,2246],"tags":[2251],"class_list":{"0":"post-22800","1":"post","2":"type-post","3":"status-publish","4":"format-standard","5":"has-post-thumbnail","7":"category-conjuntura","8":"category-paulo-roberto-bretas","9":"tag-notas-economicas"},"jetpack_publicize_connections":[],"jetpack_featured_media_url":"https:\/\/radardofuturo.com.br\/test\/wp-content\/uploads\/2022\/04\/detalhe-da-urna-eletronica-eleitoral-foto-agencia-brasil.jpg","post_mailing_queue_ids":[],"_links":{"self":[{"href":"https:\/\/radardofuturo.com.br\/test\/wp-json\/wp\/v2\/posts\/22800","targetHints":{"allow":["GET"]}}],"collection":[{"href":"https:\/\/radardofuturo.com.br\/test\/wp-json\/wp\/v2\/posts"}],"about":[{"href":"https:\/\/radardofuturo.com.br\/test\/wp-json\/wp\/v2\/types\/post"}],"author":[{"embeddable":true,"href":"https:\/\/radardofuturo.com.br\/test\/wp-json\/wp\/v2\/users\/16"}],"replies":[{"embeddable":true,"href":"https:\/\/radardofuturo.com.br\/test\/wp-json\/wp\/v2\/comments?post=22800"}],"version-history":[{"count":0,"href":"https:\/\/radardofuturo.com.br\/test\/wp-json\/wp\/v2\/posts\/22800\/revisions"}],"wp:featuredmedia":[{"embeddable":true,"href":"https:\/\/radardofuturo.com.br\/test\/wp-json\/wp\/v2\/media\/22801"}],"wp:attachment":[{"href":"https:\/\/radardofuturo.com.br\/test\/wp-json\/wp\/v2\/media?parent=22800"}],"wp:term":[{"taxonomy":"category","embeddable":true,"href":"https:\/\/radardofuturo.com.br\/test\/wp-json\/wp\/v2\/categories?post=22800"},{"taxonomy":"post_tag","embeddable":true,"href":"https:\/\/radardofuturo.com.br\/test\/wp-json\/wp\/v2\/tags?post=22800"}],"curies":[{"name":"wp","href":"https:\/\/api.w.org\/{rel}","templated":true}]}}