{"id":22446,"date":"2022-03-15T17:59:18","date_gmt":"2022-03-15T20:59:18","guid":{"rendered":"https:\/\/radardofuturo.com.br\/?p=22446"},"modified":"2022-04-26T22:06:33","modified_gmt":"2022-04-27T01:06:33","slug":"pensamos-no-futuro-so-nao-temos-consciencia-disso","status":"publish","type":"post","link":"https:\/\/radardofuturo.com.br\/test\/pensamos-no-futuro-so-nao-temos-consciencia-disso\/","title":{"rendered":"Pensamos no futuro. S\u00f3 n\u00e3o temos consci\u00eancia disso"},"content":{"rendered":"\n<p>Precisamos ter boas estrat&eacute;gias para nos conscientizar e antecipar &agrave;s grandes transforma&ccedil;&otilde;es que impactam o futuro das pessoas e da sociedade global <\/p>\n\n\n\n<figure class=\"wp-block-image size-large\"><img loading=\"lazy\" decoding=\"async\" width=\"1024\" height=\"683\" src=\"https:\/\/radardofuturo.com.br\/test\/wp-content\/uploads\/2022\/03\/sage-friedman-HS5CLnQbCOc-unsplash-1-1024x683.jpg\" alt=\"mat&eacute;ria pensamos no futuro. s&oacute; n&atilde;o temos consci&ecirc;ncia disso\nmulher contempla o horizonte em um final de tarde\n\" class=\"wp-image-22616\" srcset=\"https:\/\/radardofuturo.com.br\/test\/wp-content\/uploads\/2022\/03\/sage-friedman-HS5CLnQbCOc-unsplash-1-1024x683.jpg 1024w, https:\/\/radardofuturo.com.br\/test\/wp-content\/uploads\/2022\/03\/sage-friedman-HS5CLnQbCOc-unsplash-1-300x200.jpg 300w, https:\/\/radardofuturo.com.br\/test\/wp-content\/uploads\/2022\/03\/sage-friedman-HS5CLnQbCOc-unsplash-1-768x512.jpg 768w, https:\/\/radardofuturo.com.br\/test\/wp-content\/uploads\/2022\/03\/sage-friedman-HS5CLnQbCOc-unsplash-1-1536x1024.jpg 1536w, https:\/\/radardofuturo.com.br\/test\/wp-content\/uploads\/2022\/03\/sage-friedman-HS5CLnQbCOc-unsplash-1-2048x1365.jpg 2048w, https:\/\/radardofuturo.com.br\/test\/wp-content\/uploads\/2022\/03\/sage-friedman-HS5CLnQbCOc-unsplash-1-696x464.jpg 696w, https:\/\/radardofuturo.com.br\/test\/wp-content\/uploads\/2022\/03\/sage-friedman-HS5CLnQbCOc-unsplash-1-1392x928.jpg 1392w\" sizes=\"auto, (max-width: 1024px) 100vw, 1024px\"><figcaption>Photo by <a href=\"https:\/\/unsplash.com\/@sagefriedman?utm_source=unsplash&amp;utm_medium=referral&amp;utm_content=creditCopyText\" target=\"_blank\" rel=\"noopener\">Sage Friedman<\/a> on <a href=\"https:\/\/unsplash.com\/s\/photos\/thinking-pose?utm_source=unsplash&amp;utm_medium=referral&amp;utm_content=creditCopyText\" target=\"_blank\" rel=\"noopener\">Unsplash<\/a><\/figcaption><\/figure>\n\n\n\n<!--more-->\n\n\n\n<p><em>Carlos Pl&aacute;cido Teixeira<br>Jornalista I Radar do Futuro<\/em><\/p>\n\n\n\n<p>&ldquo;Ningu&eacute;m fica pensando no futuro.&rdquo; Convicto da sua cren&ccedil;a, meu amigo, Jander, demonstrou sua descren&ccedil;a na exist&ecirc;ncia de pessoas que levam o tema a s&eacute;rio. Era uma conversa sobre acontecimentos cotidianos, enquanto and&aacute;vamos de bicicleta. Para o meu companheiro de inquieta&ccedil;&otilde;es e divaga&ccedil;&otilde;es sobre os rumos da humanidade, &ldquo;no dia a dia ningu&eacute;m fica preocupado em antecipar coisas que podem acontecer&rdquo;. <\/p>\n\n\n\n<p>Afinal, como dizem outros amigos e conhecidos e mesmo alguns antenados no destino da sociedade, j&aacute; temos preocupa&ccedil;&otilde;es demais com as nossas atividades di&aacute;rias. Na opini&atilde;o  da minha bolha pessoal, o modo de pensar da maioria da humanidade &eacute; imediatista. Ou &ldquo;curto-prazistas&rdquo;. At&eacute; mesmo o f&iacute;sico Albert Einstein, o g&ecirc;nio da Teoria da Relatividade, teria dito que &ldquo;nunca pensa no futuro, pois ele chega r&aacute;pido&rdquo;.<\/p>\n\n\n\n<p>Diante de afirma&ccedil;&otilde;es semelhantes, eu pergunto: <strong>Ser&aacute; mesmo que acontecimentos prov&aacute;veis em 2025, 2030 ou 2050, ou mesmo no pr&oacute;ximo ano, n&atilde;o s&atilde;o capazes de motivar as pessoas a refletir de alguma forma? Somos mesmo focados apenas no presente?<\/strong><\/p>\n\n\n\n<h2 class=\"wp-block-heading\">Sim<\/h2>\n\n\n\n<p>Algumas frases que o pr&oacute;prio Jander disse, no in&iacute;cio do di&aacute;logo, forneceram os argumentos para contestar a tese. Por exemplo, em um momento comentei que havia me tornado, oficialmente, um aposentado. Ent&atilde;o, ele contou que j&aacute; poderia requerer a aposentaria. Mas as reformas da Previd&ecirc;ncia, promovidas nos &uacute;ltimos anos, levaram ao adiamento dos projetos. Aos 55 anos, j&aacute; teria tempo de atividade suficiente registrado em carteira, pois come&ccedil;ou a trabalhar aos 14 anos. &ldquo;Tenho medo do INSS quebrar e eu perder os meus direitos&rdquo;, confidenciou.<\/p>\n\n\n\n<h2 class=\"wp-block-heading\">Como ser&aacute; o trabalho do futuro<\/h2>\n\n\n\n<p>Em outro momento da conversa, Jander tamb&eacute;m expressou preocupa&ccedil;&atilde;o com o mercado de trabalho do jornalismo, cada dia pior em rela&ccedil;&atilde;o a quando come&ccedil;ou, no in&iacute;cio do s&eacute;culo. O setor sofreu um terremoto com a influ&ecirc;ncia crescente da internet. Muitos colegas que atuavam em jornais impressos, revistas e emissoras de TV e r&aacute;dio estavam desempregados. <\/p>\n\n\n\n<p>Alguns passaram a trabalhar como free lancers para sobreviver, na busca por adapta&ccedil;&atilde;o. &ldquo;Recentemente, encontrei um amigo que agora &eacute; motorista do Uber&rdquo;, contou. E ironizou: &ldquo;Quem diria, engenheiros e jornalistas disputando o mesmo mercado.&rdquo;<\/p>\n\n\n\n<p>Embalado em pensamentos, ele comentou tamb&eacute;m sobre a preocupa&ccedil;&atilde;o com o neto, de apenas tr&ecirc;s anos. &ldquo;Se a situa&ccedil;&atilde;o j&aacute; est&aacute; dif&iacute;cil agora, imagina daqui a 20 anos, quando ele come&ccedil;ar a trabalhar em alguma coisa. &ldquo;Sinceramente, me d&aacute; medo de pensar&rdquo;, afirmou, enquanto continu&aacute;vamos a conversar sobre a situa&ccedil;&atilde;o do Brasil, os conflitos entre pa&iacute;ses pelo mundo e os impactos sobre as negocia&ccedil;&otilde;es relacionadas com a crise ambiental.  <\/p>\n\n\n\n<h2 class=\"wp-block-heading\">Pensar ou n&atilde;o pensar<\/h2>\n\n\n\n<p>Eu desafio voc&ecirc; a definir em uma palavra o assunto envolvido em nossa conversa.<strong> Futuro &eacute; uma boa resposta?<\/strong> <\/p>\n\n\n\n<p>Pois &eacute;, n&atilde;o foi dif&iacute;cil demonstrar como as inquieta&ccedil;&otilde;es sobre como ser&aacute; o amanh&atilde; est&atilde;o presentes nas nossas vidas. Perceberam como a todo momento encaramos preocupa&ccedil;&otilde;es por conta de desafios adiante, marcados por incertezas? Sentiram como os problemas s&atilde;o capazes de afetar horas de sono? E como <a href=\"https:\/\/radardofuturo.com.br\/test\/ddof\/o-que-sao-tendencias\/\" target=\"_self\" title=\"Confira o que s&atilde;o tend&ecirc;ncias, os fatos ou fen&ocirc;menos que podem acontecer em algum momento adiante na hist&oacute;ria da sociedade, como um novo comportamento individual ou de um grupo\" class=\"encyclopedia\">tend&ecirc;ncias<\/a>, certezas e incertezas requerem uma avalia&ccedil;&atilde;o atenta da for&ccedil;a de diversas vari&aacute;veis?<\/p>\n\n\n\n<p>Sim, n&oacute;s todos estamos ligados cotidianamente em quest&otilde;es relacionadas com transforma&ccedil;&otilde;es sociais, pol&iacute;ticas, econ&ocirc;micas, culturais, ambientais e tecnol&oacute;gicas capazes de impactar positiva ou negativamente os rumos das nossas vidas. Seja na forma de decis&otilde;es ou divaga&ccedil;&otilde;es, tentamos antecipar os tais acontecimentos prov&aacute;veis que afetam a n&oacute;s, aos nossos grupos ou a toda a sociedade. <\/p>\n\n\n\n<h4 class=\"has-vivid-cyan-blue-color has-text-color wp-block-heading\">O que n&atilde;o fazemos &eacute; pensar de forma sistem&aacute;tica sobre o futuro. <\/h4>\n\n\n\n<p>Falta consci&ecirc;ncia sobre a urg&ecirc;ncia de pensar os impactos dos acontecimentos prov&aacute;veis sobre as nossas atividades, para que tenhamos condi&ccedil;&otilde;es de nos antecipar e construir algo melhor para cada um de n&oacute;s e para a sociedade. Diante de quem nega a relev&acirc;ncia de conversas sobre acontecimentos prov&aacute;veis, &eacute; preciso apresentar exemplos contr&aacute;rios. <\/p>\n\n\n\n<p>As pessoas f&iacute;sicas precisam seguir os exemplos das pessoas jur&iacute;dicas &mdash; pelo menos as grandes &mdash; que dedicam esfor&ccedil;os para desenvolver planos estrat&eacute;gicos que antecipam os rumos de seus mercados.<\/p>\n\n\n\n<h2 class=\"wp-block-heading\">O que voc&ecirc; vai ser?<\/h2>\n\n\n\n<div class=\"wp-block-image\"><figure class=\"alignleft is-resized\"><img loading=\"lazy\" decoding=\"async\" src=\"https:\/\/images.unsplash.com\/photo-1560328055-e938bb2ed50a?ixlib=rb-1.2.1&amp;ixid=MnwxMjA3fDB8MHxwaG90by1wYWdlfHx8fGVufDB8fHx8&amp;auto=format&amp;fit=crop&amp;w=1000&amp;q=80\" alt=\"man in white shirt carrying boy\" width=\"297\" height=\"198\"><\/figure><\/div>\n\n\n\n<p>Ningu&eacute;m leva os filhos para uma escola sem pensar que a institui&ccedil;&atilde;o de ensino escolhida ser&aacute; importante para o futuro deles. H&aacute; at&eacute; uma pergunta muito frequente e irritante, feita pelos adultos, principalmente os tios: &ldquo;o que voc&ecirc; vai ser quando quando crescer?&rdquo; <\/p>\n\n\n\n<p>Quem nunca fez esta pergunta? <\/p>\n\n\n\n<p>Adolescentes come&ccedil;am a fazer escolhas de profiss&otilde;es sob a influ&ecirc;ncia ativa dos pais, que tendem a querer dar opini&otilde;es, impor cren&ccedil;as e valores. E ent&atilde;o questionam, arrogantemente: &ldquo;voc&ecirc; acha que fazer filosofia vai te dar futuro? Voc&ecirc; acha que vale viver por ideal?&rdquo;. Ou, ent&atilde;o, &ldquo;fa&ccedil;a direito e depois um concurso para juiz para ficar tranquilo para o resto da vida.&rdquo; <\/p>\n\n\n\n<p>Jovens come&ccedil;am a namorar e os pais e m&atilde;es ficam preocupados. O casal perde o sono em conversas at&eacute; de madrugada, sobre as consequ&ecirc;ncias do envolvimento afetivo &ldquo;entre os dois adolescentes ainda imaturos&rdquo;. O pai pensa em &ldquo;vasculhar&rdquo; as redes sociais. Enfim, h&aacute; uma inquieta&ccedil;&atilde;o crescente diante da suspeita de que daquele relacionamento n&atilde;o vai sair uma boa coisa. N&atilde;o &eacute; apenas um namoro que est&aacute; em jogo. Segundo eles, &eacute; o futuro de duas pessoas ainda muito novas para ter envolvimento afetivo t&atilde;o intenso. <\/p>\n\n\n\n<p>Tamb&eacute;m encaramos d&uacute;vidas sobre as consequ&ecirc;ncias de uma troca que o emprego ou sobre a decis&atilde;o entre largar tudo e morar na praia, para viver uma vida minimalista. H&aacute; muitos momentos em que precisamos tomar decis&otilde;es com foco no futuro distante. A compra da casa, de um im&oacute;vel na praia ou no campo para viver aposentadoria, a pr&oacute;pria aposentadoria e as mudan&ccedil;as de cidade. <\/p>\n\n\n\n<h4 class=\"wp-block-heading\">Os exemplos levam, ent&atilde;o, a duas conclus&otilde;es:<\/h4>\n\n\n\n<h4 class=\"has-vivid-cyan-blue-color has-text-color wp-block-heading\"><strong>1: todos n&oacute;s pensamos no futuro sim. Frequentemente. Mas n&atilde;o sabemos disso. <\/strong><br><strong>2: ao tomar decis&otilde;es que impactam o nosso futuro, raramente sistematizamos as melhores informa&ccedil;&otilde;es. <\/strong><\/h4>\n\n\n\n<h2 class=\"wp-block-heading\">Erros de avalia&ccedil;&atilde;o<\/h2>\n\n\n\n<p>&Eacute; verdade: estamos preocupados demais em rela&ccedil;&atilde;o ao futuro. Sem perceber, levamos nas malas as nossas d&uacute;vidas sobre o tipo de sociedades que encontraremos nos pr&oacute;ximos anos. A incerteza &eacute; um dos principais motivos para o &ldquo;crescimento das doen&ccedil;as mentais&rdquo; e da depress&atilde;o ser apontada como o mal do s&eacute;culo at&eacute; 2030, de acordo com previs&otilde;es organismos da &aacute;rea de sa&uacute;de p&uacute;blica. As proje&ccedil;&otilde;es, apresentadas antes do come&ccedil;o dos anos 2000, resultaram da compreens&atilde;o sobre o aumento das incertezas sobre o futuro. <\/p>\n\n\n\n<p>Um tanto alheios, convivemos com as tais situa&ccedil;&otilde;es em que precisamos tomar decis&otilde;es, que s&atilde;o altamente influenciadas pelas nossas expectativas. Seja a nossa pr&oacute;pria profiss&atilde;o, rumos da carreira profissional, a compra de uma casa ou mudan&ccedil;as para o exterior.  <\/p>\n\n\n\n<p>At&eacute; avaliamos algumas amea&ccedil;as evidentes nos nossos caminhos. Mas sem estrat&eacute;gias expl&iacute;citas ou t&aacute;citas para o levantamento de vari&aacute;veis que v&atilde;o nos levar &agrave;s melhores alternativas. Em momentos assim, dever&iacute;amos utilizar a capacidade de prospectar. Em outras palavras, a necessidade de levantar o m&aacute;ximo de informa&ccedil;&otilde;es sobre as vari&aacute;veis envolvidas em nossas decis&otilde;es. <\/p>\n\n\n\n<p>Em sentido contr&aacute;rio, utilizamos o nosso repert&oacute;rio de informa&ccedil;&otilde;es acumuladas para nos basear nos processos de decis&atilde;o. &ldquo;Vamos comprar um apartamento naquele bairro porque a regi&atilde;o hoje est&aacute; muito valorizada e os pre&ccedil;os est&atilde;o &oacute;timos&rdquo;, voc&ecirc; diz ao escolher o local de sua futura moradia. Desconsidera que a cidade &eacute; din&acirc;mica e que o &oacute;timo bairro de hoje pode ser um problema no futuro. <\/p>\n\n\n\n<p>Entre outras raz&otilde;es, deveria levar em conta que, em 10 anos, por exemplo, a combina&ccedil;&atilde;o de tecnologias de comunica&ccedil;&atilde;o, a crescente informalidade do mercado de trabalho e as mudan&ccedil;as do clima podem levar as pessoas a buscar im&oacute;veis em outras regi&otilde;es, onde as resid&ecirc;ncias s&atilde;o maiores, adequadas para o home office. <\/p>\n\n\n\n<h2 class=\"wp-block-heading\">Pragmatismo<\/h2>\n\n\n\n<p>Em algum momento do passado a sociedade come&ccedil;ou a valorizar mais as pessoas capazes de apresentar respostas r&aacute;pidas para d&uacute;vidas. Os lentos viraram at&eacute; mesmo v&iacute;timas de desvaloriza&ccedil;&atilde;o. Pensar demais, teorizar, deixou de ser uma compet&ecirc;ncia importante para a sociedade da competi&ccedil;&atilde;o. O processo acompanhou a hist&oacute;ria do capitalismo global, em especial a partir da segunda fase da Revolu&ccedil;&atilde;o Industrial, com a influ&ecirc;ncia do marketing e do consumo de massa. <\/p>\n\n\n\n<p>N&atilde;o &eacute; &agrave; toa que os chamados <a href=\"https:\/\/www.google.com\/search?q=o+que+s%C3%A3o+m%C3%A9todos+%C3%A1geis&amp;sxsrf=APq-WBs3iIr_EShO1fkcX8yzeDrSB7qzaw%3A1646914187552&amp;ei=i-opYrCmIYXU1sQP68CY8AI&amp;ved=0ahUKEwjwl_-4wbv2AhUFqpUCHWsgBi4Q4dUDCA4&amp;uact=5&amp;oq=o+que+s%C3%A3o+m%C3%A9todos+%C3%A1geis&amp;gs_lcp=Cgdnd3Mtd2l6EAMyBQgAEIAEOgQIABBHOgYIABAHEB46BggAEAgQHjoECAAQDToICAAQCBAHEB5KBAhBGABKBAhGGABQuxVYmSRg5ixoAHACeACAAYkCiAH1DZIBBTAuNy4zmAEAoAEByAEIwAEB&amp;sclient=gws-wiz\" data-type=\"URL\" data-id=\"https:\/\/www.google.com\/search?q=o+que+s%C3%A3o+m%C3%A9todos+%C3%A1geis&amp;sxsrf=APq-WBs3iIr_EShO1fkcX8yzeDrSB7qzaw%3A1646914187552&amp;ei=i-opYrCmIYXU1sQP68CY8AI&amp;ved=0ahUKEwjwl_-4wbv2AhUFqpUCHWsgBi4Q4dUDCA4&amp;uact=5&amp;oq=o+que+s%C3%A3o+m%C3%A9todos+%C3%A1geis&amp;gs_lcp=Cgdnd3Mtd2l6EAMyBQgAEIAEOgQIABBHOgYIABAHEB46BggAEAgQHjoECAAQDToICAAQCBAHEB5KBAhBGABKBAhGGABQuxVYmSRg5ixoAHACeACAAYkCiAH1DZIBBTAuNy4zmAEAoAEByAEIwAEB&amp;sclient=gws-wiz\" target=\"_blank\" rel=\"noreferrer noopener\">m&eacute;todos &aacute;geis<\/a>, propostos pelos profissionais de tecnologia da informa&ccedil;&atilde;o e pelas ci&ecirc;ncias exatas, fazem tanto sucesso entre executivos e empreendedores. Nestes tempos de valoriza&ccedil;&atilde;o da agilidade, os pensadores da Antiguidade, como os gregos e os romanos, seriam expulsos das pra&ccedil;as p&uacute;blicas. E presos pelas pol&iacute;cias &ldquo;por agita&ccedil;&atilde;o da ordem p&uacute;blica&rdquo;. <\/p>\n\n\n\n<p>Tamb&eacute;m n&atilde;o &eacute; um acaso a tentativa de elimina&ccedil;&atilde;o sum&aacute;ria das disciplinas de ci&ecirc;ncias sociais do ensino m&eacute;dio em pa&iacute;ses como o Brasil. Projetos de reformas s&atilde;o destinadas a fortalecer exclusivamente o ensino profissional. H&aacute; uma forte mobiliza&ccedil;&atilde;o de conservadores e radicais religiosos, al&eacute;m de grupos empresariais, para quem a filosofia, sociologia e a hist&oacute;ra s&atilde;o atividades marginais, que estimulam a reflex&atilde;o e geram poucos resultados para o aumento da produtividade do trabalho.<\/p>\n\n\n\n<div class=\"wp-block-columns is-layout-flex wp-container-core-columns-is-layout-9d6595d7 wp-block-columns-is-layout-flex\">\n<div class=\"wp-block-column is-layout-flow wp-block-column-is-layout-flow\" style=\"flex-basis:33.33%\">\n<div class=\"wp-block-jetpack-send-a-message\">\n<div class=\"wp-block-jetpack-whatsapp-button is-color-dark\"><a class=\"whatsapp-block__button\" href=\"https:\/\/api.whatsapp.com\/send?phone=&amp;text=Hi%2C%20I%20got%20your%20WhatsApp%20information%20from%20your%20website.\" style=\"background-color:#25D366;color:#fff\" target=\"_self\" rel=\"noopener noreferrer\">Chat on WhatsApp<\/a><\/div>\n<\/div>\n<\/div>\n\n\n\n<div class=\"wp-block-column is-layout-flow wp-block-column-is-layout-flow\" style=\"flex-basis:66.66%\">\n<p class=\"has-vivid-cyan-blue-color has-text-color\"><strong>Voc&ecirc; tem paci&ecirc;ncia com as pessoas que demoram a apresentar respostas para as suas perguntas? <\/strong><\/p>\n<\/div>\n<\/div>\n\n\n\n<div class=\"wp-block-jetpack-send-a-message\">\n<div class=\"wp-block-jetpack-whatsapp-button is-color-dark\"><a class=\"whatsapp-block__button\" href=\"https:\/\/api.whatsapp.com\/send?phone=&amp;text=Hi%2C%20I%20got%20your%20WhatsApp%20information%20from%20your%20website.\" style=\"background-color:#25D366;color:#fff\" target=\"_self\" rel=\"noopener noreferrer\">Chat on WhatsApp<\/a><\/div>\n<\/div>\n\n\n\n<p>N&atilde;o &eacute; um acaso o fato de que um dos livros de refer&ecirc;ncia do in&iacute;cio da internet levava o t&iacute;tulo de &ldquo;<a href=\"https:\/\/www.amazon.com.br\/N%C3%A3o-fa%C3%A7a-pensar-Steve-Krug\/dp\/8576088509\" data-type=\"URL\" data-id=\"https:\/\/www.amazon.com.br\/N%C3%A3o-fa%C3%A7a-pensar-Steve-Krug\/dp\/8576088509\" target=\"_blank\" rel=\"noreferrer noopener\">N&atilde;o me fa&ccedil;a pensar<\/a>&ldquo;. &Eacute; o que inspira as propostas de controle das &ldquo;experi&ecirc;ncias de usu&aacute;rios&rdquo; de sites, buscas e de aparelhos, como o seu smartphone &mdash; telefone inteligente. Mas tamb&eacute;m define a era de imers&atilde;o profunda nos pensamentos autom&aacute;ticos.  <\/p>\n\n\n\n<p>&ldquo;Outro dia, ca&iacute; na real que meu filho n&atilde;o conhece as ruas da cidade onde moramos. Ele entra no carro e j&aacute; aciona o Google Maps. N&atilde;o tem nem ideia do nome das ruas.&rdquo; O relato, publicado no Twitter, mostra como tendemos a deixar de ser exploradores dos espa&ccedil;os na era digital. Se n&atilde;o sabemos o caminho a seguir, recorremos &agrave;s respostas dos sistemas de busca, aos v&iacute;deos de influenciadores do YouTube e aos mapas do Google. A internet tem todas as respostas para as nossas d&uacute;vidas.  <\/p>\n\n\n\n<p>Em tempos de fartura de informa&ccedil;&otilde;es e conte&uacute;dos, o c&eacute;rebro de cada um de n&oacute;s agradece a possibilidade de pensar pouco. O menos poss&iacute;vel. Apesar do r&aacute;pido avan&ccedil;o cient&iacute;fico, muito do funcionamento do c&eacute;rebro continua um mist&eacute;rio. As opera&ccedil;&otilde;es individuais de neur&ocirc;nios e sinapses hoje s&atilde;o compreendidas com detalhamento consider&aacute;vel, mas o modo como eles cooperam em grupos de milhares ou milh&otilde;es tem sido dif&iacute;cil de decifrar.<\/p>\n\n\n\n<p>Mas de uma coisa j&aacute; se tem certeza. Pesquisadores de neuroci&ecirc;ncia, psicologia social e ci&ecirc;ncias cognitivas, das &aacute;reas de humanas e sociais, concluem que a economia de energia &eacute; uma das principais preocupa&ccedil;&otilde;es do sistema cerebral dos animais. Inclusive do ser humano. Claro. Ou principalmente, se consideramos que somos os &uacute;nicos com habilidades mais desenvolvidas de racioc&iacute;nio. <\/p>\n\n\n\n<p>Portanto, <strong>se n&atilde;o pensamos no futuro &eacute; porque n&atilde;o devemos gastar energia<\/strong>, o que poderia &ldquo;chatear&rdquo; o nosso c&eacute;rebro. H&aacute; outros conhecimentos novos sobre a mente, que explicam a forma como pensamos no dia a dia, privilegiando o racioc&iacute;nio bin&aacute;rio. Na verdade, as ci&ecirc;ncias tamb&eacute;m conclu&iacute;ram que, ao tomar decis&otilde;es, tendemos a lidar com umas duas vari&aacute;veis, no m&aacute;ximo. E, matematicamente falando, as duas vari&aacute;veis j&aacute; representam quatro cen&aacute;rios de futuro poss&iacute;veis, que podem gerar um grande esfor&ccedil;o de gasto de energia.<\/p>\n\n\n\n<h2 class=\"wp-block-heading\">Ent&atilde;o<\/h2>\n\n\n\n<h4 class=\"wp-block-heading\">Seguiremos com tr&ecirc;s conclus&otilde;es:<\/h4>\n\n\n\n<ul class=\"wp-block-list\"><li>Sim, pensamos no futuro<\/li><li>N&atilde;o temos m&eacute;todos pessoais de reflex&atilde;o sobre o futuro<\/li><li>O c&eacute;rebro agradece se n&atilde;o pensarmos<\/li><\/ul>\n\n\n\n<h4 class=\"wp-block-heading\">e uma pergunta<\/h4>\n\n\n\n<ul class=\"wp-block-list\"><li>E agora, o que fazer?<\/li><\/ul>\n\n\n\n<div class=\"wp-block-columns is-layout-flex wp-container-core-columns-is-layout-9d6595d7 wp-block-columns-is-layout-flex\">\n<div class=\"wp-block-column is-layout-flow wp-block-column-is-layout-flow\">\n<div class=\"wp-block-contact-form-7-contact-form-selector\">\n<div class=\"wpcf7 no-js\" id=\"wpcf7-f2084-o1\" lang=\"pt-BR\" dir=\"ltr\" data-wpcf7-id=\"2084\">\n<div class=\"screen-reader-response\"><p role=\"status\" aria-live=\"polite\" aria-atomic=\"true\"><\/p> <ul><\/ul><\/div>\n<form action=\"\/test\/wp-json\/wp\/v2\/posts\/22446#wpcf7-f2084-o1\" method=\"post\" class=\"wpcf7-form init\" aria-label=\"Formul&aacute;rios de contato\" novalidate=\"novalidate\" data-status=\"init\">\n<fieldset class=\"hidden-fields-container\"><input type=\"hidden\" name=\"_wpcf7\" value=\"2084\"><input type=\"hidden\" name=\"_wpcf7_version\" value=\"6.1.5\"><input type=\"hidden\" name=\"_wpcf7_locale\" value=\"pt_BR\"><input type=\"hidden\" name=\"_wpcf7_unit_tag\" value=\"wpcf7-f2084-o1\"><input type=\"hidden\" name=\"_wpcf7_container_post\" value=\"0\"><input type=\"hidden\" name=\"_wpcf7_posted_data_hash\" value=\"\">\n<\/fieldset>\n<p>Seu Nome (obrigat&oacute;rio)\n<\/p>\n<p><span class=\"wpcf7-form-control-wrap\" data-name=\"your-name\"><input size=\"40\" maxlength=\"400\" class=\"wpcf7-form-control wpcf7-text wpcf7-validates-as-required\" aria-required=\"true\" aria-invalid=\"false\" value=\"\" type=\"text\" name=\"your-name\"><\/span>\n<\/p>\n<p>Seu e-mail (obrigat&oacute;rio)\n<\/p>\n<p><span class=\"wpcf7-form-control-wrap\" data-name=\"your-email\"><input size=\"40\" maxlength=\"400\" class=\"wpcf7-form-control wpcf7-email wpcf7-validates-as-required wpcf7-text wpcf7-validates-as-email\" aria-required=\"true\" aria-invalid=\"false\" value=\"\" type=\"email\" name=\"your-email\"><\/span>\n<\/p>\n<p>Assunto\n<\/p>\n<p><span class=\"wpcf7-form-control-wrap\" data-name=\"your-subject\"><input size=\"40\" maxlength=\"400\" class=\"wpcf7-form-control wpcf7-text\" aria-invalid=\"false\" value=\"\" type=\"text\" name=\"your-subject\"><\/span>\n<\/p>\n<p>Sua mensagem\n<\/p>\n<p><span class=\"wpcf7-form-control-wrap\" data-name=\"your-message\"><textarea cols=\"40\" rows=\"10\" maxlength=\"2000\" class=\"wpcf7-form-control wpcf7-textarea\" aria-invalid=\"false\" name=\"your-message\"><\/textarea><\/span>\n<\/p>\n<p><input class=\"wpcf7-form-control wpcf7-submit has-spinner\" type=\"submit\" value=\"Enviar\">\n<\/p><p style=\"display: none !important;\"><label>&Delta;<textarea name=\"_wpcf7_ak_hp_textarea\" cols=\"45\" rows=\"8\" maxlength=\"100\"><\/textarea><\/label><input type=\"hidden\" id=\"ak_js_1\" name=\"_wpcf7_ak_js\" value=\"208\"><script>document.getElementById( \"ak_js_1\" ).setAttribute( \"value\", ( new Date() ).getTime() );<\/script><\/p><input type=\"hidden\" class=\"wpcf7-pum\" value='{\"closepopup\":true,\"closedelay\":5,\"openpopup\":false,\"openpopup_id\":12983}'><div class=\"wpcf7-response-output\" aria-hidden=\"true\"><\/div>\n<\/form>\n<\/div>\n<\/div>\n<\/div>\n\n\n\n<div class=\"wp-block-column is-layout-flow wp-block-column-is-layout-flow\"><p class=\"wp-block-tag-cloud\"><a href=\"https:\/\/radardofuturo.com.br\/test\/tag\/ambiente-politico\/\" class=\"tag-cloud-link tag-link-68 tag-link-position-1\" style=\"font-size: 8pt;\" aria-label=\"ambiente pol&iacute;tico (11 itens)\">ambiente pol&iacute;tico<\/a>\n<a href=\"https:\/\/radardofuturo.com.br\/test\/tag\/ambiente-social\/\" class=\"tag-cloud-link tag-link-65 tag-link-position-2\" style=\"font-size: 8pt;\" aria-label=\"ambiente social (11 itens)\">ambiente social<\/a>\n<a href=\"https:\/\/radardofuturo.com.br\/test\/tag\/automacao\/\" class=\"tag-cloud-link tag-link-56 tag-link-position-3\" style=\"font-size: 10.530120481928pt;\" aria-label=\"automa&ccedil;&atilde;o (16 itens)\">automa&ccedil;&atilde;o<\/a>\n<a href=\"https:\/\/radardofuturo.com.br\/test\/tag\/cenarios\/\" class=\"tag-cloud-link tag-link-107 tag-link-position-4\" style=\"font-size: 10.530120481928pt;\" aria-label=\"cen&aacute;rios (16 itens)\">cen&aacute;rios<\/a>\n<a href=\"https:\/\/radardofuturo.com.br\/test\/tag\/comercio-eletronico\/\" class=\"tag-cloud-link tag-link-62 tag-link-position-5\" style=\"font-size: 11.710843373494pt;\" aria-label=\"com&eacute;rcio eletr&ocirc;nico (19 itens)\">com&eacute;rcio eletr&ocirc;nico<\/a>\n<a href=\"https:\/\/radardofuturo.com.br\/test\/tag\/conjuntura\/\" class=\"tag-cloud-link tag-link-2247 tag-link-position-6\" style=\"font-size: 17.614457831325pt;\" aria-label=\"conjuntura (44 itens)\">conjuntura<\/a>\n<a href=\"https:\/\/radardofuturo.com.br\/test\/tag\/conjuntura-economica\/\" class=\"tag-cloud-link tag-link-2308 tag-link-position-7\" style=\"font-size: 13.397590361446pt;\" aria-label=\"conjuntura econ&ocirc;mica (24 itens)\">conjuntura econ&ocirc;mica<\/a>\n<a href=\"https:\/\/radardofuturo.com.br\/test\/tag\/conjuntura-politica\/\" class=\"tag-cloud-link tag-link-2309 tag-link-position-8\" style=\"font-size: 14.915662650602pt;\" aria-label=\"conjuntura pol&iacute;tica (30 itens)\">conjuntura pol&iacute;tica<\/a>\n<a href=\"https:\/\/radardofuturo.com.br\/test\/tag\/conjuntura-social\/\" class=\"tag-cloud-link tag-link-2338 tag-link-position-9\" style=\"font-size: 12.722891566265pt;\" aria-label=\"conjuntura social (22 itens)\">conjuntura social<\/a>\n<a href=\"https:\/\/radardofuturo.com.br\/test\/tag\/crise-climatica\/\" class=\"tag-cloud-link tag-link-452 tag-link-position-10\" style=\"font-size: 14.746987951807pt;\" aria-label=\"crise clim&aacute;tica (29 itens)\">crise clim&aacute;tica<\/a>\n<a href=\"https:\/\/radardofuturo.com.br\/test\/tag\/desemprego\/\" class=\"tag-cloud-link tag-link-273 tag-link-position-11\" style=\"font-size: 8.5060240963855pt;\" aria-label=\"desemprego (12 itens)\">desemprego<\/a>\n<a href=\"https:\/\/radardofuturo.com.br\/test\/tag\/digitalizacao\/\" class=\"tag-cloud-link tag-link-212 tag-link-position-12\" style=\"font-size: 8.5060240963855pt;\" aria-label=\"digitaliza&ccedil;&atilde;o (12 itens)\">digitaliza&ccedil;&atilde;o<\/a>\n<a href=\"https:\/\/radardofuturo.com.br\/test\/tag\/educacao\/\" class=\"tag-cloud-link tag-link-70 tag-link-position-13\" style=\"font-size: 9.1807228915663pt;\" aria-label=\"educa&ccedil;&atilde;o (13 itens)\">educa&ccedil;&atilde;o<\/a>\n<a href=\"https:\/\/radardofuturo.com.br\/test\/tag\/energia-solar\/\" class=\"tag-cloud-link tag-link-162 tag-link-position-14\" style=\"font-size: 11.036144578313pt;\" aria-label=\"energia solar (17 itens)\">energia solar<\/a>\n<a href=\"https:\/\/radardofuturo.com.br\/test\/tag\/futuro\/\" class=\"tag-cloud-link tag-link-106 tag-link-position-15\" style=\"font-size: 12.722891566265pt;\" aria-label=\"futuro (22 itens)\">futuro<\/a>\n<a href=\"https:\/\/radardofuturo.com.br\/test\/tag\/futuro-da-educacao\/\" class=\"tag-cloud-link tag-link-242 tag-link-position-16\" style=\"font-size: 12.048192771084pt;\" aria-label=\"futuro da educa&ccedil;&atilde;o (20 itens)\">futuro da educa&ccedil;&atilde;o<\/a>\n<a href=\"https:\/\/radardofuturo.com.br\/test\/tag\/futuro-da-industria\/\" class=\"tag-cloud-link tag-link-475 tag-link-position-17\" style=\"font-size: 10.024096385542pt;\" aria-label=\"futuro da ind&uacute;stria (15 itens)\">futuro da ind&uacute;stria<\/a>\n<a href=\"https:\/\/radardofuturo.com.br\/test\/tag\/futuro-da-medicina\/\" class=\"tag-cloud-link tag-link-280 tag-link-position-18\" style=\"font-size: 11.373493975904pt;\" aria-label=\"futuro da medicina (18 itens)\">futuro da medicina<\/a>\n<a href=\"https:\/\/radardofuturo.com.br\/test\/tag\/futuro-das-profissoes\/\" class=\"tag-cloud-link tag-link-240 tag-link-position-19\" style=\"font-size: 15.421686746988pt;\" aria-label=\"futuro das profiss&otilde;es (32 itens)\">futuro das profiss&otilde;es<\/a>\n<a href=\"https:\/\/radardofuturo.com.br\/test\/tag\/futuro-do-comercio\/\" class=\"tag-cloud-link tag-link-532 tag-link-position-20\" style=\"font-size: 11.373493975904pt;\" aria-label=\"futuro do com&eacute;rcio (18 itens)\">futuro do com&eacute;rcio<\/a>\n<a href=\"https:\/\/radardofuturo.com.br\/test\/tag\/futuro-do-consumo\/\" class=\"tag-cloud-link tag-link-595 tag-link-position-21\" style=\"font-size: 8.5060240963855pt;\" aria-label=\"futuro do consumo (12 itens)\">futuro do consumo<\/a>\n<a href=\"https:\/\/radardofuturo.com.br\/test\/tag\/futuro-do-ensino\/\" class=\"tag-cloud-link tag-link-246 tag-link-position-22\" style=\"font-size: 9.1807228915663pt;\" aria-label=\"futuro do ensino (13 itens)\">futuro do ensino<\/a>\n<a href=\"https:\/\/radardofuturo.com.br\/test\/tag\/futuro-do-marketing\/\" class=\"tag-cloud-link tag-link-131 tag-link-position-23\" style=\"font-size: 9.6867469879518pt;\" aria-label=\"futuro do marketing (14 itens)\">futuro do marketing<\/a>\n<a href=\"https:\/\/radardofuturo.com.br\/test\/tag\/futuro-do-planeta\/\" class=\"tag-cloud-link tag-link-797 tag-link-position-24\" style=\"font-size: 9.6867469879518pt;\" aria-label=\"futuro do planeta (14 itens)\">futuro do planeta<\/a>\n<a href=\"https:\/\/radardofuturo.com.br\/test\/tag\/futuro-do-trabalho\/\" class=\"tag-cloud-link tag-link-154 tag-link-position-25\" style=\"font-size: 18.963855421687pt;\" aria-label=\"futuro do trabalho (53 itens)\">futuro do trabalho<\/a>\n<a href=\"https:\/\/radardofuturo.com.br\/test\/tag\/futuro-do-varejo\/\" class=\"tag-cloud-link tag-link-468 tag-link-position-26\" style=\"font-size: 11.373493975904pt;\" aria-label=\"futuro do varejo (18 itens)\">futuro do varejo<\/a>\n<a href=\"https:\/\/radardofuturo.com.br\/test\/tag\/impactos-da-inteligencia-artificial\/\" class=\"tag-cloud-link tag-link-293 tag-link-position-27\" style=\"font-size: 10.530120481928pt;\" aria-label=\"impactos da intelig&ecirc;ncia artificial (16 itens)\">impactos da intelig&ecirc;ncia artificial<\/a>\n<a href=\"https:\/\/radardofuturo.com.br\/test\/tag\/indicadores\/\" class=\"tag-cloud-link tag-link-76 tag-link-position-28\" style=\"font-size: 9.6867469879518pt;\" aria-label=\"indicadores (14 itens)\">indicadores<\/a>\n<a href=\"https:\/\/radardofuturo.com.br\/test\/tag\/industria-4-0\/\" class=\"tag-cloud-link tag-link-346 tag-link-position-29\" style=\"font-size: 8.5060240963855pt;\" aria-label=\"ind&uacute;stria 4.0 (12 itens)\">ind&uacute;stria 4.0<\/a>\n<a href=\"https:\/\/radardofuturo.com.br\/test\/tag\/inovacao\/\" class=\"tag-cloud-link tag-link-47 tag-link-position-30\" style=\"font-size: 16.602409638554pt;\" aria-label=\"inova&ccedil;&atilde;o (38 itens)\">inova&ccedil;&atilde;o<\/a>\n<a href=\"https:\/\/radardofuturo.com.br\/test\/tag\/inteligencia-artificial\/\" class=\"tag-cloud-link tag-link-53 tag-link-position-31\" style=\"font-size: 16.265060240964pt;\" aria-label=\"intelig&ecirc;ncia artificial (36 itens)\">intelig&ecirc;ncia artificial<\/a>\n<a href=\"https:\/\/radardofuturo.com.br\/test\/tag\/internet-das-coisas\/\" class=\"tag-cloud-link tag-link-217 tag-link-position-32\" style=\"font-size: 8pt;\" aria-label=\"internet das coisas (11 itens)\">internet das coisas<\/a>\n<a href=\"https:\/\/radardofuturo.com.br\/test\/tag\/mercado-de-trabalho\/\" class=\"tag-cloud-link tag-link-73 tag-link-position-33\" style=\"font-size: 12.048192771084pt;\" aria-label=\"mercado de trabalho (20 itens)\">mercado de trabalho<\/a>\n<a href=\"https:\/\/radardofuturo.com.br\/test\/tag\/notas-economicas\/\" class=\"tag-cloud-link tag-link-2251 tag-link-position-34\" style=\"font-size: 20.313253012048pt;\" aria-label=\"notas econ&ocirc;micas (63 itens)\">notas econ&ocirc;micas<\/a>\n<a href=\"https:\/\/radardofuturo.com.br\/test\/tag\/oportunidades\/\" class=\"tag-cloud-link tag-link-45 tag-link-position-35\" style=\"font-size: 10.024096385542pt;\" aria-label=\"oportunidades (15 itens)\">oportunidades<\/a>\n<a href=\"https:\/\/radardofuturo.com.br\/test\/tag\/oportunidades-do-futuro\/\" class=\"tag-cloud-link tag-link-423 tag-link-position-36\" style=\"font-size: 8pt;\" aria-label=\"oportunidades do futuro (11 itens)\">oportunidades do futuro<\/a>\n<a href=\"https:\/\/radardofuturo.com.br\/test\/tag\/o-que-vem-por-ai\/\" class=\"tag-cloud-link tag-link-520 tag-link-position-37\" style=\"font-size: 10.530120481928pt;\" aria-label=\"o que vem por a&iacute; (16 itens)\">o que vem por a&iacute;<\/a>\n<a href=\"https:\/\/radardofuturo.com.br\/test\/tag\/pandemia\/\" class=\"tag-cloud-link tag-link-1897 tag-link-position-38\" style=\"font-size: 10.530120481928pt;\" aria-label=\"pandemia (16 itens)\">pandemia<\/a>\n<a href=\"https:\/\/radardofuturo.com.br\/test\/tag\/profissoes-do-futuro\/\" class=\"tag-cloud-link tag-link-239 tag-link-position-39\" style=\"font-size: 13.903614457831pt;\" aria-label=\"profiss&otilde;es do futuro (26 itens)\">profiss&otilde;es do futuro<\/a>\n<a href=\"https:\/\/radardofuturo.com.br\/test\/tag\/pos-graduacao\/\" class=\"tag-cloud-link tag-link-1777 tag-link-position-40\" style=\"font-size: 10.024096385542pt;\" aria-label=\"p&oacute;s-gradua&ccedil;&atilde;o (15 itens)\">p&oacute;s-gradua&ccedil;&atilde;o<\/a>\n<a href=\"https:\/\/radardofuturo.com.br\/test\/tag\/robotizacao\/\" class=\"tag-cloud-link tag-link-40 tag-link-position-41\" style=\"font-size: 8.5060240963855pt;\" aria-label=\"robotiza&ccedil;&atilde;o (12 itens)\">robotiza&ccedil;&atilde;o<\/a>\n<a href=\"https:\/\/radardofuturo.com.br\/test\/tag\/sustentabilidade\/\" class=\"tag-cloud-link tag-link-147 tag-link-position-42\" style=\"font-size: 16.939759036145pt;\" aria-label=\"sustentabilidade (40 itens)\">sustentabilidade<\/a>\n<a href=\"https:\/\/radardofuturo.com.br\/test\/tag\/tecnologia\/\" class=\"tag-cloud-link tag-link-46 tag-link-position-43\" style=\"font-size: 8pt;\" aria-label=\"tecnologia (11 itens)\">tecnologia<\/a>\n<a href=\"https:\/\/radardofuturo.com.br\/test\/tag\/tendencias\/\" class=\"tag-cloud-link tag-link-93 tag-link-position-44\" style=\"font-size: 22pt;\" aria-label=\"tend&ecirc;ncias (81 itens)\">tend&ecirc;ncias<\/a>\n<a href=\"https:\/\/radardofuturo.com.br\/test\/tag\/trabalho-no-futuro\/\" class=\"tag-cloud-link tag-link-604 tag-link-position-45\" style=\"font-size: 10.024096385542pt;\" aria-label=\"trabalho no futuro (15 itens)\">trabalho no futuro<\/a><\/p><\/div>\n<\/div>\n\n\n\n<p><\/p>\n","protected":false},"excerpt":{"rendered":"<p>Precisamos ter boas estrat&eacute;gias para nos conscientizar e antecipar &agrave;s grandes transforma&ccedil;&otilde;es que impactam o futuro das pessoas e da sociedade global<\/p>\n","protected":false},"author":1,"featured_media":22615,"comment_status":"open","ping_status":"open","sticky":false,"template":"","format":"standard","meta":{"tdm_status":"","tdm_grid_status":"","footnotes":"","jetpack_publicize_message":"","jetpack_publicize_feature_enabled":true,"jetpack_social_post_already_shared":true,"jetpack_social_options":{"image_generator_settings":{"template":"highway","enabled":false},"version":2}},"categories":[20,19],"tags":[106,3621],"class_list":{"0":"post-22446","1":"post","2":"type-post","3":"status-publish","4":"format-standard","5":"has-post-thumbnail","7":"category-destaques","8":"category-insights","9":"tag-futuro","10":"tag-pensar-o-futuro"},"jetpack_publicize_connections":[],"jetpack_featured_media_url":"https:\/\/radardofuturo.com.br\/test\/wp-content\/uploads\/2022\/03\/sage-friedman-HS5CLnQbCOc-unsplash-scaled-e1647377865351.jpg","post_mailing_queue_ids":[],"_links":{"self":[{"href":"https:\/\/radardofuturo.com.br\/test\/wp-json\/wp\/v2\/posts\/22446","targetHints":{"allow":["GET"]}}],"collection":[{"href":"https:\/\/radardofuturo.com.br\/test\/wp-json\/wp\/v2\/posts"}],"about":[{"href":"https:\/\/radardofuturo.com.br\/test\/wp-json\/wp\/v2\/types\/post"}],"author":[{"embeddable":true,"href":"https:\/\/radardofuturo.com.br\/test\/wp-json\/wp\/v2\/users\/1"}],"replies":[{"embeddable":true,"href":"https:\/\/radardofuturo.com.br\/test\/wp-json\/wp\/v2\/comments?post=22446"}],"version-history":[{"count":0,"href":"https:\/\/radardofuturo.com.br\/test\/wp-json\/wp\/v2\/posts\/22446\/revisions"}],"wp:featuredmedia":[{"embeddable":true,"href":"https:\/\/radardofuturo.com.br\/test\/wp-json\/wp\/v2\/media\/22615"}],"wp:attachment":[{"href":"https:\/\/radardofuturo.com.br\/test\/wp-json\/wp\/v2\/media?parent=22446"}],"wp:term":[{"taxonomy":"category","embeddable":true,"href":"https:\/\/radardofuturo.com.br\/test\/wp-json\/wp\/v2\/categories?post=22446"},{"taxonomy":"post_tag","embeddable":true,"href":"https:\/\/radardofuturo.com.br\/test\/wp-json\/wp\/v2\/tags?post=22446"}],"curies":[{"name":"wp","href":"https:\/\/api.w.org\/{rel}","templated":true}]}}