{"id":22137,"date":"2022-02-14T16:50:32","date_gmt":"2022-02-14T19:50:32","guid":{"rendered":"https:\/\/radardofuturo.com.br\/?p=22137"},"modified":"2022-02-14T16:50:38","modified_gmt":"2022-02-14T19:50:38","slug":"4-tendencias-tecnologicas-da-nrf-2022-aplicaveis-ao-futuro-do-varejo","status":"publish","type":"post","link":"https:\/\/radardofuturo.com.br\/test\/4-tendencias-tecnologicas-da-nrf-2022-aplicaveis-ao-futuro-do-varejo\/","title":{"rendered":"4 tend\u00eancias tecnol\u00f3gicas da NRF 2022 aplic\u00e1veis ao futuro do varejo"},"content":{"rendered":"\n<p><strong>Confira <a href=\"https:\/\/radardofuturo.com.br\/test\/ddof\/o-que-sao-tendencias\/\" target=\"_self\" title=\"Confira o que s&atilde;o tend&ecirc;ncias, os fatos ou fen&ocirc;menos que podem acontecer em algum momento adiante na hist&oacute;ria da sociedade, como um novo comportamento individual ou de um grupo\" class=\"encyclopedia\">tend&ecirc;ncias<\/a> que apontam para o futuro do varejo, apresentadas durante evento realizado nos EUA no in&iacute;cio do ano <\/strong><\/p>\n\n\n\n<figure class=\"wp-block-image size-large\"><img loading=\"lazy\" decoding=\"async\" width=\"1024\" height=\"574\" src=\"https:\/\/radardofuturo.com.br\/test\/wp-content\/uploads\/2021\/12\/ilustracao-usuario-de-tecnologia-interagindo-no-computador-pixabay-1024x574.jpg\" alt=\"ilustracao de usu&aacute;rio de computador interagindo com redes\nmat&eacute;ria sobre o futuro do varejo - imagem: Pixabay\n\" class=\"wp-image-20537\" srcset=\"https:\/\/radardofuturo.com.br\/test\/wp-content\/uploads\/2021\/12\/ilustracao-usuario-de-tecnologia-interagindo-no-computador-pixabay-1024x574.jpg 1024w, https:\/\/radardofuturo.com.br\/test\/wp-content\/uploads\/2021\/12\/ilustracao-usuario-de-tecnologia-interagindo-no-computador-pixabay-300x168.jpg 300w, https:\/\/radardofuturo.com.br\/test\/wp-content\/uploads\/2021\/12\/ilustracao-usuario-de-tecnologia-interagindo-no-computador-pixabay-768x430.jpg 768w, https:\/\/radardofuturo.com.br\/test\/wp-content\/uploads\/2021\/12\/ilustracao-usuario-de-tecnologia-interagindo-no-computador-pixabay-696x390.jpg 696w, https:\/\/radardofuturo.com.br\/test\/wp-content\/uploads\/2021\/12\/ilustracao-usuario-de-tecnologia-interagindo-no-computador-pixabay.jpg 1280w\" sizes=\"auto, (max-width: 1024px) 100vw, 1024px\"><figcaption>llustra&ccedil;&atilde;o: Pixabay<\/figcaption><\/figure>\n\n\n\n<!--more-->\n\n\n\n<p><em>Edilson Gon&ccedil;alves *<\/em><\/p>\n\n\n\n<p>De uns anos para c&aacute; muito se discute sobre o cen&aacute;rio e o impacto que os neg&oacute;cios v&ecirc;m sofrendo, sobretudo ap&oacute;s o in&iacute;cio da pandemia. As exig&ecirc;ncias de um ambiente cada vez mais digital e regado a novas tecnologias, principalmente para as empresas varejistas, &eacute; um sinal de aten&ccedil;&atilde;o e um momento estrat&eacute;gico para olhar o planejamento com uma vis&atilde;o voltada para solu&ccedil;&otilde;es que se relacionam profundamente com a boa experi&ecirc;ncia do consumidor.<\/p>\n\n\n\n<p>O Brasil est&aacute; totalmente alinhado com o que o mercado global espera e precisa, e a edi&ccedil;&atilde;o deste ano, da NRF, apontou para caminhos que, felizmente, j&aacute; trilhamos h&aacute; algum tempo. Por um lado, vivemos um futuro incerto devido a in&uacute;meros fatores sanit&aacute;rios e econ&ocirc;micos, mas tamb&eacute;m, &eacute; exatamente por isso que o per&iacute;odo exige que as empresas fiquem por dentro das novidades que possam ser empregadas, e na inova&ccedil;&atilde;o que deve ser mantida em movimento. Quero ent&atilde;o trazer os destaques que vi e que est&atilde;o previstos como <a href=\"https:\/\/radardofuturo.com.br\/test\/ddof\/o-que-sao-tendencias\/\" target=\"_self\" title=\"Confira o que s&atilde;o tend&ecirc;ncias, os fatos ou fen&ocirc;menos que podem acontecer em algum momento adiante na hist&oacute;ria da sociedade, como um novo comportamento individual ou de um grupo\" class=\"encyclopedia\">tend&ecirc;ncias<\/a> para o varejo em 2022, e mais: podem e devem ser aplicados por aqui.<\/p>\n\n\n\n<h2 class=\"wp-block-heading\">Self-Checkout<\/h2>\n\n\n\n<p>H&aacute; pouco tempo, o conceito de autoatendimento era visto por muitos aqui no Brasil, como algo distante, futur&iacute;stico e restrito a poucas regi&otilde;es, geralmente as mais desenvolvidas. E esse cen&aacute;rio, felizmente, tem sido desmistificado. O self-checkout foi uma das principais <a href=\"https:\/\/radardofuturo.com.br\/test\/ddof\/o-que-sao-tendencias\/\" target=\"_self\" title=\"Confira o que s&atilde;o tend&ecirc;ncias, os fatos ou fen&ocirc;menos que podem acontecer em algum momento adiante na hist&oacute;ria da sociedade, como um novo comportamento individual ou de um grupo\" class=\"encyclopedia\">tend&ecirc;ncias<\/a> que observei na NFR. A proposta &eacute; que o consumidor tenha uma experi&ecirc;ncia sem interven&ccedil;&otilde;es humanas, a come&ccedil;ar sem a presen&ccedil;a do operador de caixa. Muitos s&atilde;o os benef&iacute;cios dessa tend&ecirc;ncia que pretende crescer muito; a redu&ccedil;&atilde;o de custos e a diminui&ccedil;&atilde;o no tempo de espera s&atilde;o alguns que podemos mensurar.<\/p>\n\n\n\n<h2 class=\"wp-block-heading\">Reconhecimento facial e vis&atilde;o computacional<\/h2>\n\n\n\n<p>Em uma recente pesquisa realizada pelo Gartner, 24% das empresas aumentaram os seus investimentos em aplica&ccedil;&otilde;es relacionadas a Intelig&ecirc;ncia Artificial (IA), mesmo com as adversidades da pandemia. Time is money, e o contexto de reconhecimento de imagem traz a automa&ccedil;&atilde;o completa que o varejo precisa. Durante a feira, tivemos um exemplo incr&iacute;vel do uso dessa tecnologia que veio para ficar. A Amazon apresentou solu&ccedil;&otilde;es a fim de agilizar os processos de vendas, como o grab and go (pegue e v&aacute;), o que reflete em mais comodidade para os consumidores, e uma experi&ecirc;ncia memor&aacute;vel aos clientes.<\/p>\n\n\n\n<h2 class=\"wp-block-heading\">Mobilidade &ndash; Terminais Mobile<\/h2>\n\n\n\n<p>Mobilidade e praticidade s&atilde;o praticamente dados como sin&ocirc;nimos, como a gente p&ocirc;de ver em v&aacute;rias tecnologias apresentadas durante a NRF. Os terminais mobile, por exemplo, s&atilde;o solu&ccedil;&otilde;es muito procuradas pelos clientes aqui na empresa. H&aacute; a possibilidade de gerenciar o ponto de venda &agrave; dist&acirc;ncia e de qualquer lugar, o que &eacute; uma grande oportunidade para aqueles que buscam ter a gest&atilde;o da base na palma da m&atilde;o, independentemente da capilaridade da opera&ccedil;&atilde;o. Esse t&oacute;pico ressalta a import&acirc;ncia do tempo nos dias atuais e o quanto essa otimiza&ccedil;&atilde;o &eacute; sin&ocirc;nimo de preocupa&ccedil;&atilde;o dentro da gest&atilde;o dos neg&oacute;cios.<\/p>\n\n\n\n<h2 class=\"wp-block-heading\">Android x Windows<\/h2>\n\n\n\n<p>Um outro ponto importante que vimos &eacute; que o Android entrou para ficar no varejo. A migra&ccedil;&atilde;o de solu&ccedil;&otilde;es Windows para o Android &eacute; um fato, e os benef&iacute;cios s&atilde;o in&uacute;meros. Por ser um sistema menos oneroso e que n&atilde;o requer muito processamento e mem&oacute;ria, aos poucos os lojistas entendem que esta &eacute; uma solu&ccedil;&atilde;o compacta, leve e robusta que atende melhor qualquer tipo de neg&oacute;cio. No mercado global de POS desktop, em torno de 80% &eacute; Windows e 20% Android, mas ainda no Brasil a migra&ccedil;&atilde;o para essa tecnologia est&aacute; perto da marca dos 10%, o que mostra oportunidade no segmento, pois esse n&uacute;mero tende a crescer diariamente nos pr&oacute;ximos meses seguindo esta tend&ecirc;ncia global.<\/p>\n\n\n\n<p>O ano de 2022 tem tudo para ser prop&iacute;cio aos neg&oacute;cios do setor varejista, tanto os locais quanto os mundiais. Estes s&atilde;o apenas alguns pontos importantes que os lojistas brasileiros devem se atentar para estar em par com o consumo mundial. O modo como o mundo consome &ndash; em todos os aspectos do estilo de vida &ndash; mudou drasticamente, as expectativas j&aacute; n&atilde;o s&atilde;o mais as mesmas como eram alguns meses atr&aacute;s. Este ano a oportunidade continua batendo &agrave;s portas de quem est&aacute; caminhando junto a transforma&ccedil;&atilde;o. Com isso, deixo a pergunta: voc&ecirc; j&aacute; est&aacute; de m&atilde;os dadas com ela? Se ainda n&atilde;o, minha dica &eacute; que voc&ecirc; procure por um parceiro inovador e que esteja alinhado ao que sua demanda precisa. Mas n&atilde;o demore, como j&aacute; sabemos: Time is money!<\/p>\n\n\n\n<hr class=\"wp-block-separator is-style-default\">\n\n\n\n<ul class=\"wp-block-list\"><li><strong>Edilson Gon&ccedil;alves &eacute; Gerente Comercial da Gertec<\/strong><br><\/li><\/ul>\n\n\n\n<h2 class=\"wp-block-heading\">Sobre a Gertec<\/h2>\n\n\n\n<p>A Gertec &eacute; uma empresa brasileira desenvolvedora de solu&ccedil;&otilde;es tecnol&oacute;gicas para meios de pagamento, automa&ccedil;&atilde;o comercial e banc&aacute;ria, solu&ccedil;&otilde;es de pesquisa e fiscais, e plataformas de gerenciamento, apoiando e ajudando na transforma&ccedil;&atilde;o do varejo. Atua h&aacute; mais de 32 anos e conta com mais de mil colaboradores em diferentes locais, sendo duas unidades fabris, Ilh&eacute;us e Manaus, uma unidade de neg&oacute;cios em S&atilde;o Paulo, e uma unidade de servi&ccedil;os em Diadema. Al&eacute;m de uma rede credenciada de assist&ecirc;ncia t&eacute;cnica e suporte em todo o Brasil.<br><\/p>\n","protected":false},"excerpt":{"rendered":"<p>Confira <a href=\"https:\/\/radardofuturo.com.br\/test\/ddof\/o-que-sao-tendencias\/\" target=\"_self\" title=\"Confira o que s&atilde;o tend&ecirc;ncias, os fatos ou fen&ocirc;menos que podem acontecer em algum momento adiante na hist&oacute;ria da sociedade, como um novo comportamento individual ou de um grupo\" class=\"encyclopedia\">tend&ecirc;ncias<\/a> que apontam para o futuro do varejo, apresentadas durante evento realizado nos EUA no in&iacute;cio do ano<\/p>\n","protected":false},"author":1,"featured_media":20537,"comment_status":"open","ping_status":"open","sticky":false,"template":"","format":"standard","meta":{"tdm_status":"","tdm_grid_status":"","footnotes":"","jetpack_publicize_message":"","jetpack_publicize_feature_enabled":true,"jetpack_social_post_already_shared":true,"jetpack_social_options":{"image_generator_settings":{"template":"highway","enabled":false},"version":2}},"categories":[36,20,3577,19],"tags":[468,3607,469],"class_list":{"0":"post-22137","1":"post","2":"type-post","3":"status-publish","4":"format-standard","5":"has-post-thumbnail","7":"category-pensadores-futuro","8":"category-destaques","9":"category-em-2025","10":"category-insights","11":"tag-futuro-do-varejo","12":"tag-tecnologias-no-varejo","13":"tag-tendencias-do-varejo"},"jetpack_publicize_connections":[],"jetpack_featured_media_url":"https:\/\/radardofuturo.com.br\/test\/wp-content\/uploads\/2021\/12\/ilustracao-usuario-de-tecnologia-interagindo-no-computador-pixabay.jpg","post_mailing_queue_ids":[],"_links":{"self":[{"href":"https:\/\/radardofuturo.com.br\/test\/wp-json\/wp\/v2\/posts\/22137","targetHints":{"allow":["GET"]}}],"collection":[{"href":"https:\/\/radardofuturo.com.br\/test\/wp-json\/wp\/v2\/posts"}],"about":[{"href":"https:\/\/radardofuturo.com.br\/test\/wp-json\/wp\/v2\/types\/post"}],"author":[{"embeddable":true,"href":"https:\/\/radardofuturo.com.br\/test\/wp-json\/wp\/v2\/users\/1"}],"replies":[{"embeddable":true,"href":"https:\/\/radardofuturo.com.br\/test\/wp-json\/wp\/v2\/comments?post=22137"}],"version-history":[{"count":0,"href":"https:\/\/radardofuturo.com.br\/test\/wp-json\/wp\/v2\/posts\/22137\/revisions"}],"wp:featuredmedia":[{"embeddable":true,"href":"https:\/\/radardofuturo.com.br\/test\/wp-json\/wp\/v2\/media\/20537"}],"wp:attachment":[{"href":"https:\/\/radardofuturo.com.br\/test\/wp-json\/wp\/v2\/media?parent=22137"}],"wp:term":[{"taxonomy":"category","embeddable":true,"href":"https:\/\/radardofuturo.com.br\/test\/wp-json\/wp\/v2\/categories?post=22137"},{"taxonomy":"post_tag","embeddable":true,"href":"https:\/\/radardofuturo.com.br\/test\/wp-json\/wp\/v2\/tags?post=22137"}],"curies":[{"name":"wp","href":"https:\/\/api.w.org\/{rel}","templated":true}]}}