{"id":22019,"date":"2022-02-14T16:12:14","date_gmt":"2022-02-14T19:12:14","guid":{"rendered":"https:\/\/radardofuturo.com.br\/?p=22019"},"modified":"2022-02-14T16:56:23","modified_gmt":"2022-02-14T19:56:23","slug":"automacao-o-que-esperar-do-futuro-do-varejo","status":"publish","type":"post","link":"https:\/\/radardofuturo.com.br\/test\/automacao-o-que-esperar-do-futuro-do-varejo\/","title":{"rendered":"Automa\u00e7\u00e3o: o que esperar do futuro do varejo"},"content":{"rendered":"\n<pre class=\"wp-block-preformatted has-regular-font-size\"><strong>A tend\u00eancia: o varejo global vai acelerar os investimentos em automa\u00e7\u00e3o de suas atividades<\/strong><\/pre>\n\n\n\n<figure class=\"wp-block-image size-large\"><img loading=\"lazy\" decoding=\"async\" width=\"768\" height=\"1024\" src=\"https:\/\/radardofuturo.com.br\/test\/wp-content\/uploads\/2021\/06\/pexels-photo-1005638-768x1024.jpeg\" alt=\"grocery cart with item\" class=\"wp-image-17172\" srcset=\"https:\/\/radardofuturo.com.br\/test\/wp-content\/uploads\/2021\/06\/pexels-photo-1005638-768x1024.jpeg 768w, https:\/\/radardofuturo.com.br\/test\/wp-content\/uploads\/2021\/06\/pexels-photo-1005638-225x300.jpeg 225w, https:\/\/radardofuturo.com.br\/test\/wp-content\/uploads\/2021\/06\/pexels-photo-1005638-696x928.jpeg 696w, https:\/\/radardofuturo.com.br\/test\/wp-content\/uploads\/2021\/06\/pexels-photo-1005638.jpeg 975w\" sizes=\"auto, (max-width: 768px) 100vw, 768px\"><figcaption>Photo by Oleg Magni on <a href=\"https:\/\/www.pexels.com\/photo\/grocery-cart-with-item-1005638\/\" rel=\"nofollow noopener\" target=\"_blank\">Pexels.com<\/a><\/figcaption><\/figure>\n\n\n\n<!--more-->\n\n\n\n<p><em>Carlos Pl&aacute;cido Teixeira<br>Jornalista I Radar do Futuro<\/em><\/p>\n\n\n\n<p><\/p>\n\n\n\n<p class=\"has-drop-cap\">Em janeiro, a Amazon, l&iacute;der global do com&eacute;rcio eletr&ocirc;nico, anunciou a inten&ccedil;&atilde;o de abrir lojas de conveni&ecirc;ncia em &aacute;reas suburbanas nos Estados Unidos. Ser&atilde;o unidades da marca Amazon Go, conhecidas por possibilitar aos consumidores a realiza&ccedil;&atilde;o de compras sem a necessidade de passar por caixas humanos ou de enfrentar filas. O projeto indica a disposi&ccedil;&atilde;o da empresa em levar o conceito para diversos neg&oacute;cios, incluindo supermercados e lojas de roupas. <\/p>\n\n\n\n<p>O movimento da &ldquo;big tech&rdquo; dos Estados Unidos revela que o mundo est&aacute; mais pr&oacute;ximo do dia em que lojas com modelos semelhantes, sem caixas humanos, controladas por sensores e automatizadas, sejam um padr&atilde;o para o mercado. Brevemente, ser&aacute; cada vez mais comum acessar centros de compras onde funcion&aacute;rios s&atilde;o impercept&iacute;veis, com c&acirc;meras espalhadas com tecnologia de vis&atilde;o computacional para que o consumidor pegue o que precisa e v&aacute; embora sem passar por nenhuma fila. E tudo cobrado automaticamente na conta.  <\/p>\n\n\n\n<p>Ainda vai demorar uns cinco anos, avalia F&aacute;bio Turuta, diretor de Desenvolvimento de Neg&oacute;cios da Gertec, empresa especializada no segmento. Ainda existem etapas, que j&aacute; come&ccedil;aram a ser ultrapassadas, at&eacute; o momento de automa&ccedil;&atilde;o total. Hoje, a etapa evolutiva da automa&ccedil;&atilde;o &eacute; caracterizada pela migra&ccedil;&atilde;o para produtos integrados, tudo em um, e  terminais inteligentes. Segundo o executivo da Gertec, uma inova&ccedil;&atilde;o que facilita a vida do comerciante, que n&atilde;o precisa comprar v&aacute;rias m&aacute;quinas. <\/p>\n\n\n\n<h2 class=\"wp-block-heading\">Ambiente de acelera&ccedil;&atilde;o<\/h2>\n\n\n\n<p>Depois de caminhar pausadamente nas &uacute;ltimas d&eacute;cadas, os investimentos em automa&ccedil;&atilde;o tendem a ser acelerados nos pr&oacute;ximos anos no com&eacute;rcio em todo o planeta. Da porta para dentro, administra&ccedil;&otilde;es de lojas e grandes corpora&ccedil;&otilde;es v&atilde;o se adaptar &agrave; transi&ccedil;&atilde;o da era da computa&ccedil;&atilde;o para a era digital. Propriet&aacute;rios ou gestores v&atilde;o compreender, por vontade pr&oacute;pria ou n&atilde;o, que a nova fase de introdu&ccedil;&atilde;o de inova&ccedil;&otilde;es de funcionamento das lojas envolve a converg&ecirc;ncia dos equipamentos e sistemas tecnol&oacute;gicos. <\/p>\n\n\n\n<p>Sob a for&ccedil;a da <a href=\"https:\/\/radardofuturo.com.br\/test\/ddof\/digitalizacao\/\" target=\"_self\" title=\"Digitaliza&ccedil;&atilde;o &eacute; o processo que transforma coisas anal&oacute;gicas, ou seja, algo com exist&ecirc;ncia f&iacute;sica, como um documento, uma foto, um disco de vinil ou seu ambiente de trabalho, em sistemas ou recursos acess&iacute;veis por computador.\" class=\"encyclopedia\">digitaliza&ccedil;&atilde;o<\/a>, todas atividades envolvidas na gest&atilde;o de neg&oacute;cios estar&atilde;o &agrave; m&atilde;o, em poucos e pequenos aparelhos. Ou, como assinala F&aacute;bio Turuta, &ldquo;all in one&rdquo;, tudo em um. Os investimentos em automa&ccedil;&atilde;o do setor varejistas ganharam maior velocidade globalmente por conta das mudan&ccedil;as do cen&aacute;rio do mercado de consumo. A pandemia &eacute; um marco da mudan&ccedil;a de velocidade. Nos Estados Unidos, o com&eacute;rcio eletr&ocirc;nico cresceu com velocidade mais de tr&ecirc;s vezes maior de 2019 a 2020 do que nos cinco anos anteriores. <\/p>\n\n\n\n<p>Processo de organiza&ccedil;&atilde;o e realiza&ccedil;&atilde;o de tarefas produtivas, administrativas ou comerciais com o uso de m&aacute;quinas inicialmente e com softwares, mais recentemente, a automa&ccedil;&atilde;o no ambiente das lojas come&ccedil;ou com as primeiras calculadoras, seguidas pelas caixas registradoras. Primeiro, as mec&acirc;nicas e depois para as eletromec&acirc;nicas, respons&aacute;veis por uma verdadeira revolu&ccedil;&atilde;o na gest&atilde;o do fluxo de recursos. Dos equipamentos mec&acirc;nicos, incluindo m&aacute;quinas de escrever e de ponto, a hist&oacute;ria evoluiu para computadores e leitores de c&oacute;digos informatizados desde os anos 1990 at&eacute; o in&iacute;cio do s&eacute;culo. <\/p>\n\n\n\n<p>Mas a automa&ccedil;&atilde;o propriamente, em que tarefas s&atilde;o realizadas com a cada vez menor necessidade de intermedi&aacute;rios humanos, come&ccedil;a a ganhar for&ccedil;a propriamente a partir dos anos 2010, acompanhando a evolu&ccedil;&atilde;o do com&eacute;rcio eletr&ocirc;nico e das tecnologias de informa&ccedil;&atilde;o e comunica&ccedil;&atilde;o. O salto &eacute; cada vez mais r&aacute;pido. At&eacute; os pequenos varejistas, que antes n&atilde;o tinham acesso &agrave; tecnologia, acabaram sendo for&ccedil;ados a se adaptar para se adequar &agrave;s exig&ecirc;ncias de rapidez, qualidade e seguran&ccedil;a dos consumidores e mesmo por mudan&ccedil;as na legisla&ccedil;&atilde;o.<\/p>\n\n\n\n<p>Entre a primeira fase da automa&ccedil;&atilde;o, definida pela introdu&ccedil;&atilde;o da inform&aacute;tica e de softwares de gest&atilde;o, como os de folha de pagamento, e o momento atual, h&aacute; algumas diferen&ccedil;as importantes. Por exemplo, nos primeiros momentos da conviv&ecirc;ncia com as tecnologias, o computador era uma novidade absoluta. Ent&atilde;o, existiu a necessidade de convencimento de empres&aacute;rios e consumidores sobre as vantagens da ado&ccedil;&atilde;o das tecnologias. <\/p>\n\n\n\n<p>Hoje, existem h&aacute;bitos consolidados. Mesmo os grupos de pessoas mais idosas, com mais 70 ou 80 anos, est&atilde;o acostumados com o uso de computadores e possuem smartphones pr&oacute;prios. E as resist&ecirc;ncias &agrave;s compras pela internet foram superadas, ou pelo menos atenuadas, por uma grande parte da popula&ccedil;&atilde;o diante da pandemia. A comodidade virou um dos sin&ocirc;nimos das demandas dos consumidores de todos os segmentos da popula&ccedil;&atilde;o.<\/p>\n\n\n\n<h2 class=\"wp-block-heading\">For&ccedil;as de mudan&ccedil;as<\/h2>\n\n\n\n<p>Confira abaixo as principais as for&ccedil;as que favorecem a automa&ccedil;&atilde;o do com&eacute;rcio:<\/p>\n\n\n\n<h4 class=\"wp-block-heading\">Pot&ecirc;ncia tecnol&oacute;gica<\/h4>\n\n\n\n<p>A oferta crescente de recursos baseados em tecnologias digitais que ampliam a efici&ecirc;ncia e a produtividade em todas as atividades, da gest&atilde;o de estoque, controle de vendas, atualiza&ccedil;&atilde;o de informa&ccedil;&otilde;es sobre produtos, negocia&ccedil;&otilde;es com fornecedores e monitoramento de consumidores.  <\/p>\n\n\n\n<h4 class=\"wp-block-heading\">Toda empresa &eacute; uma empresa de tecnologia<\/h4>\n\n\n\n<p>Amazon, Alibaba, Uber e Mercado Livre s&atilde;o redes de com&eacute;rcio ou empresas de tecnologia que comercializam produtos e servi&ccedil;os? As empresas s&atilde;o levadas a adotar o perfil digital, integrando as suas opera&ccedil;&otilde;es a partir do uso intensivo de tecnologias. <\/p>\n\n\n\n<h4 class=\"wp-block-heading\">Enfim, a internet &eacute; tudo<\/h4>\n\n\n\n<p>A <a href=\"https:\/\/radardofuturo.com.br\/test\/ddof\/ubiquidade\/\" target=\"_self\" title=\"Sin&ocirc;nimo de onipresen&ccedil;a, a ubiquidade &eacute;, originalmente, a faculdade divina de algo estar concomitantemente presente em toda parte. O fato de algo estar ou existir em todos os lugares, pessoas, coisas. A palavra passou a ser adotada para definir a capacidade das redes tecnol&oacute;gicas que criam a internet. Como tend&ecirc;ncia, a expectativa &eacute; de que,&hellip;\" class=\"encyclopedia\">ubiquidade<\/a>, sentimento de que a internet &eacute; onipresente, for&ccedil;a os ajustes das estrat&eacute;gias para oferecer relacionamento permanente com todos os p&uacute;blicos. <\/p>\n\n\n\n<h4 class=\"wp-block-heading\">Devagar. E de repente<\/h4>\n\n\n\n<p>Mudan&ccedil;as de mercado cada vez mas abruptas, fechando processos que j&aacute; vinham ocorrendo. Brevemente, mas n&atilde;o inesperadamente, o com&eacute;rcio ter&aacute; de se adaptar &agrave; acelera&ccedil;&atilde;o dos efeitos da introdu&ccedil;&atilde;o da realidade virtual e aumentada, do <a href=\"https:\/\/radardofuturo.com.br\/test\/ddof\/metaverso\/\" target=\"_self\" title='O metaverso &eacute; um termo usado para descrever um espa&ccedil;o virtual em ambientes digitais, como jogos online, m&iacute;dia social e realidade virtual. &Eacute; uma combina&ccedil;&atilde;o do prefixo \"meta\", que significa al&eacute;m, e o radical \"universo\". Cunhado por Neal Stephenson, o metaverso &eacute;, na verdade, o material da fic&ccedil;&atilde;o cient&iacute;fica.&nbsp;Ele falou sobre isso em detalhes em&hellip;' class=\"encyclopedia\">metaverso<\/a> como influ&ecirc;ncia de comportamento e mesmo fatores demogr&aacute;ficos e ambientais, como os impactos das mudan&ccedil;as clim&aacute;ticas.<\/p>\n\n\n\n<h4 class=\"wp-block-heading\">Ebuli&ccedil;&atilde;o das mudan&ccedil;as sociais<\/h4>\n\n\n\n<p>Conveni&ecirc;ncia &eacute; tudo para quem experimenta hoje as facilidades das compras, seja em lojas f&iacute;sicas ou virtuais. Novas demandas, engajamento em causas, mudan&ccedil;as de valores refletem as mudan&ccedil;as, especialmente da gera&ccedil;&atilde;o Z, digital de nascen&ccedil;a, mais pragm&aacute;tica, que predomina como for&ccedil;a motriz dos mercados. Neste contexto, ser&aacute; necess&aacute;rio avaliar os efeitos do home-office no comportamento da classe m&eacute;dia. <\/p>\n\n\n\n<p><\/p>\n\n\n\n<h2 class=\"has-vivid-cyan-blue-color has-text-color wp-block-heading\">Tend&ecirc;ncias gerais<\/h2>\n\n\n\n<p>Algumas das <a href=\"https:\/\/radardofuturo.com.br\/test\/ddof\/o-que-sao-tendencias\/\" target=\"_self\" title=\"Confira o que s&atilde;o tend&ecirc;ncias, os fatos ou fen&ocirc;menos que podem acontecer em algum momento adiante na hist&oacute;ria da sociedade, como um novo comportamento individual ou de um grupo\" class=\"encyclopedia\">tend&ecirc;ncias<\/a> e temas relacionados com automa&ccedil;&atilde;o que merecem ser levados em considera&ccedil;&atilde;o pelos gestores do com&eacute;rcio:<\/p>\n\n\n\n<p><strong>Acelera&ccedil;&atilde;o de mudan&ccedil;as<\/strong> &ndash; entre grandes grupos do varejo e consultores especializados  cresce a percep&ccedil;&atilde;o de que a transi&ccedil;&atilde;o se acelera. N&atilde;o s&oacute; tecnol&oacute;gica, mas econ&ocirc;mica, pol&iacute;tica, social, comportamental etc.<\/p>\n\n\n\n<p><strong>Incertezas demandam aten&ccedil;&atilde;o<\/strong> &ndash; a pandemia estimulou o sentimento de que as incertezas permanecem, com resultado das mudan&ccedil;as aceleradas e da vulnerabilidade, for&ccedil;ando investimentos em adaptabilidade e flexibilidade.<\/p>\n\n\n\n<p><strong>Experi&ecirc;ncia do consumidor <\/strong>&ndash; o tema &eacute; central na vis&atilde;o do mercado, que reconhece a predomin&acirc;ncia de novos comportamentos de quem compra com o apoio das tecnologias. Os investimentos em monitoramento e compreens&atilde;o do  consumidor tendem a ser crescentes, com o uso de sistemas de intelig&ecirc;ncia artificial.<\/p>\n\n\n\n<p><strong>Apropria&ccedil;&atilde;o tecnol&oacute;gica<\/strong> &ndash; mais que usar as tecnologias, o com&eacute;rcio precisar&aacute; adotar postura criativa no uso das inova&ccedil;&otilde;es, como a realidade virtual ou aumentada. &Eacute; essencial o aprendizado de apropria&ccedil;&atilde;o, ou seja, n&atilde;o esperar que terceiros ofere&ccedil;am solu&ccedil;&otilde;es para necessidades internas.<\/p>\n\n\n\n<h4 class=\"has-vivid-cyan-blue-color has-text-color wp-block-heading\">E mais &hellip;<\/h4>\n\n\n\n<ul class=\"wp-block-list\"><li><strong>Uso de sistema baseados em intelig&ecirc;ncia artificial<\/strong><ul><li>Automa&ccedil;&atilde;o de processos<\/li><li>Previs&atilde;o de demanda com aprendizado de m&aacute;quina<\/li><li>An&aacute;lise de dados para gerenciamento de custos e seguran&ccedil;a<\/li><\/ul><\/li><li><strong>Novos modelos de comercializa&ccedil;&atilde;o: diversidade de compra<\/strong><ul><li>compra on line e retirada na loja<\/li><li>compra on line<\/li><li>compra na loja<\/li><\/ul><\/li><li><strong>Novos modelos de pagamento<\/strong><\/li><li><strong>Rob&oacute;tica<\/strong><ul><li>Robotic Process Automation<\/li><li>Hiperautomatiza&ccedil;&atilde;o (automa&ccedil;&atilde;o + intelig&ecirc;ncia artificial)<\/li><\/ul><\/li><li><strong>Sistemas de rastreamento de itens<\/strong><ul><li><a href=\"https:\/\/radardofuturo.com.br\/test\/ddof\/realidade-aumentada\/\" target=\"_self\" title=\"Realidade aumentada &eacute; a tecnologia que utiliza recursos para facilitar a informa&ccedil;&otilde;es e conhecimentos do mundo externo, seja sobre caracter&iacute;sticas de produtos, de coisas ou lugares. A ideia &eacute; aumentar seu conhecimento imediato do mundo ao seu redor. Para isso, insere informa&ccedil;&otilde;es curtas, diretas e relevantes nele. Isso permite maior intera&ccedil;&atilde;o e aumenta as possibilidades&hellip;\" class=\"encyclopedia\">Realidade aumentada<\/a> para trabalhadores e consumidores<\/li><li>An&aacute;lise de comportamento do consumidor<\/li><li>Previs&atilde;o de demanda orientada por intelig&ecirc;ncia artificial<\/li><\/ul><\/li><li><strong>Realidade virtual e aumentada<\/strong><ul><li>Para trabalhadores e consumidores<\/li><\/ul><\/li><li><strong>Gerenciamento de invent&aacute;rio<\/strong><\/li><li><strong>Assistentes virtuais<\/strong><\/li><\/ul>\n\n\n\n<div class=\"wp-block-columns is-layout-flex wp-container-core-columns-is-layout-9d6595d7 wp-block-columns-is-layout-flex\">\n<div class=\"wp-block-column is-layout-flow wp-block-column-is-layout-flow\">\n<div class=\"wp-block-contact-form-7-contact-form-selector\">\n<div class=\"wpcf7 no-js\" id=\"wpcf7-f553-o1\" lang=\"pt-BR\" dir=\"ltr\" data-wpcf7-id=\"553\">\n<div class=\"screen-reader-response\"><p role=\"status\" aria-live=\"polite\" aria-atomic=\"true\"><\/p> <ul><\/ul><\/div>\n<form action=\"\/test\/wp-json\/wp\/v2\/posts\/22019#wpcf7-f553-o1\" method=\"post\" class=\"wpcf7-form init\" aria-label=\"Formul&aacute;rios de contato\" novalidate=\"novalidate\" data-status=\"init\">\n<fieldset class=\"hidden-fields-container\"><input type=\"hidden\" name=\"_wpcf7\" value=\"553\"><input type=\"hidden\" name=\"_wpcf7_version\" value=\"6.1.5\"><input type=\"hidden\" name=\"_wpcf7_locale\" value=\"pt_BR\"><input type=\"hidden\" name=\"_wpcf7_unit_tag\" value=\"wpcf7-f553-o1\"><input type=\"hidden\" name=\"_wpcf7_container_post\" value=\"0\"><input type=\"hidden\" name=\"_wpcf7_posted_data_hash\" value=\"\">\n<\/fieldset>\n<p>Seu Nome (obrigat&oacute;rio)\n<\/p>\n<p><span class=\"wpcf7-form-control-wrap\" data-name=\"your-name\"><input size=\"40\" maxlength=\"400\" class=\"wpcf7-form-control wpcf7-text wpcf7-validates-as-required\" aria-required=\"true\" aria-invalid=\"false\" value=\"\" type=\"text\" name=\"your-name\"><\/span>\n<\/p>\n<p>Seu e-mail (obrigat&oacute;rio)\n<\/p>\n<p><span class=\"wpcf7-form-control-wrap\" data-name=\"your-email\"><input size=\"40\" maxlength=\"400\" class=\"wpcf7-form-control wpcf7-email wpcf7-validates-as-required wpcf7-text wpcf7-validates-as-email\" aria-required=\"true\" aria-invalid=\"false\" value=\"\" type=\"email\" name=\"your-email\"><\/span>\n<\/p>\n<p>Assunto\n<\/p>\n<p><span class=\"wpcf7-form-control-wrap\" data-name=\"your-subject\"><input size=\"40\" maxlength=\"400\" class=\"wpcf7-form-control wpcf7-text\" aria-invalid=\"false\" value=\"\" type=\"text\" name=\"your-subject\"><\/span>\n<\/p>\n<p>Sua mensagem\n<\/p>\n<p><span class=\"wpcf7-form-control-wrap\" data-name=\"your-message\"><textarea cols=\"40\" rows=\"10\" maxlength=\"2000\" class=\"wpcf7-form-control wpcf7-textarea\" aria-invalid=\"false\" name=\"your-message\"><\/textarea><\/span>\n<\/p>\n<p><input class=\"wpcf7-form-control wpcf7-submit has-spinner\" type=\"submit\" value=\"Enviar\">\n<\/p><p style=\"display: none !important;\"><label>&Delta;<textarea name=\"_wpcf7_ak_hp_textarea\" cols=\"45\" rows=\"8\" maxlength=\"100\"><\/textarea><\/label><input type=\"hidden\" id=\"ak_js_1\" name=\"_wpcf7_ak_js\" value=\"151\"><script>document.getElementById( \"ak_js_1\" ).setAttribute( \"value\", ( new Date() ).getTime() );<\/script><\/p><input type=\"hidden\" class=\"wpcf7-pum\" value='{\"closepopup\":false,\"closedelay\":0,\"openpopup\":false,\"openpopup_id\":0}'><div class=\"wpcf7-response-output\" aria-hidden=\"true\"><\/div>\n<\/form>\n<\/div>\n<\/div>\n<\/div>\n\n\n\n<div class=\"wp-block-column is-layout-flow wp-block-column-is-layout-flow\">\n<figure class=\"wp-block-embed is-type-video is-provider-youtube wp-block-embed-youtube wp-embed-aspect-16-9 wp-has-aspect-ratio\"><div class=\"wp-block-embed__wrapper\">\n<iframe loading=\"lazy\" title=\"O futuro da automa&ccedil;&atilde;o comercial\" width=\"696\" height=\"392\" src=\"https:\/\/www.youtube.com\/embed\/GiLjb2F5LJM?start=1603&amp;feature=oembed\" frameborder=\"0\" allow=\"accelerometer; autoplay; clipboard-write; encrypted-media; gyroscope; picture-in-picture; web-share\" referrerpolicy=\"strict-origin-when-cross-origin\" allowfullscreen><\/iframe>\n<\/div><figcaption><strong><a href=\"https:\/\/youtu.be\/GiLjb2F5LJM\" target=\"_blank\" data-type=\"URL\" data-id=\"https:\/\/youtu.be\/GiLjb2F5LJM\" rel=\"noreferrer noopener\">Clique <\/a>para conferir a entrevista integral<\/strong><\/figcaption><\/figure>\n<\/div>\n<\/div>\n\n\n\n<p><\/p>\n","protected":false},"excerpt":{"rendered":"<p>A tend&ecirc;ncia: o varejo global vai acelerar os investimentos em automa&ccedil;&atilde;o de suas atividades<\/p>\n","protected":false},"author":1,"featured_media":3913,"comment_status":"open","ping_status":"open","sticky":false,"template":"","format":"standard","meta":{"tdm_status":"","tdm_grid_status":"","footnotes":"","jetpack_publicize_message":"","jetpack_publicize_feature_enabled":true,"jetpack_social_post_already_shared":true,"jetpack_social_options":{"image_generator_settings":{"template":"highway","enabled":false},"version":2}},"categories":[20,11,19,16],"tags":[],"class_list":{"0":"post-22019","1":"post","2":"type-post","3":"status-publish","4":"format-standard","5":"has-post-thumbnail","7":"category-destaques","8":"category-cenarios","9":"category-insights","10":"category-tendencias-setores"},"jetpack_publicize_connections":[],"jetpack_featured_media_url":"https:\/\/radardofuturo.com.br\/test\/wp-content\/uploads\/2019\/05\/supermercado-produtos-prateleira-consumo.jpg","post_mailing_queue_ids":[],"_links":{"self":[{"href":"https:\/\/radardofuturo.com.br\/test\/wp-json\/wp\/v2\/posts\/22019","targetHints":{"allow":["GET"]}}],"collection":[{"href":"https:\/\/radardofuturo.com.br\/test\/wp-json\/wp\/v2\/posts"}],"about":[{"href":"https:\/\/radardofuturo.com.br\/test\/wp-json\/wp\/v2\/types\/post"}],"author":[{"embeddable":true,"href":"https:\/\/radardofuturo.com.br\/test\/wp-json\/wp\/v2\/users\/1"}],"replies":[{"embeddable":true,"href":"https:\/\/radardofuturo.com.br\/test\/wp-json\/wp\/v2\/comments?post=22019"}],"version-history":[{"count":0,"href":"https:\/\/radardofuturo.com.br\/test\/wp-json\/wp\/v2\/posts\/22019\/revisions"}],"wp:featuredmedia":[{"embeddable":true,"href":"https:\/\/radardofuturo.com.br\/test\/wp-json\/wp\/v2\/media\/3913"}],"wp:attachment":[{"href":"https:\/\/radardofuturo.com.br\/test\/wp-json\/wp\/v2\/media?parent=22019"}],"wp:term":[{"taxonomy":"category","embeddable":true,"href":"https:\/\/radardofuturo.com.br\/test\/wp-json\/wp\/v2\/categories?post=22019"},{"taxonomy":"post_tag","embeddable":true,"href":"https:\/\/radardofuturo.com.br\/test\/wp-json\/wp\/v2\/tags?post=22019"}],"curies":[{"name":"wp","href":"https:\/\/api.w.org\/{rel}","templated":true}]}}