{"id":21458,"date":"2022-01-16T18:01:07","date_gmt":"2022-01-16T21:01:07","guid":{"rendered":"https:\/\/radardofuturo.com.br\/?p=21458"},"modified":"2022-01-16T18:01:14","modified_gmt":"2022-01-16T21:01:14","slug":"relatorio-de-riscos-globais-por-que-os-lideres-estao-mais-preocupados","status":"publish","type":"post","link":"https:\/\/radardofuturo.com.br\/test\/relatorio-de-riscos-globais-por-que-os-lideres-estao-mais-preocupados\/","title":{"rendered":"Relat\u00f3rio de riscos globais: por que os l\u00edderes est\u00e3o mais preocupados?"},"content":{"rendered":"\n<p><strong>Estudo anual sobre riscos globais do F&oacute;rum Econ&ocirc;mico Mundial, mostram as lideran&ccedil;as ainda preocupadas com os efeitos da pandemia  <\/strong><\/p>\n\n\n\n<!--more-->\n\n\n\n<figure class=\"wp-block-image size-large\"><img loading=\"lazy\" decoding=\"async\" width=\"1024\" height=\"576\" src=\"https:\/\/radardofuturo.com.br\/test\/wp-content\/uploads\/2022\/01\/capa-relatorio-riscos-do-futuro-2022-weforum-1024x576.png\" alt=\"riscos globais: capa do relat&oacute;rio anual do f&oacute;rum econ&ocirc;mico mundial\" class=\"wp-image-21483\" srcset=\"https:\/\/radardofuturo.com.br\/test\/wp-content\/uploads\/2022\/01\/capa-relatorio-riscos-do-futuro-2022-weforum-1024x576.png 1024w, https:\/\/radardofuturo.com.br\/test\/wp-content\/uploads\/2022\/01\/capa-relatorio-riscos-do-futuro-2022-weforum-300x169.png 300w, https:\/\/radardofuturo.com.br\/test\/wp-content\/uploads\/2022\/01\/capa-relatorio-riscos-do-futuro-2022-weforum-768x432.png 768w, https:\/\/radardofuturo.com.br\/test\/wp-content\/uploads\/2022\/01\/capa-relatorio-riscos-do-futuro-2022-weforum-696x391.png 696w, https:\/\/radardofuturo.com.br\/test\/wp-content\/uploads\/2022\/01\/capa-relatorio-riscos-do-futuro-2022-weforum.png 1138w\" sizes=\"auto, (max-width: 1024px) 100vw, 1024px\"><figcaption>Divulga&ccedil;&atilde;o<\/figcaption><\/figure>\n\n\n\n<p>Carlos Pl&aacute;cido Teixeira<br>Jornalista I Radar do Futuro<\/p>\n\n\n\n<p>Os impactos econ&ocirc;micos e sociais da pandemia continuam a ser uma amea&ccedil;a cr&iacute;tica para o futuro do mundo. Expectativas contaminadas por doses elevadas de desalento t&ecirc;m destaque no Relat&oacute;rio de Riscos Globais de 2022, do F&oacute;rum Econ&ocirc;mico Mundial. Produzido anualmente como um alerta sobre os problemas para as sociedades, o estudo ressalta que a distribui&ccedil;&atilde;o desigual de vacinas e a possibilidade de uma recupera&ccedil;&atilde;o econ&ocirc;mica desigual no planeta podem agravar fraturas sociais e ampliar as tens&otilde;es geopol&iacute;ticas.<\/p>\n\n\n\n<p>&ldquo;O cen&aacute;rio &eacute; agravado pelos riscos ambientais, com potencial para causar mais danos &agrave;s pessoas e ao planeta, seguidos pelos desafios sociais, al&eacute;m de &lsquo;crises da d&iacute;vida&rsquo; e os &lsquo;confrontos geoecon&ocirc;micos'&rdquo;, atesta o relat&oacute;rio. Especialistas em riscos e l&iacute;deres mundiais em neg&oacute;cios, governo e sociedade civil entrevistados demonstram um n&iacute;vel elevado de inquieta&ccedil;&atilde;o e um certo desalento em rela&ccedil;&atilde;o &agrave;s estrat&eacute;gias de condu&ccedil;&atilde;o das pol&iacute;ticas de enfrentamento dos problemas pelas lideran&ccedil;as econ&ocirc;micas e pol&iacute;ticas. <\/p>\n\n\n\n<p>Os produtores do documento temem que o pessimismo generalizado pode criar um ciclo de desilus&atilde;o que torna os desafios ainda mais desafiadores. Na avalia&ccedil;&atilde;o de cen&aacute;rios de curto prazo, 84% dos entrevistados expressaram sentimentos negativos sobre o futuro. Ou seja, eles estavam &ldquo;preocupados&rdquo; ou &ldquo;muito preocupados&rdquo; com o que vem pela frente.  Apenas 11% dos entrevistados achavam que o mundo seria caracterizado por uma recupera&ccedil;&atilde;o global acelerada at&eacute; 2024, enquanto 89% perceberam que as perspectivas de curto prazo seriam vol&aacute;teis, fraturadas ou cada vez mais catastr&oacute;ficas  <\/p>\n\n\n\n<p>Os medos e as incertezas s&atilde;o determinados, entre outros fatores, pelo questionamento das prioridades de quem lidera os organismos internacionais e os pa&iacute;ses. As opini&otilde;es dos entrevistados em 15 &aacute;reas de governan&ccedil;a diferentes sinalizam uma grande decep&ccedil;&atilde;o com a efic&aacute;cia dos esfor&ccedil;os internacionais de mitiga&ccedil;&atilde;o de risco Enfrentar o aumento das desigualdades deveria, por exemplo, algo a se prestar aten&ccedil;&atilde;o. Mas o que se v&ecirc; &eacute; que nos 52 pa&iacute;ses mais pobres, que abrigam 20% da popula&ccedil;&atilde;o mundial, apenas 6% das popula&ccedil;&otilde;es popula&ccedil;&atilde;o tinham sido vacinadas. At&eacute; 2024, os pa&iacute;ses perif&eacute;ricos ter&atilde;o produto interno bruto 5,5% menor em rela&ccedil;&atilde;o ao per&iacute;odo anterior &agrave; pandemia. J&aacute; as economias avan&ccedil;adas ter&atilde;o conseguido n&atilde;o s&oacute; recuperar perdas, mas tamb&eacute;m avan&ccedil;ar.    <\/p>\n\n\n\n<h2 class=\"wp-block-heading\">Riscos de curto prazo<\/h2>\n\n\n\n<p>Para os entrevistados, os riscos sociais e ambientais pioraram mais desde o in&iacute;cio da pandemia no final de 2019. Em pouco mais de dois anos, a &ldquo;eros&atilde;o da coes&atilde;o social&rdquo; e &ldquo;crises de subsist&ecirc;ncia&rdquo; ganharam peso como riscos para o futuro, ocupando os primeiros lugares dos rankings de preocupa&ccedil;&otilde;es. Outros riscos identificados como tendo piorado significativamente s&atilde;o &ldquo;crises de d&iacute;vida&rdquo;, &ldquo;falhas de seguran&ccedil;a cibern&eacute;tica&rdquo;, &ldquo;desigualdade digital&rdquo; e &ldquo;rea&ccedil;&atilde;o contra a ci&ecirc;ncia&rdquo;. <\/p>\n\n\n\n<figure class=\"wp-block-image size-full\"><img loading=\"lazy\" decoding=\"async\" width=\"850\" height=\"457\" src=\"https:\/\/radardofuturo.com.br\/test\/wp-content\/uploads\/2022\/01\/image-1.png\" alt=\"\" class=\"wp-image-21465\" srcset=\"https:\/\/radardofuturo.com.br\/test\/wp-content\/uploads\/2022\/01\/image-1.png 850w, https:\/\/radardofuturo.com.br\/test\/wp-content\/uploads\/2022\/01\/image-1-300x161.png 300w, https:\/\/radardofuturo.com.br\/test\/wp-content\/uploads\/2022\/01\/image-1-768x413.png 768w, https:\/\/radardofuturo.com.br\/test\/wp-content\/uploads\/2022\/01\/image-1-696x374.png 696w\" sizes=\"auto, (max-width: 850px) 100vw, 850px\"><figcaption> &ldquo;<em>Eros&atilde;o da coes&atilde;o social&rdquo;, &ldquo;crises de subsist&ecirc;ncia&rdquo; e &ldquo;deteriora&ccedil;&atilde;o da sa&uacute;de mental&rdquo; s&atilde;o tr&ecirc;s dos cinco riscos vistos como as amea&ccedil;as mais preocupantes para o mundo nos pr&oacute;ximos dois anos <\/em> <\/figcaption><\/figure>\n\n\n\n<figure class=\"wp-block-pullquote is-style-default\"><blockquote><p>At&eacute; 2024, as economias pobres e em desenvolvimento ter&atilde;o um PIB 5,5% abaixo esperado antes da pandemia, enquanto as economias avan&ccedil;adas ter&atilde;o ultrapassado em 0,9% &ndash; ampliando a diferen&ccedil;a de renda global.<\/p><\/blockquote><\/figure>\n\n\n\n<p><\/p>\n\n\n\n<p>O relat&oacute;rio salienta que a cicatriz social tende a agravar os desafios da formula&ccedil;&atilde;o de pol&iacute;ticas nacionais. A instabilidade e a radicaliza&ccedil;&atilde;o entre os atores afeta o ambiente dos poderes, ao limitar a cren&ccedil;a em institui&ccedil;&otilde;es e lideran&ccedil;as. Os efeitos negativos envolvem o capital pol&iacute;tico, o foco dos l&iacute;deres e o apoio p&uacute;blico necess&aacute;rio para fortalecer a coopera&ccedil;&atilde;o internacional nos desafios globais. <\/p>\n\n\n\n<p>Trajet&oacute;rias de recupera&ccedil;&atilde;o desiguais entre regi&otilde;es e pa&iacute;ses colocam em risco as defini&ccedil;&otilde;es de prioridades e pol&iacute;ticas divergentes em um momento em que as sociedades e a comunidade internacional devem colaborar para ampliar o combate &agrave; Covid-19 e curar as cicatrizes da pandemia. Em algumas sociedades, o r&aacute;pido progresso das vacinas, os saltos digitais e o retorno ao crescimento pr&eacute;-pand&ecirc;mico anunciam melhores perspectivas para 2022 e al&eacute;m. Outros podem ficar sobrecarregados por anos, se n&atilde;o d&eacute;cadas, por lutas para aplicar at&eacute; mesmo as doses iniciais de vacina, combater as brechas digitais e encontrar novas fontes de crescimento econ&ocirc;mico.<\/p>\n\n\n\n<p>A sa&uacute;de do planeta, no entanto, continua sendo uma preocupa&ccedil;&atilde;o constante. Os riscos ambientais &ndash; em particular, &ldquo;clima extremo&rdquo; e &ldquo;falha na a&ccedil;&atilde;o clim&aacute;tica&rdquo; &ndash; aparecem como os principais riscos nas perspectivas de curto, m&eacute;dio e longo prazo. No m&eacute;dio prazo, riscos econ&ocirc;micos como &ldquo;crises da d&iacute;vida&rdquo; e &ldquo;estouro da bolha de ativos&rdquo; tamb&eacute;m surgem &agrave; medida que os governos lutam para equilibrar as prioridades fiscais. No horizonte de longo prazo,<\/p>\n\n\n\n<h2 class=\"wp-block-heading\">Longo prazo: impactos divergentes<\/h2>\n\n\n\n<p>Os entrevistados do WEForum revelam que preocupa&ccedil;&otilde;es diante das incertezas sobre o futuro das atividades produtivas. Na realidade, &eacute; a capacidade de recupera&ccedil;&atilde;o que gera d&uacute;vidas. E o desafio mais s&eacute;rio da pandemia &eacute; a estagna&ccedil;&atilde;o econ&ocirc;mica. As perspectivas macroecon&ocirc;micas permanecem fracas, com uma redu&ccedil;&atilde;o de 2,3% no tamanho da economia global, na compara&ccedil;&atilde;o entre o per&iacute;odo pr&eacute;-pand&ecirc;mico e as proje&ccedil;&otilde;es para 2024. <\/p>\n\n\n\n<p>A avalia&ccedil;&atilde;o entre c&eacute;tica e pessimista leva em conta a expectativa de aumento dos pre&ccedil;os das commodities, da infla&ccedil;&atilde;o e das d&iacute;vidas p&uacute;blicas, impactando todas as regi&otilde;es do planeta. &ldquo;Juntamente com os desequil&iacute;brios do mercado de trabalho, pol&iacute;ticas protecionistas e crescentes disparidades em educa&ccedil;&atilde;o e habilidades, as consequ&ecirc;ncias econ&ocirc;micas da pandemia criam o risco da divis&atilde;o do mundo em trajet&oacute;rias divergentes&rdquo;, ressalta o estudo. <\/p>\n\n\n\n<p>O contexto tra&ccedil;ado define que a pandemia e suas consequ&ecirc;ncias econ&ocirc;micas continuam a sufocar a capacidade dos pa&iacute;ses de controlar o v&iacute;rus e facilitar uma recupera&ccedil;&atilde;o sustent&aacute;vel. Um dilema explicaria movimentos que apontam para incapacidade de decis&atilde;o. O relat&oacute;rio diz que &ldquo;governos, empresas e sociedades est&atilde;o enfrentando uma press&atilde;o crescente para fazer a transi&ccedil;&atilde;o para economias l&iacute;quidas zero&rdquo;. Qual a melhor estrat&eacute;gia a ser adotada pelos governantes?<\/p>\n\n\n\n<p>Uma transi&ccedil;&atilde;o agressiva e r&aacute;pida aliviaria as consequ&ecirc;ncias ambientais de longo prazo, mas poderia ter impactos severos de curto prazo, como tirar milh&otilde;es de trabalhadores da ind&uacute;stria intensiva em carbono. No caso, o argumento &eacute; da cria&ccedil;&atilde;o de desempregados e um poss&iacute;vel desencadeamento de tens&otilde;es sociais e geopol&iacute;ticas. <\/p>\n\n\n\n<p>Uma transi&ccedil;&atilde;o mais lenta, por&eacute;m mais ordenada, &eacute; a outra alternativa. As a&ccedil;&otilde;es pausadas teriam o efeito no prolongamento da degrada&ccedil;&atilde;o ambiental, acentuando as fragilidades estruturais e as desigualdades globais. Na pr&aacute;tica, &eacute; a alternativa que vem sendo adotada pelos governantes. A sobreviv&ecirc;ncia das empresas, mesmo geradoras de impactos ambientais, preservada. <\/p>\n\n\n\n<p><strong>Trajet&oacute;rias divergentes entre pa&iacute;ses e setores est&atilde;o criando mais barreiras &agrave; colabora&ccedil;&atilde;o e coopera&ccedil;&atilde;o em ambos os cen&aacute;rios.<\/strong><\/p>\n\n\n\n<figure class=\"wp-block-image size-full\"><img loading=\"lazy\" decoding=\"async\" width=\"1880\" height=\"1253\" src=\"https:\/\/radardofuturo.com.br\/test\/wp-content\/uploads\/2022\/01\/pexels-photo-2990644.jpeg\" alt=\"climate sign outside blur\" class=\"wp-image-21482\" srcset=\"https:\/\/radardofuturo.com.br\/test\/wp-content\/uploads\/2022\/01\/pexels-photo-2990644.jpeg 1880w, https:\/\/radardofuturo.com.br\/test\/wp-content\/uploads\/2022\/01\/pexels-photo-2990644-300x200.jpeg 300w, https:\/\/radardofuturo.com.br\/test\/wp-content\/uploads\/2022\/01\/pexels-photo-2990644-1024x682.jpeg 1024w, https:\/\/radardofuturo.com.br\/test\/wp-content\/uploads\/2022\/01\/pexels-photo-2990644-768x512.jpeg 768w, https:\/\/radardofuturo.com.br\/test\/wp-content\/uploads\/2022\/01\/pexels-photo-2990644-1536x1024.jpeg 1536w, https:\/\/radardofuturo.com.br\/test\/wp-content\/uploads\/2022\/01\/pexels-photo-2990644-696x464.jpeg 696w, https:\/\/radardofuturo.com.br\/test\/wp-content\/uploads\/2022\/01\/pexels-photo-2990644-1392x928.jpeg 1392w\" sizes=\"auto, (max-width: 1880px) 100vw, 1880px\"><figcaption>Photo by Markus Spiske on <a href=\"https:\/\/www.pexels.com\/photo\/climate-sign-outside-blur-2990644\/\" rel=\"nofollow noopener\" target=\"_blank\">Pexels.com<\/a><\/figcaption><\/figure>\n\n\n\n<h2 class=\"wp-block-heading\">Diversidade de desafios<\/h2>\n\n\n\n<p>A crescente depend&ecirc;ncia de sistemas digitais &mdash; intensificada pela resposta &agrave; Covid-19 &mdash; alterou fundamentalmente as sociedades. Ao mesmo tempo, as amea&ccedil;as &agrave; seguran&ccedil;a cibern&eacute;tiiminca est&atilde;o crescendo e ultrapassando a capacidade das sociedades de preveni-las ou respond&ecirc;-las com efic&aacute;cia. Ataques &agrave; infraestrutura cr&iacute;tica, desinforma&ccedil;&atilde;o, fraude e seguran&ccedil;a digital afetar&atilde;o a confian&ccedil;a do p&uacute;blico nos sistemas digitais e aumentar&atilde;o os custos para todas as partes interessadas. <\/p>\n\n\n\n<p>&Agrave; medida que os ataques se tornam mais severos e amplamente impactantes, as tens&otilde;es j&aacute; agudas entre os governos impactados pelo cibercrime e os governos c&uacute;mplices em sua comiss&atilde;o aumentar&atilde;o &agrave; medida que a seguran&ccedil;a cibern&eacute;tica se tornar outro fator de diverg&ecirc;ncia, em vez de coopera&ccedil;&atilde;o, entre os estados-na&ccedil;&atilde;o.<\/p>\n\n\n\n<p>A crescente inseguran&ccedil;a gerada pelas dificuldades econ&ocirc;micas, o agravamento dos impactos das mudan&ccedil;as clim&aacute;ticas e a persegui&ccedil;&atilde;o pol&iacute;tica for&ccedil;ar&atilde;o milh&otilde;es a deixar suas casas em busca de um futuro melhor. No entanto, em muitos pa&iacute;ses, os efeitos persistentes da pandemia, o aumento do protecionismo econ&ocirc;mico e a nova din&acirc;mica do mercado de trabalho est&atilde;o resultando em maiores barreiras &agrave; entrada de migrantes que podem buscar oportunidades ou ref&uacute;gio. A diminui&ccedil;&atilde;o das oportunidades de migra&ccedil;&atilde;o ordenada e o efeito de transbordamento nas remessas correm o risco de abrir m&atilde;o de um caminho potencial para restaurar os meios de subsist&ecirc;ncia, manter a estabilidade pol&iacute;tica e diminuir as lacunas de renda e trabalho.<\/p>\n\n\n\n<p>Enquanto os humanos exploram o espa&ccedil;o sideral h&aacute; d&eacute;cadas, os &uacute;ltimos anos testemunharam um aumento na atividade privada e p&uacute;blica, criando novas oportunidades e tamb&eacute;m sinalizando que o espa&ccedil;o sideral &eacute; um dom&iacute;nio emergente de risco. A consequ&ecirc;ncia mais imediata do aumento da atividade espacial &eacute; um risco maior de colis&atilde;o entre a infraestrutura pr&oacute;xima &agrave; Terra e objetos espaciais, o que pode afetar as &oacute;rbitas nas quais os principais sistemas da Terra dependem, danificar equipamentos espaciais valiosos ou desencadear tens&otilde;es internacionais em um reino com poucos estruturas de governan&ccedil;a. A crescente militariza&ccedil;&atilde;o do espa&ccedil;o tamb&eacute;m corre o risco de uma escalada de tens&otilde;es geopol&iacute;ticas, principalmente porque as pot&ecirc;ncias espaciais n&atilde;o colaboram em novas regras para governar o reino.<\/p>\n\n\n\n<p><\/p>\n\n\n\n<h2 class=\"wp-block-heading\">O  que &eacute; <\/h2>\n\n\n\n<p>O Relat&oacute;rio sobre <a href=\"https:\/\/www.weforum.org\/reports\/global-risks-report-2022\" target=\"_blank\" rel=\"noopener\">Riscos Globais de 2022<\/a> &eacute; um documento da s&eacute;rie de estudos anuais acompanha as percep&ccedil;&otilde;es de riscos globais entre especialistas em riscos e l&iacute;deres mundiais em neg&oacute;cios, governo e sociedade civil. S&atilde;o examinados os riscos em cinco categorias: econ&ocirc;mico, ambiental, geopol&iacute;tico, social e tecnol&oacute;gico. No Relat&oacute;rio de Riscos Globais 2022 s&atilde;o compartilhados os resultados da &uacute;ltima Pesquisa de Percep&ccedil;&atilde;o de Riscos Globais (GRPS) no contexto do panorama global atual, seguido de uma an&aacute;lise das diverg&ecirc;ncias crescentes nas &aacute;reas de transi&ccedil;&atilde;o clim&aacute;tica, seguran&ccedil;a cibern&eacute;tica, mobilidade e espa&ccedil;o.<\/p>\n\n\n\n<h2 class=\"wp-block-heading\">Por que &eacute; relevante<\/h2>\n\n\n\n<p> Examinamos as tens&otilde;es decorrentes de tal diverg&ecirc;ncia, efeitos colaterais, consequ&ecirc;ncias para as partes interessadas e choques que podem surgir. O relat&oacute;rio conclui com reflex&otilde;es sobre resili&ecirc;ncia, com base nas li&ccedil;&otilde;es do segundo ano da pandemia. Os principais resultados da pesquisa e da an&aacute;lise est&atilde;o abaixo.<\/p>\n","protected":false},"excerpt":{"rendered":"<p>Estudo anual sobre riscos globais do F&oacute;rum Econ&ocirc;mico Mundial, mostram as lideran&ccedil;as ainda preocupadas com os efeitos da pandemia<\/p>\n","protected":false},"author":1,"featured_media":21483,"comment_status":"open","ping_status":"open","sticky":false,"template":"","format":"standard","meta":{"tdm_status":"","tdm_grid_status":"","footnotes":"","jetpack_publicize_message":"","jetpack_publicize_feature_enabled":true,"jetpack_social_post_already_shared":true,"jetpack_social_options":{"image_generator_settings":{"template":"highway","enabled":false},"version":2}},"categories":[11,1,20],"tags":[424,452,2694,3595,3602,3594,369,797,1961,3597,3598,3599,3600,2418,93,1520],"class_list":{"0":"post-21458","1":"post","2":"type-post","3":"status-publish","4":"format-standard","5":"has-post-thumbnail","7":"category-cenarios","8":"category-uncategorized","9":"category-destaques","10":"tag-ameacas-do-futuro","11":"tag-crise-climatica","12":"tag-desafios","13":"tag-diversidade-de-desafios","14":"tag-efeitos-da-pandemia","15":"tag-forrum-economico-mundial","16":"tag-futuro-da-economia","17":"tag-futuro-do-planeta","18":"tag-impactos-da-pandemia","19":"tag-inseguranca-sobre-o-futuro","20":"tag-longo-prazo","21":"tag-riscos-de-curto-prazo","22":"tag-riscos-de-longo-prazo","23":"tag-riscos-globais","24":"tag-tendencias","25":"tag-weforum"},"jetpack_publicize_connections":[],"jetpack_featured_media_url":"https:\/\/radardofuturo.com.br\/test\/wp-content\/uploads\/2022\/01\/capa-relatorio-riscos-do-futuro-2022-weforum.png","post_mailing_queue_ids":[],"_links":{"self":[{"href":"https:\/\/radardofuturo.com.br\/test\/wp-json\/wp\/v2\/posts\/21458","targetHints":{"allow":["GET"]}}],"collection":[{"href":"https:\/\/radardofuturo.com.br\/test\/wp-json\/wp\/v2\/posts"}],"about":[{"href":"https:\/\/radardofuturo.com.br\/test\/wp-json\/wp\/v2\/types\/post"}],"author":[{"embeddable":true,"href":"https:\/\/radardofuturo.com.br\/test\/wp-json\/wp\/v2\/users\/1"}],"replies":[{"embeddable":true,"href":"https:\/\/radardofuturo.com.br\/test\/wp-json\/wp\/v2\/comments?post=21458"}],"version-history":[{"count":0,"href":"https:\/\/radardofuturo.com.br\/test\/wp-json\/wp\/v2\/posts\/21458\/revisions"}],"wp:featuredmedia":[{"embeddable":true,"href":"https:\/\/radardofuturo.com.br\/test\/wp-json\/wp\/v2\/media\/21483"}],"wp:attachment":[{"href":"https:\/\/radardofuturo.com.br\/test\/wp-json\/wp\/v2\/media?parent=21458"}],"wp:term":[{"taxonomy":"category","embeddable":true,"href":"https:\/\/radardofuturo.com.br\/test\/wp-json\/wp\/v2\/categories?post=21458"},{"taxonomy":"post_tag","embeddable":true,"href":"https:\/\/radardofuturo.com.br\/test\/wp-json\/wp\/v2\/tags?post=21458"}],"curies":[{"name":"wp","href":"https:\/\/api.w.org\/{rel}","templated":true}]}}