{"id":20293,"date":"2021-12-07T16:21:59","date_gmt":"2021-12-07T19:21:59","guid":{"rendered":"https:\/\/radardofuturo.com.br\/?p=20293"},"modified":"2021-12-07T16:24:15","modified_gmt":"2021-12-07T19:24:15","slug":"o-futuro-da-educacao-nao-esta-distante","status":"publish","type":"post","link":"https:\/\/radardofuturo.com.br\/test\/o-futuro-da-educacao-nao-esta-distante\/","title":{"rendered":"O futuro da educa\u00e7\u00e3o n\u00e3o est\u00e1 distante"},"content":{"rendered":"\n<p><strong> Os desafios e o discurso, agora, s&atilde;o outros. Para quem n&atilde;o entendeu ainda, o futuro da educa&ccedil;&atilde;o j&aacute; chegou! <\/strong><\/p>\n\n\n\n<figure class=\"wp-block-image size-large\"><img loading=\"lazy\" decoding=\"async\" width=\"1024\" height=\"684\" src=\"https:\/\/radardofuturo.com.br\/test\/wp-content\/uploads\/2020\/09\/pexels-photo-4144222-1024x684.jpeg\" alt=\"Photo of girl watching through imac\nmulher v&ecirc; professora em aula pelo computador. Futuro da educa&ccedil;&atilde;o\" class=\"wp-image-12827\" srcset=\"https:\/\/radardofuturo.com.br\/test\/wp-content\/uploads\/2020\/09\/pexels-photo-4144222-1024x684.jpeg 1024w, https:\/\/radardofuturo.com.br\/test\/wp-content\/uploads\/2020\/09\/pexels-photo-4144222-300x200.jpeg 300w, https:\/\/radardofuturo.com.br\/test\/wp-content\/uploads\/2020\/09\/pexels-photo-4144222-768x513.jpeg 768w, https:\/\/radardofuturo.com.br\/test\/wp-content\/uploads\/2020\/09\/pexels-photo-4144222-1536x1025.jpeg 1536w, https:\/\/radardofuturo.com.br\/test\/wp-content\/uploads\/2020\/09\/pexels-photo-4144222-696x465.jpeg 696w, https:\/\/radardofuturo.com.br\/test\/wp-content\/uploads\/2020\/09\/pexels-photo-4144222-1392x929.jpeg 1392w, https:\/\/radardofuturo.com.br\/test\/wp-content\/uploads\/2020\/09\/pexels-photo-4144222.jpeg 1880w\" sizes=\"auto, (max-width: 1024px) 100vw, 1024px\"><figcaption>Photo by Julia M Cameron on <a href=\"https:\/\/www.pexels.com\/photo\/photo-of-girl-watching-through-imac-4144222\/\" rel=\"nofollow noopener\" target=\"_blank\">Pexels.com<\/a><\/figcaption><\/figure>\n\n\n\n<!--more-->\n\n\n\n<p> <em style=\"font-size: revert; color: initial;\">Ant&ocirc;nio Carbonari Netto<\/em> *<\/p>\n\n\n\n<p><\/p>\n\n\n\n<p class=\"has-drop-cap\">H&aacute; muitos anos usamos a express&atilde;o educa&ccedil;&atilde;o &agrave; dist&acirc;ncia para definir um m&eacute;todo de educa&ccedil;&atilde;o que foge dos modelos convencionais, ou seja, a educa&ccedil;&atilde;o presencial, tal como a conhecemos por d&eacute;cadas.<\/p>\n\n\n\n<p>Por&eacute;m, atualmente, com o avan&ccedil;o das tecnologias, a denomina&ccedil;&atilde;o mais adequada para esse tipo de ensino &eacute; &ldquo;educa&ccedil;&atilde;o online ou conectada&rdquo;. Isso quer dizer que, futuramente, vamos ouvir falar muito mais sobre a aprendizagem, seja individual ou assistida, e n&atilde;o mais sobre o ensino, onde, no modelo presencial, o professor falava e o aluno ouvia. Os desafios e o discurso, agora, s&atilde;o outros. Para quem n&atilde;o entendeu ainda, o futuro j&aacute; chegou!<\/p>\n\n\n\n<p>Os recursos tecnol&oacute;gicos j&aacute; est&atilde;o ao nosso alcance. Para os alunos, essa nova realidade s&oacute; facilitou. O ensino online representa maior disponibilidade e flexibilidade, principalmente para quem precisa conciliar estudo e trabalho. J&aacute; para os professores, os desafios s&atilde;o maiores. Tanto as novas tecnologias quanto as metodologias do ensino conectado requerem que o profissional de ensino saia da zona de conforto e acompanhe essa evolu&ccedil;&atilde;o. O ensino online &eacute; um caminho sem volta! A pandemia s&oacute; acelerou o processo. O futuro, portanto, n&atilde;o ser&aacute; s&oacute; dos professores tradicionais.<\/p>\n\n\n\n<p>Para se consolidar nesse novo mercado, o profissional de ensino ter&aacute; de se modernizar, saber tirar partido das tecnologias dispon&iacute;veis e, principalmente, reconhecer que n&atilde;o s&atilde;o mais os &uacute;nicos agentes do processo de aprendizagem. Todo processo de aprendizagem deve incluir a intera&ccedil;&atilde;o social e a media&ccedil;&atilde;o. Quando o professor atua nesta perspectiva, ele n&atilde;o &eacute; visto apenas como um transmissor de conhecimentos, mas como um mediador, isto &eacute;, algu&eacute;m capaz de articular as experi&ecirc;ncias dos alunos, levando-os a refletir sobre seu entorno. Isso faz com que ele assuma um papel muito mais humano em sua pr&aacute;tica docente.<\/p>\n\n\n\n<p>Os alunos brasileiros sempre foram orientados para a busca de profiss&otilde;es e n&atilde;o de ocupa&ccedil;&otilde;es profissionais. Mas, hoje em dia, eles se preocupam em obter forma&ccedil;&atilde;o mais r&aacute;pida, para atender &agrave;s necessidades din&acirc;micas do mercado.<\/p>\n\n\n\n<p>Os cursos voltados para a &aacute;rea de sa&uacute;de s&atilde;o exemplos. N&atilde;o apenas porque a pandemia da Covid-19 apontou essa necessidade. O mercado de trabalho mudou muito nos &uacute;ltimos anos e surgiram novas ocupa&ccedil;&otilde;es. No setor da sa&uacute;de, um profissional com dom&iacute;nio cl&iacute;nico e que entende tamb&eacute;m de gest&atilde;o acaba se destacando mais. Atualmente, cabe a este profissional municiar o seu time com solu&ccedil;&otilde;es e tecnologias que garantam a efetividade cl&iacute;nica, a agilidade no atendimento e a seguran&ccedil;a do paciente.<\/p>\n\n\n\n<p>Vale considerar que muitas das velhas profiss&otilde;es s&oacute; se sustentam&nbsp;por quest&otilde;es corporativas e sindicais. Ningu&eacute;m vai buscar uma forma&ccedil;&atilde;o superior para alcan&ccedil;ar um mercado no futuro que n&atilde;o seja previs&iacute;vel. Todavia, hoje temos ocupa&ccedil;&otilde;es diferentes, com foco maior na tecnologia e na diversidade, o que abre um leque muito maior de possibilidades.<\/p>\n\n\n\n<div class=\"wp-block-image\"><figure class=\"alignleft size-full is-resized\"><img loading=\"lazy\" decoding=\"async\" src=\"https:\/\/radardofuturo.com.br\/test\/wp-content\/uploads\/2021\/12\/eddacc31-e99e-4986-8e2b-af4956caa642-1.jpg\" alt=\"\" class=\"wp-image-20295\" width=\"95\" height=\"143\" srcset=\"https:\/\/radardofuturo.com.br\/test\/wp-content\/uploads\/2021\/12\/eddacc31-e99e-4986-8e2b-af4956caa642-1.jpg 341w, https:\/\/radardofuturo.com.br\/test\/wp-content\/uploads\/2021\/12\/eddacc31-e99e-4986-8e2b-af4956caa642-1-200x300.jpg 200w\" sizes=\"auto, (max-width: 95px) 100vw, 95px\"><\/figure><\/div>\n\n\n\n<ul class=\"wp-block-list\"><li><em>Ant&ocirc;nio Carbonari Netto, professor, reitor e ex-conselheiro&nbsp;do Conselho Nacional de Educa&ccedil;&atilde;o (CNE), fundador do grupo Anhanguera e da MUST University. &nbsp;<\/em><\/li><\/ul>\n\n\n\n<h4 class=\"wp-block-heading\"><strong>Sobre a MUST University<br><\/strong><\/h4>\n\n\n\n<p>Fundada em 2017, a MUST University &eacute; uma universidade americana que oferece educa&ccedil;&atilde;o acess&iacute;vel para inclus&atilde;o e ascens&atilde;o social de seus alunos, com valores que incluem a aprendizagem inspiradora, amplia&ccedil;&atilde;o de perspectivas e melhoria de vidas. Com programas de Mestrado 100% online, a institui&ccedil;&atilde;o oferece a possibilidade de o aluno escolher o idioma que deseja realizar o curso. Entre as l&iacute;nguas dispon&iacute;veis est&atilde;o ingl&ecirc;s, portugu&ecirc;s ou espanhol. As aulas de car&aacute;ter din&acirc;mico s&atilde;o ministradas por meio de e-books interativos, apresenta&ccedil;&atilde;o de v&iacute;deos, atividades de pesquisa, entre outros materiais guiados por docentes capacitados para acompanhar e consolidar a aprendizagem do aluno.&nbsp;<\/p>\n\n\n\n<p>Mais informa&ccedil;&otilde;es: <a href=\"https:\/\/mustedu.com\/\" target=\"_blank\" rel=\"noopener\">https:\/\/mustedu.com\/<\/a>&nbsp;<\/p>\n","protected":false},"excerpt":{"rendered":"<p>Os desafios e o discurso, agora, s&atilde;o outros. Para quem n&atilde;o entendeu ainda, o futuro da educa&ccedil;&atilde;o j&aacute; chegou!<\/p>\n","protected":false},"author":14,"featured_media":12827,"comment_status":"open","ping_status":"open","sticky":false,"template":"","format":"standard","meta":{"tdm_status":"","tdm_grid_status":"","footnotes":"","jetpack_publicize_message":"","jetpack_publicize_feature_enabled":true,"jetpack_social_post_already_shared":true,"jetpack_social_options":{"image_generator_settings":{"template":"highway","enabled":false},"version":2}},"categories":[36,20,515],"tags":[3561,2172,2252,1026,242,3558,426],"class_list":{"0":"post-20293","1":"post","2":"type-post","3":"status-publish","4":"format-standard","5":"has-post-thumbnail","7":"category-pensadores-futuro","8":"category-destaques","9":"category-futuro-da-educacao","10":"tag-ead-ensino-a-distancia","11":"tag-ensino-a-distancia","12":"tag-ensino-do-futuro","13":"tag-ensino-no-futuro","14":"tag-futuro-da-educacao","15":"tag-o-futuro-da-educacao","16":"tag-tendencias-do-ensino"},"jetpack_publicize_connections":[],"jetpack_featured_media_url":"https:\/\/radardofuturo.com.br\/test\/wp-content\/uploads\/2020\/09\/pexels-photo-4144222.jpeg","post_mailing_queue_ids":[],"_links":{"self":[{"href":"https:\/\/radardofuturo.com.br\/test\/wp-json\/wp\/v2\/posts\/20293","targetHints":{"allow":["GET"]}}],"collection":[{"href":"https:\/\/radardofuturo.com.br\/test\/wp-json\/wp\/v2\/posts"}],"about":[{"href":"https:\/\/radardofuturo.com.br\/test\/wp-json\/wp\/v2\/types\/post"}],"author":[{"embeddable":true,"href":"https:\/\/radardofuturo.com.br\/test\/wp-json\/wp\/v2\/users\/14"}],"replies":[{"embeddable":true,"href":"https:\/\/radardofuturo.com.br\/test\/wp-json\/wp\/v2\/comments?post=20293"}],"version-history":[{"count":0,"href":"https:\/\/radardofuturo.com.br\/test\/wp-json\/wp\/v2\/posts\/20293\/revisions"}],"wp:featuredmedia":[{"embeddable":true,"href":"https:\/\/radardofuturo.com.br\/test\/wp-json\/wp\/v2\/media\/12827"}],"wp:attachment":[{"href":"https:\/\/radardofuturo.com.br\/test\/wp-json\/wp\/v2\/media?parent=20293"}],"wp:term":[{"taxonomy":"category","embeddable":true,"href":"https:\/\/radardofuturo.com.br\/test\/wp-json\/wp\/v2\/categories?post=20293"},{"taxonomy":"post_tag","embeddable":true,"href":"https:\/\/radardofuturo.com.br\/test\/wp-json\/wp\/v2\/tags?post=20293"}],"curies":[{"name":"wp","href":"https:\/\/api.w.org\/{rel}","templated":true}]}}