{"id":202,"date":"2016-03-23T19:54:28","date_gmt":"2016-03-23T22:54:28","guid":{"rendered":"https:\/\/litebold.co\/~radardofuturo\/mudancas-climaticas-avancam-a-ritmo-sem-precedentes\/"},"modified":"2016-03-23T19:54:28","modified_gmt":"2016-03-23T22:54:28","slug":"mudancas-climaticas-avancam-a-ritmo-sem-precedentes","status":"publish","type":"post","link":"https:\/\/radardofuturo.com.br\/test\/mudancas-climaticas-avancam-a-ritmo-sem-precedentes\/","title":{"rendered":"Mudan\u00e7as clim\u00e1ticas avan\u00e7am a ritmo &#8220;sem precedentes&#8221;"},"content":{"rendered":"<p>Segundo relat&oacute;rio, a alta das temperaturas neste ano foram alarmantes<\/p>\n<p>  <!--more-->  <\/p>\n<p>Reda&ccedil;&atilde;o<br>Radar do Futuro<\/p>\n<p>O ano de 2015 e as temperaturas de janeiro e fevereiro deste ano bateram todos os recordes, segundo relat&oacute;rio emitido pela Organiza&ccedil;&atilde;o Meteorol&oacute;gica Mundial. Segundo o alerta da institui&ccedil;&atilde;o, as mudan&ccedil;as clim&aacute;ticas avan&ccedil;am a uma velocidade &ldquo;sem precedentes&rdquo;.<\/p>\n<p>De acordo com um comunicado do novo presidente da organiza&ccedil;&atilde;o, Petteri Taalas, as mudan&ccedil;as clim&aacute;ticas nos primeiros dois meses deste ano elevaram-se a novos patamares, seguindo um ano de 2015 que j&aacute; tinha &ldquo;batido todos os recordes por uma ampla margem&rdquo;.<\/p>\n<p>&ldquo;A alarmante taxa de mudan&ccedil;as que estamos registradas no nosso clima, como resultado das emiss&otilde;es de g&aacute;s com efeito de estufa, n&atilde;o tem precedentes nos registos modernos&rdquo;, acrescentou o respons&aacute;vel. J&aacute; no ano passado, salientou Taalas, estas altera&ccedil;&otilde;es tiveram como efeito uma diminui&ccedil;&atilde;o do gelo nos oceanos e eventos meteorol&oacute;gicos extremos em diferentes regi&otilde;es do planeta.<\/p>\n<p>A subida das temperaturas neste ano foram especialmente alarmantes, como um &ldquo;estalo na cara&rdquo;, disse o diretor do Programa de Pesquisa sobre o Clima Mundial, Dave Carlson, quando apresentava o relat&oacute;rio aos jornalistas, em Genebra.<\/p>\n<p>&ldquo;H&aacute; uma tend&ecirc;ncia de aumento [das temperaturas] incontrol&aacute;vel&rdquo;, assinalou, acrescentando que &ldquo;as chocantes altas temperaturas at&eacute; agora, neste ano, mandaram ondas de choque para toda a comunidade cient&iacute;fica que estuda o clima&rdquo;.<\/p>\n<p>Fevereiro foi o m&ecirc;s mais quente desde que h&aacute; registos modernos, com uma temperatura m&eacute;dia de 1,21 graus Celsius acima da m&eacute;dia do s&eacute;culo XX.<\/p>\n<p>&ldquo;O nosso planeta est&aacute; enviando uma mensagem poderosa aos l&iacute;deres mundiais para que assinem e implementem o Acordo de Paris agora, antes de passarmos o ponto de n&atilde;o retorno&rdquo;, disse o respons&aacute;vel. Ele ressalta que &ldquo;os planos e acordos nacionais que foram at&eacute; agora adotados n&atilde;o s&atilde;o suficientes para impedir um aumento da temperatura de tr&ecirc;s graus&rdquo;, o dobro do que foi acordado em Paris.<\/p>\n<p>* Com informa&ccedil;&otilde;es de Jornal de Not&iacute;cias, de Portugal<\/p>\n","protected":false},"excerpt":{"rendered":"<p>Segundo relat&oacute;rio, a alta das temperaturas neste ano foram alarmantes<\/p>\n","protected":false},"author":1,"featured_media":0,"comment_status":"open","ping_status":"open","sticky":false,"template":"","format":"standard","meta":{"tdm_status":"","tdm_grid_status":"","footnotes":"","jetpack_publicize_message":"","jetpack_publicize_feature_enabled":true,"jetpack_social_post_already_shared":false,"jetpack_social_options":{"image_generator_settings":{"template":"highway","enabled":false},"version":2}},"categories":[20],"tags":[],"class_list":{"0":"post-202","1":"post","2":"type-post","3":"status-publish","4":"format-standard","6":"category-destaques"},"jetpack_publicize_connections":[],"jetpack_featured_media_url":"","post_mailing_queue_ids":[],"_links":{"self":[{"href":"https:\/\/radardofuturo.com.br\/test\/wp-json\/wp\/v2\/posts\/202","targetHints":{"allow":["GET"]}}],"collection":[{"href":"https:\/\/radardofuturo.com.br\/test\/wp-json\/wp\/v2\/posts"}],"about":[{"href":"https:\/\/radardofuturo.com.br\/test\/wp-json\/wp\/v2\/types\/post"}],"author":[{"embeddable":true,"href":"https:\/\/radardofuturo.com.br\/test\/wp-json\/wp\/v2\/users\/1"}],"replies":[{"embeddable":true,"href":"https:\/\/radardofuturo.com.br\/test\/wp-json\/wp\/v2\/comments?post=202"}],"version-history":[{"count":0,"href":"https:\/\/radardofuturo.com.br\/test\/wp-json\/wp\/v2\/posts\/202\/revisions"}],"wp:attachment":[{"href":"https:\/\/radardofuturo.com.br\/test\/wp-json\/wp\/v2\/media?parent=202"}],"wp:term":[{"taxonomy":"category","embeddable":true,"href":"https:\/\/radardofuturo.com.br\/test\/wp-json\/wp\/v2\/categories?post=202"},{"taxonomy":"post_tag","embeddable":true,"href":"https:\/\/radardofuturo.com.br\/test\/wp-json\/wp\/v2\/tags?post=202"}],"curies":[{"name":"wp","href":"https:\/\/api.w.org\/{rel}","templated":true}]}}