{"id":2016,"date":"2018-08-29T13:47:04","date_gmt":"2018-08-29T16:47:04","guid":{"rendered":"https:\/\/radardofuturo.com.br\/?p=2016"},"modified":"2018-08-29T14:15:29","modified_gmt":"2018-08-29T17:15:29","slug":"producao-organica-oportunidade-do-consumo","status":"publish","type":"post","link":"https:\/\/radardofuturo.com.br\/test\/producao-organica-oportunidade-do-consumo\/","title":{"rendered":"Produ\u00e7\u00e3o org\u00e2nica: a busca por qualidade ganha for\u00e7a"},"content":{"rendered":"\n<figure class=\"wp-block-image is-resized\"><img loading=\"lazy\" decoding=\"async\" src=\"blob:https:\/\/radardofuturo.com.br\/test\/1f774efd-bd24-4312-b9e7-31e360935d04\" alt=\"Produ&ccedil;&atilde;o org&acirc;nica cresce no Brasil - foto Rovena Rosa \/ Ag&ecirc;ncia Brasil\" width=\"960\" height=\"386\"><\/figure>\n\n\n\n<!--more-->\n\n\n\n<p>Ag&ecirc;ncia Brasil<\/p>\n\n\n\n<p>H&aacute; v&aacute;rias gera&ccedil;&otilde;es a agricultura org&acirc;nica est&aacute; presente na rotina da fam&iacute;lia da paraibana Maria Alves, de 65 anos, uma das coordenadoras de um movimento de produ&ccedil;&atilde;o regional na Grande S&atilde;o Paulo. O exemplo veio da av&oacute; que viveu mais de 100 anos e dedicou-se &agrave; agricultura.<\/p>\n\n\n\n<p>&ldquo;Eu vivi sempre na agricultura. Com 7 anos, eu j&aacute; ajudava meu pai. Em fam&iacute;lia de agricultores, os filhos j&aacute; come&ccedil;am muito cedo a trabalhar. Minha av&oacute; viveu 101 anos, sempre na agricultura, foi uma mulher que enfrentou muitas coisas, mas ela criou os filhos dela e era uma mulher feliz&rdquo;, disse Maria Alves.<\/p>\n\n\n\n<p>No ano passado, o setor de org&acirc;nicos, incluindo alimentos &ndash;<em>&nbsp;in natura<\/em>&nbsp;e industrializados &ndash;, cosm&eacute;ticos e t&ecirc;xtil, faturou R$ 3,5 bilh&otilde;es apenas no mercado nacional, de acordo com dados do Conselho Brasileiro da Produ&ccedil;&atilde;o Org&acirc;nica e Sustent&aacute;vel (Organis). Em 2016, o faturamento foi R$ 3 bilh&otilde;es. No primeiro ano do levantamento, em 2010, o setor havia faturado R$ 500 milh&otilde;es.<\/p>\n\n\n\n<h2 class=\"wp-block-heading\">Dados<\/h2>\n\n\n\n<p>Segundo o Minist&eacute;rio da Agricultura, Pecu&aacute;ria e Abastecimento, atualmente s&atilde;o 17.075 registros de entidades produtoras de org&acirc;nicos no pa&iacute;s, das quais cerca de 70% dos produtores s&atilde;o de agricultura familiar.<\/p>\n\n\n\n<p>Em 2013, eram apenas 6.700 registros. O &uacute;ltimo censo do setor, de 2006, mostra ainda que a agricultura familiar participava com 30% do valor bruto da produ&ccedil;&atilde;o agr&iacute;cola e agropecu&aacute;ria no Brasil, o que representava em torno de R$ 12 bilh&otilde;es, segundo dados do minist&eacute;rio.<\/p>\n\n\n\n<p>Existem dois tipos de certifica&ccedil;&atilde;o para produtores org&acirc;nicos. O minist&eacute;rio tem, atualmente, oito certificadoras credenciadas que fazem a fiscaliza&ccedil;&atilde;o das propriedades e assumem a responsabilidade pelo uso do selo brasileiro.<\/p>\n\n\n\n<p>H&aacute; tamb&eacute;m os Sistemas Participativos de Garantia (SPG), em que grupos formados por produtores, consumidores, t&eacute;cnicos e pesquisadores se certificam, ou seja, estabelecem procedimentos de verifica&ccedil;&atilde;o das normas de produ&ccedil;&atilde;o org&acirc;nica daqueles produtores que comp&otilde;em o sistema. Tanto as certificadoras quanto os SPG precisam ser credenciados no Minist&eacute;rio da Agricultura.<\/p>\n\n\n\n<h2 class=\"wp-block-heading\">Qualidade<\/h2>\n\n\n\n<p>Para a agricultora Maria Alves, a import&acirc;ncia da produ&ccedil;&atilde;o org&acirc;nica est&aacute; em preservar a terra, oferecer alimenta&ccedil;&atilde;o de qualidade &agrave; sociedade e cuidar da pr&oacute;pria sa&uacute;de ao n&atilde;o utilizar agrot&oacute;xicos e ainda produzir no modelo chamado agroecol&oacute;gico com respeito &agrave; biodiversidade e aos ciclos biol&oacute;gicos.<\/p>\n\n\n\n<p>&ldquo;Isso &eacute; seguran&ccedil;a alimentar, mas ainda n&atilde;o temos soberania porque a pequena agricultura tamb&eacute;m precisa de incentivos, de ci&ecirc;ncia, de t&eacute;cnicas de apoio para podermos ampliar. &Eacute; bom que todo mundo coma bem, por que n&atilde;o?&rdquo;, reagiu.<\/p>\n\n\n\n<figure class=\"wp-block-image\"><img decoding=\"async\" src=\"https:\/\/imagens.ebc.com.br\/yeueuVk8hADJp56ussi1Ck-h_n0=\/754x0\/smart\/https:\/\/agenciabrasil.ebc.com.br\/sites\/default\/files\/thumbnails\/image\/rvrsa_abr_220720120917.jpg?itok=8gN2fbs9\" alt=\"Armaz&eacute;m do Campo vende produtos org&acirc;nicos, em Campos El&iacute;sios, regi&atilde;o central de S&atilde;o Paulo.\"><\/figure>\n\n\n\n<p>Armaz&eacute;m do Campo vende produtos org&acirc;nicos, em Campos El&iacute;sios, regi&atilde;o central de S&atilde;o Paulo&nbsp;&ndash;&nbsp;<strong>Rovena Rosa\/Ag&ecirc;ncia Brasil<\/strong><\/p>\n\n\n\n<p>Integrante de uma a&ccedil;&atilde;o coletiva de produ&ccedil;&atilde;o regional com membros do Movimento dos Trabalhadores Sem Terra (MST), Maria Alves defende que o princ&iacute;pio econ&ocirc;mico que rege a produ&ccedil;&atilde;o agr&iacute;cola &eacute; o do &ldquo;lucro &oacute;timo&rdquo; e, n&atilde;o do &ldquo;lucro m&aacute;ximo&rdquo;.<\/p>\n\n\n\n<p>&ldquo;A pequena agricultura [familiar] tem a diversidade, &eacute; normal voc&ecirc;&nbsp;ter&nbsp;um pedacinho de terra e ali voc&ecirc;&nbsp;ter&nbsp;um galinheiro, uma cria&ccedil;&atilde;o de pequenos animais, uma horta, um pomar, &eacute; diversidade. Voc&ecirc; j&aacute; ouviu falar que pequeno produtor ficou rico plantando? A ideia n&atilde;o &eacute; o lucro m&aacute;ximo, a gente tem que pensar no lucro &oacute;timo: eu tiro meu sustento, eu consumo aquilo que eu planto com seguran&ccedil;a e o excedente eu comercializo com seguran&ccedil;a tamb&eacute;m porque voc&ecirc; vem adquirindo consci&ecirc;ncia&rdquo;, disse.<\/p>\n\n\n\n<h2 class=\"wp-block-heading\">Pre&ccedil;o<\/h2>\n\n\n\n<p>Maria Alves discorda da supervaloriza&ccedil;&atilde;o dos produtos org&acirc;nicos em rela&ccedil;&atilde;o ao pre&ccedil;o que &eacute; comercializado nos supermercados. &ldquo;O certo n&atilde;o &eacute;&nbsp;ter&nbsp;um produto para ganhar muito dinheiro, esse produto vai para as mesas, vamos fazer um pre&ccedil;o que as pessoas tenham acesso. Produzir com qualidade, talvez n&atilde;o com quantidade, porque quando voc&ecirc; pensa em quantidade voc&ecirc; vai explorar ou o homem ou a terra. N&atilde;o pode ser um projeto de explora&ccedil;&atilde;o e recursos&rdquo;, disse.Edi&ccedil;&atilde;o:&nbsp;Carolina Pimentel&nbsp;Tags:&nbsp;<a href=\"https:\/\/agenciabrasil.ebc.com.br\/tags\/produtos-organicos\" target=\"_blank\" rel=\"noopener\">PRODUTOS ORG&Acirc;NICOS<\/a><\/p>\n","protected":false},"excerpt":{"rendered":"","protected":false},"author":1,"featured_media":2018,"comment_status":"closed","ping_status":"closed","sticky":false,"template":"","format":"standard","meta":{"tdm_status":"","tdm_grid_status":"","footnotes":"","jetpack_publicize_message":"","jetpack_publicize_feature_enabled":true,"jetpack_social_post_already_shared":true,"jetpack_social_options":{"image_generator_settings":{"template":"highway","enabled":false},"version":2}},"categories":[19],"tags":[765,760,762,763,764,761,127],"class_list":{"0":"post-2016","1":"post","2":"type-post","3":"status-publish","4":"format-standard","5":"has-post-thumbnail","7":"category-insights","8":"tag-comida-de-qualidade","9":"tag-producao-organica","10":"tag-produtores-de-organicos","11":"tag-produtores-organicos","12":"tag-produtos-de-qualidade","13":"tag-produtos-organicos","14":"tag-qualidade-de-vida"},"jetpack_publicize_connections":[],"jetpack_featured_media_url":"https:\/\/radardofuturo.com.br\/test\/wp-content\/uploads\/2018\/08\/producao-organica-cresce-no-brasil.jpg","post_mailing_queue_ids":[],"_links":{"self":[{"href":"https:\/\/radardofuturo.com.br\/test\/wp-json\/wp\/v2\/posts\/2016","targetHints":{"allow":["GET"]}}],"collection":[{"href":"https:\/\/radardofuturo.com.br\/test\/wp-json\/wp\/v2\/posts"}],"about":[{"href":"https:\/\/radardofuturo.com.br\/test\/wp-json\/wp\/v2\/types\/post"}],"author":[{"embeddable":true,"href":"https:\/\/radardofuturo.com.br\/test\/wp-json\/wp\/v2\/users\/1"}],"replies":[{"embeddable":true,"href":"https:\/\/radardofuturo.com.br\/test\/wp-json\/wp\/v2\/comments?post=2016"}],"version-history":[{"count":0,"href":"https:\/\/radardofuturo.com.br\/test\/wp-json\/wp\/v2\/posts\/2016\/revisions"}],"wp:featuredmedia":[{"embeddable":true,"href":"https:\/\/radardofuturo.com.br\/test\/wp-json\/wp\/v2\/media\/2018"}],"wp:attachment":[{"href":"https:\/\/radardofuturo.com.br\/test\/wp-json\/wp\/v2\/media?parent=2016"}],"wp:term":[{"taxonomy":"category","embeddable":true,"href":"https:\/\/radardofuturo.com.br\/test\/wp-json\/wp\/v2\/categories?post=2016"},{"taxonomy":"post_tag","embeddable":true,"href":"https:\/\/radardofuturo.com.br\/test\/wp-json\/wp\/v2\/tags?post=2016"}],"curies":[{"name":"wp","href":"https:\/\/api.w.org\/{rel}","templated":true}]}}