{"id":19790,"date":"2021-11-11T15:14:48","date_gmt":"2021-11-11T18:14:48","guid":{"rendered":"https:\/\/radardofuturo.com.br\/?p=19790"},"modified":"2021-11-11T15:20:23","modified_gmt":"2021-11-11T18:20:23","slug":"linklei-global-summit-debate-as-transformacoes-que-impactam-o-mercado-juridico","status":"publish","type":"post","link":"https:\/\/radardofuturo.com.br\/test\/linklei-global-summit-debate-as-transformacoes-que-impactam-o-mercado-juridico\/","title":{"rendered":"LinkLei Global Summit debate as transforma\u00e7\u00f5es que impactam o mercado jur\u00eddico"},"content":{"rendered":"\n<p><strong>Evento nos dias 23 e 24 de novembro, on line, ter&aacute; palestrantes nacionais e internacionais do mercado jur&iacute;dico e outros segmentos<\/strong><\/p>\n\n\n\n<figure class=\"wp-block-image size-large\"><img loading=\"lazy\" decoding=\"async\" width=\"1024\" height=\"683\" src=\"https:\/\/radardofuturo.com.br\/test\/wp-content\/uploads\/2020\/07\/Home-office-divulgacao-1024x683.jpg\" alt=\"mercado jur&iacute;dico\n\" class=\"wp-image-11694\" srcset=\"https:\/\/radardofuturo.com.br\/test\/wp-content\/uploads\/2020\/07\/Home-office-divulgacao-1024x683.jpg 1024w, https:\/\/radardofuturo.com.br\/test\/wp-content\/uploads\/2020\/07\/Home-office-divulgacao-300x200.jpg 300w, https:\/\/radardofuturo.com.br\/test\/wp-content\/uploads\/2020\/07\/Home-office-divulgacao-768x512.jpg 768w, https:\/\/radardofuturo.com.br\/test\/wp-content\/uploads\/2020\/07\/Home-office-divulgacao-1536x1024.jpg 1536w, https:\/\/radardofuturo.com.br\/test\/wp-content\/uploads\/2020\/07\/Home-office-divulgacao-2048x1365.jpg 2048w, https:\/\/radardofuturo.com.br\/test\/wp-content\/uploads\/2020\/07\/Home-office-divulgacao-696x464.jpg 696w, https:\/\/radardofuturo.com.br\/test\/wp-content\/uploads\/2020\/07\/Home-office-divulgacao-1392x928.jpg 1392w\" sizes=\"auto, (max-width: 1024px) 100vw, 1024px\"><figcaption>Foto: Pixabay<\/figcaption><\/figure>\n\n\n\n<!--more-->\n\n\n\n<p>A LinkLei Academy, bra&ccedil;o de educa&ccedil;&atilde;o do LinkLei, a primeira e maior rede social jur&iacute;dica do Brasil, realizar&aacute; o evento LinkLei Global Summit, nos dias 23 e 24 de novembro, e ser&aacute; 100% online e gratuito, com transmiss&atilde;o global para pa&iacute;ses como Estados Unidos e Inglaterra. Os participantes receber&atilde;o certificado pelo LinkLei e pelo Legal Technology &amp; Inovation Institute (LTIC).<\/p>\n\n\n\n<p>O evento &eacute; realizado em parceria com o LTIC, instituto ingl&ecirc;s destinado &agrave; educa&ccedil;&atilde;o de Direito e Tecnologia, capitaneado pela ex-presidente da ordem inglesa dos advogados, Christina Blacklaws. Reunir&aacute; palestrantes nacionais e internacionais para o debate sobre as transforma&ccedil;&otilde;es n&atilde;o apenas da advocacia, mas das quest&otilde;es financeiras e globais que est&atilde;o impactando o presente e o futuro do mercado jur&iacute;dico.<\/p>\n\n\n\n<p>Entre os nomes que estar&atilde;o presentes est&atilde;o a coordenadora do LTIC, Christina Blacklaws, que abordar&aacute; o impacto da tecnologia no futuro do Direito, Olga V. Mack, empreendedora do Vale do Sil&iacute;cio, sobre o futuro dos contratos, Kim A. Page, treinadora de comunica&ccedil;&atilde;o de empresas como Google, Nasa e DLA Pipper, que palestrar&aacute; sobre a comunica&ccedil;&atilde;o como habilidade essencial dos profissionais jur&iacute;dicos, David Sun, executivo da empresa chinesa ARK, sobre as oportunidades entre os mercados brasileiros e chin&ecirc;s, Ian McDougall, vice-presidente global da LexisNexis, sobre o papel do populismo nas rela&ccedil;&otilde;es jur&iacute;dicas e Paurush Kumar, advogado indiano, sobre o mercado jur&iacute;dico indiano e suas oportunidades.<\/p>\n\n\n\n<p>Na oportunidade ser&atilde;o lan&ccedil;adas as novas iniciativas acad&ecirc;micas em coopera&ccedil;&atilde;o com a edtech NewLaw.<\/p>\n\n\n\n<p><strong>LinkLei Global<\/strong> Summit &eacute; um evento realizado pela rede social jur&iacute;dica LinkLei e conta com o patroc&iacute;nio da empresa LexisNexis| Nexis Solutions e da edtech NewLaw, e o apoio da Associa&ccedil;&atilde;o dos Advogados de S&atilde;o Paulo (AASP) e da Associa&ccedil;&atilde;o Brasileira de Lawtechs e Legaltechs (AB2L).<\/p>\n\n\n\n<h2 class=\"wp-block-heading\">Servi&ccedil;o:<\/h2>\n\n\n\n<ul class=\"wp-block-list\"><li><strong>LinkLei Global Summit<\/strong><br><\/li><li>Transmiss&atilde;o on-line e gratuita<\/li><li><strong>Datas<\/strong>: 23 e 24 de novembro de 2021<\/li><li><strong>Hor&aacute;rio<\/strong>: 17h &agrave;s 19h30<\/li><li><strong>Informa&ccedil;&otilde;es, programa&ccedil;&atilde;o e inscri&ccedil;&otilde;es<\/strong>, acesse: <a href=\"https:\/\/app.linklei.com.br\/0\/events\/linklei-global-summit\" target=\"_blank\" rel=\"noreferrer noopener\">https:\/\/app.linklei.com.br\/0\/events\/linklei-global-summit<\/a><\/li><\/ul>\n","protected":false},"excerpt":{"rendered":"<p>Evento nos dias 23 e 24 de novembro, on line, ter&aacute; palestrantes nacionais e internacionais do mercado jur&iacute;dico e outros segmentos<\/p>\n","protected":false},"author":15,"featured_media":11694,"comment_status":"open","ping_status":"open","sticky":false,"template":"","format":"standard","meta":{"tdm_status":"","tdm_grid_status":"","footnotes":"","jetpack_publicize_message":"","jetpack_publicize_feature_enabled":true,"jetpack_social_post_already_shared":true,"jetpack_social_options":{"image_generator_settings":{"template":"highway","enabled":false},"version":2}},"categories":[18,16],"tags":[320,3531],"class_list":{"0":"post-19790","1":"post","2":"type-post","3":"status-publish","4":"format-standard","5":"has-post-thumbnail","7":"category-eventos","8":"category-tendencias-setores","9":"tag-impactos","10":"tag-mercado-juridico"},"jetpack_publicize_connections":[],"jetpack_featured_media_url":"https:\/\/radardofuturo.com.br\/test\/wp-content\/uploads\/2020\/07\/Home-office-divulgacao-scaled.jpg","post_mailing_queue_ids":[],"_links":{"self":[{"href":"https:\/\/radardofuturo.com.br\/test\/wp-json\/wp\/v2\/posts\/19790","targetHints":{"allow":["GET"]}}],"collection":[{"href":"https:\/\/radardofuturo.com.br\/test\/wp-json\/wp\/v2\/posts"}],"about":[{"href":"https:\/\/radardofuturo.com.br\/test\/wp-json\/wp\/v2\/types\/post"}],"author":[{"embeddable":true,"href":"https:\/\/radardofuturo.com.br\/test\/wp-json\/wp\/v2\/users\/15"}],"replies":[{"embeddable":true,"href":"https:\/\/radardofuturo.com.br\/test\/wp-json\/wp\/v2\/comments?post=19790"}],"version-history":[{"count":0,"href":"https:\/\/radardofuturo.com.br\/test\/wp-json\/wp\/v2\/posts\/19790\/revisions"}],"wp:featuredmedia":[{"embeddable":true,"href":"https:\/\/radardofuturo.com.br\/test\/wp-json\/wp\/v2\/media\/11694"}],"wp:attachment":[{"href":"https:\/\/radardofuturo.com.br\/test\/wp-json\/wp\/v2\/media?parent=19790"}],"wp:term":[{"taxonomy":"category","embeddable":true,"href":"https:\/\/radardofuturo.com.br\/test\/wp-json\/wp\/v2\/categories?post=19790"},{"taxonomy":"post_tag","embeddable":true,"href":"https:\/\/radardofuturo.com.br\/test\/wp-json\/wp\/v2\/tags?post=19790"}],"curies":[{"name":"wp","href":"https:\/\/api.w.org\/{rel}","templated":true}]}}