{"id":1945,"date":"2018-08-22T10:31:39","date_gmt":"2018-08-22T13:31:39","guid":{"rendered":"https:\/\/radardofuturo.com.br\/?p=1945"},"modified":"2018-08-22T10:47:25","modified_gmt":"2018-08-22T13:47:25","slug":"o-mercado-descobre-a-forca-da-geracao-madura","status":"publish","type":"post","link":"https:\/\/radardofuturo.com.br\/test\/o-mercado-descobre-a-forca-da-geracao-madura\/","title":{"rendered":"O mercado descobre a for\u00e7a da &#8220;gera\u00e7\u00e3o madura&#8221;"},"content":{"rendered":"\n<figure class=\"wp-block-image\"><img loading=\"lazy\" decoding=\"async\" width=\"960\" height=\"640\" src=\"https:\/\/radardofuturo.com.br\/test\/wp-content\/uploads\/2018\/08\/maturidade-pesquisa-questiona-lugares-comuns-sobre-a-maturidade-foto-pixabay.jpg\" alt=\"Pesquisa questiona vis&atilde;o sobre maturidade do senso comum - foto: Pixabay\" class=\"wp-image-1949\" srcset=\"https:\/\/radardofuturo.com.br\/test\/wp-content\/uploads\/2018\/08\/maturidade-pesquisa-questiona-lugares-comuns-sobre-a-maturidade-foto-pixabay.jpg 960w, https:\/\/radardofuturo.com.br\/test\/wp-content\/uploads\/2018\/08\/maturidade-pesquisa-questiona-lugares-comuns-sobre-a-maturidade-foto-pixabay-300x200.jpg 300w, https:\/\/radardofuturo.com.br\/test\/wp-content\/uploads\/2018\/08\/maturidade-pesquisa-questiona-lugares-comuns-sobre-a-maturidade-foto-pixabay-768x512.jpg 768w, https:\/\/radardofuturo.com.br\/test\/wp-content\/uploads\/2018\/08\/maturidade-pesquisa-questiona-lugares-comuns-sobre-a-maturidade-foto-pixabay-480x320.jpg 480w\" sizes=\"auto, (max-width: 960px) 100vw, 960px\"><figcaption>Pesquisa questiona vis&atilde;o sobre maturidade do senso comum<\/figcaption><\/figure>\n\n\n\n<!--more-->\n\n\n\n<p><em>Carlos Teixeira<\/em><br><em>Radar do Futuro<\/em><\/p>\n\n\n\n<p>Dois eventos realizados em Belo Horizonte em um dia como qualquer outro, uma ter&ccedil;a-feira, 21 de agosto, apontam para um fen&ocirc;meno que poderia ser entendido como simples coincid&ecirc;ncia. Mas que reflete uma tend&ecirc;ncia forte. A divulga&ccedil;&atilde;o de uma pesquisas sobre a gera&ccedil;&atilde;o de &ldquo;cabe&ccedil;as prateadas&rdquo; e um encontro promovido por um site MaturiJobs, voltado &agrave; gera&ccedil;&atilde;o de mais de 50 anos, revelaram que os idosos fazem parte de um segmento muito mais vivo e din&acirc;mico do que sup&otilde;e a percep&ccedil;&atilde;o da pr&oacute;pria sociedade.<\/p>\n\n\n\n<p>Ali&aacute;s, idoso n&atilde;o &eacute; o melhor termo para definir o grupo das pessoas com mais de 60 anos, alvo da pesquisa &ldquo;<a href=\"https:\/\/radardofuturo.com.br\/test\/ddof\/o-que-sao-tendencias\/\" target=\"_self\" title=\"Confira o que s&atilde;o tend&ecirc;ncias, os fatos ou fen&ocirc;menos que podem acontecer em algum momento adiante na hist&oacute;ria da sociedade, como um novo comportamento individual ou de um grupo\" class=\"encyclopedia\">Tend&ecirc;ncias<\/a> do Mercado Prateado de Minais Gerais em Minas Gerais&rdquo;, conduzido pela Pipe.Social e Hype60+ e encampada pela C&acirc;mara dos Dirigentes Lojistas de Belo Horizonte (CDL\/BH). Os representantes do segmento preferem ser chamados de &ldquo;maduros&rdquo;. S&atilde;o pessoas com mais de 60 anos que namoram on line, continuam curtindo rock e buscam aprimoramento intelectual e profissional. Nada parecidas com os av&oacute;s de gera&ccedil;&otilde;es passadas.<\/p>\n\n\n\n<p>Recorte regional de um levantamento que ser&aacute; apresentado nacionalmente em outubro, o estudo demonstra um cen&aacute;rio da faixa da popula&ccedil;&atilde;o que, no Brasil, movimenta anualmente R$ 1,6 trilh&atilde;o. Para L&iacute;via Hollerbach, s&oacute;cia da Pipe.Social e uma das coordenadoras da pesquisa, as empresas n&atilde;o se preparam para o potencial do &ldquo;mercado prateado&rdquo;.&nbsp;<\/p>\n\n\n\n<h2 class=\"wp-block-heading\">Proje&ccedil;&otilde;es<\/h2>\n\n\n\n<p>Em 2031, quando algu&eacute;m nascido em 2018 ter&aacute; apenas 13 anos, o n&uacute;mero de idosos deve superar o total de crian&ccedil;as e jovens de at&eacute; 14 anos, segundo as proje&ccedil;&otilde;es do Instituto Brasileiro de Geografia e Estat&iacute;stica (IBGE). E, em 2050, o Pa&iacute;s deve ser o sexto com maior n&uacute;mero de idosos do mundo. Na realidade do Jap&atilde;o de hoje, isso significa que as vendas de fraldas geri&aacute;tricas superam as infantis. <\/p>\n\n\n\n<p>Mas prestadores de servi&ccedil;os, comerciantes, produtores de alimentos e ind&uacute;strias devem come&ccedil;ara a entender que o envelhecimento n&atilde;o significa decad&ecirc;ncia econ&ocirc;mica. H&aacute; vida e poder de consumo. &ldquo;Os mineiros de mais de 60 relatam preconceito em setores da economia, o que significa portas fechadas para a experi&ecirc;ncia profissional. Lojas e cidades n&atilde;o s&atilde;o preparadas para se relacionar com eles.<\/p>\n\n\n\n<p>Segundo o estudo com os &ldquo;maduros&rdquo; mineiros, 35% dos entrevistados dizem que os filhos precisam mais deles do que gostariam. A tend&ecirc;ncia &eacute; de consolida&ccedil;&atilde;o da tend&ecirc;ncia diante da perspectiva de redu&ccedil;&atilde;o da mobilidade social nos pr&oacute;ximos anos. Essa gera&ccedil;&atilde;o tamb&eacute;m recebe a defini&ccedil;&atilde;o de &ldquo;sandu&iacute;che&rdquo;, pois se desdobra para cuidar dos pr&oacute;prios pais e filhos. Um dado complementar que n&atilde;o consta da pesquisa: hoje, no Brasil, 10,8 milh&otilde;es de pessoas dependem da renda de um idoso para viver, segundo um estudo da LCA Consultores divulgado em julho.<\/p>\n\n\n\n<p>Na realidade, os integrantes do grupo negam os estere&oacute;tipos sintetizados pelas placas que identificam idosos como portadores de bengalas ou cadeiras de rodas. Para 69% dos mineiros, a sa&uacute;de mental e f&iacute;sica vai bem. A preocupa&ccedil;&atilde;o com os cuidados com o corpo &eacute; real. S&atilde;o pessoas integradas com a cidade e com o mundo e que n&atilde;o t&ecirc;m medo de conviver com recursos tecnol&oacute;gicos.&nbsp;&nbsp;<\/p>\n\n\n\n<h2 class=\"wp-block-heading\">Adapta&ccedil;&atilde;o<\/h2>\n\n\n\n<p>&ldquo;A CDL\/BH quer conhecer melhor essa parcela da popula&ccedil;&atilde;o, saber o que pensa, como age, o que quer, bem como os seus h&aacute;bitos de consumo&rdquo;, diz o presidente da entidade, Bruno Falci. Empres&aacute;rio, &eacute; um t&iacute;pico representante da gera&ccedil;&atilde;o. Em plena atividade, com 62 anos, topa correr alguns quil&ocirc;metros em torno da Lagoa da Pampulha.&nbsp;<\/p>\n\n\n\n<p>Com base no estudo, a C&acirc;mara de Dirigentes Lojistas pretende qualificar melhor a rede de associados, comerciantes e prestadores de servi&ccedil;os. &ldquo;Esse p&uacute;blico n&atilde;o pode ser encarado meramente como consumidores. Vamos nos empenhar e atuar para que Belo Horizonte seja a capital modelo para a gera&ccedil;&atilde;o prateada&rdquo;, anunciou Bruno Falci.&nbsp;<\/p>\n\n\n\n<p>A integra&ccedil;&atilde;o de a&ccedil;&otilde;es com o governo do Estado e com a prefeitura, al&eacute;m de outras entidades de classe e representantes da sociedade civil deve constar das a&ccedil;&otilde;es imaginadas. O objetivo ser&aacute; o de imaginar a&ccedil;&otilde;es voltadas especificamente para a parcela da popula&ccedil;&atilde;o madura, o que inclui planos de mobilidade urbana, acessibilidade, programas de sa&uacute;de e preven&ccedil;&atilde;o de doen&ccedil;as, de cultura e de lazer e atendimento qualificado.<\/p>\n\n\n\n<h2 class=\"wp-block-heading\">Iniciativas<\/h2>\n\n\n\n<p>Sem o mesmo destaque do movimento que envolve as empresas de base tecnol&oacute;gica, as startups, alvo de aten&ccedil;&otilde;es da m&iacute;dia e de investidores, outros eventos, tamb&eacute;m em Belo Horizonte, atra&iacute;ram a aten&ccedil;&atilde;o de algumas dezenas de maduros. Centradas na MaturiJobs, uma plataforma voltada a demandas por trabalho da popula&ccedil;&atilde;o com mais de 50 anos, as atividades atendem ao n&uacute;mero crescente de pessoas que n&atilde;o consideram a perspectiva de parar de trabalhar.<\/p>\n\n\n\n<p>&ldquo;Com a forte crise que bateu no pa&iacute;s, observei muitas pessoas vivendo um drama parecido com o da minha av&oacute;, mas eram pessoas mais jovens. Profissionais qualificados e que estavam fora do mercado de trabalho, sofrendo com a exclus&atilde;o, muitos deprimidos.&rdquo; Para fazer uma ponte entre essas pessoas mais experientes e as empresas nasceu a Maturijobs.<\/p>\n\n\n\n<p>A startup busca a inclus&atilde;o e a diversidade geracional dentro das corpora&ccedil;&otilde;es. Um desafio di&aacute;rio de romper as barreiras do preconceito. &ldquo;N&oacute;s desenvolvemos um trabalho de capacita&ccedil;&atilde;o dos dois lados. Para os profissionais apresentamos novas formas de trabalho porque o n&uacute;mero de vagas ainda &eacute; restrito e para as empresas mostramos as vantagens de ter pessoas mais maduras nos quadros.&rdquo; Com a longevidade da popula&ccedil;&atilde;o, essas contrata&ccedil;&otilde;es se tornam uma tend&ecirc;ncia para os pr&oacute;ximos anos.<\/p>\n","protected":false},"excerpt":{"rendered":"","protected":false},"author":1,"featured_media":1949,"comment_status":"closed","ping_status":"closed","sticky":false,"template":"","format":"standard","meta":{"tdm_status":"","tdm_grid_status":"","footnotes":"","jetpack_publicize_message":"","jetpack_publicize_feature_enabled":true,"jetpack_social_post_already_shared":true,"jetpack_social_options":{"image_generator_settings":{"template":"highway","enabled":false},"version":2}},"categories":[20,19,16],"tags":[],"class_list":{"0":"post-1945","1":"post","2":"type-post","3":"status-publish","4":"format-standard","5":"has-post-thumbnail","7":"category-destaques","8":"category-insights","9":"category-tendencias-setores"},"jetpack_publicize_connections":[],"jetpack_featured_media_url":"https:\/\/radardofuturo.com.br\/test\/wp-content\/uploads\/2018\/08\/maturidade-pesquisa-questiona-lugares-comuns-sobre-a-maturidade-foto-pixabay.jpg","post_mailing_queue_ids":[],"_links":{"self":[{"href":"https:\/\/radardofuturo.com.br\/test\/wp-json\/wp\/v2\/posts\/1945","targetHints":{"allow":["GET"]}}],"collection":[{"href":"https:\/\/radardofuturo.com.br\/test\/wp-json\/wp\/v2\/posts"}],"about":[{"href":"https:\/\/radardofuturo.com.br\/test\/wp-json\/wp\/v2\/types\/post"}],"author":[{"embeddable":true,"href":"https:\/\/radardofuturo.com.br\/test\/wp-json\/wp\/v2\/users\/1"}],"replies":[{"embeddable":true,"href":"https:\/\/radardofuturo.com.br\/test\/wp-json\/wp\/v2\/comments?post=1945"}],"version-history":[{"count":0,"href":"https:\/\/radardofuturo.com.br\/test\/wp-json\/wp\/v2\/posts\/1945\/revisions"}],"wp:featuredmedia":[{"embeddable":true,"href":"https:\/\/radardofuturo.com.br\/test\/wp-json\/wp\/v2\/media\/1949"}],"wp:attachment":[{"href":"https:\/\/radardofuturo.com.br\/test\/wp-json\/wp\/v2\/media?parent=1945"}],"wp:term":[{"taxonomy":"category","embeddable":true,"href":"https:\/\/radardofuturo.com.br\/test\/wp-json\/wp\/v2\/categories?post=1945"},{"taxonomy":"post_tag","embeddable":true,"href":"https:\/\/radardofuturo.com.br\/test\/wp-json\/wp\/v2\/tags?post=1945"}],"curies":[{"name":"wp","href":"https:\/\/api.w.org\/{rel}","templated":true}]}}