{"id":19386,"date":"2021-10-22T15:51:43","date_gmt":"2021-10-22T18:51:43","guid":{"rendered":"https:\/\/radardofuturo.com.br\/?p=19386"},"modified":"2021-10-22T15:51:56","modified_gmt":"2021-10-22T18:51:56","slug":"impactos-economicos-da-pandemia-no-brasil-poderao-ser-observados-ate-2050","status":"publish","type":"post","link":"https:\/\/radardofuturo.com.br\/test\/impactos-economicos-da-pandemia-no-brasil-poderao-ser-observados-ate-2050\/","title":{"rendered":"Impactos econ\u00f4micos da pandemia no Brasil poder\u00e3o ser observados at\u00e9 2050"},"content":{"rendered":"\n<p><strong>Pesquisadores da Rede Clima integraram dados epidemiol&oacute;gicos &agrave; modelagem econ&ocirc;mica; n&uacute;mero de fatalidades no Brasil, acima da m&eacute;dia mundial, &eacute; determinante para os impactos<\/strong><\/p>\n\n\n\n<figure class=\"wp-block-image size-large is-style-default\"><img loading=\"lazy\" decoding=\"async\" width=\"1024\" height=\"683\" src=\"https:\/\/radardofuturo.com.br\/test\/wp-content\/uploads\/2021\/01\/covid-atendimento-em-favela-equipe-de-vacinacao-1024x683.jpg\" alt=\"equipe de vacina&ccedil;&atilde;o, com roupa de prote&ccedil;&atilde;o, entra em favela Foto: Breno Esaki\/Ag&ecirc;ncia Sa&uacute;de\" class=\"wp-image-15430\" srcset=\"https:\/\/radardofuturo.com.br\/test\/wp-content\/uploads\/2021\/01\/covid-atendimento-em-favela-equipe-de-vacinacao-1024x683.jpg 1024w, https:\/\/radardofuturo.com.br\/test\/wp-content\/uploads\/2021\/01\/covid-atendimento-em-favela-equipe-de-vacinacao-300x200.jpg 300w, https:\/\/radardofuturo.com.br\/test\/wp-content\/uploads\/2021\/01\/covid-atendimento-em-favela-equipe-de-vacinacao-768x512.jpg 768w, https:\/\/radardofuturo.com.br\/test\/wp-content\/uploads\/2021\/01\/covid-atendimento-em-favela-equipe-de-vacinacao-1536x1024.jpg 1536w, https:\/\/radardofuturo.com.br\/test\/wp-content\/uploads\/2021\/01\/covid-atendimento-em-favela-equipe-de-vacinacao-696x464.jpg 696w, https:\/\/radardofuturo.com.br\/test\/wp-content\/uploads\/2021\/01\/covid-atendimento-em-favela-equipe-de-vacinacao-1392x928.jpg 1392w, https:\/\/radardofuturo.com.br\/test\/wp-content\/uploads\/2021\/01\/covid-atendimento-em-favela-equipe-de-vacinacao.jpg 2048w\" sizes=\"auto, (max-width: 1024px) 100vw, 1024px\"><figcaption>Foto: <a href=\"http:\/\/fotospublicas.com\" target=\"_blank\" rel=\"noreferrer noopener\">Ag&ecirc;ncia FotosP&uacute;blicas<\/a><\/figcaption><\/figure>\n\n\n\n<!--more-->\n\n\n\n<p>Radar do Futuro<\/p>\n\n\n\n<p>A pandemia n&atilde;o ser&aacute; uma crise sanit&aacute;ria que se encerra em algum momento magicamente. Mesmo que seja decretado um fim, com a retomada de todas as atividades cotidianas, como eram antes de 2020, os seus efeitos ser&atilde;o sentidos durante anos. Mais at&eacute;, ser&atilde;o d&eacute;cadas. Em 2050, ou seja, em quase 30 anos ap&oacute;s o in&iacute;cio da dissemina&ccedil;&atilde;o do Covid-19 pelo planeta, ainda ser&aacute; poss&iacute;vel identificar problemas para a popula&ccedil;&atilde;o brasileira.  <\/p>\n\n\n\n<p>Esta &eacute;, em resumo, a conclus&atilde;o de um estudo que est&aacute; sendo desenvolvido por um grupo de pesquisadores da Rede Clima, institui&ccedil;&atilde;o que re&uacute;ne universidades e &oacute;rg&atilde;os federais de pesquisa brasileiros. O levantamento conclui que, no futuro, haver&aacute; menos pessoas consumindo, gerando renda.  O horizonte de an&aacute;lise indica que, no longo prazo, impactos econ&ocirc;micos diversos ser&atilde;o causados pela redu&ccedil;&atilde;o da popula&ccedil;&atilde;o. <\/p>\n\n\n\n<p>&ldquo;O pr&oacute;prio emprego, que &eacute; afetado no curto prazo, gera efeitos no longo prazo&rdquo;,  explica o coordenador do grupo, Edson Domingues, professor da Faculdade de Ci&ecirc;ncias Econ&ocirc;micas da UFMG . &ldquo;Alguns dos efeitos de longo prazo da pandemia s&atilde;o o impacto sobre emprego e mercado de trabalho e o das pr&oacute;prias fatalidades sobre consumo e gera&ccedil;&atilde;o de renda&rdquo;, reitera o professor. <\/p>\n\n\n\n<p>O grupo de pesquisadores da Rede Clima avaliou os efeitos de longo prazo da pandemia, tanto no agregado da economia brasileira como nas regi&otilde;es do pa&iacute;s, e projetou consequ&ecirc;ncias at&eacute; 2050. A an&aacute;lise lan&ccedil;ou m&atilde;o de ferramenta de modelagem econ&ocirc;mica de integra&ccedil;&atilde;o, que consiste nos chamados modelos de equil&iacute;brio geral comput&aacute;vel. <\/p>\n\n\n\n<h2 class=\"wp-block-heading\">Grupos de estudos<\/h2>\n\n\n\n<p>Os trabalhos do grupo da Rede Clima foram coordenados por pesquisaodres da UFMG e da USP e foram financiados pela Finep e pelo MCTI. Quando a pandemia de Covid-19 foi declarada pela Organiza&ccedil;&atilde;o Mundial de Sa&uacute;de, em 2020, o grupo de pesquisadores especializados em mudan&ccedil;a do clima e economia da Rede Brasileira de Pesquisas sobre Mudan&ccedil;as Clim&aacute;ticas Globais (Rede Clima), do Minist&eacute;rio da Ci&ecirc;ncia, Tecnologia e Inova&ccedil;&otilde;es (MCTI), mobilizou-se para apoiar a Rede V&iacute;rus MCTI na avalia&ccedil;&atilde;o dos impactos econ&ocirc;micos da crise sanit&aacute;ria. <\/p>\n\n\n\n<p>Tamb&eacute;m foram analisadas estrat&eacute;gias de desenvolvimento sustent&aacute;vel, que contemplam redu&ccedil;&atilde;o de emiss&otilde;es de gases de efeito estufa, para recupera&ccedil;&atilde;o econ&ocirc;mica no per&iacute;odo p&oacute;s-covid. O conjunto de estudos produzidos pelo grupo de cerca de 20 acad&ecirc;micos est&aacute; reunido em informes. Para dar continuidade ao estudo, o grupo de pesquisa pretende rodar novamente o modelo com dados atualizados de fatalidades de 2021.<\/p>\n\n\n\n<p>Domingues explica que, no modelo socioecon&ocirc;mico utilizado, o n&uacute;mero de mortes causadas pela covid-19 foi um dado determinante para compreender a extens&atilde;o dos efeitos sobre a economia. Para a simula&ccedil;&atilde;o, os pesquisadores consideraram os registros de mortes resultantes de infec&ccedil;&atilde;o por covid-19 divulgados pelo Minist&eacute;rio da Sa&uacute;de em 2020 e no in&iacute;cio de 2021, cumulativamente. Foram computados ainda dados sobre rendimento m&eacute;dio da PNAD Covid-19 e par&acirc;metros m&eacute;dios de expectativa de vida, regionalizados e por grupos et&aacute;rios. Foi estimada a perda potencial de renda e de consumo no ciclo de vida das pessoas que morreram.<\/p>\n\n\n\n<p>De acordo com o estudo, os efeitos de perda potencial de consumo s&atilde;o mais elevados em 2021 devido ao aumento no n&uacute;mero de &oacute;bitos, revelando tamb&eacute;m a heterogeneidade regional devido &agrave;s especificidades do processo de infec&ccedil;&atilde;o, a sua severidade e, em certa medida, &agrave; capacidade de atendimento da rede de sa&uacute;de, que foi saturada em algumas unidades da federa&ccedil;&atilde;o.<\/p>\n\n\n\n<h2 class=\"wp-block-heading\">At&eacute; 2050: diferen&ccedil;as regionais<\/h2>\n\n\n\n<p>Os efeitos da perda de consumo s&atilde;o condicionados pelo perfil et&aacute;rio das mortes e pelas caracter&iacute;sticas da expectativa de vida m&eacute;dia em cada estado. A simula&ccedil;&atilde;o tamb&eacute;m considerou essas carater&iacute;sticas para os cen&aacute;rios de proje&ccedil;&atilde;o de impactos econ&ocirc;micos de redu&ccedil;&atilde;o de consumo at&eacute; 2050.<\/p>\n\n\n\n<p>&ldquo;Em algumas regi&otilde;es do pa&iacute;s, a taxa de fatalidades &eacute; maior, e h&aacute; diferen&ccedil;as quanto ao perfil et&aacute;rio das perdas humanas. A configura&ccedil;&atilde;o demogr&aacute;fica das fatalidades gera impactos regionais diferentes&rdquo;, afirma o pesquisador.<\/p>\n\n\n\n<p>Em 2050, segundo as proje&ccedil;&otilde;es, os impactos sobre o PIB no longo prazo mais expressivos s&atilde;o percebidos no Amazonas (-1,38%) e Acre (-1,35%), seguidos por Rond&ocirc;nia (-1,20%) e Roraima (-1,10%). J&aacute; os estados que se recuperam mais rapidamente no longo prazo s&atilde;o Par&aacute; (0,34%), Tocantins (0,28%), Piau&iacute; (0,14%), Maranh&atilde;o (0,12%), Minas Gerais (0,09%) e Esp&iacute;rito Santo (0,03%).<\/p>\n\n\n\n<p>Os pesquisadores afirmam que os estados mais atingidos pela doen&ccedil;a tiveram as infraestruturas de sa&uacute;de afetadas e que, no longo prazo, haver&aacute; novos custos econ&ocirc;micos para atender a novas demandas decorrentes das sequelas causadas pela covid-19.<\/p>\n\n\n\n<p><\/p>\n","protected":false},"excerpt":{"rendered":"<p>Pesquisadores da Rede Clima integraram dados epidemiol&oacute;gicos &agrave; modelagem econ&ocirc;mica; n&uacute;mero de fatalidades no Brasil, acima da m&eacute;dia mundial, &eacute; determinante para os impactos<\/p>\n","protected":false},"author":1,"featured_media":15430,"comment_status":"open","ping_status":"open","sticky":false,"template":"","format":"standard","meta":{"tdm_status":"","tdm_grid_status":"","footnotes":"","jetpack_publicize_message":"","jetpack_publicize_feature_enabled":true,"jetpack_social_post_already_shared":true,"jetpack_social_options":{"image_generator_settings":{"template":"highway","enabled":false},"version":2}},"categories":[20,19],"tags":[3496,1529,1934,1961,3495,3494,1949,93],"class_list":{"0":"post-19386","1":"post","2":"type-post","3":"status-publish","4":"format-standard","5":"has-post-thumbnail","7":"category-destaques","8":"category-insights","9":"tag-doencas-do-futuro","10":"tag-futuro-da-humanidade","11":"tag-futuro-das-pandemias","12":"tag-impactos-da-pandemia","13":"tag-impactos-do-covid-19","14":"tag-pandemia-e-seus-impactos","15":"tag-pandemias","16":"tag-tendencias"},"jetpack_publicize_connections":[],"jetpack_featured_media_url":"https:\/\/radardofuturo.com.br\/test\/wp-content\/uploads\/2021\/01\/covid-atendimento-em-favela-equipe-de-vacinacao.jpg","post_mailing_queue_ids":[],"_links":{"self":[{"href":"https:\/\/radardofuturo.com.br\/test\/wp-json\/wp\/v2\/posts\/19386","targetHints":{"allow":["GET"]}}],"collection":[{"href":"https:\/\/radardofuturo.com.br\/test\/wp-json\/wp\/v2\/posts"}],"about":[{"href":"https:\/\/radardofuturo.com.br\/test\/wp-json\/wp\/v2\/types\/post"}],"author":[{"embeddable":true,"href":"https:\/\/radardofuturo.com.br\/test\/wp-json\/wp\/v2\/users\/1"}],"replies":[{"embeddable":true,"href":"https:\/\/radardofuturo.com.br\/test\/wp-json\/wp\/v2\/comments?post=19386"}],"version-history":[{"count":0,"href":"https:\/\/radardofuturo.com.br\/test\/wp-json\/wp\/v2\/posts\/19386\/revisions"}],"wp:featuredmedia":[{"embeddable":true,"href":"https:\/\/radardofuturo.com.br\/test\/wp-json\/wp\/v2\/media\/15430"}],"wp:attachment":[{"href":"https:\/\/radardofuturo.com.br\/test\/wp-json\/wp\/v2\/media?parent=19386"}],"wp:term":[{"taxonomy":"category","embeddable":true,"href":"https:\/\/radardofuturo.com.br\/test\/wp-json\/wp\/v2\/categories?post=19386"},{"taxonomy":"post_tag","embeddable":true,"href":"https:\/\/radardofuturo.com.br\/test\/wp-json\/wp\/v2\/tags?post=19386"}],"curies":[{"name":"wp","href":"https:\/\/api.w.org\/{rel}","templated":true}]}}