{"id":19358,"date":"2021-10-19T17:03:04","date_gmt":"2021-10-19T20:03:04","guid":{"rendered":"https:\/\/radardofuturo.com.br\/?p=19358"},"modified":"2021-10-19T17:03:11","modified_gmt":"2021-10-19T20:03:11","slug":"a-ti-e-feminina-mulheres-sao-destaque-no-dia-da-ciencia-e-tecnologia","status":"publish","type":"post","link":"https:\/\/radardofuturo.com.br\/test\/a-ti-e-feminina-mulheres-sao-destaque-no-dia-da-ciencia-e-tecnologia\/","title":{"rendered":"A TI \u00e9 feminina: mulheres s\u00e3o destaque no Dia da Ci\u00eancia e Tecnologia"},"content":{"rendered":"\n<p><\/p>\n\n\n\n<p>Vozes inspiradoras contam suas hist&oacute;rias e desafios que enfrentaram para alcan&ccedil;arem sucesso no mercado da Tecnologia<\/p>\n\n\n\n<figure class=\"wp-block-image size-full is-style-default\"><img loading=\"lazy\" decoding=\"async\" width=\"960\" height=\"640\" src=\"https:\/\/radardofuturo.com.br\/test\/wp-content\/uploads\/2021\/10\/mulher-no-computador-foto-unsplash.jpeg\" alt=\"\" class=\"wp-image-19353\" srcset=\"https:\/\/radardofuturo.com.br\/test\/wp-content\/uploads\/2021\/10\/mulher-no-computador-foto-unsplash.jpeg 960w, https:\/\/radardofuturo.com.br\/test\/wp-content\/uploads\/2021\/10\/mulher-no-computador-foto-unsplash-300x200.jpeg 300w, https:\/\/radardofuturo.com.br\/test\/wp-content\/uploads\/2021\/10\/mulher-no-computador-foto-unsplash-768x512.jpeg 768w, https:\/\/radardofuturo.com.br\/test\/wp-content\/uploads\/2021\/10\/mulher-no-computador-foto-unsplash-696x464.jpeg 696w\" sizes=\"auto, (max-width: 960px) 100vw, 960px\"><\/figure>\n\n\n\n<!--more-->\n\n\n\n<div class=\"wp-block-image is-style-default\"><figure class=\"alignleft is-resized\"><img loading=\"lazy\" decoding=\"async\" src=\"https:\/\/www.arvoredigitaleditora.com.br\/wp-content\/uploads\/2021\/06\/Capa-TI-de-Salto-site.jpg\" alt=\"\" width=\"229\" height=\"360\"><\/figure><\/div>\n\n\n\n<p>No dia 16 de outubro &eacute; comemorado o Dia da Ci&ecirc;ncia e Tecnologia, a fim de homenagear as grandes descobertas de homens e mulheres inspiradoras, al&eacute;m de incentivar novas conquistas cient&iacute;ficas e tecnol&oacute;gicas. As mulheres tamb&eacute;m t&ecirc;m muito o que comemorar nesta data e s&atilde;o destaque para o setor tecnol&oacute;gico.<\/p>\n\n\n\n<p>O livro TI de Salto traz muitos exemplos de mulheres que ganharam visibilidade no mercado da Tecnologia da Informa&ccedil;&atilde;o, desde pequenos neg&oacute;cios at&eacute; cargos como CEO. Neste dia, contamos como elas superaram os obst&aacute;culos e alavancaram suas carreiras, mesmo em meio a desigualdade de g&ecirc;nero.<\/p>\n\n\n\n<p>Este &eacute; o caso da pr&oacute;pria organizadora do livro, Sylvia Bellio, que enfrentou muitos desafios para se posicionar como executiva de sucesso no setor. &ldquo;Lugar de mulher &eacute; onde ela quiser, inclusive na tecnologia&rdquo;, diz.<\/p>\n\n\n\n<h2 class=\"wp-block-heading\">Desigualdade x Incentivo<\/h2>\n\n\n\n<p>A Pesquisa Nacional por Amostra de Domic&iacute;lio (PNAD), do IBGE, mostrou que somente 20% dos profissionais da &aacute;rea de tecnologia de informa&ccedil;&atilde;o s&atilde;o mulheres &ndash; o que, segundo a empres&aacute;ria Sylvia Bellio, leva muitas delas a sofrerem a chamada S&iacute;ndrome do Impostor, que &eacute; aquela sensa&ccedil;&atilde;o de se sentir inferior aos demais e incapaz de reconhecer o pr&oacute;prio sucesso.<\/p>\n\n\n\n<p>Mas cada vez mais mulheres ocupam cargos de chefia no mercado de TI. Para a especialista em transforma&ccedil;&atilde;o digital Mayra Valente Gatinoni, a baixa presen&ccedil;a feminina no mercado de tecnologia se justifica por causa do &ldquo;receio de iniciar algo desconhecido, que aparenta ser 100% t&eacute;cnico, exato e que sempre &eacute; pautada como uma profiss&atilde;o masculina&rdquo;.<\/p>\n\n\n\n<p>Ela destaca tamb&eacute;m que existe a inseguran&ccedil;a de mulheres em n&atilde;o se adaptar ao mundo tech.<\/p>\n\n\n\n<p>Devido &agrave; alta taxa de desigualdade entre homens e mulheres, a CEO da Somos B, Etienne Du Jardin, afirma que para manter o equil&iacute;brio e fazer com que os n&uacute;meros mudem &eacute; necess&aacute;rio encorajar e dar suporte para as meninas desde pequenas, assim como investir em mulheres no in&iacute;cio de suas carreiras para que elas cheguem aos cargos de lideran&ccedil;a.<\/p>\n\n\n\n<p>Ainda de acordo com a pesquisa Estat&iacute;sticas de G&ecirc;nero, do Instituto Brasileiro de Geografia e Estat&iacute;stica (IBGE), em 2019, as mulheres representavam 13,3% das matr&iacute;culas nos cursos presenciais de gradua&ccedil;&atilde;o na &aacute;rea de Computa&ccedil;&atilde;o e Tecnologias e Comunica&ccedil;&atilde;o.<\/p>\n\n\n\n<p>&ldquo;Por mais que elas tenham interesse, quando tomam coragem para continuar e encaram uma sala com quase nenhuma outra garota, isso d&aacute; medo e desencoraja&rdquo;, afirma Beatriz Paiva Alves, que atua como especialista t&eacute;cnica em uma empresa global. Quando muitas mulheres come&ccedil;aram suas carreiras n&atilde;o havia tanto incentivo como hoje, e s&oacute; aos poucos &eacute; que projetos s&atilde;o desenvolvidos para tornar a &aacute;rea de tecnologia mais acolhedora e inclusiva, como uma comunidade destinada &agrave;s mulheres cis e trans na tecnologia.<\/p>\n\n\n\n<p>A diretora de TI Claudia Meira, afirma que deve come&ccedil;ar incentivando as meninas desde a escola, com &ldquo;mais mat&eacute;rias de inform&aacute;tica e programa&ccedil;&atilde;o&rdquo;. &ldquo;O ambiente escolar e corporativo precisa ser leve e receptivo para as mulheres em &aacute;reas t&eacute;cnicas. A cultura precisa estar instalada nesses ambientes para funcionar&rdquo;, complementa ela.<\/p>\n\n\n\n<p>Para Beatriz, &eacute; necess&aacute;rio ter mais eventos tanto de empresas como institui&ccedil;&otilde;es de ensino para incentivar mais meninas a ingressarem no mercado tech e deixar a &aacute;rea com mais diversidade. &ldquo;Ir mudando a cabe&ccedil;a de tanta gente, inclusive da &aacute;rea de tecnologia, para que eles entendam que n&oacute;s mulheres somos t&atilde;o capazes quanto qualquer homem&rdquo;, finaliza.<\/p>\n\n\n\n<p>&Eacute; necess&aacute;rio mudar o cen&aacute;rio e dar voz para que mais mulheres possam seguir os seus sonhos sem medo. &ldquo;&Eacute; normal que ao procurar um curso ou carreira na &aacute;rea da tecnologia a maior parte dos envolvidos sejam homens, o que causa medo nas mulheres por acharem que aquele n&atilde;o &eacute; o seu lugar, mas &eacute; preciso que essa realidade seja transformada e que elas vejam cada vez mais oportunidades e possibilidades para serem e fazerem o que quiserem, em qualquer &aacute;rea&rdquo;, afirma Sylvia Bellio.<\/p>\n\n\n\n<p>Outro ponto de observa&ccedil;&atilde;o &eacute; a falta de espa&ccedil;os para que as meninas possam encontrar informa&ccedil;&otilde;es e incentivo para buscarem carreira na tecnologia. Se mais faculdades, escolas e eventos come&ccedil;arem a falar sobre o assunto, isso far&aacute; com que o n&uacute;mero de mulheres em neg&oacute;cios de tecnologia continue aumentando e gerando maior diversidade dentro das empresas e salas de aula. &ldquo;&Eacute; importante ressaltarmos que podemos mudar as taxas de inclus&atilde;o e contribuir para um futuro profissional cada vez mais inclusivo e honesto para todas as mulheres&rdquo;, finaliza Sylvia.<\/p>\n\n\n\n<h2 class=\"wp-block-heading\">Sobre as autoras:<\/h2>\n\n\n\n<p><strong>Ana Baldini<\/strong> &ndash; executiva de TI, atuou em empresas dos segmentos Biofarmac&ecirc;utico, Sa&uacute;de e Bem-estar, Telecom e Financeiro. Liderou a &aacute;rea de TI na primeira opera&ccedil;&atilde;o de TV digital no Brasil.<\/p>\n\n\n\n<p><strong>Ana L&uacute;cia Bittencourt Starepravo<\/strong> &ndash; iniciou carreira na rede Sheraton. Atualmente &eacute; diretora da Integrow, e s&oacute;cia de uma empresa de comercializa&ccedil;&atilde;o de tecnologia. &Eacute; diretora adjunta de Mulheres na Tecnologia da ASSESPRO-PR.<\/p>\n\n\n\n<p><strong>Ana Maria Mota<\/strong> &ndash; formada em An&aacute;lise de Sistemas, trabalhou com Auditoria, Consultoria, Programa&ccedil;&atilde;o e Gest&atilde;o de Pessoas. Hoje dedica-se a ser uma lideran&ccedil;a transformadora dentro da TI, especialmente no ramo da educa&ccedil;&atilde;o.<\/p>\n\n\n\n<p><strong>Ana Oliveira<\/strong> &ndash; &eacute; diretora da Dell Technologies, atuando como cientista-chefe do Centro de Pesquisa no Rio de Janeiro. Foi professora adjunta PUC-Rio nos Departamentos de Engenharia El&eacute;trica e Matem&aacute;tica.<\/p>\n\n\n\n<p><strong>Andr&eacute;a Thom&eacute;<\/strong> &ndash; executiva e especialista com mais de 26 anos de experi&ecirc;ncia em GRC. Professora em MBA. Palestrante nacional e internacional. &Eacute; l&iacute;der no Brasil da WOMCY &ndash; LATAM Women in Cybersecuriy.<\/p>\n\n\n\n<p><strong>Andreia Yukie Tsuruhame<\/strong> &ndash; atua na &aacute;rea da TI h&aacute; 32 anos, passou por empresas do setor p&uacute;blico, financeiro, bens de consumo e grandes consultorias. patrocina um movimento dentro da NUMEN chamado beBetter,<\/p>\n\n\n\n<p><strong>Angela Di Tomaso Santos<\/strong> &ndash; gerente de Projetos, com mais de 30 anos de experi&ecirc;ncia na &aacute;rea de TI. Atuou em grandes empresas como Vega Sopave, Construtora OAS, Construtora FBS, Grupo ABC de Comunica&ccedil;&atilde;o.<\/p>\n\n\n\n<p><strong>Aryel Capelo<\/strong> &ndash; t&eacute;cnica em Inform&aacute;tica com mais de 9 anos de experi&ecirc;ncia em suporte t&eacute;cnico interno e externo; L&iacute;der do WTM SJC.<\/p>\n\n\n\n<p><strong>Beatriz Paiva Alves<\/strong> &ndash; graduada em Ci&ecirc;ncia da Computa&ccedil;&atilde;o. Em 2019 iniciou um est&aacute;gio como especialista t&eacute;cnica em uma empresa global de tecnologia, a Microsoft.<\/p>\n\n\n\n<p><strong>Bruna Irly<\/strong> &ndash; cursou An&aacute;lise e Desenvolvimento de Sistemas e MBA em Estrat&eacute;gia de Neg&oacute;cios. Atua na &aacute;rea de Big Data e IA. &Eacute; Co-founder na We Can Tech It, comunidade para mulheres cis e trans em TI.<\/p>\n\n\n\n<p><strong>Camila Achutti<\/strong> &ndash; fundadora e CEO da Mastertech. Presidente da SOMAS. Eleita pela Forbes como um dos 5 talentos brasileiros em tecnologia com menos de 30 anos e entre as 100 l&iacute;deres de amanh&atilde; por St. Gallen.<\/p>\n\n\n\n<p><strong>Claudia Meira<\/strong> &ndash; possui experi&ecirc;ncia no setor Financeiro e Ind&uacute;strias de Bens de Consumo. Implementou grandes projetos envolvendo equipes matriciais globais. Atualmente &eacute; CIO LatAm &amp; Brazil na Unilever.<\/p>\n\n\n\n<p><strong>Daniella B. S. Clivatti<\/strong> &ndash; mestre em Educa&ccedil;&atilde;o, Especialista em Gest&atilde;o de Projetos e graduada em Comunica&ccedil;&atilde;o Social. Certificada como Google Educator e Apple Teacher.<\/p>\n\n\n\n<p><strong>Elzira Piazza<\/strong> &ndash; &eacute; analista de sistemas e atualmente gerente de Tecnologia na Engeform Engenharia. Em seus mais de 30 anos atuando no setor, passou por diversos cargos em v&aacute;rias empresas.<\/p>\n\n\n\n<p><strong>Etienne Du Jardin<\/strong> &ndash; reconhecida como &ldquo;Most Influential Woman in Impact Strategy Consulting Brazil&rdquo; pela Acquisition International Magazine e Influential Business Woman Awards 2020 pelo trabalho na SOMOS B. Em 2020 fundou a MIMO.<\/p>\n\n\n\n<p><strong>Mayra Valente Gatinoni <\/strong>&ndash; hoje trabalha em uma consultoria estrangeira, que est&aacute; no ranking das dez maiores empresas de servi&ccedil;o de TI do mundo, como Especialista em Transforma&ccedil;&atilde;o Digital e Agile Coach l&iacute;der.<\/p>\n\n\n\n<p><strong>Patricia Camara<\/strong> &ndash; CIO Makro Brasil. Executiva s&ecirc;nior com mais de 25 anos de experi&ecirc;ncia na &aacute;rea de tecnologia da informa&ccedil;&atilde;o e processos de neg&oacute;cios.<\/p>\n\n\n\n<p><strong>Patr&iacute;cia Cocozza<\/strong> &ndash; h&aacute; mais de 15 anos &eacute; executiva de empresas nacionais e globais no setor de TI. Participante do WILL Women in Leadership Lenovo, Mulheres Tech &amp; Neg&oacute;cios e Mentoria BBX para start-ups.<\/p>\n\n\n\n<p><strong>Rosane Rodrigues<\/strong> &ndash; tem mais de 35 anos de experi&ecirc;ncia em tecnologia da informa&ccedil;&atilde;o com experi&ecirc;ncia em empresas de tecnologia e ind&uacute;strias de manufatura.Trabalha na Cummins, empresa global e centen&aacute;ria.<\/p>\n\n\n\n<p><strong>Sylvia Bellio<\/strong> &ndash; trabalhou mais de 15 anos no setor financeiro at&eacute; fundar a itl.tech. &Eacute; autora dos livros: Simplificando TI, Impress&otilde;es Digitais, e organizadora deste livro e do Mulheres Al&eacute;m do &Oacute;bvio.<\/p>\n\n\n\n<p><strong>Wayne Valim<\/strong> &ndash; especialista em comportamento e neuroci&ecirc;ncia, intelig&ecirc;ncia emocional, lideran&ccedil;a e alta performance. Palestrante, empreendedora e mentora de l&iacute;deres e empres&aacute;rios. Fundadora da WaysUp Soluc&#807;o&#771;es.<\/p>\n\n\n\n<h2 class=\"wp-block-heading\">Sobre Sylvia Bellio<\/h2>\n\n\n\n<p>CEO e Co-fundadora da <a href=\"http:\/\/itl.tech\" target=\"_blank\" data-type=\"URL\" data-id=\"itl.tech\" rel=\"noreferrer noopener\">itl.tech<\/a> &ndash; empresa eleita por quatro anos consecutivos o Maior Canal de Vendas Dell Technologies. Organizadora do Projeto Conte sua Hist&oacute;ria que tem como objetivo divulgar, compartilhar hist&oacute;rias de mulheres da vida real. O primeiro livro do projeto foi lan&ccedil;ado no ano passado &ndash; Mulheres Al&eacute;m do &Oacute;bvio.<\/p>\n\n\n\n<figure class=\"wp-block-image is-style-default\"><img decoding=\"async\" src=\"blob:https:\/\/web.whatsapp.com\/36135310-48b6-4143-85cb-db07e190ef71\" alt=\"\"><\/figure>\n\n\n\n<p>Iniciou a carreira no setor financeiro, atuando como gerente da &aacute;rea administrativa de uma grande Institui&ccedil;&atilde;o Financeira.<\/p>\n\n\n\n<p>&Eacute; autora dos livros &ldquo;Simplificando TI&rdquo; e &ldquo;Impress&otilde;es Digitais&rdquo;. Organizadora do Projeto Conte Sua Hist&oacute;ria que compartilham hist&oacute;rias de mulheres da vida real, em 2020 lan&ccedil;ou o primeiro livro do Projeto &ndash; Mulheres Al&eacute;m do Obvio. Com mais de 20 anos de experi&ecirc;ncia no mercado de tecnologia conduz sua equipe de arquitetos de solu&ccedil;&otilde;es e executivos de neg&oacute;cios para se posicionarem lado a lado com os profissionais de TI na busca de solu&ccedil;&otilde;es para resolver os desafios de neg&oacute;cios das empresas.<\/p>\n\n\n\n<p>Introduziu no Brasil fabricantes como: DotHill Systems de armazenamento FC; EqualLogic armazenamento ISCSI; Force10 de networking; Compellent de armazenamento FC|ISCI, entre tantas outras fabricantes.<\/p>\n\n\n\n<p>Tem papel de destaque no empoderamento feminino dentro do universo da tecnologia. &Eacute; a &uacute;nica mulher a compor o conselho das empresas parceiras da Dell Technologies no Brasil. Membro do DWEN Dell Women&rsquo;s Entrepreneur Network e participante das &uacute;ltimas edi&ccedil;&otilde;es do evento. Integrante do WPN Women Partner Network. Integrante do Female Force Latam.<\/p>\n","protected":false},"excerpt":{"rendered":"<p>Vozes inspiradoras contam suas hist&oacute;rias e desafios que enfrentaram para alcan&ccedil;arem sucesso no mercado da Tecnologia<\/p>\n","protected":false},"author":15,"featured_media":19374,"comment_status":"open","ping_status":"open","sticky":false,"template":"","format":"standard","meta":{"tdm_status":"","tdm_grid_status":"","footnotes":"","jetpack_publicize_message":"","jetpack_publicize_feature_enabled":true,"jetpack_social_post_already_shared":true,"jetpack_social_options":{"image_generator_settings":{"template":"highway","enabled":false},"version":2}},"categories":[19,1667],"tags":[3491,3490],"class_list":{"0":"post-19358","1":"post","2":"type-post","3":"status-publish","4":"format-standard","5":"has-post-thumbnail","7":"category-insights","8":"category-resenhas","9":"tag-ti-e-feminina","10":"tag-ti-e-mulheres"},"jetpack_publicize_connections":[],"jetpack_featured_media_url":"https:\/\/radardofuturo.com.br\/test\/wp-content\/uploads\/2021\/10\/sylvia-bellio-divulgacao.jpeg","post_mailing_queue_ids":[],"_links":{"self":[{"href":"https:\/\/radardofuturo.com.br\/test\/wp-json\/wp\/v2\/posts\/19358","targetHints":{"allow":["GET"]}}],"collection":[{"href":"https:\/\/radardofuturo.com.br\/test\/wp-json\/wp\/v2\/posts"}],"about":[{"href":"https:\/\/radardofuturo.com.br\/test\/wp-json\/wp\/v2\/types\/post"}],"author":[{"embeddable":true,"href":"https:\/\/radardofuturo.com.br\/test\/wp-json\/wp\/v2\/users\/15"}],"replies":[{"embeddable":true,"href":"https:\/\/radardofuturo.com.br\/test\/wp-json\/wp\/v2\/comments?post=19358"}],"version-history":[{"count":0,"href":"https:\/\/radardofuturo.com.br\/test\/wp-json\/wp\/v2\/posts\/19358\/revisions"}],"wp:featuredmedia":[{"embeddable":true,"href":"https:\/\/radardofuturo.com.br\/test\/wp-json\/wp\/v2\/media\/19374"}],"wp:attachment":[{"href":"https:\/\/radardofuturo.com.br\/test\/wp-json\/wp\/v2\/media?parent=19358"}],"wp:term":[{"taxonomy":"category","embeddable":true,"href":"https:\/\/radardofuturo.com.br\/test\/wp-json\/wp\/v2\/categories?post=19358"},{"taxonomy":"post_tag","embeddable":true,"href":"https:\/\/radardofuturo.com.br\/test\/wp-json\/wp\/v2\/tags?post=19358"}],"curies":[{"name":"wp","href":"https:\/\/api.w.org\/{rel}","templated":true}]}}