{"id":19215,"date":"2021-10-10T10:48:36","date_gmt":"2021-10-10T13:48:36","guid":{"rendered":"https:\/\/radardofuturo.com.br\/?p=19215"},"modified":"2021-10-10T11:47:12","modified_gmt":"2021-10-10T14:47:12","slug":"competencias-do-futuro-educadores-propoem-a-apropriacao-das-narrativas","status":"publish","type":"post","link":"https:\/\/radardofuturo.com.br\/test\/competencias-do-futuro-educadores-propoem-a-apropriacao-das-narrativas\/","title":{"rendered":"Compet\u00eancias do futuro: educadores prop\u00f5em a apropria\u00e7\u00e3o das narrativas"},"content":{"rendered":"\n<p><strong>Educadores sociais questionam as narrativas envolvidas na produ&ccedil;&atilde;o de listas sobre as compet&ecirc;ncias do futuro, necess&aacute;rias para a sobreviv&ecirc;ncia dos jovens<\/strong><\/p>\n\n\n\n<!--more-->\n\n\n\n<figure class=\"wp-block-image size-large is-style-default\"><img loading=\"lazy\" decoding=\"async\" width=\"1024\" height=\"683\" src=\"https:\/\/radardofuturo.com.br\/test\/wp-content\/uploads\/2021\/10\/max-van-den-oetelaar-kbtIiCzK4lQ-unsplash-jovens-diante-do-futuro-1024x683.jpg\" alt=\"jovens em um ambiente escuro, diante de v&aacute;rias telas, destacando o contraste das imagens. Mat&eacute;ria sobre compet&ecirc;ncias do futuro: \" class=\"wp-image-19217\" srcset=\"https:\/\/radardofuturo.com.br\/test\/wp-content\/uploads\/2021\/10\/max-van-den-oetelaar-kbtIiCzK4lQ-unsplash-jovens-diante-do-futuro-1024x683.jpg 1024w, https:\/\/radardofuturo.com.br\/test\/wp-content\/uploads\/2021\/10\/max-van-den-oetelaar-kbtIiCzK4lQ-unsplash-jovens-diante-do-futuro-300x200.jpg 300w, https:\/\/radardofuturo.com.br\/test\/wp-content\/uploads\/2021\/10\/max-van-den-oetelaar-kbtIiCzK4lQ-unsplash-jovens-diante-do-futuro-768x512.jpg 768w, https:\/\/radardofuturo.com.br\/test\/wp-content\/uploads\/2021\/10\/max-van-den-oetelaar-kbtIiCzK4lQ-unsplash-jovens-diante-do-futuro-1536x1024.jpg 1536w, https:\/\/radardofuturo.com.br\/test\/wp-content\/uploads\/2021\/10\/max-van-den-oetelaar-kbtIiCzK4lQ-unsplash-jovens-diante-do-futuro-696x464.jpg 696w, https:\/\/radardofuturo.com.br\/test\/wp-content\/uploads\/2021\/10\/max-van-den-oetelaar-kbtIiCzK4lQ-unsplash-jovens-diante-do-futuro-1392x928.jpg 1392w, https:\/\/radardofuturo.com.br\/test\/wp-content\/uploads\/2021\/10\/max-van-den-oetelaar-kbtIiCzK4lQ-unsplash-jovens-diante-do-futuro.jpg 1920w\" sizes=\"auto, (max-width: 1024px) 100vw, 1024px\"><figcaption>Photo by <a href=\"https:\/\/unsplash.com\/@maxvdo?utm_source=unsplash&amp;utm_medium=referral&amp;utm_content=creditCopyText\" target=\"_blank\" rel=\"noopener\">Max van den Oetelaar<\/a> on <a href=\"https:\/\/unsplash.com\/?utm_source=unsplash&amp;utm_medium=referral&amp;utm_content=creditCopyText\" target=\"_blank\" rel=\"noopener\">Unsplash<\/a><\/figcaption><\/figure>\n\n\n\n<p><\/p>\n\n\n\n<p class=\"has-drop-cap\">A decis&atilde;o da Ford de fechar suas f&aacute;bricas no Brasil, ap&oacute;s 100 anos, deu evid&ecirc;ncia para o processo de desindustrializa&ccedil;&atilde;o em curso no Pa&iacute;s, agravado nos &uacute;ltimos tempos. H&aacute; seis anos consecutivos, desde a recess&atilde;o iniciada em 2014, o Brasil v&ecirc; o n&uacute;mero de ind&uacute;strias no territ&oacute;rio nacional cair aceleradamente.<\/p>\n\n\n\n<p>Em 2020, o encerramento envolveu 5,5 mil f&aacute;bricas. Ao todo, entre 2015 e 2020, foram extintas 36,6 mil. Isso equivale a quase 17 estabelecimentos industriais exterminados por dia, segundo um levantamento da Confedera&ccedil;&atilde;o Nacional do Com&eacute;rcio de Bens, Servi&ccedil;os e Turismo (CNC) feito para o jornal O Estado de S. Paulo.<\/p>\n\n\n\n<p>Segundo a s&eacute;rie hist&oacute;rica iniciada em 2002, at&eacute; 2014 o n&uacute;mero de f&aacute;bricas crescia, mesmo com a ind&uacute;stria de transforma&ccedil;&atilde;o perdendo relev&acirc;ncia na economia diante do avan&ccedil;o dos outros setores. Pouco antes do an&uacute;ncio da Ford, outras multinacionais j&aacute; haviam comunicado que fechariam suas f&aacute;bricas no Brasil, caso da Sony e da Mercedes-Benz, que encerrou a produ&ccedil;&atilde;o de autom&oacute;veis.<\/p>\n\n\n\n<p>&ldquo;O processo de desindustrializa&ccedil;&atilde;o coincide com o in&iacute;cio do Plano Real, que favoreceu as importa&ccedil;&otilde;es&rdquo;, avaliava, na mat&eacute;ria do jornal, o economista Fabio Bentes, da Divis&atilde;o Econ&ocirc;mica da CNC, respons&aacute;vel pelo estudo, para quem h&aacute; os efeitos da baixa produtividade, que n&atilde;o se modernizou&rdquo;. Faltou destacar, entretanto, que o pouco de pol&iacute;tica industrial que existia at&eacute; meados da d&eacute;cada passada foi eliminado nos &uacute;ltimos anos.<\/p>\n\n\n\n<h2 class=\"wp-block-heading\">Compet&ecirc;ncias para que?<\/h2>\n\n\n\n<p>Dispon&iacute;vel na internet, o debate sobre &ldquo;Compet&ecirc;ncias para Transformar Futuros&rdquo;, promovido pelo movimento <a href=\"https:\/\/www.google.com\/search?q=%22teach+the+future%22+brasil&amp;sxsrf=AOaemvLyrx9tDW6EtvAbgCcUJsoq3UGO1w%3A1633873409833&amp;ei=Ae5iYc2FMobI1sQPqJSSgAI&amp;ved=0ahUKEwiNis3h_L_zAhUGpJUCHSiKBCAQ4dUDCA4&amp;uact=5&amp;oq=%22teach+the+future%22+brasil&amp;gs_lcp=Cgdnd3Mtd2l6EAMyBAgjECc6CAgAEIAEELADSgQIQRgBUKQsWPFGYMtYaAFwAHgAgAFuiAHbAZIBAzAuMpgBAKABAcgBAcABAQ&amp;sclient=gws-wiz\" target=\"_blank\" data-type=\"URL\" data-id=\"https:\/\/www.google.com\/search?q=%22teach+the+future%22+brasil&amp;sxsrf=AOaemvLyrx9tDW6EtvAbgCcUJsoq3UGO1w%3A1633873409833&amp;ei=Ae5iYc2FMobI1sQPqJSSgAI&amp;ved=0ahUKEwiNis3h_L_zAhUGpJUCHSiKBCAQ4dUDCA4&amp;uact=5&amp;oq=%22teach+the+future%22+brasil&amp;gs_lcp=Cgdnd3Mtd2l6EAMyBAgjECc6CAgAEIAEELADSgQIQRgBUKQsWPFGYMtYaAFwAHgAgAFuiAHbAZIBAzAuMpgBAKABAcgBAcABAQ&amp;sclient=gws-wiz\" rel=\"noreferrer noopener\">Teach The Future (TTF Brasil)<\/a>, joga alguma luz sobre o debate necess&aacute;rio, e raramente citado, sobre as cr&iacute;ticas &agrave;s novas exig&ecirc;ncias do mundo do trabalho. A conversa, a segunda de uma s&eacute;rie denominada de &ldquo;Futuros na Educa&ccedil;&atilde;o&rdquo;, teve a participa&ccedil;&atilde;o dos educadores sociais Jo&atilde;o Souza e Rafael Greg&oacute;rio. Ativistas do TTF e de outras iniciativas coletivas, eles destacam a import&acirc;ncia de refletir sobre o contexto que, no caso brasileiro, envolve desindustrializa&ccedil;&atilde;o e maior peso de agroneg&oacute;cios, com&eacute;rcio e servi&ccedil;os.<\/p>\n\n\n\n<p>S&atilde;o os espa&ccedil;os onde os jovens ser&atilde;o inseridos. Em um cen&aacute;rio que envolve disparidades econ&ocirc;micas enormes e atrasos em andamento. Jo&atilde;o Souza lembra da &eacute;poca em que frequentava um curso t&eacute;cnico em manuten&ccedil;&atilde;o industrial, por volta do ano 2000 e como seus colegas sonhavam com a possibilidade de trabalhar na Fiat. Agora, os jovens envolvidos em seus projetos sociais vivem a possibilidade de inser&ccedil;&atilde;o por outros caminhos.<\/p>\n\n\n\n<p>No caso, uma das possibilidades &eacute; reencontrar compet&ecirc;ncias que est&atilde;o deixadas de lado diante da tend&ecirc;ncia de <a href=\"https:\/\/radardofuturo.com.br\/test\/ddof\/digitalizacao\/\" target=\"_self\" title=\"Digitaliza&ccedil;&atilde;o &eacute; o processo que transforma coisas anal&oacute;gicas, ou seja, algo com exist&ecirc;ncia f&iacute;sica, como um documento, uma foto, um disco de vinil ou seu ambiente de trabalho, em sistemas ou recursos acess&iacute;veis por computador.\" class=\"encyclopedia\">digitaliza&ccedil;&atilde;o<\/a> de tudo. Ele aponta para o efeito positivo da redescoberta, durante a pandemia, de hobbies antigos. Foi um reencontro com a paix&atilde;o por ferramentas anal&oacute;gicas, como chaves de fenda e equipamentos el&eacute;tricos. E a aplica&ccedil;&atilde;o de conhecimentos do t&eacute;cnico. &ldquo;Compreendi como as habilidades anal&oacute;gicas s&atilde;o t&atilde;o importantes quanto as habilidades digitais para repensar o futuro das compet&ecirc;ncias&rdquo;, avalia.<\/p>\n\n\n\n<h2 class=\"wp-block-heading\">Apropria&ccedil;&atilde;o de narrativas<\/h2>\n\n\n\n<p>O racioc&iacute;nio de Jo&atilde;o de Souza tem pontos em comum com a proposta de uma &ldquo;<a href=\"https:\/\/radardofuturo.com.br\/test\/conversas-sobre-o-futuro-antecipar-e-apropriar-palavras-de-sobrevivencia\/\" target=\"_blank\" data-type=\"URL\" data-id=\"https:\/\/radardofuturo.com.br\/test\/conversas-sobre-o-futuro-antecipar-e-apropriar-palavras-de-sobrevivencia\/\" rel=\"noreferrer noopener\">apropria&ccedil;&atilde;o<\/a> das tecnologias pelas comunidades perif&eacute;ricas&rdquo;, defendida por Rafael Greg&oacute;rio. Pense bem como foi a inser&ccedil;&atilde;o da inform&aacute;tica no final dos anos 1990. Os cientistas da computa&ccedil;&atilde;o chegaram nas escolas e disseram para os dirigentes e professores que eles deveriam usar computadores. A tecnologia definiu as regras e rotinas do uso da inform&aacute;tica dentro de sala de aula.<\/p>\n\n\n\n<p>O educador social acredita na necessidade de que as pessoas, em particular os jovens, &eacute; claro, entendam quem domina a narrativa na hist&oacute;ria contempor&acirc;nea. No caso, s&atilde;o as corpora&ccedil;&otilde;es que estabelecem as regras do jogo do sistema de produ&ccedil;&atilde;o. Sem a an&aacute;lise do discurso e a percep&ccedil;&atilde;o de interesses, n&atilde;o h&aacute; como fugir das generaliza&ccedil;&otilde;es, que fazem com que recomenda&ccedil;&otilde;es que interessam &agrave;s ind&uacute;strias alem&atilde;s, chineses ou norte-americanas tenham o mesmo valor para o mercado brasileiro.<\/p>\n\n\n\n<p>Ou seja, os novos manuais sobre as compet&ecirc;ncias do futuro n&atilde;o levam em conta, necessariamente, o processo em que o setor industrial, criador dos empregos de maior qualifica&ccedil;&atilde;o e remunera&ccedil;&atilde;o, perde peso na economia brasileira. As 15 habilidades mais importantes para 2025, apontadas pelo &uacute;ltimo relat&oacute;rio do F&oacute;rum Econ&ocirc;mico Mundial, podem n&atilde;o ser as mais adequadas para as perspectivas brasileiras. &ldquo;S&atilde;o caracter&iacute;sticas que interessam &agrave;s empresas e n&atilde;o necessariamente aos trabalhadores&rdquo;, assinala Rafael.<\/p>\n\n\n\n<p>Entre a teoria revelada pelo f&oacute;rum econ&ocirc;mico Mundial, disseminada &agrave; exaust&atilde;o por consultores na internet em portugu&ecirc;s, e a realidade dos mercados, existe uma grande ironia. Greg&oacute;rio lembra que uma pessoa que tenha se destacado, em algum curso, como melhor aluno por suas compet&ecirc;ncias, poder&aacute; desempenhar a mesma fun&ccedil;&atilde;o do seu colega, que se saiu como o pior da turma. Ambos como motorista de aplicativos. Esta &eacute; uma realidade mais efetiva do que boas inten&ccedil;&otilde;es propagadas pela internet.<\/p>\n\n\n\n<p>Rafael Greg&oacute;rio tem, como refer&ecirc;ncia, autores contempor&acirc;neos, para quem a civiliza&ccedil;&atilde;o atravessa uma crise, que cobra reposicionamento dos grupos sociais. Um dos pensadores &eacute; A&iacute;lton Krenak, l&iacute;der ind&iacute;gena, ambientalista e fil&oacute;sofo. Segundo ele, &ldquo;toda pessoa que seja capaz de trazer uma inova&ccedil;&atilde;o nos processos que conhecemos &eacute; capturada pela m&aacute;quina de fazer coisas, da mercadoria&rdquo;. A apropria&ccedil;&atilde;o das tecnologias tende a possibilitar a revers&atilde;o desse fato, pois possibilita &agrave; comunidade definir os melhores crit&eacute;rios de uso dos recursos. <\/p>\n\n\n\n<h2 class=\"wp-block-heading\">Enfrentar o desalento<\/h2>\n\n\n\n<p>Ao contr&aacute;rio do que imaginamos no dia a dia, os jovens pensam no futuro, sim. O problema &eacute; que muitos deles est&atilde;o desalentados. Greg&oacute;rio alega que pesquisas recentes mostram a desesperan&ccedil;a crescente com rela&ccedil;&atilde;o ao futuro. Muitos pensaram neste &uacute;ltimo ano em deixar de estudar, por exemplo. T&atilde;o ou mais grave, h&aacute; uma tend&ecirc;ncia de que as pessoas deixem de acreditar na educa&ccedil;&atilde;o como for&ccedil;a capaz de mudar as perspectivas individuais de melhora de condi&ccedil;&otilde;es de vida.<\/p>\n\n\n\n<p>&ldquo;N&atilde;o s&oacute; a pandemia trouxe uma s&eacute;rie de desafios e retrocessos, mas a economia e a falta de investimentos e continuidade em projetos sociais criam uma realidade muito dif&iacute;cil de se viver&rdquo;, diz o educador. A vis&atilde;o da realidade &eacute; essencial para a apropria&ccedil;&atilde;o dos discursos, considerando que a principal narrativa da educa&ccedil;&atilde;o escolar est&aacute; pautada no diploma, na imagem do trabalho e alcan&ccedil;ar uma vida plena.<\/p>\n\n\n\n<p>A an&aacute;lise leva ao questionamento sobre &ldquo;como podemos fazer a rela&ccedil;&atilde;o entre a realidade da maior parte dos jovens brasileiros, compet&ecirc;ncias para o futuro e imagens de futuros&rdquo;. A aposta de Greg&oacute;rio inclui a &ldquo;alfabetiza&ccedil;&atilde;o de futuros&rdquo;, um conceito voltado &agrave; fomenta&ccedil;&atilde;o de uma cultura voltada &agrave; compreens&atilde;o e interven&ccedil;&atilde;o sobre o cen&aacute;rio onde todos viveremos, do ambiente de trabalho &agrave; produ&ccedil;&atilde;o culturais e intera&ccedil;&atilde;o das pessoas. &Eacute; uma forma de ampliar os horizontes, incentivar a imagina&ccedil;&atilde;o e a criatividade, deixando espa&ccedil;o para futuros plurais.<\/p>\n\n\n\n<p><\/p>\n\n\n\n<h4 class=\"wp-block-heading\">Veja o debate:<\/h4>\n\n\n\n<h2 class=\"wp-block-heading\">Futuros na Educa&ccedil;&atilde;o: Compet&ecirc;ncias para transformar futuros<\/h2>\n\n\n\n<div class=\"wp-block-columns is-layout-flex wp-container-core-columns-is-layout-9d6595d7 wp-block-columns-is-layout-flex\">\n<div class=\"wp-block-column is-layout-flow wp-block-column-is-layout-flow\" style=\"flex-basis:33.33%\">\n<div class=\"wp-block-contact-form-7-contact-form-selector\">\n<div class=\"wpcf7 no-js\" id=\"wpcf7-f3203-o1\" lang=\"pt-BR\" dir=\"ltr\" data-wpcf7-id=\"3203\">\n<div class=\"screen-reader-response\"><p role=\"status\" aria-live=\"polite\" aria-atomic=\"true\"><\/p> <ul><\/ul><\/div>\n<form action=\"\/test\/wp-json\/wp\/v2\/posts\/19215#wpcf7-f3203-o1\" method=\"post\" class=\"wpcf7-form init\" aria-label=\"Formul&aacute;rios de contato\" novalidate=\"novalidate\" data-status=\"init\">\n<fieldset class=\"hidden-fields-container\"><input type=\"hidden\" name=\"_wpcf7\" value=\"3203\"><input type=\"hidden\" name=\"_wpcf7_version\" value=\"6.1.5\"><input type=\"hidden\" name=\"_wpcf7_locale\" value=\"pt_BR\"><input type=\"hidden\" name=\"_wpcf7_unit_tag\" value=\"wpcf7-f3203-o1\"><input type=\"hidden\" name=\"_wpcf7_container_post\" value=\"0\"><input type=\"hidden\" name=\"_wpcf7_posted_data_hash\" value=\"\">\n<\/fieldset>\n<p><b>A gente quer manter voc&ecirc; bem informado sobre <a href=\"https:\/\/radardofuturo.com.br\/test\/ddof\/o-que-sao-tendencias\/\" target=\"_self\" title=\"Confira o que s&atilde;o tend&ecirc;ncias, os fatos ou fen&ocirc;menos que podem acontecer em algum momento adiante na hist&oacute;ria da sociedade, como um novo comportamento individual ou de um grupo\" class=\"encyclopedia\">tend&ecirc;ncias<\/a> impactantes<\/b>\n<\/p>\n<p>Deixe abaixo o seu e-mail para receber nossos insights sobre o futuro.\n<\/p>\n<p>Seu Nome (obrigat&oacute;rio)\n<\/p>\n<p><span class=\"wpcf7-form-control-wrap\" data-name=\"your-name\"><input size=\"40\" maxlength=\"400\" class=\"wpcf7-form-control wpcf7-text wpcf7-validates-as-required\" aria-required=\"true\" aria-invalid=\"false\" value=\"\" type=\"text\" name=\"your-name\"><\/span>\n<\/p>\n<p>Seu e-mail (obrigat&oacute;rio)\n<\/p>\n<p><span class=\"wpcf7-form-control-wrap\" data-name=\"your-email\"><input size=\"40\" maxlength=\"400\" class=\"wpcf7-form-control wpcf7-email wpcf7-validates-as-required wpcf7-text wpcf7-validates-as-email\" aria-required=\"true\" aria-invalid=\"false\" value=\"\" type=\"email\" name=\"your-email\"><\/span>\n<\/p>\n<p><input class=\"wpcf7-form-control wpcf7-submit has-spinner\" type=\"submit\" value=\"Enviar\">\n<\/p><p style=\"display: none !important;\"><label>&Delta;<textarea name=\"_wpcf7_ak_hp_textarea\" cols=\"45\" rows=\"8\" maxlength=\"100\"><\/textarea><\/label><input type=\"hidden\" id=\"ak_js_1\" name=\"_wpcf7_ak_js\" value=\"70\"><script>document.getElementById( \"ak_js_1\" ).setAttribute( \"value\", ( new Date() ).getTime() );<\/script><\/p><input type=\"hidden\" class=\"wpcf7-pum\" value='{\"closepopup\":false,\"closedelay\":0,\"openpopup\":false,\"openpopup_id\":0}'><div class=\"wpcf7-response-output\" aria-hidden=\"true\"><\/div>\n<\/form>\n<\/div>\n<\/div>\n<\/div>\n\n\n\n<div class=\"wp-block-column is-layout-flow wp-block-column-is-layout-flow\" style=\"flex-basis:66.66%\">\n<figure class=\"wp-block-embed is-type-video is-provider-youtube wp-block-embed-youtube wp-embed-aspect-16-9 wp-has-aspect-ratio\"><div class=\"wp-block-embed__wrapper\">\n<iframe loading=\"lazy\" title=\"Compet&ecirc;ncias para transformar futuros\" width=\"696\" height=\"392\" src=\"https:\/\/www.youtube.com\/embed\/3pnFK6gqFww?feature=oembed\" frameborder=\"0\" allow=\"accelerometer; autoplay; clipboard-write; encrypted-media; gyroscope; picture-in-picture; web-share\" referrerpolicy=\"strict-origin-when-cross-origin\" allowfullscreen><\/iframe>\n<\/div><\/figure>\n<\/div>\n<\/div>\n","protected":false},"excerpt":{"rendered":"<p>Educadores sociais questionam as narrativas envolvidas na produ&ccedil;&atilde;o de listas sobre as compet&ecirc;ncias do futuro, necess&aacute;rias para a sobreviv&ecirc;ncia dos jovens<\/p>\n","protected":false},"author":1,"featured_media":19217,"comment_status":"open","ping_status":"open","sticky":false,"template":"","format":"standard","meta":{"tdm_status":"","tdm_grid_status":"","footnotes":"","jetpack_publicize_message":"","jetpack_publicize_feature_enabled":true,"jetpack_social_post_already_shared":true,"jetpack_social_options":{"image_generator_settings":{"template":"highway","enabled":false},"version":2}},"categories":[32,23,20,2007,14],"tags":[3472,1676,240,3479,3478,943,2588],"class_list":{"0":"post-19215","1":"post","2":"type-post","3":"status-publish","4":"format-standard","5":"has-post-thumbnail","7":"category-profissoes-do-futuro","8":"category-carlos-placido-teixeira","9":"category-destaques","10":"category-futuro-das-profissoes","11":"category-mercado-de-trabalho","12":"tag-competencias-do-futuro","13":"tag-futuro-da-tecnologia","14":"tag-futuro-das-profissoes","15":"tag-novas-competencias","16":"tag-novas-competenciasd","17":"tag-profissoes-no-futuro","18":"tag-tendencias-tecnologicas"},"jetpack_publicize_connections":[],"jetpack_featured_media_url":"https:\/\/radardofuturo.com.br\/test\/wp-content\/uploads\/2021\/10\/max-van-den-oetelaar-kbtIiCzK4lQ-unsplash-jovens-diante-do-futuro.jpg","post_mailing_queue_ids":[],"_links":{"self":[{"href":"https:\/\/radardofuturo.com.br\/test\/wp-json\/wp\/v2\/posts\/19215","targetHints":{"allow":["GET"]}}],"collection":[{"href":"https:\/\/radardofuturo.com.br\/test\/wp-json\/wp\/v2\/posts"}],"about":[{"href":"https:\/\/radardofuturo.com.br\/test\/wp-json\/wp\/v2\/types\/post"}],"author":[{"embeddable":true,"href":"https:\/\/radardofuturo.com.br\/test\/wp-json\/wp\/v2\/users\/1"}],"replies":[{"embeddable":true,"href":"https:\/\/radardofuturo.com.br\/test\/wp-json\/wp\/v2\/comments?post=19215"}],"version-history":[{"count":0,"href":"https:\/\/radardofuturo.com.br\/test\/wp-json\/wp\/v2\/posts\/19215\/revisions"}],"wp:featuredmedia":[{"embeddable":true,"href":"https:\/\/radardofuturo.com.br\/test\/wp-json\/wp\/v2\/media\/19217"}],"wp:attachment":[{"href":"https:\/\/radardofuturo.com.br\/test\/wp-json\/wp\/v2\/media?parent=19215"}],"wp:term":[{"taxonomy":"category","embeddable":true,"href":"https:\/\/radardofuturo.com.br\/test\/wp-json\/wp\/v2\/categories?post=19215"},{"taxonomy":"post_tag","embeddable":true,"href":"https:\/\/radardofuturo.com.br\/test\/wp-json\/wp\/v2\/tags?post=19215"}],"curies":[{"name":"wp","href":"https:\/\/api.w.org\/{rel}","templated":true}]}}