{"id":19131,"date":"2021-10-06T18:52:53","date_gmt":"2021-10-06T21:52:53","guid":{"rendered":"https:\/\/radardofuturo.com.br\/?p=19131"},"modified":"2021-10-06T18:53:00","modified_gmt":"2021-10-06T21:53:00","slug":"criancas-pos-2020-testemunharao-maior-numero-de-eventos-climaticos-extremos","status":"publish","type":"post","link":"https:\/\/radardofuturo.com.br\/test\/criancas-pos-2020-testemunharao-maior-numero-de-eventos-climaticos-extremos\/","title":{"rendered":"Crian\u00e7as p\u00f3s 2020 testemunhar\u00e3o maior n\u00famero de eventos clim\u00e1ticos extremos"},"content":{"rendered":"\n<p><strong>As crian&ccedil;as das gera&ccedil;&otilde;es mais jovens est&atilde;o sob a amea&ccedil;a de uma &ldquo;grave amea&ccedil;a&rdquo; de eventos clim&aacute;ticos extremos e &agrave; sua seguran&ccedil;a. <\/strong><\/p>\n\n\n\n<figure class=\"wp-block-image size-full is-style-default\"><img loading=\"lazy\" decoding=\"async\" width=\"1024\" height=\"768\" src=\"https:\/\/radardofuturo.com.br\/test\/wp-content\/uploads\/2021\/10\/enchentes-crises-climaticas-2-foto-ebc-agencia-brasil.jpg\" alt=\"eventos clim&aacute;ticos extremos\nEnchentes munic&iacute;pio de Trizidela do Vale no estado do Maranh&atilde;o\" class=\"wp-image-19159\" srcset=\"https:\/\/radardofuturo.com.br\/test\/wp-content\/uploads\/2021\/10\/enchentes-crises-climaticas-2-foto-ebc-agencia-brasil.jpg 1024w, https:\/\/radardofuturo.com.br\/test\/wp-content\/uploads\/2021\/10\/enchentes-crises-climaticas-2-foto-ebc-agencia-brasil-300x225.jpg 300w, https:\/\/radardofuturo.com.br\/test\/wp-content\/uploads\/2021\/10\/enchentes-crises-climaticas-2-foto-ebc-agencia-brasil-768x576.jpg 768w, https:\/\/radardofuturo.com.br\/test\/wp-content\/uploads\/2021\/10\/enchentes-crises-climaticas-2-foto-ebc-agencia-brasil-80x60.jpg 80w, https:\/\/radardofuturo.com.br\/test\/wp-content\/uploads\/2021\/10\/enchentes-crises-climaticas-2-foto-ebc-agencia-brasil-160x120.jpg 160w, https:\/\/radardofuturo.com.br\/test\/wp-content\/uploads\/2021\/10\/enchentes-crises-climaticas-2-foto-ebc-agencia-brasil-265x198.jpg 265w, https:\/\/radardofuturo.com.br\/test\/wp-content\/uploads\/2021\/10\/enchentes-crises-climaticas-2-foto-ebc-agencia-brasil-696x522.jpg 696w\" sizes=\"auto, (max-width: 1024px) 100vw, 1024px\"><figcaption>Antonio Cruz\/Ag&ecirc;ncia Brasil <\/figcaption><\/figure>\n\n\n\n<p><em>Carlos Pl&aacute;cido Teixeira<br>Radar do Futuro<\/em><\/p>\n\n\n\n<p>Uma crian&ccedil;a nascida em 1960 teria a probabilidade de ser exposta a um fen&ocirc;meno clim&aacute;tico severo, como uma grande enchente ou um furac&atilde;o, por duas vezes durante a sua inf&acirc;ncia. Uma outra nascida agora, na d&eacute;cada de 2020, pode ser testemunha de uma quantidade de eventos catastr&oacute;ficos duas a sete vezes maior do que a representante da gera&ccedil;&atilde;o dos seus av&oacute;s. Divulgada pelo site <a href=\"https:\/\/www.npr.org\/\" target=\"_blank\" data-type=\"URL\" data-id=\"https:\/\/www.npr.org\/\" rel=\"noreferrer noopener\">NPR<\/a>, a proje&ccedil;&atilde;o &eacute; da revista Science, em mais um estudo que refor&ccedil;a as perspectivas pessimistas para o futuro do planeta.<\/p>\n\n\n\n<p>Segundo os cientistas, a taxa atual de aquecimento global e as pol&iacute;ticas nacionais que n&atilde;o conseguem fazer os cortes necess&aacute;rios na polui&ccedil;&atilde;o respons&aacute;vel por reter o calor tendem a garantir que os eventos clim&aacute;ticos, como ondas de calor, continuar&atilde;o a aumentar em frequ&ecirc;ncia, intensidade e dura&ccedil;&atilde;o. Isso deixa as crian&ccedil;as das gera&ccedil;&otilde;es mais jovens sob a amea&ccedil;a de uma &ldquo;grave amea&ccedil;a&rdquo; &agrave; sua seguran&ccedil;a.<\/p>\n\n\n\n<p>O estudo analisou eventos clim&aacute;ticos extremos, como ondas de calor, secas, quebras de safra, inunda&ccedil;&otilde;es, inc&ecirc;ndios florestais e ciclones tropicais. Os pesquisadores usaram dados recentes do Painel Intergovernamental sobre Mudan&ccedil;as Clim&aacute;ticas de 2021. O <a href=\"https:\/\/www.ipcc.ch\/report\/ar6\/wg1\/downloads\/report\/IPCC_AR6_WGI_SPM.pdf\" target=\"_blank\" rel=\"noopener\">relat&oacute;rio<\/a> inclui dados e informa&ccedil;&otilde;es como a expectativa de vida global, <a href=\"https:\/\/radardofuturo.com.br\/test\/ddof\/o-que-sao-tendencias\/\" target=\"_self\" title=\"Confira o que s&atilde;o tend&ecirc;ncias, os fatos ou fen&ocirc;menos que podem acontecer em algum momento adiante na hist&oacute;ria da sociedade, como um novo comportamento individual ou de um grupo\" class=\"encyclopedia\">tend&ecirc;ncias<\/a> populacionais e trajet&oacute;rias projetadas de temperaturas globais.<\/p>\n\n\n\n<p>As previs&otilde;es sobre o impacto dos eventos sobre a vida dos mais jovens foram considerados surpreendentes. Pense em um morador dos Estados Unidos, com 60 anos hoje. O neto dele, de seis anos, experimentar&aacute; o dobro de ciclones e&nbsp;inc&ecirc;ndios florestais&nbsp;, tr&ecirc;s vezes mais inunda&ccedil;&otilde;es de rios, quatro vezes mais quebras de safra e cinco vezes o n&uacute;mero de&nbsp;secas&nbsp;. As ondas de calor ser&atilde;o o evento clim&aacute;tico extremo mais prevalente, ocorrendo com frequ&ecirc;ncia 36 vezes maior na hist&oacute;ria da crian&ccedil;a de seis anos.  <\/p>\n\n\n\n<h2 class=\"wp-block-heading\">Impactos  desiguais<\/h2>\n\n\n\n<div class=\"wp-block-columns is-layout-flex wp-container-core-columns-is-layout-9d6595d7 wp-block-columns-is-layout-flex\">\n<div class=\"wp-block-column is-layout-flow wp-block-column-is-layout-flow\">\n<figure class=\"wp-block-pullquote has-background has-luminous-vivid-orange-background-color is-style-solid-color\"><blockquote class=\"has-text-color has-black-color\"><p>As gera&ccedil;&otilde;es mais jovens em na&ccedil;&otilde;es de baixa renda ser&atilde;o as mais afetadas <\/p><\/blockquote><\/figure>\n<\/div>\n\n\n\n<div class=\"wp-block-column is-layout-flow wp-block-column-is-layout-flow\">\n<figure class=\"wp-block-image size-full\"><img loading=\"lazy\" decoding=\"async\" width=\"960\" height=\"640\" src=\"https:\/\/radardofuturo.com.br\/test\/wp-content\/uploads\/2019\/03\/seca-dia-mundial-da-agua-foto-pixabay.jpg\" alt=\"No Dia Mundial da &Aacute;gua relat&oacute;rio da ONU refor&ccedil;a desafios gerados pelo desequil&iacute;brio da oferta e acesso ao produto essencial &agrave; sobreviv&ecirc;ncia da humanidade - foto: Pixabay\" class=\"wp-image-3048\" srcset=\"https:\/\/radardofuturo.com.br\/test\/wp-content\/uploads\/2019\/03\/seca-dia-mundial-da-agua-foto-pixabay.jpg 960w, https:\/\/radardofuturo.com.br\/test\/wp-content\/uploads\/2019\/03\/seca-dia-mundial-da-agua-foto-pixabay-300x200.jpg 300w, https:\/\/radardofuturo.com.br\/test\/wp-content\/uploads\/2019\/03\/seca-dia-mundial-da-agua-foto-pixabay-768x512.jpg 768w, https:\/\/radardofuturo.com.br\/test\/wp-content\/uploads\/2019\/03\/seca-dia-mundial-da-agua-foto-pixabay-480x320.jpg 480w\" sizes=\"auto, (max-width: 960px) 100vw, 960px\"><\/figure>\n<\/div>\n<\/div>\n\n\n\n<p>O estudo mostra que eventos clim&aacute;ticos extremos podem afetar as gera&ccedil;&otilde;es mais jovens em v&aacute;rias regi&otilde;es do mundo de forma diferente. Pessoas com menos de 25 anos em 2020 no Oriente M&eacute;dio e no Norte da &Aacute;frica provavelmente ter&atilde;o mais exposi&ccedil;&atilde;o a eventos clim&aacute;ticos extremos em compara&ccedil;&atilde;o com outras regi&otilde;es. Os pesquisadores afirmam que, em geral, as gera&ccedil;&otilde;es mais jovens em pa&iacute;ses de baixa renda enfrentar&atilde;o a piora do clima a uma taxa mais elevada do que seus pares nos pa&iacute;ses mais ricos.<\/p>\n\n\n\n<p>Os dados do estudo mostram como a limita&ccedil;&atilde;o do aumento do aquecimento global e a adapta&ccedil;&atilde;o de pol&iacute;ticas que se alinham ao acordo clim&aacute;tico de Paris s&atilde;o ben&eacute;ficas, argumentam os pesquisadores. Mas mesmo assim, as gera&ccedil;&otilde;es mais jovens ainda s&atilde;o deixadas com &ldquo;exposi&ccedil;&atilde;o a eventos extremos sem precedentes&rdquo;, eles escrevem.<\/p>\n\n\n\n<h2 class=\"wp-block-heading\">Jovens indignados<\/h2>\n\n\n\n<p>O site NPR destaca que o lan&ccedil;amento do estudo ocorre no momento em que jovens ativistas do clima se reuniam em setembro em Mil&atilde;o, It&aacute;lia. A c&uacute;pula da Youth4Climate contou com discursos de Greta Thunberg, da Su&eacute;cia, e Vanessa Nakate, de Uganda, que criticaram os l&iacute;deres mundiais por n&atilde;o tomarem medidas significativas sobre a mudan&ccedil;a clim&aacute;tica.<\/p>\n\n\n\n<p>Thunberg, 18 anos, acusou os l&iacute;deres de muitas palavras vazias. &ldquo;Isso &eacute; tudo que ouvimos de nossos chamados l&iacute;deres: palavras. Palavras que parecem &oacute;timas, mas at&eacute; agora n&atilde;o levaram a nenhuma a&ccedil;&atilde;o. Nossas esperan&ccedil;as e sonhos se afogam em suas palavras e promessas vazias&rdquo;, disse ela. &ldquo;Claro, precisamos de um di&aacute;logo construtivo, mas eles j&aacute; tiveram 30 anos de bl&aacute;, bl&aacute;, bl&aacute;. E aonde isso nos levou?&rdquo;<\/p>\n\n\n\n<p>Nakate, 24 anos, tamb&eacute;m apontou como as mudan&ccedil;as clim&aacute;ticas afetam desproporcionalmente o continente africano &ndash; apesar de suas emiss&otilde;es de carbono serem menores do que a de todos os outros continentes, com exce&ccedil;&atilde;o da Ant&aacute;rtica. &ldquo;Para muitos de n&oacute;s, reduzir e evitar n&atilde;o &eacute; mais suficiente. Voc&ecirc; n&atilde;o pode se adaptar a culturas, tradi&ccedil;&otilde;es e hist&oacute;ria perdidas. Voc&ecirc; n&atilde;o pode se adaptar &agrave; fome. &Eacute; hora de os l&iacute;deres colocarem perdas e danos no centro das negocia&ccedil;&otilde;es clim&aacute;ticas&rdquo;, afirmou Nakat.<\/p>\n\n\n\n<h2 class=\"wp-block-heading\">Simplifica&ccedil;&atilde;o necess&aacute;ria<\/h2>\n\n\n\n<p>Articulista do NPR, Rebecca Hersher defende o combate ao &ldquo;jarg&atilde;o clim&aacute;tico&rsquo;, salientando que cientistas passam a entender a necessidade de buscar mensagens mais claras sobre temas como aquecimento global. Segundo, Hersher, um estudo recente descobriu que alguns dos termos mais comuns na ci&ecirc;ncia do clima s&atilde;o confusos para o p&uacute;blico em geral.&nbsp;O estudo testou palavras que s&atilde;o freq&uuml;entemente usadas em relat&oacute;rios clim&aacute;ticos internacionais e concluiu que os termos mais confusos eram &ldquo;mitiga&ccedil;&atilde;o&rdquo;, &ldquo;carbono neutro&rdquo; e &ldquo;transi&ccedil;&atilde;o sem precedentes&rdquo;.<\/p>\n\n\n\n<p>Um exemplo da complexidade da mensagem &eacute; identific&aacute;vel na frase &ldquo;os humanos devem mitigar o aquecimento global buscando uma transi&ccedil;&atilde;o sem precedentes para uma economia neutra em carbono&rdquo;. &ldquo;Acho que a mensagem principal &eacute; evitar jarg&otilde;es&rdquo;, diz W&auml;ndi Bruine de Bruin, cientista comportamental da Universidade do Sul da Calif&oacute;rnia e principal autora do&nbsp;<a href=\"https:\/\/link.springer.com\/epdf\/10.1007\/s10584-021-03183-0?sharing_token=BjiYaOYTk1LQCEBJljE8wve4RwlQNchNByi7wbcMAY6P53CJY43T-w-_jBBFxNif-xumfesTbuTZxqSw7p0Uwws7HXQFIz9N4arWkWZcrqE80CVYHsVYlyjrpICyLXsF3Wco-Y3S0PIIGr2CJ6TnLrJdh3MAaAqWep0r0o4qMnI%3D\" target=\"_blank\" rel=\"noopener\">estudo<\/a>&nbsp;.&nbsp;&ldquo;Isso inclui palavras que podem parecer que todos deveriam entend&ecirc;-las.&rdquo;<\/p>\n\n\n\n<p>Por exemplo, os participantes do estudo confundiram a palavra &ldquo;mitiga&ccedil;&atilde;o&rdquo;, que comumente se refere a esfor&ccedil;os para reduzir as emiss&otilde;es de gases de efeito estufa, com a palavra &ldquo;media&ccedil;&atilde;o&rdquo;, que &eacute; uma forma de resolver disputas.&nbsp;E mesmo termos simples como &ldquo;carbono&rdquo; podem ser enganosos, concluiu o estudo.&nbsp;&Agrave;s vezes, carbono &eacute; uma abreviatura de di&oacute;xido de carbono.&nbsp;Outras vezes, &eacute; usado para se referir a v&aacute;rios gases de efeito estufa.<\/p>\n\n\n\n<p>Bruine de Bruin reconhece que os especialistas em um determinado campo podem n&atilde;o perceber quais palavras s&atilde;o jarg&otilde;es. &Eacute; necess&aacute;rio um exerc&iacute;cio de simplifica&ccedil;&atilde;o e de empatia, no final das contas. O estudo &eacute; a indica&ccedil;&atilde;o mais recente de que os cientistas precisam se comunicar melhor sobre o aquecimento global, especialmente quando o p&uacute;blico-alvo &eacute; o p&uacute;blico em geral.<\/p>\n\n\n\n<p>A articulista da NPR refor&ccedil;a que uma comunica&ccedil;&atilde;o clara sobre o clima torna-se mais importante a cada dia porque a mudan&ccedil;a clim&aacute;tica est&aacute; afetando todas as partes da vida na Terra.&nbsp;Enfermeiros, m&eacute;dicos, agricultores, professores, engenheiros e executivos de neg&oacute;cios precisam de informa&ccedil;&otilde;es confi&aacute;veis &#8203;&#8203;e acess&iacute;veis sobre como o aquecimento global est&aacute; afetando seus pacientes, planta&ccedil;&otilde;es, estudantes, edif&iacute;cios e empresas.<\/p>\n\n\n\n<p>E as condi&ccedil;&otilde;es clim&aacute;ticas extremas neste ver&atilde;o &ndash; de inunda&ccedil;&otilde;es a inc&ecirc;ndios, furac&otilde;es a secas &ndash; enfatizam a urg&ecirc;ncia de uma comunica&ccedil;&atilde;o clara sobre o clima. &ldquo;Acho que mais e mais pessoas est&atilde;o ficando preocupadas por causa dos eventos clim&aacute;ticos extremos que estamos vendo ao nosso redor&rdquo;, disse Bruine de Bruin.&nbsp;&ldquo;Espero que este estudo seja &uacute;til para cientistas do clima, mas tamb&eacute;m para jornalistas e qualquer pessoa que se comunique sobre ci&ecirc;ncia do clima.&rdquo;<\/p>\n\n\n\n<h2 class=\"wp-block-heading\">Relat&oacute;rios acess&iacute;veis<\/h2>\n\n\n\n<p>Melhor comunica&ccedil;&atilde;o &eacute; uma prioridade para a equipe de cientistas que atualmente trabalha na pr&oacute;xima Avalia&ccedil;&atilde;o do Clima Nacional, o relat&oacute;rio de mudan&ccedil;a clim&aacute;tica mais abrangente e voltado para o p&uacute;blico dos Estados Unidos. A quinta edi&ccedil;&atilde;o da avalia&ccedil;&atilde;o sai no final de 2023. &ldquo;Voc&ecirc; n&atilde;o deveria precisar de um diploma avan&ccedil;ado ou de um anel decodificador para descobrir uma Avalia&ccedil;&atilde;o Clim&aacute;tica Nacional&rdquo;, diz Allison Crimmins, diretora da avalia&ccedil;&atilde;o.<\/p>\n\n\n\n<p>Crimmins diz que uma de suas principais prioridades &eacute; tornar as informa&ccedil;&otilde;es do pr&oacute;ximo relat&oacute;rio dos EUA claras para o p&uacute;blico em geral.&nbsp;Os cientistas do clima e as pessoas que comunicam sobre as ci&ecirc;ncias do clima t&ecirc;m a responsabilidade de pensar sobre a terminologia que usam.&nbsp;&ldquo;Enquanto a ci&ecirc;ncia sobre mudan&ccedil;a clim&aacute;tica avan&ccedil;ou, tamb&eacute;m avan&ccedil;ou a ci&ecirc;ncia da comunica&ccedil;&atilde;o clim&aacute;tica, especialmente como falamos sobre risco&rdquo;, diz ela.<\/p>\n\n\n\n<p>Crimmins diz que uma maneira de tornar as informa&ccedil;&otilde;es mais claras &eacute; apresent&aacute;-las de muitas maneiras diferentes.&nbsp;Por exemplo, um cap&iacute;tulo sobre a seca pode incluir um texto t&eacute;cnico denso com tabelas e gr&aacute;ficos.&nbsp;Essa se&ccedil;&atilde;o seria destinada a cientistas e engenheiros.&nbsp;Mas a mesma informa&ccedil;&atilde;o poderia ser apresentada como um v&iacute;deo explicando como a seca afeta a agricultura em diferentes partes dos EUA, e uma postagem na m&iacute;dia social com uma vers&atilde;o ainda mais condensada de como a mudan&ccedil;a clim&aacute;tica est&aacute; afetando a seca.<\/p>\n\n\n\n<p>As Na&ccedil;&otilde;es Unidas tamb&eacute;m t&ecirc;m tentado tornar seus relat&oacute;rios sobre mudan&ccedil;as clim&aacute;ticas mais acess&iacute;veis. O&nbsp;<a href=\"https:\/\/www.ipcc.ch\/report\/ar6\/wg1\/downloads\/report\/IPCC_AR6_WGI_Full_Report.pdf\" target=\"_blank\" rel=\"noopener\">relat&oacute;rio mais recente<\/a>&nbsp;do Painel Intergovernamental sobre Mudan&ccedil;as Clim&aacute;ticas da ONU tinha mais de 3.900 p&aacute;ginas e era altamente t&eacute;cnico, mas tamb&eacute;m inclu&iacute;a um&nbsp;<a href=\"https:\/\/www.ipcc.ch\/report\/ar6\/wg1\/downloads\/report\/IPCC_AR6_WGI_Headline_Statements.pdf\" target=\"_blank\" rel=\"noopener\">resumo de duas p&aacute;ginas<\/a>&nbsp;que afirmava os pontos principais em linguagem simples, como: &ldquo;&Eacute; inequ&iacute;voco que a influ&ecirc;ncia humana aqueceu a atmosfera, o oceano e a terra. &ldquo;<\/p>\n\n\n\n<p>Mas mesmo o resumo simples est&aacute; repleto de palavras que podem ser confusas.&nbsp;Por exemplo, uma das chamadas declara&ccedil;&otilde;es de manchete do relat&oacute;rio do IPCC &eacute;: &ldquo;Com o aquecimento global crescente, todas as regi&otilde;es dever&atilde;o experimentar mudan&ccedil;as m&uacute;ltiplas e simult&acirc;neas nos fatores de impacto clim&aacute;tico&rdquo;.&nbsp;Basicamente, o clima continuar&aacute; mudando em todos os lugares &agrave; medida que a Terra ficar mais quente.<\/p>\n\n\n\n<p><\/p>\n","protected":false},"excerpt":{"rendered":"<p>As crian&ccedil;as das gera&ccedil;&otilde;es mais jovens est&atilde;o sob a amea&ccedil;a de uma &ldquo;grave amea&ccedil;a&rdquo; de eventos clim&aacute;ticos extremos e &agrave; sua seguran&ccedil;a. Carlos Pl&aacute;cido TeixeiraRadar do Futuro Uma crian&ccedil;a nascida em 1960 teria a probabilidade de ser exposta a um fen&ocirc;meno clim&aacute;tico severo, como uma grande enchente ou um furac&atilde;o, por duas vezes durante a [&hellip;]<\/p>\n","protected":false},"author":1,"featured_media":0,"comment_status":"open","ping_status":"open","sticky":false,"template":"","format":"standard","meta":{"tdm_status":"","tdm_grid_status":"","footnotes":"","jetpack_publicize_message":"","jetpack_publicize_feature_enabled":true,"jetpack_social_post_already_shared":true,"jetpack_social_options":{"image_generator_settings":{"template":"highway","enabled":false},"version":2}},"categories":[20,1423],"tags":[3463,452,3174,3464,3465,3461,3466,3462],"class_list":{"0":"post-19131","1":"post","2":"type-post","3":"status-publish","4":"format-standard","6":"category-destaques","7":"category-sustentabilidade","8":"tag-clima-no-futuro","9":"tag-crise-climatica","10":"tag-esg","11":"tag-o-impacto-do-clima","12":"tag-sustentabilifade","13":"tag-tragedias","14":"tag-tragedias-do-clima","15":"tag-tragedias-do-futuro"},"jetpack_publicize_connections":[],"jetpack_featured_media_url":"","post_mailing_queue_ids":[],"_links":{"self":[{"href":"https:\/\/radardofuturo.com.br\/test\/wp-json\/wp\/v2\/posts\/19131","targetHints":{"allow":["GET"]}}],"collection":[{"href":"https:\/\/radardofuturo.com.br\/test\/wp-json\/wp\/v2\/posts"}],"about":[{"href":"https:\/\/radardofuturo.com.br\/test\/wp-json\/wp\/v2\/types\/post"}],"author":[{"embeddable":true,"href":"https:\/\/radardofuturo.com.br\/test\/wp-json\/wp\/v2\/users\/1"}],"replies":[{"embeddable":true,"href":"https:\/\/radardofuturo.com.br\/test\/wp-json\/wp\/v2\/comments?post=19131"}],"version-history":[{"count":0,"href":"https:\/\/radardofuturo.com.br\/test\/wp-json\/wp\/v2\/posts\/19131\/revisions"}],"wp:attachment":[{"href":"https:\/\/radardofuturo.com.br\/test\/wp-json\/wp\/v2\/media?parent=19131"}],"wp:term":[{"taxonomy":"category","embeddable":true,"href":"https:\/\/radardofuturo.com.br\/test\/wp-json\/wp\/v2\/categories?post=19131"},{"taxonomy":"post_tag","embeddable":true,"href":"https:\/\/radardofuturo.com.br\/test\/wp-json\/wp\/v2\/tags?post=19131"}],"curies":[{"name":"wp","href":"https:\/\/api.w.org\/{rel}","templated":true}]}}