{"id":18926,"date":"2021-09-23T17:57:00","date_gmt":"2021-09-23T20:57:00","guid":{"rendered":"https:\/\/radardofuturo.com.br\/?p=18926"},"modified":"2021-09-23T17:57:10","modified_gmt":"2021-09-23T20:57:10","slug":"campanha-alimentando-a-esperanca-produz-60-mil-refeicoes-para-vulneraveis-sociais","status":"publish","type":"post","link":"https:\/\/radardofuturo.com.br\/test\/campanha-alimentando-a-esperanca-produz-60-mil-refeicoes-para-vulneraveis-sociais\/","title":{"rendered":"Campanha Alimentando a Esperan\u00e7a produz 60 mil refei\u00e7\u00f5es para vulner\u00e1veis sociais"},"content":{"rendered":"\n<p>A&ccedil;<strong>&atilde;o &eacute; realizada por APACs de 3 estados por interm&eacute;dio da parceria entre a AVSI Brasil com a FBAC e TJMG, e conta com apoio da Uni&atilde;o Europeia<\/strong><\/p>\n\n\n\n<figure class=\"wp-block-image size-full\"><img loading=\"lazy\" decoding=\"async\" width=\"960\" height=\"720\" src=\"https:\/\/radardofuturo.com.br\/test\/wp-content\/uploads\/2021\/09\/distribuicao-de-alimentos.jpg\" alt=\"\" class=\"wp-image-18932\" srcset=\"https:\/\/radardofuturo.com.br\/test\/wp-content\/uploads\/2021\/09\/distribuicao-de-alimentos.jpg 960w, https:\/\/radardofuturo.com.br\/test\/wp-content\/uploads\/2021\/09\/distribuicao-de-alimentos-300x225.jpg 300w, https:\/\/radardofuturo.com.br\/test\/wp-content\/uploads\/2021\/09\/distribuicao-de-alimentos-768x576.jpg 768w, https:\/\/radardofuturo.com.br\/test\/wp-content\/uploads\/2021\/09\/distribuicao-de-alimentos-80x60.jpg 80w, https:\/\/radardofuturo.com.br\/test\/wp-content\/uploads\/2021\/09\/distribuicao-de-alimentos-160x120.jpg 160w, https:\/\/radardofuturo.com.br\/test\/wp-content\/uploads\/2021\/09\/distribuicao-de-alimentos-265x198.jpg 265w, https:\/\/radardofuturo.com.br\/test\/wp-content\/uploads\/2021\/09\/distribuicao-de-alimentos-696x522.jpg 696w\" sizes=\"auto, (max-width: 960px) 100vw, 960px\"><figcaption>Foto: Arquivo\/FBAC<\/figcaption><\/figure>\n\n\n\n<!--more-->\n\n\n\n<p class=\"has-drop-cap\">Teve in&iacute;cio no m&ecirc;s de setembro a produ&ccedil;&atilde;o das refei&ccedil;&otilde;es por recuperandos das APACs envolvidas na campanha Alimentando a Esperan&ccedil;a &ndash; Paz, Justi&ccedil;a e Cidadania. At&eacute; meados de dezembro, o projeto tem o desafio de produzir 60 mil refei&ccedil;&otilde;es, que ser&atilde;o doadas a pessoas que vivem em situa&ccedil;&atilde;o de vulnerabilidade social.<\/p>\n\n\n\n<p>A iniciativa surgiu dentro das APACs (Associa&ccedil;&atilde;o de Prote&ccedil;&atilde;o e Assist&ecirc;ncia aos Condenados) e FBAC (Fraternidade Brasileira de Assist&ecirc;ncia aos Condenados), e conta com a parceria da AVSI Brasil, por meio do projeto M&aacute;s All&aacute; de las Fronteras. A campanha conta ainda com o apoio do Tribunal de Justi&ccedil;a do Estado de Minas Gerais e financiamento da Uni&atilde;o Europeia. 13 APACs de Minas Gerais, Paran&aacute; e do Maranh&atilde;o est&atilde;o envolvidas nesta iniciativa e 117 recuperandos e volunt&aacute;rios participar&atilde;o ativamente da produ&ccedil;&atilde;o e distribui&ccedil;&atilde;o das 60 mil refei&ccedil;&otilde;es.<\/p>\n\n\n\n<h4 class=\"wp-block-heading\">Valoriza&ccedil;&atilde;o das APACs<\/h4>\n\n\n\n<p>Al&eacute;m de buscar mitigar os efeitos da Covid-19 em rela&ccedil;&atilde;o &agrave; seguran&ccedil;a alimentar, a campanha tem o objetivo de chamar a aten&ccedil;&atilde;o para o trabalho realizado dentro das APACs. Luiz Fl&aacute;vio Sapori, ex-secret&aacute;rio adjunto de Justi&ccedil;a e Seguran&ccedil;a P&uacute;blica de Minas Gerais, destaca a import&acirc;ncia de a&ccedil;&otilde;es como esta para a recupera&ccedil;&atilde;o dos condenados. &ldquo;A participa&ccedil;&atilde;o comunit&aacute;ria &eacute; fundamental para garantir o cumprimento mais humanizado da pena. Os projetos realizados dentro das unidades conseguem trazer a popula&ccedil;&atilde;o para o lado da APAC, pois reduzem o sentimento de medo e inseguran&ccedil;a da popula&ccedil;&atilde;o com rela&ccedil;&atilde;o &agrave; unidade prisional&rdquo;, garante.<\/p>\n\n\n\n<p>Segundo ele, essa proximidade permite &agrave; popula&ccedil;&atilde;o perceber que as APACs, apesar de unidades prisionais, s&atilde;o institui&ccedil;&otilde;es sociais e t&ecirc;m a capacidade de contribuir para o bem-estar da coletividade. &ldquo;Estas a&ccedil;&otilde;es confirmam a voca&ccedil;&atilde;o comunit&aacute;ria do M&eacute;todo APAC. A APAC &eacute; uma conquista da sociedade, uma verdadeira institui&ccedil;&atilde;o social&rdquo;, afirma.<\/p>\n\n\n\n<p>Sapori destaca que o m&eacute;todo &eacute; calcado tamb&eacute;m no trabalho, um dos aspectos fundamentais em qualquer processo de ressocializa&ccedil;&atilde;o. &ldquo;O trabalho reduz a ociosidade do recuperando e, ao mesmo tempo, propicia a internaliza&ccedil;&atilde;o de valores sociais, como a disciplina, o respeito pelo outro, empatia, coopera&ccedil;&atilde;o. Isso permite que o indiv&iacute;duo experimente na pr&aacute;tica a possibilidade de ser um cidad&atilde;o.&rdquo;<\/p>\n\n\n\n<p>Por meio do M&eacute;todo APAC, criado em 1972 pelo advogado e jornalista M&aacute;rio Ottoboni, os recuperandos s&atilde;o respons&aacute;veis pela cogest&atilde;o, organiza&ccedil;&atilde;o e at&eacute; mesmo pela seguran&ccedil;a e disciplina dos centros de ressocializa&ccedil;&atilde;o. A efic&aacute;cia pode ser comprovada pelos n&uacute;meros. Nas APACs, a taxa de reincid&ecirc;ncia &eacute; de 15% entre os recuperandos homens e 5% entre as mulheres. No sistema penitenci&aacute;rio comum, esse n&uacute;mero salta para cerca de 80% no masculino e 15% no feminino.<\/p>\n\n\n\n<p>O Brasil conta hoje com 142 APACs, sendo 61 j&aacute; em funcionamento e 81 em diferentes est&aacute;gios de implementa&ccedil;&atilde;o, com um total de 5030 recuperandos (de ambos os sexos, nos tr&ecirc;s regimes: fechado, semiaberto e aberto) cumprindo pena de priva&ccedil;&atilde;o de liberdade. Dessas 61, 9 s&atilde;o voltadas para o p&uacute;blico feminino, 1 recebe recuperandos juvenis e as 51 restantes s&atilde;o masculinas. Outros pa&iacute;ses como M&eacute;xico, Paraguai, Chile, Costa Rica, Argentina, Col&ocirc;mbia, It&aacute;lia, Portugal, Alemanha, Holanda, Let&ocirc;nia, Hungria, Bulgaria e Coreia do Sul aplicam parcialmente ou possuem iniciativas de APAC.<\/p>\n\n\n\n<p>O trabalho das APACs &eacute; assessorado pela Fraternidade Brasileira de Assist&ecirc;ncia aos Condenados (FBAC), que &eacute; uma entidade civil de direito privado, sem fins lucrativos, que tem a miss&atilde;o de orientar, assistir, fiscalizar e zelar pelo cumprimento da metodologia, modelo de gest&atilde;o e normas de disciplina e seguran&ccedil;a das APACs, sendo filiada &agrave; Prison Fellowship International &ndash; PFI, organiza&ccedil;&atilde;o consultiva da ONU para assuntos penitenci&aacute;rios, presente em 116 pa&iacute;ses.<\/p>\n\n\n\n<h2 class=\"wp-block-heading\">Sobre a AVSI Brasil<\/h2>\n\n\n\n<p>Organiza&ccedil;&atilde;o brasileira sem fins lucrativos, a AVSI Brasil foi constitu&iacute;da em 2007 para contribuir na melhoria das condi&ccedil;&otilde;es de vida de pessoas que vivem em situa&ccedil;&otilde;es de vulnerabilidade. &Eacute; vinculada ao contexto internacional por meio da parceria com a Funda&ccedil;&atilde;o AVSI, organiza&ccedil;&atilde;o n&atilde;o governamental de origem italiana que atua no Brasil desde os anos 1980 e que estimulou a cria&ccedil;&atilde;o da AVSI Brasil.<\/p>\n\n\n\n<p>Para realizar seus projetos, a entidade constr&oacute;i parcerias com empresas, setor p&uacute;blico, organiza&ccedil;&otilde;es da coopera&ccedil;&atilde;o internacional e pessoas f&iacute;sicas. A AVSI Brasil desenvolve projetos beneficiando milhares de pessoas anualmente, em oito &aacute;reas transversais: &Aacute;gua e Seguran&ccedil;a Alimentar; Cidades Inclusivas e Resilientes; Energia e Ambiente; Justi&ccedil;a e Preven&ccedil;&atilde;o da Viol&ecirc;ncia; Migra&ccedil;&otilde;es; Parcerias Multissetoriais; Socioeducativo; Trabalho e Crescimento Econ&ocirc;mico.<\/p>\n\n\n\n<h4 class=\"wp-block-heading\">O projeto M&aacute;s All&aacute; de las Fronteras<\/h4>\n\n\n\n<p>Desde novembro de 2017, a AVSI Brasil e FBAC iniciaram o projeto M&aacute;s All&aacute; de las Fronteras, que tem como objetivo contribuir para o fortalecimento da sociedade civil no combate a atos de tortura, maus-tratos, penas cru&eacute;is, desumanas e degradantes, por meio da consolida&ccedil;&atilde;o\/expans&atilde;o do m&eacute;todo APAC em 3 pa&iacute;ses latino-americanos: Chile, Costa Rica e Paraguai. O projeto &eacute; cofinanciado pela da Uni&atilde;o Europeia a partir do Instrumento Europeu para a Democracia e dos Direitos Humanos (IEDDH).<\/p>\n","protected":false},"excerpt":{"rendered":"<p>A&ccedil;&atilde;o &eacute; realizada por APACs de 3 estados por interm&eacute;dio da parceria entre a AVSI Brasil com a FBAC e TJMG, e conta com apoio da Uni&atilde;o Europeia<\/p>\n","protected":false},"author":15,"featured_media":18932,"comment_status":"open","ping_status":"open","sticky":false,"template":"","format":"standard","meta":{"tdm_status":"","tdm_grid_status":"","footnotes":"","jetpack_publicize_message":"","jetpack_publicize_feature_enabled":true,"jetpack_social_post_already_shared":true,"jetpack_social_options":{"image_generator_settings":{"template":"highway","enabled":false},"version":2}},"categories":[19],"tags":[179,172,3430],"class_list":{"0":"post-18926","1":"post","2":"type-post","3":"status-publish","4":"format-standard","5":"has-post-thumbnail","7":"category-insights","8":"tag-alimentacao","9":"tag-alimentos","10":"tag-campanhas-de-alimentacao"},"jetpack_publicize_connections":[],"jetpack_featured_media_url":"https:\/\/radardofuturo.com.br\/test\/wp-content\/uploads\/2021\/09\/distribuicao-de-alimentos.jpg","post_mailing_queue_ids":[],"_links":{"self":[{"href":"https:\/\/radardofuturo.com.br\/test\/wp-json\/wp\/v2\/posts\/18926","targetHints":{"allow":["GET"]}}],"collection":[{"href":"https:\/\/radardofuturo.com.br\/test\/wp-json\/wp\/v2\/posts"}],"about":[{"href":"https:\/\/radardofuturo.com.br\/test\/wp-json\/wp\/v2\/types\/post"}],"author":[{"embeddable":true,"href":"https:\/\/radardofuturo.com.br\/test\/wp-json\/wp\/v2\/users\/15"}],"replies":[{"embeddable":true,"href":"https:\/\/radardofuturo.com.br\/test\/wp-json\/wp\/v2\/comments?post=18926"}],"version-history":[{"count":0,"href":"https:\/\/radardofuturo.com.br\/test\/wp-json\/wp\/v2\/posts\/18926\/revisions"}],"wp:featuredmedia":[{"embeddable":true,"href":"https:\/\/radardofuturo.com.br\/test\/wp-json\/wp\/v2\/media\/18932"}],"wp:attachment":[{"href":"https:\/\/radardofuturo.com.br\/test\/wp-json\/wp\/v2\/media?parent=18926"}],"wp:term":[{"taxonomy":"category","embeddable":true,"href":"https:\/\/radardofuturo.com.br\/test\/wp-json\/wp\/v2\/categories?post=18926"},{"taxonomy":"post_tag","embeddable":true,"href":"https:\/\/radardofuturo.com.br\/test\/wp-json\/wp\/v2\/tags?post=18926"}],"curies":[{"name":"wp","href":"https:\/\/api.w.org\/{rel}","templated":true}]}}