{"id":18904,"date":"2021-09-22T12:22:40","date_gmt":"2021-09-22T15:22:40","guid":{"rendered":"https:\/\/radardofuturo.com.br\/?p=18904"},"modified":"2021-09-22T12:22:49","modified_gmt":"2021-09-22T15:22:49","slug":"futuro-na-educacao-ttf-brasil-inicia-serie-de-eventos","status":"publish","type":"post","link":"https:\/\/radardofuturo.com.br\/test\/futuro-na-educacao-ttf-brasil-inicia-serie-de-eventos\/","title":{"rendered":"Futuro na educa\u00e7\u00e3o: TTF Brasil inicia s\u00e9rie de eventos"},"content":{"rendered":"\n<p><strong>Webn&aacute;rio &ldquo;O futuro n&atilde;o se cria sem vulnerabilidades abre s&eacute;rie de eventos para discuss&atilde;o sobre o futuro na educa&ccedil;&atilde;o<\/strong><\/p>\n\n\n\n<figure class=\"wp-block-image size-full\"><img loading=\"lazy\" decoding=\"async\" width=\"960\" height=\"503\" src=\"https:\/\/radardofuturo.com.br\/test\/wp-content\/uploads\/2021\/09\/evento-futuros-na-educacao.jpg\" alt=\"tela de evento sympla\nfuturo na educa&ccedil;&atilde;o\n\" class=\"wp-image-18905\" srcset=\"https:\/\/radardofuturo.com.br\/test\/wp-content\/uploads\/2021\/09\/evento-futuros-na-educacao.jpg 960w, https:\/\/radardofuturo.com.br\/test\/wp-content\/uploads\/2021\/09\/evento-futuros-na-educacao-300x157.jpg 300w, https:\/\/radardofuturo.com.br\/test\/wp-content\/uploads\/2021\/09\/evento-futuros-na-educacao-768x402.jpg 768w, https:\/\/radardofuturo.com.br\/test\/wp-content\/uploads\/2021\/09\/evento-futuros-na-educacao-696x365.jpg 696w\" sizes=\"auto, (max-width: 960px) 100vw, 960px\"><\/figure>\n\n\n\n<!--more-->\n\n\n\n<p>O Teach the Future Brasil realiza no pr&oacute;ximo dia 27 de setembro, por videoconfer&ecirc;ncia, o webn&aacute;rio &ldquo;<a href=\"https:\/\/www.sympla.com.br\/serie-futuros-na-educacao-o-futuro-nao-se-cria-sem-vulnerabilidade__1338890\" target=\"_blank\" data-type=\"URL\" data-id=\"https:\/\/www.sympla.com.br\/serie-futuros-na-educacao-o-futuro-nao-se-cria-sem-vulnerabilidade__1338890\" rel=\"noreferrer noopener\"><strong>O futuro n&atilde;o se cria sem vulnerabilidades<\/strong><\/a>&rdquo; &Eacute; o primeiro evento da s&eacute;rie &ldquo;Futuros na Educa&ccedil;&atilde;o&rdquo; promovida pelo TTF Brasil com o objetivo de debater e repensar as perspectivas dos processos de ensino no atual cen&aacute;rio de mudan&ccedil;as da sociedade, al&eacute;m de conscientizar sobre a import&acirc;ncia da aplica&ccedil;&atilde;o do <a href=\"https:\/\/radardofuturo.com.br\/test\/ddof\/futurismo\/\" target=\"_self\" title=\"Como movimento art&iacute;stico e liter&aacute;rio O&nbsp;futurismo&nbsp;&eacute; um&nbsp;movimento art&iacute;stico&nbsp;e&nbsp;liter&aacute;rio&nbsp;que surgiu oficialmente em 20 de fevereiro de 1909 com a publica&ccedil;&atilde;o do&nbsp;Manifesto Futurista, pelo poeta italiano&nbsp;Filippo Marinetti, no jornal franc&ecirc;s&nbsp;Le Figaro. Os adeptos do movimento rejeitavam o moralismo e o passado, e suas obras baseavam-se fortemente na velocidade e nos desenvolvimentos tecnol&oacute;gicos do final do&nbsp;s&eacute;culo XIX. Os&hellip;\" class=\"encyclopedia\">futurismo<\/a> neste contexto. O encontro on line ter&aacute; a participa&ccedil;&atilde;o de Ludymilla Pimenta, mestre em aprendizagem, processos psicossociais  e mudan&ccedil;as nas organiza&ccedil;&otilde;es, e Eduardo  Valladares, designer de experi&ecirc;ncia de aprendizagem. <\/p>\n\n\n\n<p>&ldquo;Entrar em contato com o futuro &eacute; entrar em contato com a vulnerabilidade&rdquo;, sintetiza Edu Valladares. Pesquisador autodirigido sobre a cultura da vergonha e da import&acirc;ncia da vulnerabilidade na educa&ccedil;&atilde;o e estudioso sobre letramento de futuros, Eduardo diz que &ldquo;pode parecer surpreendente para algumas pessoas, mas a habilidade mais importante a ser desenvolvida nesta nova era digital &eacute; a #aprendabilidade &ndash; a habilidade de aprender.&rdquo;<\/p>\n\n\n\n<p>Incluir vis&atilde;o de futuro requer, de fato, mudan&ccedil;as de atitudes e compreens&atilde;o das dificuldades de cada um, inclusive de quem est&aacute; nas salas de aula. No contexto de mundo fr&aacute;gil, ansioso, n&atilde;o-linear e incompreens&iacute;vel, falar de vulnerabilidade &eacute; mostrar que falhas e erros n&atilde;o s&atilde;o indicativos dos limites de potenciais, mas ferramentas que informam como voc&ecirc; pode se conhecer, se entender e se desenvolver &ndash; mais e melhor e no seu tempo, com sua autonomia criativa.  <\/p>\n\n\n\n<p>O evento ser&aacute; uma oportunidade para debater a percep&ccedil;&atilde;o compartilhada pelos palestrantes de que poucas pessoas foram orientadas nas habilidades essenciais e mentalidades de aprendizes eficazes. &Eacute; necess&aacute;rio incorporar comportamentos e pensar como designer, ter apetite pelo risco, agir como cientista e prototipar cen&aacute;rios.<\/p>\n\n\n\n<h2 class=\"wp-block-heading\">Webn&aacute;rios: &ldquo;Futuro na Educa&ccedil;&atilde;o&rdquo;<\/h2>\n\n\n\n<p>O ciclo de webin&aacute;rios <strong>&ldquo;Futuros na Educa&ccedil;&atilde;o&rdquo;, <\/strong>&eacute; desenvolvido pelo movimento TTF Brasil, hub do Teach The Future, a&ccedil;&atilde;o global que tem o objetivo de difundir conceitos e t&eacute;cnicas de <a href=\"https:\/\/radardofuturo.com.br\/test\/ddof\/futurismo\/\" target=\"_self\" title=\"Como movimento art&iacute;stico e liter&aacute;rio O&nbsp;futurismo&nbsp;&eacute; um&nbsp;movimento art&iacute;stico&nbsp;e&nbsp;liter&aacute;rio&nbsp;que surgiu oficialmente em 20 de fevereiro de 1909 com a publica&ccedil;&atilde;o do&nbsp;Manifesto Futurista, pelo poeta italiano&nbsp;Filippo Marinetti, no jornal franc&ecirc;s&nbsp;Le Figaro. Os adeptos do movimento rejeitavam o moralismo e o passado, e suas obras baseavam-se fortemente na velocidade e nos desenvolvimentos tecnol&oacute;gicos do final do&nbsp;s&eacute;culo XIX. Os&hellip;\" class=\"encyclopedia\">futurismo<\/a> entre estudantes, professores e institui&ccedil;&otilde;es de ensino. A s&eacute;rie envolve a rede de futuristas profissionais e educadores. <\/p>\n\n\n\n<p>O TTF acreditamos que eles devem fazer parte da constru&ccedil;&atilde;o dos futuros que eles mesmos vivenciar&atilde;o.Acreditamos que jovens de qualquer idade podem aprender a pensar de forma cr&iacute;tica e criativa sobre o futuro e desenvolver a capacidade para influenci&aacute;-lo. Para isto, desenvolvemos esta s&eacute;rie de encontros, online e gratuita, destinada a educadores, gestores de institui&ccedil;&otilde;es de ensino, alunos e demais representantes das comunidades, incluindo a participa&ccedil;&atilde;o de especialistas e pensadores sobre temas relacionados com educa&ccedil;&atilde;o e <a href=\"https:\/\/radardofuturo.com.br\/test\/ddof\/futurismo\/\" target=\"_self\" title=\"Como movimento art&iacute;stico e liter&aacute;rio O&nbsp;futurismo&nbsp;&eacute; um&nbsp;movimento art&iacute;stico&nbsp;e&nbsp;liter&aacute;rio&nbsp;que surgiu oficialmente em 20 de fevereiro de 1909 com a publica&ccedil;&atilde;o do&nbsp;Manifesto Futurista, pelo poeta italiano&nbsp;Filippo Marinetti, no jornal franc&ecirc;s&nbsp;Le Figaro. Os adeptos do movimento rejeitavam o moralismo e o passado, e suas obras baseavam-se fortemente na velocidade e nos desenvolvimentos tecnol&oacute;gicos do final do&nbsp;s&eacute;culo XIX. Os&hellip;\" class=\"encyclopedia\">futurismo<\/a>.<\/p>\n\n\n\n<h4 class=\"wp-block-heading\">Agenda: O futuro n&atilde;o se cria sem vulnerabilidades<\/h4>\n\n\n\n<p><strong>Data<\/strong>: 27 de setembro<br><strong>Hor&aacute;rio<\/strong>: 19h &ndash; 20h<\/p>\n\n\n\n<p><strong>Inscri&ccedil;&otilde;es<\/strong>: <a href=\"https:\/\/www.sympla.com.br\/serie-futuros-na-educacao-o-futuro-nao-se-cria-sem-vulnerabilidade__1338890\" target=\"_blank\" data-type=\"URL\" data-id=\"https:\/\/www.sympla.com.br\/serie-futuros-na-educacao-o-futuro-nao-se-cria-sem-vulnerabilidade__1338890\" rel=\"noreferrer noopener\"><strong>Sympla<\/strong><\/a><\/p>\n","protected":false},"excerpt":{"rendered":"<p>Webn&aacute;rio &ldquo;O futuro n&atilde;o se cria sem vulnerabilidades abre s&eacute;rie de eventos para discuss&atilde;o sobre o futuro na educa&ccedil;&atilde;o<\/p>\n","protected":false},"author":1,"featured_media":18905,"comment_status":"open","ping_status":"open","sticky":false,"template":"","format":"standard","meta":{"tdm_status":"","tdm_grid_status":"","footnotes":"","jetpack_publicize_message":"","jetpack_publicize_feature_enabled":true,"jetpack_social_post_already_shared":true,"jetpack_social_options":{"image_generator_settings":{"template":"highway","enabled":false},"version":2}},"categories":[18,19],"tags":[],"class_list":{"0":"post-18904","1":"post","2":"type-post","3":"status-publish","4":"format-standard","5":"has-post-thumbnail","7":"category-eventos","8":"category-insights"},"jetpack_publicize_connections":[],"jetpack_featured_media_url":"https:\/\/radardofuturo.com.br\/test\/wp-content\/uploads\/2021\/09\/evento-futuros-na-educacao.jpg","post_mailing_queue_ids":[],"_links":{"self":[{"href":"https:\/\/radardofuturo.com.br\/test\/wp-json\/wp\/v2\/posts\/18904","targetHints":{"allow":["GET"]}}],"collection":[{"href":"https:\/\/radardofuturo.com.br\/test\/wp-json\/wp\/v2\/posts"}],"about":[{"href":"https:\/\/radardofuturo.com.br\/test\/wp-json\/wp\/v2\/types\/post"}],"author":[{"embeddable":true,"href":"https:\/\/radardofuturo.com.br\/test\/wp-json\/wp\/v2\/users\/1"}],"replies":[{"embeddable":true,"href":"https:\/\/radardofuturo.com.br\/test\/wp-json\/wp\/v2\/comments?post=18904"}],"version-history":[{"count":0,"href":"https:\/\/radardofuturo.com.br\/test\/wp-json\/wp\/v2\/posts\/18904\/revisions"}],"wp:featuredmedia":[{"embeddable":true,"href":"https:\/\/radardofuturo.com.br\/test\/wp-json\/wp\/v2\/media\/18905"}],"wp:attachment":[{"href":"https:\/\/radardofuturo.com.br\/test\/wp-json\/wp\/v2\/media?parent=18904"}],"wp:term":[{"taxonomy":"category","embeddable":true,"href":"https:\/\/radardofuturo.com.br\/test\/wp-json\/wp\/v2\/categories?post=18904"},{"taxonomy":"post_tag","embeddable":true,"href":"https:\/\/radardofuturo.com.br\/test\/wp-json\/wp\/v2\/tags?post=18904"}],"curies":[{"name":"wp","href":"https:\/\/api.w.org\/{rel}","templated":true}]}}