{"id":18766,"date":"2021-09-14T12:24:09","date_gmt":"2021-09-14T15:24:09","guid":{"rendered":"https:\/\/radardofuturo.com.br\/?p=18766"},"modified":"2021-09-14T12:26:05","modified_gmt":"2021-09-14T15:26:05","slug":"as-megatendencias-que-preocupam-a-uniao-europeia-segundo-relatorio","status":"publish","type":"post","link":"https:\/\/radardofuturo.com.br\/test\/as-megatendencias-que-preocupam-a-uniao-europeia-segundo-relatorio\/","title":{"rendered":"Relat\u00f3rio aponta as megatend\u00eancias que preocupam a Uni\u00e3o Europeia"},"content":{"rendered":"\n<p><strong>Clima, influ&ecirc;ncia tecnol&oacute;gica, democracia inst&aacute;vel e demografia: as mega<a href=\"https:\/\/radardofuturo.com.br\/test\/ddof\/o-que-sao-tendencias\/\" target=\"_self\" title=\"Confira o que s&atilde;o tend&ecirc;ncias, os fatos ou fen&ocirc;menos que podem acontecer em algum momento adiante na hist&oacute;ria da sociedade, como um novo comportamento individual ou de um grupo\" class=\"encyclopedia\">tend&ecirc;ncias<\/a> que a Uni&atilde;o Europeia aponta como as principais for&ccedil;as de influ&ecirc;ncia at&eacute; 2050 <\/strong><\/p>\n\n\n\n<figure class=\"wp-block-image size-large is-style-default\"><img loading=\"lazy\" decoding=\"async\" width=\"1024\" height=\"768\" src=\"https:\/\/radardofuturo.com.br\/test\/wp-content\/uploads\/2021\/09\/alemanha-chuvas-causam-destruicao-foto-fotos-publicas-1024x768.jpeg\" alt=\"Uni&atilde;o Europeia -\nregi&atilde;o destruida por tempestades na alemanha. foto: fotos p&uacute;blicas\" class=\"wp-image-18769\"><figcaption>Foto: Servi&ccedil;o m&eacute;dico do Bundeswehr \/<a href=\"https:\/\/fotospublicas.com\/\" target=\"_blank\" rel=\"noopener\"> Fotos P&uacute;blicas<\/a><\/figcaption><\/figure>\n\n\n\n<!--more-->\n\n\n\n<p><em>Carlos Pl&aacute;cido Teixeira<br>Jornalista I Radar do Futuro<\/em><\/p>\n\n\n\n<div class=\"wp-block-image is-style-default\"><figure class=\"alignleft is-resized\"><img loading=\"lazy\" decoding=\"async\" src=\"https:\/\/image.freepik.com\/vetores-gratis\/mapa-de-paises-da-uniao-europeia-nomes-de-paises-membros-da-ue-ilustracao-de-mapas-de-localizacao-da-terra-da-europa_102902-1297.jpg\" alt=\"Mapa de pa&iacute;ses da uni&atilde;o europeia. nomes de pa&iacute;ses membros da ue, ilustra&ccedil;&atilde;o  de mapas de localiza&ccedil;&atilde;o da terra da europa | Vetor Premium\" width=\"179\" height=\"134\"><\/figure><\/div>\n\n\n\n<p>As altera&ccedil;&otilde;es clim&aacute;ticas no contexto dos desafios ambientais s&atilde;o um tema priorit&aacute;rio na agenda de preocupa&ccedil;&otilde;es da Uni&atilde;o Europeia para o futuro. Neste ano em que trag&eacute;dias clim&aacute;ticas severas impactaram v&aacute;rios pa&iacute;ses da regi&atilde;o, o compromisso fica refor&ccedil;ado com o lan&ccedil;amento , agora em setembro,  do relat&oacute;rio &ldquo;<strong>Prospectiva estrat&eacute;gica de 2021<\/strong> &ndash; refor&ccedil;ar a capacidade e a liberdade de a&ccedil;&atilde;o da UE a longo prazo&rdquo;. O documento apresenta dados, informa&ccedil;&otilde;es e an&aacute;lises que fundamentam a defini&ccedil;&atilde;o de quatro mega<a href=\"https:\/\/radardofuturo.com.br\/test\/ddof\/o-que-sao-tendencias\/\" target=\"_self\" title=\"Confira o que s&atilde;o tend&ecirc;ncias, os fatos ou fen&ocirc;menos que podem acontecer em algum momento adiante na hist&oacute;ria da sociedade, como um novo comportamento individual ou de um grupo\" class=\"encyclopedia\">tend&ecirc;ncias<\/a> geradoras de grande impacto sobre a regi&atilde;o. <\/p>\n\n\n\n<p>S&atilde;o temas que devem receber a aten&ccedil;&atilde;o especial no desenvolvimento de estrat&eacute;gias futuras dos governos. A comiss&atilde;o respons&aacute;vel pelo estudo tamb&eacute;m identifica dez &aacute;reas de a&ccedil;&atilde;o com potencial para impulsionar a autonomia estrat&eacute;gica aberta e viabilizar a lideran&ccedil;a global at&eacute; 2050 da UE. Al&eacute;m da quest&atilde;o clim&aacute;tica, a hiperconectividade digital e transforma&ccedil;&atilde;o tecnol&oacute;gica;&nbsp;press&atilde;o sobre a democracia e os valores e mudan&ccedil;as na ordem global e demografia  s&atilde;o as outras <a href=\"https:\/\/radardofuturo.com.br\/test\/ddof\/o-que-sao-tendencias\/\" target=\"_self\" title=\"Confira o que s&atilde;o tend&ecirc;ncias, os fatos ou fen&ocirc;menos que podem acontecer em algum momento adiante na hist&oacute;ria da sociedade, como um novo comportamento individual ou de um grupo\" class=\"encyclopedia\">tend&ecirc;ncias<\/a> globais enfatizadas, como vari&aacute;veis que, segundo as lideran&ccedil;as europeias, afetam a capacidade e a liberdade de a&ccedil;&atilde;o da UE. <\/p>\n\n\n\n<p>A produ&ccedil;&atilde;o dos estudos, desenvolvida com estrat&eacute;gias de <a href=\"https:\/\/radardofuturo.com.br\/test\/ddof\/o-que-e-analise-prospectiva\/\" target=\"_blank\" data-type=\"URL\" data-id=\"https:\/\/radardofuturo.com.br\/test\/ddof\/o-que-e-analise-prospectiva\/\" rel=\"noreferrer noopener\">prospec&ccedil;&atilde;o<\/a> de futuros, demonstra a preocupa&ccedil;&atilde;o com estrat&eacute;gias de antecipa&ccedil;&atilde;o multidisciplinar sobre a autonomia dos pa&iacute;ses integrantes da organiza&ccedil;&atilde;o na ordem global. O cen&aacute;rio previsto para os pr&oacute;ximos anos at&eacute; 2050 avalia um planeta cada vez mais multipolar e de confronta&ccedil;&atilde;o entre as na&ccedil;&otilde;es. <\/p>\n\n\n\n<p>A partir de 2020, todos do anos ser&atilde;o realizadas novas rodadas de prospec&ccedil;&atilde;o de cen&aacute;rios com o objetivo de descrever as <a href=\"https:\/\/radardofuturo.com.br\/test\/ddof\/o-que-sao-tendencias\/\" target=\"_self\" title=\"Confira o que s&atilde;o tend&ecirc;ncias, os fatos ou fen&ocirc;menos que podem acontecer em algum momento adiante na hist&oacute;ria da sociedade, como um novo comportamento individual ou de um grupo\" class=\"encyclopedia\">tend&ecirc;ncias<\/a> e quest&otilde;es emergentes, olhando para a frente como eles podem evoluir ao longo do tempo e olhando para as oportunidades e riscos que envolvem.&nbsp;O relat&oacute;rio destaca formas como a UE pode come&ccedil;ar a aproveitar os benef&iacute;cios de acontecimentos positivos e formas de transformar riscos em potenciais favor&aacute;veis.&nbsp;<\/p>\n\n\n\n<p>&ldquo;Os cidad&atilde;os europeus sentem quase diariamente que os desafios globais, como as altera&ccedil;&otilde;es clim&aacute;ticas e a transforma&ccedil;&atilde;o digital, t&ecirc;m um impacto direto nas suas vidas pessoais&rdquo;, avalia a presidente da Comiss&atilde;o Europeia, Ursula&nbsp;von der Leyen. Partiu dela a proposta de produ&ccedil;&atilde;o dos relat&oacute;rios anuais de prospectiva estrat&eacute;gica, com base em ciclos completos de reflex&otilde;es, para informar as prioridades do discurso anual sobre o estado da Uni&atilde;o, o programa de trabalho da Comiss&atilde;o e a programa&ccedil;&atilde;o plurianual. <\/p>\n\n\n\n<p>A executiva avalia que todos os europeus j&aacute; sentem que a democracia e os valores europeus devem estar no centro das aten&ccedil;&otilde;es, tanto externa como internamente, ou que a Europa necessita de adaptar a sua pol&iacute;tica externa devido a uma ordem global em muta&ccedil;&atilde;o. Assim, diz ela, &ldquo;as informa&ccedil;&otilde;es precoces e melhores sobre as <a href=\"https:\/\/radardofuturo.com.br\/test\/ddof\/o-que-sao-tendencias\/\" target=\"_self\" title=\"Confira o que s&atilde;o tend&ecirc;ncias, os fatos ou fen&ocirc;menos que podem acontecer em algum momento adiante na hist&oacute;ria da sociedade, como um novo comportamento individual ou de um grupo\" class=\"encyclopedia\">tend&ecirc;ncias<\/a> v&atilde;o ajudar a resolver quest&otilde;es importantes a tempo e a conduzir a a Uni&atilde;o Europeia em um rumo positivo.&rdquo;<\/p>\n\n\n\n<h2 class=\"wp-block-heading\">Megatend&ecirc;ncias globais segundo a Uni&atilde;o Europeia<\/h2>\n\n\n\n<p>&Oacute;s temas priorit&aacute;rios que tendem a impactar as decis&otilde;es estrat&eacute;gicas sobre o futuro da regi&atilde;o<\/p>\n\n\n\n<h4 class=\"wp-block-heading\">Mudan&ccedil;as clim&aacute;ticas e outros desafios ambientais<\/h4>\n\n\n\n<p>As mudan&ccedil;as clim&aacute;ticas continuar&atilde;o a se acelerar.&nbsp;Na trajet&oacute;ria atual, o aquecimento global provavelmente ultrapassar&aacute; 1,5 &#8451; nos pr&oacute;ximos 20 anos e atingir&aacute; 2 &#8451; em meados do s&eacute;culo, piorando a press&atilde;o sobre a seguran&ccedil;a da &aacute;gua e dos alimentos em todo o mundo.&nbsp;Em 2050, espera-se \/ projeta-se que 200 milh&otilde;es de pessoas anualmente precisar&atilde;o de assist&ecirc;ncia humanit&aacute;ria, em parte devido aos efeitos ecol&oacute;gicos.&nbsp;O estresse clim&aacute;tico desafiar&aacute; grupos vulner&aacute;veis &#8203;&#8203;e contribuir&aacute; para impulsionar o deslocamento e a migra&ccedil;&atilde;o da popula&ccedil;&atilde;o, a prolifera&ccedil;&atilde;o de conflitos e poss&iacute;veis viola&ccedil;&otilde;es dos direitos humanos fundamentais.<\/p>\n\n\n\n<h4 class=\"wp-block-heading\">Hiperconectividade digital e transforma&ccedil;&otilde;es tecnol&oacute;gicas<\/h4>\n\n\n\n<p>O n&uacute;mero de dispositivos conectados globalmente pode aumentar de 30,4 bilh&otilde;es em 2020 para 200 bilh&otilde;es em 2030. O aumento da conectividade de objetos, lugares e pessoas resultar&aacute; em novos produtos, servi&ccedil;os, modelos de neg&oacute;cios e padr&otilde;es de vida e trabalho. A ambi&ccedil;&atilde;o de lideran&ccedil;a global da Europa nas transi&ccedil;&otilde;es poderia posicion&aacute;-la fortemente em um mercado lucrativo emergente e criar novos tipos de trabalho, por exemplo, empregos verdes, em setores estabelecidos e emergentes.<\/p>\n\n\n\n<p>A acelera&ccedil;&atilde;o tecnol&oacute;gica e a <a href=\"https:\/\/radardofuturo.com.br\/test\/ddof\/digitalizacao\/\" target=\"_self\" title=\"Digitaliza&ccedil;&atilde;o &eacute; o processo que transforma coisas anal&oacute;gicas, ou seja, algo com exist&ecirc;ncia f&iacute;sica, como um documento, uma foto, um disco de vinil ou seu ambiente de trabalho, em sistemas ou recursos acess&iacute;veis por computador.\" class=\"encyclopedia\">digitaliza&ccedil;&atilde;o<\/a> transformar&atilde;o cada vez mais &aacute;reas inteiras da sociedade, a economia, os mercados de trabalho, a ind&uacute;stria e o setor p&uacute;blico, e podem representar um novo cap&iacute;tulo da hiperconectividade e da globaliza&ccedil;&atilde;o nos servi&ccedil;os (das finan&ccedil;as ao turismo), a economia de dados, economia circular, produ&ccedil;&atilde;o prim&aacute;ria e manufatura avan&ccedil;ada. &nbsp;<\/p>\n\n\n\n<h4 class=\"wp-block-heading\">Press&atilde;o sobre a democracia e os valores<\/h4>\n\n\n\n<p>Em 2020, 34% da popula&ccedil;&atilde;o mundial vivia em pa&iacute;ses onde a governan&ccedil;a democr&aacute;tica estava em decl&iacute;nio. E apenas 4% em pa&iacute;ses que estavam se tornando mais democr&aacute;ticos. A desinforma&ccedil;&atilde;o em grande escala, alimentada por novas ferramentas e plataformas online, representar&aacute; desafios crescentes para os sistemas democr&aacute;ticos e conduzir&aacute; um novo tipo de guerra de informa&ccedil;&atilde;o.<\/p>\n\n\n\n<p>A press&atilde;o sobre os modelos democr&aacute;ticos de governan&ccedil;a e valores provavelmente persistir&aacute;.&nbsp;A contesta&ccedil;&atilde;o geopol&iacute;tica entre os modelos de governan&ccedil;a, a polariza&ccedil;&atilde;o interestadual e as tens&otilde;es ligadas &agrave;s diferen&ccedil;as ideol&oacute;gicas devem continuar.<\/p>\n\n\n\n<h4 class=\"wp-block-heading\">Mudan&ccedil;as na ordem global e na demografia<\/h4>\n\n\n\n<p>H&aacute; mudan&ccedil;as e fragmenta&ccedil;&otilde;es na ordem global.&nbsp;O mundo est&aacute; se tornando cada vez mais multipolar, com o centro de gravidade econ&ocirc;mico deslocando-se para o leste.&nbsp;Hoje, o peso econ&ocirc;mico dos &lsquo;7 emergentes&rsquo; (Brasil, China, &Iacute;ndia, Indon&eacute;sia, M&eacute;xico, R&uacute;ssia e Turquia) equivale a cerca de dois ter&ccedil;os do peso dos pa&iacute;ses do G7 (Canad&aacute;, Fran&ccedil;a, Alemanha, It&aacute;lia, Jap&atilde;o, o Reino Unido e Estados Unidos), representando cerca de 40% do PIB global.&nbsp;<\/p>\n\n\n\n<p>O crescimento populacional permanecer&aacute; desigual entre as regi&otilde;es, continuando na &Aacute;frica Subsaariana e estagnando em muitas economias avan&ccedil;adas.&nbsp;A popula&ccedil;&atilde;o mundial dever&aacute; atingir 8,5 bilh&otilde;es em 2030 e 9,7 bilh&otilde;es em 2050, enquanto a parcela da popula&ccedil;&atilde;o da UE dever&aacute; cair para 4,3%.<\/p>\n\n\n\n<p><\/p>\n\n\n\n<h2 class=\"wp-block-heading\">10 &aacute;reas estrat&eacute;gicas de a&ccedil;&atilde;o<\/h2>\n\n\n\n<p>O Relat&oacute;rio de Prospectiva Estrat&eacute;gica de 2021 prepara o terreno para pol&iacute;ticas e compromissos concebidos e preparados para o futuro, para colocar a UE na melhor posi&ccedil;&atilde;o para alcan&ccedil;ar os seus objetivos pol&iacute;ticos a longo prazo e desempenhar um papel estrat&eacute;gico numa ordem global multipolar e contestada . Sublinha a import&acirc;ncia de pol&iacute;ticas internas e externas conjuntas e apela a uma abordagem abrangente.<\/p>\n\n\n\n<p>A UE continuar&aacute; a alavancar as suas estreitas parcerias internacionais para promover a paz, a estabilidade e a prosperidade, apresentar uma frente unida contra actores hostis e desafios comuns e cumprir a promessa de progresso. Ele fortalecer&aacute; rela&ccedil;&otilde;es mutuamente ben&eacute;ficas com seus vizinhos e parceiros mais distantes. Ele vai assumir a lideran&ccedil;a na coopera&ccedil;&atilde;o multilateral eficaz , ao mesmo tempo proteger os cidad&atilde;os da UE e para a economia de pr&aacute;ticas desleais e abusivas.<\/p>\n\n\n\n<p>Gra&ccedil;as ao processo de prospectiva, as 10 &aacute;reas foram identificadas como estrat&eacute;gicas para garantir a liberdade e a capacidade de a&ccedil;&atilde;o da UE nas pr&oacute;ximas d&eacute;cadas:<\/p>\n\n\n\n<h4 class=\"wp-block-heading\">Garantir sistemas alimentares e de sa&uacute;de sustent&aacute;veis &#8203;&#8203;e resilientes<\/h4>\n\n\n\n<p>Embora os sistemas de sa&uacute;de e alimenta&ccedil;&atilde;o da UE estejam entre os mais avan&ccedil;ados do mundo, a UE deve reduzir as depend&ecirc;ncias estrat&eacute;gicas de pa&iacute;ses terceiros para certos produtos essenciais, incluindo produtos farmac&ecirc;uticos. A atual pandemia demonstrou a necessidade de uma revis&atilde;o completa das estruturas e mecanismos da UE para a preven&ccedil;&atilde;o e resposta &agrave;s amea&ccedil;as transfronteiri&ccedil;as para a sa&uacute;de. Uma Uni&atilde;o Europeia da Sa&uacute;de refor&ccedil;aria a capacidade da UE para enfrentar as crises de sa&uacute;de que se avizinham. <\/p>\n\n\n\n<p>Al&eacute;m disso, a ado&ccedil;&atilde;o de um quadro legislativo para um sistema alimentar sustent&aacute;vel da UE poderia garantir que todos os alimentos colocados no mercado &uacute;nico s&atilde;o cada vez mais sustent&aacute;veis. A biotecnologia pode desempenhar um papel fundamental no desenvolvimento de maneiras inovadoras e sustent&aacute;veis &#8203;&#8203;de proteger as colheitas de pragas, doen&ccedil;as e os efeitos das mudan&ccedil;as clim&aacute;ticas.<\/p>\n\n\n\n<h4 class=\"wp-block-heading\">Garantindo energia descarbonizada e acess&iacute;vel<\/h4>\n\n\n\n<p>Assegurar um fornecimento suficiente de energia descarbonizada e acess&iacute;vel &eacute; um marco importante no caminho para uma Europa mais verde e digital. A redu&ccedil;&atilde;o da depend&ecirc;ncia da UE em rela&ccedil;&atilde;o aos combust&iacute;veis f&oacute;sseis envolve o aumento da utiliza&ccedil;&atilde;o de energias renov&aacute;veis &#8203;&#8203;e a r&aacute;pida diversifica&ccedil;&atilde;o do abastecimento de energia da UE. Requer tamb&eacute;m o desenvolvimento de infraestruturas energ&eacute;ticas, bem como novas solu&ccedil;&otilde;es com baixo teor de carbono e amigas do ambiente na UE e com os principais parceiros de pa&iacute;ses terceiros. <\/p>\n\n\n\n<p>Alcan&ccedil;ar o seu objetivo de neutralidade clim&aacute;tica at&eacute; 2050 poderia ajudar a UE a reduzir a sua depend&ecirc;ncia energ&eacute;tica, de cerca de 60% atualmente, para 15%. Isso deve ser apoiado por progressos significativos na economia circular.<\/p>\n\n\n\n<h4 class=\"wp-block-heading\">Refor&ccedil;ar a capacidade de gest&atilde;o de dados, intelig&ecirc;ncia artificial e tecnologias de ponta<\/h4>\n\n\n\n<p>A soberania digital da Europa depender&aacute; da sua capacidade de armazenar, extrair e processar dados, ao mesmo tempo que satisfaz os requisitos b&aacute;sicos de confian&ccedil;a e seguran&ccedil;a e respeita os direitos fundamentais. O principal desafio ser&aacute; posicionar firmemente a UE no desenvolvimento e produ&ccedil;&atilde;o de tecnologias de pr&oacute;xima gera&ccedil;&atilde;o, como semicondutores. A UE deve garantir o acesso a dados abertos, seguros e transparentes e a liga&ccedil;&otilde;es com elevada classifica&ccedil;&atilde;o de dados. Deve tamb&eacute;m salvaguardar sua vanguarda no desenvolvimento e implanta&ccedil;&atilde;o de intelig&ecirc;ncia artificial confi&aacute;vel.<\/p>\n\n\n\n<h4 class=\"wp-block-heading\">Garantir e diversificar o fornecimento de mat&eacute;rias-primas cr&iacute;ticas<\/h4>\n\n\n\n<p>As mat&eacute;rias-primas cr&iacute;ticas s&atilde;o essenciais para o sucesso das transi&ccedil;&otilde;es ecol&oacute;gicas e digitais da UE. Uma combina&ccedil;&atilde;o inteligente de pol&iacute;ticas industriais, de pesquisa e comerciais com parcerias internacionais poderia garantir um fornecimento diversificado e sustent&aacute;vel. Na maioria dos casos, a ind&uacute;stria est&aacute; mais bem posicionada para reduzir as depend&ecirc;ncias estrat&eacute;gicas. O aumento da capacidade interna de mat&eacute;rias-primas prim&aacute;rias e secund&aacute;rias poderia se basear no Plano de A&ccedil;&atilde;o sobre Mat&eacute;rias-Primas Cr&iacute;ticas e no Plano de A&ccedil;&atilde;o da Economia Circular. Novas formas de obter recursos, como o fundo do mar e a minera&ccedil;&atilde;o espacial, devem ser exploradas mais a fundo.<\/p>\n\n\n\n<h4 class=\"wp-block-heading\">Garantir a posi&ccedil;&atilde;o global de pioneiro no estabelecimento de normas<\/h4>\n\n\n\n<p>As normas beneficiam as empresas na UE ao garantir a interoperabilidade e a seguran&ccedil;a, reduzem os custos e facilitam a integra&ccedil;&atilde;o das empresas na cadeia de valor e no com&eacute;rcio. O hist&oacute;rico de realiza&ccedil;&otilde;es da UE na defini&ccedil;&atilde;o de regras internas e normas internacionais fornece uma base s&oacute;lida para uma &laquo;vantagem do pioneiro&raquo; para salvaguardar e promover os interesses, garantindo simultaneamente a protec&ccedil;&atilde;o e a seguran&ccedil;a dos cidad&atilde;os da UE.<\/p>\n\n\n\n<h4 class=\"wp-block-heading\">Cria&ccedil;&atilde;o de sistemas econ&ocirc;micos e financeiros resilientes e preparados para o futuro<\/h4>\n\n\n\n<p>O sistema financeiro da UE est&aacute; passando por mudan&ccedil;as profundas em consequ&ecirc;ncia das mudan&ccedil;as clim&aacute;ticas e tecnol&oacute;gicas e tamb&eacute;m do Brexit. A determina&ccedil;&atilde;o pol&iacute;tica sustentada para remover os obst&aacute;culos remanescentes &agrave; integra&ccedil;&atilde;o do mercado e implementar plenamente a Uni&atilde;o dos Mercados de Capitais e a Uni&atilde;o Banc&aacute;ria &eacute; essencial para refor&ccedil;ar a capacidade da UE para absorver choques e construir mercados financeiros internos mais s&oacute;lidos. O sistema financeiro da UE tamb&eacute;m desempenha um papel fundamental no financiamento da transi&ccedil;&atilde;o para uma economia neutra para o clima e no apoio &agrave; resili&ecirc;ncia aos riscos colocados pelas altera&ccedil;&otilde;es clim&aacute;ticas e pela degrada&ccedil;&atilde;o ambiental. O lan&ccedil;amento de um euro digital tamb&eacute;m pode criar novas oportunidades para os cidad&atilde;os e as empresas.<\/p>\n\n\n\n<h4 class=\"wp-block-heading\">Desenvolver e reter compet&ecirc;ncias e talentos que correspondam &agrave;s ambi&ccedil;&otilde;es da UE<\/h4>\n\n\n\n<p>A futura m&atilde;o-de-obra da UE ser&aacute; provavelmente mais pequena, mas mais bem educada e mais capaz de se adaptar &agrave; natureza mut&aacute;vel do trabalho, da automa&ccedil;&atilde;o e da intelig&ecirc;ncia artificial. Por conseguinte, a UE tem de garantir uma educa&ccedil;&atilde;o e forma&ccedil;&atilde;o de alta qualidade, incluindo uma educa&ccedil;&atilde;o digital eficaz. Eliminar as disparidades salariais entre homens e mulheres tamb&eacute;m melhoraria as taxas de emprego. Ser&aacute; necess&aacute;rio apoio cont&iacute;nuo ao emprego jovem por meio de esquemas de apoio direcionados, inclusive por meio de empregos verdes rec&eacute;m-criados. Uma vis&atilde;o positiva de longo prazo sobre a migra&ccedil;&atilde;o ser&aacute; importante para os mercados de trabalho no futuro.<\/p>\n\n\n\n<h4 class=\"wp-block-heading\">Refor&ccedil;ar as capacidades de seguran&ccedil;a e defesa e o acesso ao espa&ccedil;o<\/h4>\n\n\n\n<p>A UE tem de continuar a promover a paz, ao mesmo tempo que trabalha com os seus parceiros na diplomacia preventiva. O refor&ccedil;o da confian&ccedil;a e da coordena&ccedil;&atilde;o entre os estados-membros, bem como o refor&ccedil;o da capacidade para antecipar melhor os desafios e riscos, pode dar &agrave; UE uma maior capacidade de a&ccedil;&atilde;o em mat&eacute;ria de defesa e seguran&ccedil;a. O maior desenvolvimento das capacidades de defesa aut&oacute;ctones aumentaria a capacidade da UE de promover uma ordem internacional baseada em regras, ao mesmo tempo em que refor&ccedil;aria o papel dos estados-membros da UE na NATO. <\/p>\n\n\n\n<p>Neste contexto, &eacute; essencial que a UE apoie o acesso ao espa&ccedil;o aut&oacute;nomo, fi&aacute;vel e econ&oacute;mico, pois &eacute; fundamental para comunica&ccedil;&otilde;es eficazes, observa&ccedil;&atilde;o da Terra, produ&ccedil;&atilde;o e seguran&ccedil;a.<\/p>\n\n\n\n<h4 class=\"wp-block-heading\">Trabalhar com parceiros globais para promover a paz, a seguran&ccedil;a e a prosperidade para todos<\/h4>\n\n\n\n<p>Para aumentar a sua autonomia estrat&eacute;gica aberta no contexto das mudan&ccedil;as econ&oacute;micas e demogr&aacute;ficas para o oriente, a UE tem de refor&ccedil;ar as coliga&ccedil;&otilde;es de pa&iacute;ses com ideias semelhantes em prioridades-chave e intensificar os esfor&ccedil;os diplom&aacute;ticos para reunir apoio para suas iniciativas. A UE ter&aacute; de prosseguir a realiza&ccedil;&atilde;o de parcerias de conectividade mais globais e ambiciosas com pa&iacute;ses e regi&otilde;es espec&iacute;ficos. <\/p>\n\n\n\n<p>A UE deve tamb&eacute;m refor&ccedil;ar as suas parcerias com organiza&ccedil;&otilde;es internacionais fundamentais para a estabilidade europeia e global e ajudar a reformar as agendas. O multilateralismo deve se adaptar para permanecer adequado ao prop&oacute;sito.<\/p>\n\n\n\n<h4 class=\"wp-block-heading\">Fortalecimento da resili&ecirc;ncia das institui&ccedil;&otilde;es<\/h4>\n\n\n\n<p>As institui&ccedil;&otilde;es p&uacute;blicas e administra&ccedil;&otilde;es precisam responder &agrave;s preocupa&ccedil;&otilde;es da sociedade e ser eficazes na aplica&ccedil;&atilde;o de pol&iacute;ticas. A UE e os Estados-Membros precisam de uma governa&ccedil;&atilde;o antecipat&oacute;ria e de ferramentas orientadas para o futuro com base na ci&ecirc;ncia e nos dados, como a previs&atilde;o estrat&eacute;gica, para avaliar a relev&acirc;ncia dos riscos iminentes e se equipar melhor para lidar melhor com as crises. Uma maior prepara&ccedil;&atilde;o tamb&eacute;m implica um melhor monitoramento da resili&ecirc;ncia para enfrentar os desafios e passar pelas transi&ccedil;&otilde;es de maneira sustent&aacute;vel, justa e democr&aacute;tica. <\/p>\n\n\n\n<p><\/p>\n\n\n\n<h2 class=\"wp-block-heading\">Megatend&ecirc;ncias: confira o relat&oacute;rio da Uni&atilde;o Europeia<\/h2>\n\n\n\n<p><a href=\"https:\/\/ec.europa.eu\/info\/sites\/default\/files\/strategic_foresight_report_2021_en.pdf\" target=\"_blank\" data-type=\"URL\" data-id=\"https:\/\/ec.europa.eu\/info\/sites\/default\/files\/strategic_foresight_report_2021_en.pdf\" rel=\"noreferrer noopener\">Relat&oacute;rio prospectivo 2021<\/a> <\/p>\n\n\n\n<p><\/p>\n\n\n\n<p><\/p>\n","protected":false},"excerpt":{"rendered":"<p>Clima, influ&ecirc;ncia tecnol&oacute;gica, democracia inst&aacute;vel e demografia: as mega<a href=\"https:\/\/radardofuturo.com.br\/test\/ddof\/o-que-sao-tendencias\/\" target=\"_self\" title=\"Confira o que s&atilde;o tend&ecirc;ncias, os fatos ou fen&ocirc;menos que podem acontecer em algum momento adiante na hist&oacute;ria da sociedade, como um novo comportamento individual ou de um grupo\" class=\"encyclopedia\">tend&ecirc;ncias<\/a> que a Uni&atilde;o Europeia aponta como as principais for&ccedil;as de influ&ecirc;ncia at&eacute; 2050<\/p>\n","protected":false},"author":1,"featured_media":18769,"comment_status":"open","ping_status":"open","sticky":false,"template":"","format":"standard","meta":{"tdm_status":"","tdm_grid_status":"","footnotes":"","jetpack_publicize_message":"","jetpack_publicize_feature_enabled":true,"jetpack_social_post_already_shared":true,"jetpack_social_options":{"image_generator_settings":{"template":"highway","enabled":false},"version":2}},"categories":[20,11,19],"tags":[],"class_list":{"0":"post-18766","1":"post","2":"type-post","3":"status-publish","4":"format-standard","5":"has-post-thumbnail","7":"category-destaques","8":"category-cenarios","9":"category-insights"},"jetpack_publicize_connections":[],"jetpack_featured_media_url":"https:\/\/radardofuturo.com.br\/test\/wp-content\/uploads\/2021\/09\/alemanha-chuvas-causam-destruicao-foto-fotos-publicas-e1631631904949.jpeg","post_mailing_queue_ids":[],"_links":{"self":[{"href":"https:\/\/radardofuturo.com.br\/test\/wp-json\/wp\/v2\/posts\/18766","targetHints":{"allow":["GET"]}}],"collection":[{"href":"https:\/\/radardofuturo.com.br\/test\/wp-json\/wp\/v2\/posts"}],"about":[{"href":"https:\/\/radardofuturo.com.br\/test\/wp-json\/wp\/v2\/types\/post"}],"author":[{"embeddable":true,"href":"https:\/\/radardofuturo.com.br\/test\/wp-json\/wp\/v2\/users\/1"}],"replies":[{"embeddable":true,"href":"https:\/\/radardofuturo.com.br\/test\/wp-json\/wp\/v2\/comments?post=18766"}],"version-history":[{"count":0,"href":"https:\/\/radardofuturo.com.br\/test\/wp-json\/wp\/v2\/posts\/18766\/revisions"}],"wp:featuredmedia":[{"embeddable":true,"href":"https:\/\/radardofuturo.com.br\/test\/wp-json\/wp\/v2\/media\/18769"}],"wp:attachment":[{"href":"https:\/\/radardofuturo.com.br\/test\/wp-json\/wp\/v2\/media?parent=18766"}],"wp:term":[{"taxonomy":"category","embeddable":true,"href":"https:\/\/radardofuturo.com.br\/test\/wp-json\/wp\/v2\/categories?post=18766"},{"taxonomy":"post_tag","embeddable":true,"href":"https:\/\/radardofuturo.com.br\/test\/wp-json\/wp\/v2\/tags?post=18766"}],"curies":[{"name":"wp","href":"https:\/\/api.w.org\/{rel}","templated":true}]}}