{"id":18753,"date":"2021-09-13T12:00:27","date_gmt":"2021-09-13T15:00:27","guid":{"rendered":"https:\/\/radardofuturo.com.br\/?p=18753"},"modified":"2021-09-13T12:00:35","modified_gmt":"2021-09-13T15:00:35","slug":"diversidade-nas-organizacoes-e-tema-do-share-conference-2021","status":"publish","type":"post","link":"https:\/\/radardofuturo.com.br\/test\/diversidade-nas-organizacoes-e-tema-do-share-conference-2021\/","title":{"rendered":"Diversidade nas organiza\u00e7\u00f5es \u00e9 tema do Share Conference 2021"},"content":{"rendered":"\n<p><strong>Evento entre os dias 20 e 24 de setembro reunir&aacute; especialistas em Recursos Humanos para discutir o potencial da diversidade<\/strong><\/p>\n\n\n\n<figure class=\"wp-block-image size-full\"><img loading=\"lazy\" decoding=\"async\" width=\"959\" height=\"640\" src=\"https:\/\/radardofuturo.com.br\/test\/wp-content\/uploads\/2021\/09\/Share-Conference3.jpg\" alt=\"evento discute diversidade\n\" class=\"wp-image-18754\" srcset=\"https:\/\/radardofuturo.com.br\/test\/wp-content\/uploads\/2021\/09\/Share-Conference3.jpg 959w, https:\/\/radardofuturo.com.br\/test\/wp-content\/uploads\/2021\/09\/Share-Conference3-300x200.jpg 300w, https:\/\/radardofuturo.com.br\/test\/wp-content\/uploads\/2021\/09\/Share-Conference3-768x513.jpg 768w, https:\/\/radardofuturo.com.br\/test\/wp-content\/uploads\/2021\/09\/Share-Conference3-696x464.jpg 696w\" sizes=\"auto, (max-width: 959px) 100vw, 959px\"><figcaption>Foto: divulga&ccedil;&atilde;o<\/figcaption><\/figure>\n\n\n\n<!--more-->\n\n\n\n<p>A Share Conference, um dos principais eventos para profissionais de Recursos Humanos (RH) e gestores de pessoas no Brasil, chega &agrave; sua IV edi&ccedil;&atilde;o para discutir um assunto que se tornou priorit&aacute;rio para empresas de todos os perfis e segmentos: a diversidade.<\/p>\n\n\n\n<p>A partir do tema &ldquo;Colorindo as organiza&ccedil;&otilde;es&rdquo;, o evento reunir&aacute; CEOs, CHROs e especialistas em RH, entre os dias 20 e 24 de setembro, para mostrar como &eacute; poss&iacute;vel sair da inten&ccedil;&atilde;o para a pr&aacute;tica e construir um mercado de trabalho cada vez mais diverso e inclusivo. O encontro acontecer&aacute; em formato 100% online e gratuito, das 17h &agrave;s 20h, e contar&aacute; com duas sess&otilde;es abertas por dia.<\/p>\n\n\n\n<p>No primeiro dia do evento, acontecer&aacute; o painel &ldquo;Vis&atilde;o Global sobre Diversidade e Inclus&atilde;o&rdquo;, que contar&aacute; com a presen&ccedil;a de tr&ecirc;s speakers com atua&ccedil;&atilde;o global: Carla Grant-Pickens, Vice-presidente e Diretora Global de Diversidade e Inclus&atilde;o na IBM, Misty Gaither, Diretora &amp; Head Global de Diversidade, Inclus&atilde;o e Pertencimento na Indeed, e Deborah Gouveia Abi-Saber, Diretora Global de Diversidade &amp; Inclus&atilde;o e de Suporte a Pessoas na Nubank.<\/p>\n\n\n\n<p>J&aacute; no dia 21 de setembro, o destaque ficar&aacute; por conta da sess&atilde;o voltada para l&iacute;deres de RH. Para falar sobre as principais <a href=\"https:\/\/radardofuturo.com.br\/test\/ddof\/o-que-sao-tendencias\/\" target=\"_self\" title=\"Confira o que s&atilde;o tend&ecirc;ncias, os fatos ou fen&ocirc;menos que podem acontecer em algum momento adiante na hist&oacute;ria da sociedade, como um novo comportamento individual ou de um grupo\" class=\"encyclopedia\">tend&ecirc;ncias<\/a> em lideran&ccedil;a, a Share Conference reunir&aacute; Wellington Silv&eacute;rio, Diretor de RH para Am&eacute;rica Latina na John Deere, Charles Lukower, Diretor de RH de Consumer Health Latam e Brasil na Johnson &amp; Johnson, e Olivia Gryschek, Vice-presidente e Diretora de Pessoas do Grupo SBF.<\/p>\n\n\n\n<p>Al&eacute;m dos dois pain&eacute;is globais sobre Diversidade e Lideran&ccedil;a, a Share Conference 2021 tamb&eacute;m abordar&aacute; temas como <a href=\"https:\/\/radardofuturo.com.br\/test\/ddof\/o-que-sao-tendencias\/\" target=\"_self\" title=\"Confira o que s&atilde;o tend&ecirc;ncias, os fatos ou fen&ocirc;menos que podem acontecer em algum momento adiante na hist&oacute;ria da sociedade, como um novo comportamento individual ou de um grupo\" class=\"encyclopedia\">tend&ecirc;ncias<\/a> em recrutamento de profissionais e atra&ccedil;&atilde;o de jovens talentos, alternativas para escassez de talentos tech, Employer Branding e desenvolvimento de pessoas. A programa&ccedil;&atilde;o do evento conta, ainda, com a participa&ccedil;&atilde;o de executivos de empresas como a Ab-InBev, Alelo, iFood, SiDi, Venturus, MRV, Enforce, Grupo S&atilde;o Vicente e outros.<\/p>\n\n\n\n<p>A Share Conference &eacute; um evento promovido anualmente pela Share RH, com patroc&iacute;nio das empresas Michigan Idiomas e Cl&aacute;udio Zalaf Advogados Associados. As inscri&ccedil;&otilde;es s&atilde;o gratuitas e j&aacute; podem ser feitas no site: www.shareconference.com.br<\/p>\n\n\n\n<h2 class=\"wp-block-heading\">Sobre a Share RH<\/h2>\n\n\n\n<p>Criada em 2015, a Share RH &eacute; uma consultoria especializada em solu&ccedil;&otilde;es para Recursos Humanos, que atua diretamente na sele&ccedil;&atilde;o, gest&atilde;o e desenvolvimento do ativo das empresas: as pessoas. Al&eacute;m de atuar na &aacute;rea de recrutamento e sele&ccedil;&atilde;o para middle e top management, a Share RH oferece servi&ccedil;os de consultoria em gest&atilde;o de pessoas, programas de est&aacute;gio\/trainee e forma&ccedil;&atilde;o para gaps de m&atilde;o de obra qualificada (Education Recruiting) e programas corporativos de desenvolvimento para executivos.<\/p>\n\n\n\n<p>Com escrit&oacute;rios em S&atilde;o Paulo, capital, e no interior, a Share RH est&aacute; preparada para atender clientes nacionais e multinacionais para projetos em todo o territ&oacute;rio nacional.<\/p>\n","protected":false},"excerpt":{"rendered":"<p>Evento entre os dias 20 e 24 de setembro reunir&aacute; especialistas em Recursos Humanos para discutir o potencial da diversidade<\/p>\n","protected":false},"author":15,"featured_media":18754,"comment_status":"open","ping_status":"open","sticky":false,"template":"","format":"standard","meta":{"tdm_status":"","tdm_grid_status":"","footnotes":"","jetpack_publicize_message":"","jetpack_publicize_feature_enabled":true,"jetpack_social_post_already_shared":true,"jetpack_social_options":{"image_generator_settings":{"template":"highway","enabled":false},"version":2}},"categories":[18,31],"tags":[],"class_list":{"0":"post-18753","1":"post","2":"type-post","3":"status-publish","4":"format-standard","5":"has-post-thumbnail","7":"category-eventos","8":"category-tendencias-profissoes"},"jetpack_publicize_connections":[],"jetpack_featured_media_url":"https:\/\/radardofuturo.com.br\/test\/wp-content\/uploads\/2021\/09\/Share-Conference3.jpg","post_mailing_queue_ids":[],"_links":{"self":[{"href":"https:\/\/radardofuturo.com.br\/test\/wp-json\/wp\/v2\/posts\/18753","targetHints":{"allow":["GET"]}}],"collection":[{"href":"https:\/\/radardofuturo.com.br\/test\/wp-json\/wp\/v2\/posts"}],"about":[{"href":"https:\/\/radardofuturo.com.br\/test\/wp-json\/wp\/v2\/types\/post"}],"author":[{"embeddable":true,"href":"https:\/\/radardofuturo.com.br\/test\/wp-json\/wp\/v2\/users\/15"}],"replies":[{"embeddable":true,"href":"https:\/\/radardofuturo.com.br\/test\/wp-json\/wp\/v2\/comments?post=18753"}],"version-history":[{"count":0,"href":"https:\/\/radardofuturo.com.br\/test\/wp-json\/wp\/v2\/posts\/18753\/revisions"}],"wp:featuredmedia":[{"embeddable":true,"href":"https:\/\/radardofuturo.com.br\/test\/wp-json\/wp\/v2\/media\/18754"}],"wp:attachment":[{"href":"https:\/\/radardofuturo.com.br\/test\/wp-json\/wp\/v2\/media?parent=18753"}],"wp:term":[{"taxonomy":"category","embeddable":true,"href":"https:\/\/radardofuturo.com.br\/test\/wp-json\/wp\/v2\/categories?post=18753"},{"taxonomy":"post_tag","embeddable":true,"href":"https:\/\/radardofuturo.com.br\/test\/wp-json\/wp\/v2\/tags?post=18753"}],"curies":[{"name":"wp","href":"https:\/\/api.w.org\/{rel}","templated":true}]}}