{"id":1844,"date":"2018-08-10T10:27:13","date_gmt":"2018-08-10T13:27:13","guid":{"rendered":"https:\/\/radardofuturo.com.br\/?p=1844"},"modified":"2019-02-06T11:00:09","modified_gmt":"2019-02-06T14:00:09","slug":"em-2020-frutas-e-hortalicas-terao-identificacao-de-origem","status":"publish","type":"post","link":"https:\/\/radardofuturo.com.br\/test\/em-2020-frutas-e-hortalicas-terao-identificacao-de-origem\/","title":{"rendered":"Em 2020, frutas e hortali\u00e7as ter\u00e3o identifica\u00e7\u00e3o de origem"},"content":{"rendered":"\r\n<figure class=\"wp-block-image\"><img loading=\"lazy\" decoding=\"async\" width=\"960\" height=\"640\" class=\"wp-image-1845\" src=\"https:\/\/radardofuturo.com.br\/test\/wp-content\/uploads\/2018\/08\/producao-de-frutas-foto-agencia-brasil.jpg\" alt=\"Iniciativa aprovada por exportadores &eacute; recebida com preocupa&ccedil;&atilde;o pela agricultura familiar - Foto: Ag&ecirc;ncia Brasil\" srcset=\"https:\/\/radardofuturo.com.br\/test\/wp-content\/uploads\/2018\/08\/producao-de-frutas-foto-agencia-brasil.jpg 960w, https:\/\/radardofuturo.com.br\/test\/wp-content\/uploads\/2018\/08\/producao-de-frutas-foto-agencia-brasil-300x200.jpg 300w, https:\/\/radardofuturo.com.br\/test\/wp-content\/uploads\/2018\/08\/producao-de-frutas-foto-agencia-brasil-768x512.jpg 768w, https:\/\/radardofuturo.com.br\/test\/wp-content\/uploads\/2018\/08\/producao-de-frutas-foto-agencia-brasil-480x320.jpg 480w\" sizes=\"auto, (max-width: 960px) 100vw, 960px\"><figcaption>Iniciativa aprovada por exportadores &eacute; recebida com preocupa&ccedil;&atilde;o pela agricultura familiar<\/figcaption><\/figure>\r\n\r\n\r\n\r\n\r\n<!--more-->Alex Rodrigues\r\nAg&ecirc;ncia Brasil&nbsp;&nbsp;Bras&iacute;lia\r\n\r\n\r\n\r\n\r\n\r\nAt&eacute; fevereiro de 2020, todos os vegetais frescos destinados ao consumo humano dever&atilde;o estar aptos a serem rastreados ao longo de toda a cadeia produtiva &ndash; ou seja, da produ&ccedil;&atilde;o &agrave; venda ao consumidor final, passando pela distribui&ccedil;&atilde;o e estocagem. Ser&aacute; o resultado de novas regras de rastreabilidade de frutas, hortali&ccedil;as e ervas arom&aacute;ticas, que come&ccedil;aram a ser implementadas em todo o Pa&iacute;s.\r\n\r\n\r\n\r\n\r\n\r\nO principal objetivo da&nbsp;instru&ccedil;&atilde;o normativa publicada&nbsp;pelo Minist&eacute;rio da Agricultura, Pecu&aacute;ria e Abastecimento (Mapa) e pela Ag&ecirc;ncia Nacional de Vigil&acirc;ncia Sanit&aacute;ria (Anvisa) em fevereiro deste ano &eacute; permitir o monitoramento e o controle de res&iacute;duos de agrot&oacute;xicos nos vegetais. De acordo com o minist&eacute;rio, as irregularidades com agrot&oacute;xicos e contaminantes em produtos vegetais mais comumente identificadas s&atilde;o a presen&ccedil;a de res&iacute;duos al&eacute;m do limite permitido; o uso de produtos proibidos no pa&iacute;s e a utiliza&ccedil;&atilde;o de defensivos permitidos para uma determinada cultura em outra.\r\n\r\n\r\n\r\n\r\n\r\nAs novas normas obrigam que todos os entes envolvidos na cadeia de produ&ccedil;&atilde;o e venda de frutas e hortali&ccedil;as disponham das informa&ccedil;&otilde;es necess&aacute;rias para a identifica&ccedil;&atilde;o dos produtores ou respons&aacute;veis pelos produtos. &ldquo;Isso permitir&aacute; que os &oacute;rg&atilde;os de fiscaliza&ccedil;&atilde;o identifiquem problemas relacionados ao uso de defensivos agr&iacute;colas, &agrave;&nbsp;contamina&ccedil;&atilde;o dos vegetais por agrot&oacute;xicos&rdquo;, disse &agrave; Ag&ecirc;ncia Brasil a coordenadora de Qualidade de Produtos Vegetais do Mapa, F&aacute;tima Parizzi.\r\n\r\n\r\n\r\n\r\n\r\nSegundo F&aacute;tima, o registro das informa&ccedil;&otilde;es facilitar&aacute;&nbsp;ao poder p&uacute;blico identificar a origem e todo o percurso percorrido, do campo &agrave; g&ocirc;ndola, por um produto vegetal que contrarie &agrave;s regras sanit&aacute;rias. &ldquo;Nossa preocupa&ccedil;&atilde;o &eacute; que as informa&ccedil;&otilde;es necess&aacute;rias para identificarmos a origem destes produtos sejam preservadas. Assim, constatado qualquer problema, poderemos corrigir a causa da n&atilde;o-conformidade a partir do ponto onde ela ocorreu&rdquo;, acrescentou a coordenadora.\r\n\r\n\r\n\r\n\r\n\r\nA instru&ccedil;&atilde;o normativa, no entanto, n&atilde;o obriga os estabelecimentos comercias a disponibilizarem aos consumidores finais os dados sobre a proced&ecirc;ncia e trajet&oacute;ria dos vegetais. &ldquo;Embora alguns produtos j&aacute; disponham de etiquetas individuais, &eacute; muito dif&iacute;cil garantir o acesso de todas as pessoas a este tipo de informa&ccedil;&atilde;o quando se trata, por exemplo, de produtos vendidos a granel. N&atilde;o s&oacute; a instru&ccedil;&atilde;o normativa, mas a legisla&ccedil;&atilde;o n&atilde;o obriga a isso&rdquo;, comentou F&aacute;tima.\r\n\r\n\r\n\r\n\r\n\r\nO texto da instru&ccedil;&atilde;o prev&ecirc; apenas que &ldquo;o detentor do produto comercializado a granel, no varejo, deve apresentar &agrave; autoridade competente informa&ccedil;&atilde;o relativa ao nome do produtor ou da unidade de consolida&ccedil;&atilde;o e o nome do pa&iacute;s de origem&rdquo; do vegetal produzido para consumo humano.\r\n\r\n\r\n\r\n\r\n\r\nF&aacute;tima acredita que, al&eacute;m facilitar a fiscaliza&ccedil;&atilde;o pelos &oacute;rg&atilde;os de vigil&acirc;ncia, a medida&nbsp;ter&aacute; outros impactos positivos. &ldquo;Acreditamos que vai haver um disciplinamento da venda destes produtos, o que vai beneficiar aos consumidores e aqueles que trabalham corretamente ao longo de toda a cadeia. Muitos produtores s&eacute;rios t&ecirc;m essa preocupa&ccedil;&atilde;o, pois veem que seus produtos, quando misturados a outros de qualidade inferior, acabam perdendo a identidade&rdquo;, argumentou F&aacute;tima.\r\n\r\n\r\n\r\n\r\n\r\nO primeiro grupo de alimentos cujos respons&aacute;veis est&atilde;o obrigados, a partir de&nbsp;hoje, a disponibilizar informa&ccedil;&otilde;es que permitam a rastreabilidade incluem a ma&ccedil;&atilde;, uva, batata, alface, repolha, tomate e pepino. Um segundo grupo de produtos come&ccedil;a a ser fiscalizado em fevereiro de 2019, quando a publica&ccedil;&atilde;o da instru&ccedil;&atilde;o normativa completa um ano. As regras passam a valer para o terceiro e &uacute;ltimo grupo em fevereiro de 2020, conforme previsto no anexo da norma.\r\n\r\n\r\n\r\n\r\n\r\nOs registros devem conter, no m&iacute;nimo,&nbsp;o endere&ccedil;o completo, nome, variedade ou cultivar, quantidade, lote, data de produ&ccedil;&atilde;o, fornecedor e identifica&ccedil;&atilde;o (CPF, CNPJ ou&nbsp;inscri&ccedil;&atilde;o&nbsp;estadual). Cada ente deve manter&nbsp;os&nbsp;registros das informa&ccedil;&otilde;es obrigat&oacute;rias que permitam a identifica&ccedil;&atilde;o&nbsp;do ente imediatamente anterior e posterior da cadeia produtiva e dos produtos vegetais frescos recebidos e expedidos. Os produtos, ou seus envolt&oacute;rios, suas caixas, sacarias e demais embalagens devem estar devidamente identificados&nbsp;por meio de etiquetas impressas, c&oacute;digo de barras, QR Code ou qualquer outro sistema&nbsp;de&nbsp;identifica&ccedil;&atilde;o.\r\n\r\n\r\n\r\n\r\n<h2 class=\"wp-block-heading\">Fiscaliza&ccedil;&atilde;o<\/h2>\r\n\r\n\r\n\r\n\r\nO descumprimento&nbsp;da Instru&ccedil;&atilde;o Normativa&nbsp;&eacute; pass&iacute;vel de puni&ccedil;&otilde;es, mas, em um primeiro momento,&nbsp;o Minist&eacute;rio da Agricultura decidiu priorizar a orienta&ccedil;&atilde;o e a corre&ccedil;&atilde;o de eventuais distor&ccedil;&otilde;es que&nbsp;forem&nbsp;identificadas. &ldquo;At&eacute;&nbsp;o pr&oacute;ximo&nbsp;31 de dezembro, os fiscais v&atilde;o fazer um trabalho de fiscaliza&ccedil;&atilde;o orientativa. Vamos buscar identificar eventuais gargalos, o que est&aacute; funcionando adequadamente e o que possa n&atilde;o estar de acordo com a pr&aacute;tica&rdquo;, anunciou a coordenadora, admitindo que o assunto tem motivado d&uacute;vidas e preocupa&ccedil;&atilde;o.\r\n\r\n\r\n\r\n\r\n\r\n&ldquo;Temos recebido in&uacute;meros questionamentos e feito diversas reuni&otilde;es com representantes do setor, a quem estamos prestando todos os esclarecimentos poss&iacute;veis. Se, na pr&aacute;tica, for identificada alguma distor&ccedil;&atilde;o com rela&ccedil;&atilde;o ao impacto econ&ocirc;mico, trabalharemos nisso&rdquo;, disse F&aacute;tima, acrescentando que a norma n&atilde;o visa a criar dificuldades, mas sim a uniformizar, nacionalmente, uma pr&aacute;tica j&aacute; implementada com bons resultados em algumas unidades da federa&ccedil;&atilde;o.\r\n\r\n\r\n\r\n\r\n<h2 class=\"wp-block-heading\">Reivindica&ccedil;&atilde;o do setor<\/h2>\r\n\r\n\r\n\r\n\r\nPresidente da Associa&ccedil;&atilde;o Brasileira de Produtores de Ma&ccedil;&atilde;, Pierre Nicolas Peres afirma que as medidas atendem a uma antiga reivindica&ccedil;&atilde;o do setor produtivo. &ldquo;Tudo que serve a melhor organiza&ccedil;&atilde;o do setor &eacute; bom. Todos ganham com a rastreabilidade, exce&ccedil;&atilde;o ao produtor ou comerciante que n&atilde;o trabalha com seriedade&rdquo;, comentou Peres, minimizando os custos de implementa&ccedil;&atilde;o do sistema medida.\r\n\r\n\r\n\r\n\r\n\r\n&ldquo;N&atilde;o haver&aacute; grande impacto econ&ocirc;mico. Os produtores familiares talvez sintam algum reflexo, mas, no fim das contas, ser&aacute; um investimento pequeno diante dos benef&iacute;cios. Os grandes produtores j&aacute; est&atilde;o preparados. At&eacute; porque, voc&ecirc; n&atilde;o exporta para a Europa caso n&atilde;o ateste a rastreabilidade da produ&ccedil;&atilde;o&rdquo;.\r\n\r\n\r\n\r\n\r\n<h2 class=\"wp-block-heading\">Preocupa&ccedil;&atilde;o<\/h2>\r\n\r\n\r\n\r\n\r\nO coordenador da Confedera&ccedil;&atilde;o Nacional dos Trabalhadores e Trabalhadoras na Agricultura Familiar (Contraf), Alexandre Bergamin, informou &agrave; Ag&ecirc;ncia Brasil que, entre os pequenos produtores, a medida causa preocupa&ccedil;&atilde;o. &ldquo;O sistema de rastreabilidade &eacute; muito importante tamb&eacute;m para atestar a qualidade da produ&ccedil;&atilde;o familiar, mas receamos os efeitos pr&aacute;ticos da implementa&ccedil;&atilde;o do sistema. N&atilde;o s&oacute; pelos custos, mas pelo que ele pode gerar de burocracia.&nbsp;Hoje, j&aacute; h&aacute;, em algumas atividades, como a cria&ccedil;&atilde;o de su&iacute;nos, impeditivos legais que amea&ccedil;am ou at&eacute; mesmo inviabilizam a produ&ccedil;&atilde;o familiar&rdquo;.\r\n\r\n\r\n\r\n\r\n\r\nBergamin disse que representantes da entidade chegaram a manifestar ao Mapa as preocupa&ccedil;&otilde;es e d&uacute;vidas do segmento, durante o processo de discuss&atilde;o da norma, &ldquo;mas sem aprofundar o debate&rdquo;. Segundo ele, &eacute; positivo o minist&eacute;rio&nbsp;ter&nbsp;decidido criar um prazo para &ldquo;ajustes&rdquo;, at&eacute; dezembro. &ldquo;Vamos observar o que acontece, a forma como vai se dar a fiscaliza&ccedil;&atilde;o e seus impactos.&rdquo;\r\n\r\n","protected":false},"excerpt":{"rendered":"","protected":false},"author":1,"featured_media":1845,"comment_status":"closed","ping_status":"closed","sticky":false,"template":"","format":"standard","meta":{"tdm_status":"","tdm_grid_status":"","footnotes":"","jetpack_publicize_message":"","jetpack_publicize_feature_enabled":true,"jetpack_social_post_already_shared":true,"jetpack_social_options":{"image_generator_settings":{"template":"highway","enabled":false},"version":2}},"categories":[19,16],"tags":[717,715,716],"class_list":{"0":"post-1844","1":"post","2":"type-post","3":"status-publish","4":"format-standard","5":"has-post-thumbnail","7":"category-insights","8":"category-tendencias-setores","9":"tag-identificacao-de-origem","10":"tag-origem-de-frutas","11":"tag-origem-de-hortalicas"},"jetpack_publicize_connections":[],"jetpack_featured_media_url":"https:\/\/radardofuturo.com.br\/test\/wp-content\/uploads\/2018\/08\/producao-de-frutas-foto-agencia-brasil.jpg","post_mailing_queue_ids":[],"_links":{"self":[{"href":"https:\/\/radardofuturo.com.br\/test\/wp-json\/wp\/v2\/posts\/1844","targetHints":{"allow":["GET"]}}],"collection":[{"href":"https:\/\/radardofuturo.com.br\/test\/wp-json\/wp\/v2\/posts"}],"about":[{"href":"https:\/\/radardofuturo.com.br\/test\/wp-json\/wp\/v2\/types\/post"}],"author":[{"embeddable":true,"href":"https:\/\/radardofuturo.com.br\/test\/wp-json\/wp\/v2\/users\/1"}],"replies":[{"embeddable":true,"href":"https:\/\/radardofuturo.com.br\/test\/wp-json\/wp\/v2\/comments?post=1844"}],"version-history":[{"count":0,"href":"https:\/\/radardofuturo.com.br\/test\/wp-json\/wp\/v2\/posts\/1844\/revisions"}],"wp:featuredmedia":[{"embeddable":true,"href":"https:\/\/radardofuturo.com.br\/test\/wp-json\/wp\/v2\/media\/1845"}],"wp:attachment":[{"href":"https:\/\/radardofuturo.com.br\/test\/wp-json\/wp\/v2\/media?parent=1844"}],"wp:term":[{"taxonomy":"category","embeddable":true,"href":"https:\/\/radardofuturo.com.br\/test\/wp-json\/wp\/v2\/categories?post=1844"},{"taxonomy":"post_tag","embeddable":true,"href":"https:\/\/radardofuturo.com.br\/test\/wp-json\/wp\/v2\/tags?post=1844"}],"curies":[{"name":"wp","href":"https:\/\/api.w.org\/{rel}","templated":true}]}}