{"id":184,"date":"2016-02-28T16:58:05","date_gmt":"2016-02-28T19:58:05","guid":{"rendered":"https:\/\/litebold.co\/~radardofuturo\/avanco-tecnologico-para-deficientes-de-visao\/"},"modified":"2016-02-28T16:58:05","modified_gmt":"2016-02-28T19:58:05","slug":"avanco-tecnologico-para-deficientes-de-visao","status":"publish","type":"post","link":"https:\/\/radardofuturo.com.br\/test\/avanco-tecnologico-para-deficientes-de-visao\/","title":{"rendered":"Avan\u00e7o tecnol\u00f3gico para deficientes de vis\u00e3o"},"content":{"rendered":"<p>USP desenvolve equipamento que faz cegos perceberem obst&aacute;culos por meio dos sons<\/p>\n<p>  <!--more-->  <\/p>\n<p>Bruno Bocchini<br>Rep&oacute;rter da Ag&ecirc;ncia Brasil<\/p>\n<p>O Instituto de Ci&ecirc;ncias Matem&aacute;ticas e de Computa&ccedil;&atilde;o (ICMC) da Universidade de S&atilde;o Paulo (USP), em S&atilde;o Carlos, est&aacute; desenvolvendo um equipamento que possibilitar&aacute; a pessoas com defici&ecirc;ncia visual enxergar obst&aacute;culos por meio do som. O aparelho detecta os objetos ao redor da pessoa e produz sons, ouvidos via um fone de ouvido, que d&atilde;o ao usu&aacute;rio a sensa&ccedil;&atilde;o de estarem saindo dos objetos.<\/p>\n<p>&ldquo;A pessoa consegue sentir a posi&ccedil;&atilde;o de onde vem o som. O som n&atilde;o est&aacute; sendo emitido pelo obst&aacute;culo, &eacute; o equipamento que detecta a posi&ccedil;&atilde;o do obst&aacute;culo e produz artificialmente um som que parece estar vindo dali&rdquo;, explicou o coordenador do projeto, professor do ICMC Francisco Jos&eacute; M&ocirc;naco.<\/p>\n<p>O sistema, batizado de SoundSee, funciona em um dispositivo port&aacute;til, menor do que um aparelho de celular, que pode ser carregado no bolso. Segundo o professor, o equipamento usa um mecanismo de ecolocaliza&ccedil;&atilde;o, o mesmo do qual se utilizam alguns animais, como os morcegos, que emitem sons e escutam o eco produzido pelos obst&aacute;culos para se guiarem. Com o aux&iacute;lio de um&nbsp;software, que calcula a posi&ccedil;&atilde;o dos obst&aacute;culos, o aparelho gera sons tridimensionais que auxiliam o usu&aacute;rio a detectar a presen&ccedil;a dos obst&aacute;culos.<\/p>\n<p>&ldquo;O usu&aacute;rio, o deficiente visual, no caso, tem a sensa&ccedil;&atilde;o, por meio dos sons, como se visse um obst&aacute;culo &agrave; direita dele, uma porta &agrave; frente. Com o passar do tempo, com um pouco de treino, o usu&aacute;rio come&ccedil;a a enxergar ou sentir o ambiente, sem que o aparelho precise buzinar, ou falar obst&aacute;culo &agrave; direita, &agrave; esquerda. S&atilde;o as sensa&ccedil;&otilde;es espaciais do som&rdquo;, disse.<\/p>\n<p>De acordo com o coordenador, para aprimorar o sistema, est&atilde;o sendo realizados estudos sobre o funcionamento da orienta&ccedil;&atilde;o espacial psicoac&uacute;stica, que &eacute; a capacidade do ser humano perceber a dire&ccedil;&atilde;o de onde determinado som provem. &ldquo;Por exemplo, &eacute; interessante saber como criar sons que permitam ao usu&aacute;rio sentir a geometria do ambiente e verificar como &eacute; poss&iacute;vel propiciar uma substitui&ccedil;&atilde;o sensorial que, de certo modo, permita ao deficiente visual enxergar por meio do som&rdquo;.<\/p>\n<p>O sistema come&ccedil;ou a ser constru&iacute;do em 2014, e est&aacute; hoje na sua terceira vers&atilde;o de&nbsp;hardware. Os testes do aparelho com deficientes visuais come&ccedil;ar&atilde;o a ser realizados ainda no primeiro semestre. At&eacute; o final do ano, os pesquisadores esperam j&aacute; ter um produto praticamente pronto para ser fabricado em larga escala. &ldquo;A equipe do projeto est&aacute; se preparando para realizar experimentos com deficientes visuais, o que envolve r&iacute;gidos protocolos de experimenta&ccedil;&atilde;o, pr&eacute;-requisitos &eacute;ticos e cuidados especiais&rdquo;.<\/p>\n<p>A pesquisa do projeto, que ter&aacute; os resultados divulgados gratuitamente, teve a participa&ccedil;&atilde;o das professoras Vanessa Nunes de Souza e Tarsila Curtu Miranda, do Centro Universit&aacute;rio Central Paulista (UNICEP), e dos alunos-pesquisadores Ren&ecirc; de Souza Pinto, Rafael Miranda Lopes e Lucas Crocomo, al&eacute;m de outros colaboradores.<\/p>\n<p>Os estudos s&atilde;o realizados no Laborat&oacute;rio de Sistemas Distribu&iacute;dos e Programa&ccedil;&atilde;o Concorrente (LaSDPC), do Departamento de Sistemas de Computa&ccedil;&atilde;o (SSC) do ICMC, com apoio do N&uacute;cleo de Apoio a Pesquisa em Software Livre (NAPSoL) da USP.<\/p>\n<p>Edi&ccedil;&atilde;o:&nbsp;Fernando Fraga<\/p>\n<p>&nbsp;<\/p>\n","protected":false},"excerpt":{"rendered":"<p>USP desenvolve equipamento que faz cegos perceberem obst&aacute;culos por meio dos sons<\/p>\n","protected":false},"author":1,"featured_media":0,"comment_status":"open","ping_status":"open","sticky":false,"template":"","format":"standard","meta":{"tdm_status":"","tdm_grid_status":"","footnotes":"","jetpack_publicize_message":"","jetpack_publicize_feature_enabled":true,"jetpack_social_post_already_shared":false,"jetpack_social_options":{"image_generator_settings":{"template":"highway","enabled":false},"version":2}},"categories":[19],"tags":[],"class_list":{"0":"post-184","1":"post","2":"type-post","3":"status-publish","4":"format-standard","6":"category-insights"},"jetpack_publicize_connections":[],"jetpack_featured_media_url":"","post_mailing_queue_ids":[],"_links":{"self":[{"href":"https:\/\/radardofuturo.com.br\/test\/wp-json\/wp\/v2\/posts\/184","targetHints":{"allow":["GET"]}}],"collection":[{"href":"https:\/\/radardofuturo.com.br\/test\/wp-json\/wp\/v2\/posts"}],"about":[{"href":"https:\/\/radardofuturo.com.br\/test\/wp-json\/wp\/v2\/types\/post"}],"author":[{"embeddable":true,"href":"https:\/\/radardofuturo.com.br\/test\/wp-json\/wp\/v2\/users\/1"}],"replies":[{"embeddable":true,"href":"https:\/\/radardofuturo.com.br\/test\/wp-json\/wp\/v2\/comments?post=184"}],"version-history":[{"count":0,"href":"https:\/\/radardofuturo.com.br\/test\/wp-json\/wp\/v2\/posts\/184\/revisions"}],"wp:attachment":[{"href":"https:\/\/radardofuturo.com.br\/test\/wp-json\/wp\/v2\/media?parent=184"}],"wp:term":[{"taxonomy":"category","embeddable":true,"href":"https:\/\/radardofuturo.com.br\/test\/wp-json\/wp\/v2\/categories?post=184"},{"taxonomy":"post_tag","embeddable":true,"href":"https:\/\/radardofuturo.com.br\/test\/wp-json\/wp\/v2\/tags?post=184"}],"curies":[{"name":"wp","href":"https:\/\/api.w.org\/{rel}","templated":true}]}}