{"id":18362,"date":"2021-08-23T15:32:54","date_gmt":"2021-08-23T18:32:54","guid":{"rendered":"https:\/\/radardofuturo.com.br\/?p=18362"},"modified":"2021-08-23T15:33:02","modified_gmt":"2021-08-23T18:33:02","slug":"livro-mostra-resultados-da-inovacao-na-ufmg-e-oferece-reflexoes-para-o-futuro","status":"publish","type":"post","link":"https:\/\/radardofuturo.com.br\/test\/livro-mostra-resultados-da-inovacao-na-ufmg-e-oferece-reflexoes-para-o-futuro\/","title":{"rendered":"Livro mostra resultados da inova\u00e7\u00e3o na UFMG e oferece reflex\u00f5es para o futuro"},"content":{"rendered":"\n<p>Produ&ccedil;&otilde;es do mestrado profissional interdisciplinar comp&otilde;em a obra sobre resultados da inova&ccedil;&atilde;o, organizada por professores das Ci&ecirc;ncias Econ&ocirc;micas<\/p>\n\n\n\n<!--more-->\n\n\n\n<p class=\"has-drop-cap\">H&aacute; 12 anos, foi criado na UFMG o Mestrado Profissional em Inova&ccedil;&atilde;o Tecnol&oacute;gica e Propriedade Intelectual, que congrega diversas unidades acad&ecirc;micas. O curso gerou muitos trabalhos e estudos, boa parte deles com foco nas experi&ecirc;ncias da Universidade na &aacute;rea da inova&ccedil;&atilde;o, e essa produ&ccedil;&atilde;o se junta a outras an&aacute;lises no volume Inova&ccedil;&atilde;o, ci&ecirc;ncia, tecnologia e gest&atilde;o &ndash; a UFMG em perspectiva. Dispon&iacute;vel em e-book com acesso gratuito<\/p>\n\n\n\n<p>A obra organiza e sistematiza o conhecimento sobre o tema, na forma de reflex&otilde;es, ensaios e relatos de resultados da inova&ccedil;&atilde;o, reconhecendo diferentes percursos conceituais e aplicados. O objetivo &eacute; criar uma refer&ecirc;ncia para debate e consultas e contribuir para o fortalecimento da institui&ccedil;&atilde;o e a consolida&ccedil;&atilde;o da pr&aacute;tica acad&ecirc;mica interdisciplinar de apoio &agrave;s a&ccedil;&otilde;es e &agrave;s pol&iacute;ticas na &aacute;rea da inova&ccedil;&atilde;o.<\/p>\n\n\n\n<div class=\"wp-block-image is-style-default\"><figure class=\"alignleft size-full is-resized\"><img loading=\"lazy\" decoding=\"async\" src=\"https:\/\/radardofuturo.com.br\/test\/wp-content\/uploads\/2021\/08\/Capa_-_Inovao_Cincia_Tecnologia_e_Gesto.jpg\" alt=\"capa de livro inova&ccedil;&atilde;o e tecnologia\" class=\"wp-image-18363\" width=\"289\" height=\"387\" srcset=\"https:\/\/radardofuturo.com.br\/test\/wp-content\/uploads\/2021\/08\/Capa_-_Inovao_Cincia_Tecnologia_e_Gesto.jpg 582w, https:\/\/radardofuturo.com.br\/test\/wp-content\/uploads\/2021\/08\/Capa_-_Inovao_Cincia_Tecnologia_e_Gesto-224x300.jpg 224w\" sizes=\"auto, (max-width: 289px) 100vw, 289px\"><\/figure><\/div>\n\n\n\n<p>&ldquo;A Universidade se movimenta e est&aacute; no caminho certo, &agrave; frente da maioria das outras. Mas temos um longo caminho adiante para a forma&ccedil;&atilde;o de uma cultura e de um ecossistema de inova&ccedil;&atilde;o&rdquo;, afirma o professor Allan Claudius Queiroz Barbosa, que organizou o volume com a colega M&aacute;rcia Siqueira Rapini. Ambos s&atilde;o vinculados &agrave; Faculdade de Ci&ecirc;ncias Econ&ocirc;micas (Face). A obra faz parte da Cole&ccedil;&atilde;o Popula&ccedil;&atilde;o &amp; Economia do Cedeplar &ndash; Centro de Desenvolvimento e Planejamento Regional (Cedeplar) da UFMG, e sua edi&ccedil;&atilde;o teve apoio da Coordenadoria de Transfer&ecirc;ncia e Inova&ccedil;&atilde;o Tecnol&oacute;gica (CTIT) da UFMG e do Banco de Desenvolvimento de Minas Gerais (BDMG).<\/p>\n\n\n\n<p>De acordo com Barbosa, a cultura institucional de inova&ccedil;&atilde;o se faz com &ldquo;a troca consistente entre os diversos atores, mas depende tamb&eacute;m de fatores ex&oacute;genos, como recursos financeiros e apoio instrumental&rdquo;. &ldquo;O livro mostra que j&aacute; se fez muito e representa um esfor&ccedil;o para mostrar experi&ecirc;ncias em inova&ccedil;&atilde;o na UFMG&rdquo;, diz o professor.<\/p>\n\n\n\n<h2 class=\"wp-block-heading\">Inova&ccedil;&atilde;o na pr&aacute;tica<\/h2>\n\n\n\n<p>Os cap&iacute;tulos s&atilde;o agrupados em quatro partes, interdependentes. A primeira delas oferece um panorama da inova&ccedil;&atilde;o da UFMG, apresenta o programa de p&oacute;s-gradua&ccedil;&atilde;o e a atua&ccedil;&atilde;o da CTIT. A segunda parte &eacute; dedicada ao Marco Legal da Inova&ccedil;&atilde;o &ndash; criado em 2004 e revisado em 2016 &ndash; e &agrave;s normas internas da Universidade. Na terceira, s&atilde;o tratados os quatro grandes eixos &ndash; inova&ccedil;&atilde;o, ci&ecirc;ncia, tecnologia e gest&atilde;o &ndash;, e a quarta parte do volume trata de desafios e perspectivas.<\/p>\n\n\n\n<p>Marcia Rapini destaca que os cap&iacute;tulos n&atilde;o mostram apenas casos de sucesso &ndash; focalizam tamb&eacute;m no que ainda precisa ser feito. O livro, segundo ela, enfatiza tudo que est&aacute; relacionado &agrave; gest&atilde;o da inova&ccedil;&atilde;o. &ldquo;&Eacute; preciso, para obter resultados consistentes, investir na viabiliza&ccedil;&atilde;o da inova&ccedil;&atilde;o, pensando em compet&ecirc;ncias, desenvolvimento de processos e produtos, gest&atilde;o de laborat&oacute;rios, transfer&ecirc;ncia de tecnologia, empresas spin-offs e na dimens&atilde;o do pesquisador. O livro trata de tudo isso, ou seja, de como a inova&ccedil;&atilde;o vai se dando na pr&aacute;tica&rdquo;, comenta a professora do Departamento de Ci&ecirc;ncias Econ&ocirc;micas da Face.<\/p>\n\n\n\n<p>O diretor da CTIT, professor Gilberto Medeiros Ribeiro, exalta a iniciativa de edi&ccedil;&atilde;o do livro, que, segundo ele, retrata a maior parte das atividades de inova&ccedil;&atilde;o da UFMG. &ldquo;Trata-se de relatos e an&aacute;lises capazes de contribuir muito com gest&atilde;o da inova&ccedil;&atilde;o na UFMG, por meio de questionamentos que mostram a vis&atilde;o de diferentes segmentos da comunidade e servir&atilde;o, com certeza, ao aprimoramento da avalia&ccedil;&atilde;o e das decis&otilde;es nessa &aacute;rea&rdquo;, afirma.<\/p>\n\n\n\n<p>Os organizadores salientam que a edi&ccedil;&atilde;o de Inova&ccedil;&atilde;o, ci&ecirc;ncia, tecnologia e gest&atilde;o &ndash; a UFMG em perspectiva tem o objetivo de oferecer &agrave; UFMG reflex&otilde;es sobre gargalos a serem superados e subs&iacute;dios para a defini&ccedil;&atilde;o de caminhos. Os trabalhos mais recentes refletem a mudan&ccedil;a de demanda para o mestrado profissional: se antes o curso era mais procurado por advogados e colaboradores dos N&uacute;cleos de Inova&ccedil;&atilde;o Tecnol&oacute;gica (NITs) de v&aacute;rias institui&ccedil;&otilde;es do estado, nos &uacute;ltimos anos passou a ser procurado tamb&eacute;m por profissionais de empresas, governos e organiza&ccedil;&otilde;es do terceiro setor.<\/p>\n\n\n\n<h2 class=\"wp-block-heading\">Transbordamento do conhecimento<\/h2>\n\n\n\n<p>Nas reflex&otilde;es finais do volume, Allan Claudius e M&aacute;rcia Rapini real&ccedil;am que &eacute; fundamental fomentar o empreendedorismo na Universidade e os diferentes est&aacute;gios do processo de inova&ccedil;&atilde;o p&oacute;s-pesquisa b&aacute;sica e aplicada, para que se reduzam o risco e a incerteza. Eles tamb&eacute;m recomendam medidas como o compartilhamento de espa&ccedil;os f&iacute;sicos, como os laborat&oacute;rios, para dissemina&ccedil;&atilde;o e troca de experi&ecirc;ncias.<\/p>\n\n\n\n<p>&ldquo;Atividades de prote&ccedil;&atilde;o intelectual e transfer&ecirc;ncia de tecnologia n&atilde;o s&atilde;o suficientes para fomentar inova&ccedil;&otilde;es oriundas da Universidade. A expans&atilde;o e a consolida&ccedil;&atilde;o de parques tecnol&oacute;gicos existentes, atuando no formato cl&aacute;ssico ou se desdobrando em novas atribui&ccedil;&otilde;es, s&atilde;o fundamentais para ampliar o transbordamento do conhecimento e da tecnologia da UFMG no seu entorno&rdquo;, escrevem os organizadores.<\/p>\n\n\n\n<p>Ainda segundo o texto que fecha o livro, &ldquo;&eacute; imprescind&iacute;vel que se construa um ecossistema real de inova&ccedil;&atilde;o, com suporte financeiro e t&eacute;cnico para as distintas fases do processo, capaz de disseminar a cultura inovativa e solid&aacute;ria, um dos pilares da economia baseada no conhecimento&rdquo;.<\/p>\n\n\n\n<h2 class=\"wp-block-heading\">Resumo<\/h2>\n\n\n\n<p><strong>Livro<\/strong>: Inova&ccedil;&atilde;o, ci&ecirc;ncia, tecnologia e gest&atilde;o &ndash; a UFMG em perspectiva<\/p>\n\n\n\n<p><strong>Organizadores<\/strong>: M&aacute;rcia Siqueira Rapini e Allan Claudius Queiroz Barbosa<\/p>\n\n\n\n<p><strong>Edi&ccedil;&atilde;o<\/strong>: Cedeplar-UFMG<\/p>\n\n\n\n<p>606 p&aacute;ginas | Dispon&iacute;vel em <a href=\"https:\/\/cedeplar.ufmg.br\/publicacoes\/colecao-populacao-economia\/1310-inovacao-ciencia-tecnologia-e-gestao-a-ufmg-em-perspectiva-2\" target=\"_blank\" data-type=\"URL\" data-id=\"https:\/\/cedeplar.ufmg.br\/publicacoes\/colecao-populacao-economia\/1310-inovacao-ciencia-tecnologia-e-gestao-a-ufmg-em-perspectiva-2\" rel=\"noreferrer noopener\">e-book com acesso gratuito<\/a><\/p>\n","protected":false},"excerpt":{"rendered":"<p>Produ&ccedil;&otilde;es do mestrado profissional interdisciplinar comp&otilde;em a obra sobre resultados da inova&ccedil;&atilde;o, organizada por professores das Ci&ecirc;ncias Econ&ocirc;micas<\/p>\n","protected":false},"author":15,"featured_media":18363,"comment_status":"open","ping_status":"open","sticky":false,"template":"","format":"standard","meta":{"tdm_status":"","tdm_grid_status":"","footnotes":"","jetpack_publicize_message":"","jetpack_publicize_feature_enabled":true,"jetpack_social_post_already_shared":true,"jetpack_social_options":{"image_generator_settings":{"template":"highway","enabled":false},"version":2}},"categories":[1634],"tags":[3338,3337,2300],"class_list":{"0":"post-18362","1":"post","2":"type-post","3":"status-publish","4":"format-standard","5":"has-post-thumbnail","7":"category-resenhas-literatura-inovacao","8":"tag-reflexoes-sobre-o-futuro","9":"tag-resultados-da-inovacao","10":"tag-tendencias-das-inovacoes"},"jetpack_publicize_connections":[],"jetpack_featured_media_url":"https:\/\/radardofuturo.com.br\/test\/wp-content\/uploads\/2021\/08\/Capa_-_Inovao_Cincia_Tecnologia_e_Gesto.jpg","post_mailing_queue_ids":[],"_links":{"self":[{"href":"https:\/\/radardofuturo.com.br\/test\/wp-json\/wp\/v2\/posts\/18362","targetHints":{"allow":["GET"]}}],"collection":[{"href":"https:\/\/radardofuturo.com.br\/test\/wp-json\/wp\/v2\/posts"}],"about":[{"href":"https:\/\/radardofuturo.com.br\/test\/wp-json\/wp\/v2\/types\/post"}],"author":[{"embeddable":true,"href":"https:\/\/radardofuturo.com.br\/test\/wp-json\/wp\/v2\/users\/15"}],"replies":[{"embeddable":true,"href":"https:\/\/radardofuturo.com.br\/test\/wp-json\/wp\/v2\/comments?post=18362"}],"version-history":[{"count":0,"href":"https:\/\/radardofuturo.com.br\/test\/wp-json\/wp\/v2\/posts\/18362\/revisions"}],"wp:featuredmedia":[{"embeddable":true,"href":"https:\/\/radardofuturo.com.br\/test\/wp-json\/wp\/v2\/media\/18363"}],"wp:attachment":[{"href":"https:\/\/radardofuturo.com.br\/test\/wp-json\/wp\/v2\/media?parent=18362"}],"wp:term":[{"taxonomy":"category","embeddable":true,"href":"https:\/\/radardofuturo.com.br\/test\/wp-json\/wp\/v2\/categories?post=18362"},{"taxonomy":"post_tag","embeddable":true,"href":"https:\/\/radardofuturo.com.br\/test\/wp-json\/wp\/v2\/tags?post=18362"}],"curies":[{"name":"wp","href":"https:\/\/api.w.org\/{rel}","templated":true}]}}