{"id":18279,"date":"2021-08-19T11:49:14","date_gmt":"2021-08-19T14:49:14","guid":{"rendered":"https:\/\/radardofuturo.com.br\/?p=18279"},"modified":"2021-08-19T11:50:27","modified_gmt":"2021-08-19T14:50:27","slug":"associacao-de-advogados-de-sao-paulo-promove-discussao-sobre-tecnologia-e-lgpd","status":"publish","type":"post","link":"https:\/\/radardofuturo.com.br\/test\/associacao-de-advogados-de-sao-paulo-promove-discussao-sobre-tecnologia-e-lgpd\/","title":{"rendered":"Associa\u00e7\u00e3o de Advogados de S\u00e3o Paulo promove discuss\u00e3o sobre tecnologia e LGPD"},"content":{"rendered":"\n<p><strong>Novidades tecnol&oacute;gicas, legislativas, procedimentais e auto-gest&atilde;o. Lei Geral de Prote&ccedil;&atilde;o de Dados (aspectos da lei)<\/strong><\/p>\n\n\n\n<!--more-->\n\n\n\n<p>A Associa&ccedil;&atilde;o dos Advogados de S&atilde;o Paulo (AASP), promove no dia 23 de agosto, segunda-feira, &agrave;s 19 horas o webinar gratuito &ldquo;Novidades tecnol&oacute;gicas, legislativas, procedimentais e auto-gest&atilde;o. Lei Geral de Prote&ccedil;&atilde;o de Dados (aspectos da lei)&rdquo;.<\/p>\n\n\n\n<figure class=\"wp-block-image is-style-default\"><img decoding=\"async\" src=\"https:\/\/mail.google.com\/mail\/u\/1?ui=2&amp;ik=7ec7f10e22&amp;attid=0.1&amp;permmsgid=msg-f:1708458640381858128&amp;th=17b5aa14e5685150&amp;view=fimg&amp;disp=thd&amp;attbid=ANGjdJ_Bw_GsyDg_jiwdQFhSc5IS5OF0K1uyYQg7uXHlIW3f0oxw3pXvSAxKQ-KBTNfS5x9ZFMjqkehixedqvhmBGZt-QgVnvTk4dhC9d7dHMOzltrwupPqPTFEg31Y&amp;ats=2524608000000&amp;sz=w1440-h789\" alt=\"Exibindo 228388233_4128180690569861_7897477686455176708_n LGPD.jpg\"><\/figure>\n\n\n\n<p>Pr&oacute;ximo de completar tr&ecirc;s anos de sua promulga&ccedil;&atilde;o, a LGPD traz grandes oportunidades para advogados que se especializam em privacidade e prote&ccedil;&atilde;o de dados. Durante o M&ecirc;s da Advocacia AASP, renomados especialistas no assunto discutir&atilde;o seus impactos na pr&aacute;tica em &aacute;reas como propriedade intelectual, tecnologia, arbitragem e Direito Comercial.<\/p>\n\n\n\n<p>O objetivo do evento &eacute; demonstrar as novidades tecnol&oacute;gicas, legislativas, procedimentais e auto-gest&atilde;o com a LGPD. A LGPD est&aacute; completando, em agosto, tr&ecirc;s anos desde a sua publica&ccedil;&atilde;o original. Neste per&iacute;odo foram propostas diversas altera&ccedil;&otilde;es no texto, sancionadas na Lei 13.853\/2019.<\/p>\n\n\n\n<p>Os temas e expositores ser&atilde;o: Aspectos pr&aacute;ticos da implementa&ccedil;&atilde;o da LGPD nas empresas, Luiza Sato; Arbitragem &Aacute;rea de Tecnologia e Direito Comercial, Adriane Nakagawa Baptista; Lei Geral de Prote&ccedil;&atilde;o de Dados (LGPD), Danilo Doneda e Leonardo Guerzoni Furtado de Oliveira (moderador). O encontro faz parte das atividades do M&ecirc;s da Advocacia AASP.<\/p>\n\n\n\n<p><strong>Mais informa&ccedil;&otilde;es e inscri&ccedil;&otilde;es<\/strong>: <a href=\"http:\/\/www.https:\/\/mesdaadvocacia.aasp.org.br\/\" target=\"_blank\" rel=\"noreferrer noopener\">www.https:\/\/mesdaadvocacia.aasp.org.br\/<\/a><\/p>\n\n\n\n<p><\/p>\n\n\n\n<h2 class=\"wp-block-heading\">Sobre a AASP<\/h2>\n\n\n\n<p>A Associa&ccedil;&atilde;o dos Advogados (AASP), fundada h&aacute; mais de 78 anos, tem aproximadamente 80.000 associados em todo o territ&oacute;rio nacional, sendo sua principal miss&atilde;o potencializar e facilitar o exerc&iacute;cio da advocacia. Seus associados usufruem de cursos sobre os mais relevantes temas jur&iacute;dicos, intima&ccedil;&otilde;es on-line, revistas e boletins peri&oacute;dicos, clipping di&aacute;rio de not&iacute;cias, avan&ccedil;ado sistema de pesquisa de jurisprud&ecirc;ncia, modernos programas de gerenciamento de processos e do pr&oacute;prio escrit&oacute;rio, emiss&atilde;o e renova&ccedil;&atilde;o de certificado digital, dentre v&aacute;rios outros produtos e servi&ccedil;os de excel&ecirc;ncia.&amp; lt; \/span&gt;<\/p>\n\n\n\n<p>AASP nas redes sociais: <a href=\"http:\/\/www.aasp.org.br\" target=\"_blank\" data-type=\"URL\" data-id=\"www.aasp.org.br\" rel=\"noreferrer noopener\">www.aasp.org.br<\/a><\/p>\n\n\n\n<p><strong>Facebook<\/strong><br>https:\/\/www.facebook.com\/aasponline<\/p>\n\n\n\n<p><strong>Instagram<\/strong><br>https:\/\/www.instagram.com\/aasponline\/<\/p>\n\n\n\n<p><strong>Twitter<\/strong><br>https:\/\/twitter.com\/aasp_online<\/p>\n\n\n\n<p><strong>You Tube<\/strong><br>https:\/\/www.youtube.com\/user\/aasponline<\/p>\n\n\n\n<p><strong>Linkedin<\/strong><br>https:\/\/www.linkedin.com\/company\/aasp<\/p>\n","protected":false},"excerpt":{"rendered":"<p>Novidades tecnol&oacute;gicas, legislativas, procedimentais e auto-gest&atilde;o. Lei Geral de Prote&ccedil;&atilde;o de Dados (aspectos da lei)<\/p>\n","protected":false},"author":15,"featured_media":11694,"comment_status":"open","ping_status":"open","sticky":false,"template":"","format":"standard","meta":{"tdm_status":"","tdm_grid_status":"","footnotes":"","jetpack_publicize_message":"","jetpack_publicize_feature_enabled":true,"jetpack_social_post_already_shared":true,"jetpack_social_options":{"image_generator_settings":{"template":"highway","enabled":false},"version":2}},"categories":[18],"tags":[],"class_list":{"0":"post-18279","1":"post","2":"type-post","3":"status-publish","4":"format-standard","5":"has-post-thumbnail","7":"category-eventos"},"jetpack_publicize_connections":[],"jetpack_featured_media_url":"https:\/\/radardofuturo.com.br\/test\/wp-content\/uploads\/2020\/07\/Home-office-divulgacao-scaled.jpg","post_mailing_queue_ids":[],"_links":{"self":[{"href":"https:\/\/radardofuturo.com.br\/test\/wp-json\/wp\/v2\/posts\/18279","targetHints":{"allow":["GET"]}}],"collection":[{"href":"https:\/\/radardofuturo.com.br\/test\/wp-json\/wp\/v2\/posts"}],"about":[{"href":"https:\/\/radardofuturo.com.br\/test\/wp-json\/wp\/v2\/types\/post"}],"author":[{"embeddable":true,"href":"https:\/\/radardofuturo.com.br\/test\/wp-json\/wp\/v2\/users\/15"}],"replies":[{"embeddable":true,"href":"https:\/\/radardofuturo.com.br\/test\/wp-json\/wp\/v2\/comments?post=18279"}],"version-history":[{"count":0,"href":"https:\/\/radardofuturo.com.br\/test\/wp-json\/wp\/v2\/posts\/18279\/revisions"}],"wp:featuredmedia":[{"embeddable":true,"href":"https:\/\/radardofuturo.com.br\/test\/wp-json\/wp\/v2\/media\/11694"}],"wp:attachment":[{"href":"https:\/\/radardofuturo.com.br\/test\/wp-json\/wp\/v2\/media?parent=18279"}],"wp:term":[{"taxonomy":"category","embeddable":true,"href":"https:\/\/radardofuturo.com.br\/test\/wp-json\/wp\/v2\/categories?post=18279"},{"taxonomy":"post_tag","embeddable":true,"href":"https:\/\/radardofuturo.com.br\/test\/wp-json\/wp\/v2\/tags?post=18279"}],"curies":[{"name":"wp","href":"https:\/\/api.w.org\/{rel}","templated":true}]}}