{"id":18248,"date":"2021-08-17T18:10:27","date_gmt":"2021-08-17T21:10:27","guid":{"rendered":"https:\/\/radardofuturo.com.br\/?p=18248"},"modified":"2021-08-30T11:09:55","modified_gmt":"2021-08-30T14:09:55","slug":"futuro-das-empresas-de-ti-pandemia-forca-a-modernizacao-da-porta-para-dentro","status":"publish","type":"post","link":"https:\/\/radardofuturo.com.br\/test\/futuro-das-empresas-de-ti-pandemia-forca-a-modernizacao-da-porta-para-dentro\/","title":{"rendered":"Futuro das empresas de TI: pandemia for\u00e7a a moderniza\u00e7\u00e3o da porta para dentro"},"content":{"rendered":"\n<p><strong>Pesquisa realizada pela CBYK mostra que o futuro das empresas passa pela necessidade de incorporar as inova&ccedil;&otilde;es gerenciais que prega para seus clientes<\/strong><\/p>\n\n\n\n<!--more-->\n\n\n\n<figure class=\"wp-block-image size-large is-style-default\"><img loading=\"lazy\" decoding=\"async\" width=\"1024\" height=\"682\" src=\"https:\/\/radardofuturo.com.br\/test\/wp-content\/uploads\/2021\/08\/pexels-photo-5725432-1024x682.jpeg\" alt=\"no futuro das empresas de TI o home office tende a se consolidar\nman in black crew neck t shirt using black laptop computer\" class=\"wp-image-18251\" srcset=\"https:\/\/radardofuturo.com.br\/test\/wp-content\/uploads\/2021\/08\/pexels-photo-5725432-1024x682.jpeg 1024w, https:\/\/radardofuturo.com.br\/test\/wp-content\/uploads\/2021\/08\/pexels-photo-5725432-300x200.jpeg 300w, https:\/\/radardofuturo.com.br\/test\/wp-content\/uploads\/2021\/08\/pexels-photo-5725432-768x512.jpeg 768w, https:\/\/radardofuturo.com.br\/test\/wp-content\/uploads\/2021\/08\/pexels-photo-5725432-1536x1024.jpeg 1536w, https:\/\/radardofuturo.com.br\/test\/wp-content\/uploads\/2021\/08\/pexels-photo-5725432-696x464.jpeg 696w, https:\/\/radardofuturo.com.br\/test\/wp-content\/uploads\/2021\/08\/pexels-photo-5725432-1392x928.jpeg 1392w, https:\/\/radardofuturo.com.br\/test\/wp-content\/uploads\/2021\/08\/pexels-photo-5725432.jpeg 1880w\" sizes=\"auto, (max-width: 1024px) 100vw, 1024px\"><figcaption>Foto: Tima Miroshnichenko on <a href=\"https:\/\/www.pexels.com\/photo\/man-in-black-crew-neck-t-shirt-using-black-laptop-computer-5725432\/\" rel=\"nofollow noopener\" target=\"_blank\">Pexels.com<\/a><\/figcaption><\/figure>\n\n\n\n<p><em>Carlos Pl&aacute;cido Teixeira<br>Jornalista I Radar do Futuro<\/em><\/p>\n\n\n\n<p><br>Uma pandemia foi necess&aacute;ria para estimular a moderniza&ccedil;&atilde;o administrativa de empresas do setor tecnologia da informa&ccedil;&atilde;o. Saindo do discurso para a pr&aacute;tica. Entre outras mudan&ccedil;as de cultura organizacional surpreendentes, o teletrabalho foi finalmente aceito como alternativa oferecida aos profissionais. Como efeito, as empresas tendem a descobrir que parte da solu&ccedil;&atilde;o para a falta de m&atilde;o de obra especializada no setor, uma reclama&ccedil;&atilde;o comum em grandes centros urbanos, est&aacute; dispon&iacute;vel. Neste exato momento, em outras regi&otilde;es do Pa&iacute;s h&aacute; quem, formado em TI, reclama de falta de oportunidades. &Eacute; necess&aacute;rio querer enxergar. <\/p>\n\n\n\n<p>Pode at&eacute; parecer uma ironia. Mas n&atilde;o &eacute;, garante Fabr&iacute;cio Visibeli da CBYK, empresa multinacional de desenvolvimento de software. Ele reconhece que os gestores est&atilde;o sendo obrigados a viver a moderniza&ccedil;&atilde;o da porta para dentro. N&atilde;o basta parecer, tem de aplicar as melhores estrat&eacute;gias de gest&atilde;o de pessoas e estimular m&eacute;todos que favore&ccedil;am a criatividade e a participa&ccedil;&atilde;o dos funcion&aacute;rios nos processos de produ&ccedil;&atilde;o. Por incr&iacute;vel que pare&ccedil;a, entre as quatro paredes de um escrit&oacute;rio, ainda predominam m&eacute;todos mais parecidos com uma f&aacute;brica taylorista do in&iacute;cio do s&eacute;culo passado do que uma rede produtiva do s&eacute;culo das tecnologias digitais. <\/p>\n\n\n\n<p>A avalia&ccedil;&atilde;o &eacute; referendada por uma pesquisa encomendada por Fabr&iacute;cio e seu s&oacute;cio, Ricardo Lopes, com quem divide as atribui&ccedil;&otilde;es de co-CEO na CBYK. O estudo, destinado a compreender <strong>o perfil dos profissionais de software no Brasil,<\/strong> revelou que 83% dos profissionais que trabalham no ramo gostariam de ser reconhecidos pela equipe, e 88% que as organiza&ccedil;&otilde;es notassem os esfor&ccedil;os dos l&iacute;deres.&nbsp;Portanto, ressalta Fabr&iacute;cio Visibeli, ter uma equipe engajada e com prop&oacute;sito pode auxiliar as empresas em diversos fatores e contribuir para o sucesso de um projeto como um todo. <\/p>\n\n\n\n<h2 class=\"wp-block-heading\">Indicadores do futuro<\/h2>\n\n\n\n<p>Est&aacute; claro que a pandemia modificou a forma de trabalho e que vai ter impactos sobre o futuro das rela&ccedil;&otilde;es do mercado. A pesquisa mostra que 80% dos profissionais de TI esperam permanecer em home office. Entre os entrevistados, 37% querem permanecer em home office parcial, pelo menos duas vezes por semana, 23%, pelo menos uma vez por semana em casa, 10% pelo menos tr&ecirc;s vezes por semana em casa e, 9%, o tempo todo em casa. Em contrapartida, 21% preferem trabalhar de forma presencial.<\/p>\n\n\n\n<p>Desses profissionais, 48% j&aacute; trabalham de forma h&iacute;brida, 30% apenas presencial e 22% remotamente. O fato &eacute; que 69,5% dos entrevistados se consideram mais produtivos remotamente e para 27,4% depende do momento do projeto. Eles apontam que testes (81%) e desenvolvimento de software (73%) s&atilde;o as melhores atividades para serem trabalhadas de forma remota. Os profissionais com carteira assinada representam 44% da pesquisa enquanto&nbsp; pessoa jur&iacute;dica, 55%.  <\/p>\n\n\n\n<p>A maioria ocupa o cargo de analista de DAOs (BI), (23%), analista de testes (19%), desenvolvedor (15%), analista de neg&oacute;cios (14%) e analista de infraestrutura (12%). Nessas fun&ccedil;&otilde;es, os sal&aacute;rios variam de R$ 2.900 a R$3.900. Os sal&aacute;rios mais altos, entre R$ 8 mil e R$ 10.200, concentram-se nos cargos de scrum master (4%) e gerente de tecnologia (3%).<\/p>\n\n\n\n<p>Os dados da pesquisa demonstram que h&aacute; desafios a considerar no caminho da gest&atilde;o nos tempos pand&ecirc;micos. Parte da insatisfa&ccedil;&atilde;o na constata&ccedil;&atilde;o de que a forma como esse profissional &eacute; tratado reflete no engajamento e na produtividade. &Eacute; necess&aacute;rio levar em conta que 72% dos profissionais acreditam que a liberdade de cria&ccedil;&atilde;o &eacute; importante para a sua melhor performance, assim como conhecer os objetivos de neg&oacute;cios para produzir mais, fator essencial para 70% dos respondentes.<\/p>\n\n\n\n<p>O profissionais tamb&eacute;m valorizam empresas que sejam transparentes e compartilhem o objetivo final do neg&oacute;cio (73%), quase empatado (72%) com as que apostam no feedback formal. Em rela&ccedil;&atilde;o a essas quest&otilde;es, 51% est&atilde;o satisfeitos com a sua forma de trabalho atual.&nbsp;Dentro do universo de TI, 54% dos entrevistados gostam do termo <em>f&aacute;brica de software<\/em> e 44% do termo <em>cultura agile<\/em>. Para os profissionais que responderam a entrevista, 42% deles, o desenvolvimento de software n&atilde;o &eacute; uma atividade fabril. J&aacute; 39% acreditam que a atividade &eacute; fabril.<\/p>\n\n\n\n<h2 class=\"wp-block-heading\">Insights<\/h2>\n\n\n\n<p>&ldquo;A solu&ccedil;&atilde;o para a car&ecirc;ncia de especialistas pode estar nas regi&otilde;es onde h&aacute; desemprego, fora dos grandes centros urbanos&rdquo;, reitera Fabricio Visibeli, para quem um dos elementos mais importantes do estudo &eacute; de que teve &acirc;mbito nacional. Ela constata que, entre os mais jovens, entre 16 e 21 anos, portanto os que est&atilde;o come&ccedil;ando a inser&ccedil;&atilde;o no mercado de trabalho, 36%, ou mais de um ter&ccedil;o, reclamam da falta de oportunidades. Entre os que est&atilde;o j&aacute; com algum conhecimento, seja pelo ensino formal ou por conhecimento pr&aacute;tico, com idade 22 a 30 anos, praticamente outro ter&ccedil;o &ndash; 28% &ndash; relata dificuldades para obter coloca&ccedil;&atilde;o. Na faixa et&aacute;ria entre 31 e 40 anos, 22% est&atilde;o desempregados e mais de 40 anos, 14%.<\/p>\n\n\n\n<p>O problema, para o s&oacute;cio-diretor da CBYK, &eacute; uma distor&ccedil;&atilde;o da realidade, em que as refer&ecirc;ncias da m&iacute;dia se concentram todas na &ldquo;bolha S&atilde;o Paulo, onde h&aacute; muita e muita coisa e poucos profissionais&rdquo;. Enquanto isso, as regi&otilde;es Norte e Nordeste do Brasil t&ecirc;m oferta de trabalhadores qualificados dispon&iacute;veis, como mostraram os dados. Ao entender que o teletrabalho &eacute; poss&iacute;vel, tende a ocorrer uma redu&ccedil;&atilde;o da defasagem de oferta e procura por especialistas. <\/p>\n\n\n\n<p>Mas o mais importante &eacute; o refor&ccedil;o a fatores culturais da ado&ccedil;&atilde;o de novos paradigmas. &ldquo;Mesmo na Espanha, onde eu atuei, as empresas proibiam o teletrabalho&rdquo;, assinala Fabr&iacute;cio, demonstrando que a resist&ecirc;ncia era um comportamento global. Neste cen&aacute;rio, tamb&eacute;m h&aacute; a migra&ccedil;&atilde;o de profissionais de outras &aacute;reas para o setor de tecnologia da informa&ccedil;&atilde;o. S&atilde;o pessoas com poucas oportunidades em suas origens, que percebem a continuidade do crescimento das empresas desenvolvedoras de sistemas computacionais. A demanda j&aacute; ocorre em &aacute;reas como agr&ocirc;nomos, ge&oacute;logos e log&iacute;stica, entre outros.<\/p>\n\n\n\n<p>H&aacute; mais mudan&ccedil;as al&eacute;m da ado&ccedil;&atilde;o do home office. A teleconfer&ecirc;ncia ganhou certificado de aprova&ccedil;&atilde;o no per&iacute;odo pand&ecirc;mico. Ali&aacute;s, o poder da comunica&ccedil;&atilde;o e da possibilidade de interatividade virtual foram fen&ocirc;menos pouco percebidos como uma fonte de experi&ecirc;ncias bem sucedidas. Contraditoriamente, no ambiente f&iacute;sico as trocas s&atilde;o menos constantes, para Fabr&iacute;cio. Por estar longe, no ambiente do trabalho virtual, os rituais s&atilde;o muito mais precisos e muito mais constantes, com ganhos na rela&ccedil;&atilde;o entre os profissionais envolvidos. O time que est&aacute; trabalhando tem m&uacute;ltiplas ferramentas de compartilhamento. <\/p>\n\n\n\n<p>Uma das conclus&otilde;es julgadas entre as mais importantes &eacute; o registro do aumento da participa&ccedil;&atilde;o feminina dentro da &aacute;rea tecnol&oacute;gica. A pesquisa deixa perceber, al&eacute;m da tend&ecirc;ncia de expans&atilde;o do n&uacute;mero, contribui para criar um ambiente mais intelectual. Ainda como conclus&atilde;o, a constata&ccedil;&atilde;o de que as pessoas gostam de saber os objetivos pelos quais est&atilde;o trabalhando vai impactar a gest&atilde;o. Inclusive porque os clientes de hoje ser&atilde;o cada vez mais organiza&ccedil;&otilde;es tecnol&oacute;gicas. Potencialmente, pelo menos, um concorrente capaz de tirar um bom funcion&aacute;rio insatisfeito.<\/p>\n\n\n\n<p>No quadro das transforma&ccedil;&otilde;es dos modelos de neg&oacute;cios, nos saltos exponenciais das infraestruturas de tecnologias e das inova&ccedil;&otilde;es, o perfil dos profissionais vai criar novos desafios para as empresas. Fabr&iacute;cio Visibeli destaca a necessidade de enxergar as habilidades que os jovens j&aacute; carregam como for&ccedil;a, como a familiaridade com as ferramentas digitais. &ldquo;O futuro vai ser muito menos a parte de codifica&ccedil;&atilde;o, o c&oacute;digo em si, e muito mais as solu&ccedil;&otilde;es de neg&oacute;cios. &ldquo;As pessoas estar&atilde;o pensando muito mais em solu&ccedil;&otilde;es, em como um produto ou servi&ccedil;o agrega ao cliente dele. As tecnologias estar&atilde;o muito mais associadas aos neg&oacute;cios e &agrave;s solu&ccedil;&otilde;es do que a c&oacute;digos e pessoas que saibam programar. Ser&atilde;o os profissionais de tecnologia e alguma coisa&rdquo;, sintetiza o executivo.<\/p>\n\n\n\n<p> <\/p>\n\n\n\n<h2 class=\"wp-block-heading\"><strong>Vis&atilde;o geral<\/strong> dos resultados<\/h2>\n\n\n\n<p>Os colaboradores, em sua maioria (54%) moram em cidades grandes, com mais de 1 milh&atilde;o de habitantes. <\/p>\n\n\n\n<p>Durante a pandemia, 35,4% mudaram-se para condom&iacute;nios fechados em suas pr&oacute;prias cidades, visando qualidade de vida&nbsp; e menor custo.<\/p>\n\n\n\n<p>A maioria dos profissionais desenvolve software para: <\/p>\n\n\n\n<div class=\"wp-block-columns is-layout-flex wp-container-core-columns-is-layout-9d6595d7 wp-block-columns-is-layout-flex\">\n<div class=\"wp-block-column is-layout-flow wp-block-column-is-layout-flow\">\n<ul class=\"wp-block-list\"><li>setor de servi&ccedil;os (77%)<\/li><li>setor financeiro (43%)<\/li><li>ind&uacute;stria (38%)<\/li><li>turismo (26%)<\/li><li>agro (22%)<\/li><li>educa&ccedil;&atilde;o (21%) <\/li><li>sa&uacute;de (17%)<\/li><li>corretagem (13%)<\/li><li>setor p&uacute;blico (5%)<\/li><\/ul>\n<\/div>\n\n\n\n<div class=\"wp-block-column is-layout-flow wp-block-column-is-layout-flow\">\n<h2 class=\"wp-block-heading\">Confira entrevista:<\/h2>\n\n\n\n<p class=\"has-vivid-cyan-blue-color has-text-color\">Clique <a href=\"https:\/\/youtu.be\/kxHX1f3moFs\" target=\"_blank\" data-type=\"URL\" rel=\"noreferrer noopener\"><strong>a<\/strong><\/a><strong><a href=\"https:\/\/youtu.be\/kxHX1f3moFs\" target=\"_blank\" data-type=\"URL\" rel=\"noreferrer noopener\">qui<\/a> <\/strong>para ver a entrevista integral de   Fabr&iacute;cio Visibeli da CBYK <\/p>\n\n\n\n<div class=\"wp-block-contact-form-7-contact-form-selector\">\n<div class=\"wpcf7 no-js\" id=\"wpcf7-f553-o1\" lang=\"pt-BR\" dir=\"ltr\" data-wpcf7-id=\"553\">\n<div class=\"screen-reader-response\"><p role=\"status\" aria-live=\"polite\" aria-atomic=\"true\"><\/p> <ul><\/ul><\/div>\n<form action=\"\/test\/wp-json\/wp\/v2\/posts\/18248#wpcf7-f553-o1\" method=\"post\" class=\"wpcf7-form init\" aria-label=\"Formul&aacute;rios de contato\" novalidate=\"novalidate\" data-status=\"init\">\n<fieldset class=\"hidden-fields-container\"><input type=\"hidden\" name=\"_wpcf7\" value=\"553\"><input type=\"hidden\" name=\"_wpcf7_version\" value=\"6.1.5\"><input type=\"hidden\" name=\"_wpcf7_locale\" value=\"pt_BR\"><input type=\"hidden\" name=\"_wpcf7_unit_tag\" value=\"wpcf7-f553-o1\"><input type=\"hidden\" name=\"_wpcf7_container_post\" value=\"0\"><input type=\"hidden\" name=\"_wpcf7_posted_data_hash\" value=\"\">\n<\/fieldset>\n<p>Seu Nome (obrigat&oacute;rio)\n<\/p>\n<p><span class=\"wpcf7-form-control-wrap\" data-name=\"your-name\"><input size=\"40\" maxlength=\"400\" class=\"wpcf7-form-control wpcf7-text wpcf7-validates-as-required\" aria-required=\"true\" aria-invalid=\"false\" value=\"\" type=\"text\" name=\"your-name\"><\/span>\n<\/p>\n<p>Seu e-mail (obrigat&oacute;rio)\n<\/p>\n<p><span class=\"wpcf7-form-control-wrap\" data-name=\"your-email\"><input size=\"40\" maxlength=\"400\" class=\"wpcf7-form-control wpcf7-email wpcf7-validates-as-required wpcf7-text wpcf7-validates-as-email\" aria-required=\"true\" aria-invalid=\"false\" value=\"\" type=\"email\" name=\"your-email\"><\/span>\n<\/p>\n<p>Assunto\n<\/p>\n<p><span class=\"wpcf7-form-control-wrap\" data-name=\"your-subject\"><input size=\"40\" maxlength=\"400\" class=\"wpcf7-form-control wpcf7-text\" aria-invalid=\"false\" value=\"\" type=\"text\" name=\"your-subject\"><\/span>\n<\/p>\n<p>Sua mensagem\n<\/p>\n<p><span class=\"wpcf7-form-control-wrap\" data-name=\"your-message\"><textarea cols=\"40\" rows=\"10\" maxlength=\"2000\" class=\"wpcf7-form-control wpcf7-textarea\" aria-invalid=\"false\" name=\"your-message\"><\/textarea><\/span>\n<\/p>\n<p><input class=\"wpcf7-form-control wpcf7-submit has-spinner\" type=\"submit\" value=\"Enviar\">\n<\/p><p style=\"display: none !important;\"><label>&Delta;<textarea name=\"_wpcf7_ak_hp_textarea\" cols=\"45\" rows=\"8\" maxlength=\"100\"><\/textarea><\/label><input type=\"hidden\" id=\"ak_js_1\" name=\"_wpcf7_ak_js\" value=\"30\"><script>document.getElementById( \"ak_js_1\" ).setAttribute( \"value\", ( new Date() ).getTime() );<\/script><\/p><input type=\"hidden\" class=\"wpcf7-pum\" value='{\"closepopup\":false,\"closedelay\":0,\"openpopup\":false,\"openpopup_id\":0}'><div class=\"wpcf7-response-output\" aria-hidden=\"true\"><\/div>\n<\/form>\n<\/div>\n<\/div>\n\n\n\n<p><\/p>\n<\/div>\n<\/div>\n\n\n\n<p>44% desses profissionais acreditam que uma crise econ&ocirc;mica p&oacute;s-pandemia ir&aacute; afet&aacute;-los economicamente, enquanto 25% n&atilde;o acreditam e 31% n&atilde;o sabem.<\/p>\n\n\n\n<p>Em rela&ccedil;&atilde;o ao lazer, a maioria gosta de passar o tempo livre assistindo a filmes (68%), namorando (64%), jogando (59%) e praticando esportes (38%). Na lista ainda tem adeptos a assistir esportes (34%), a leitura (28%), a passar o tempo com os filhos (22%), a n&atilde;o fazer nada (12%) e outros hobbys (8%).<\/p>\n\n\n\n<h4 class=\"wp-block-heading\">Metodologia da pesquisa<\/h4>\n\n\n\n<ul class=\"wp-block-list\"><li><em>A pesquisa quantitativa da CBYK foi realizada com 400 profissionais de todo o Brasil somada a 200 colaboradores da empresa por telefone durante o per&iacute;odo de 18 a 24 de maio de 2021. A amostra tem margem de erro de aproximadamente 2 pontos percentuais, com n&iacute;vel de confian&ccedil;a de 95%.<\/em><\/li><\/ul>\n\n\n\n<h4 class=\"wp-block-heading\">Sobre a CBYK<\/h4>\n\n\n\n<p>A <a href=\"https:\/\/www.cbyk.com.br\/\" target=\"_blank\" rel=\"noreferrer noopener\">CBYK<\/a> &eacute; uma desenvolvedora de software e de solu&ccedil;&otilde;es personalizadas de TI, que est&aacute; ajudando a modificar o setor para um padr&atilde;o mais eficiente, h&aacute;bil e descomplicado. Com 13 anos, a empresa &eacute; refer&ecirc;ncia em transforma&ccedil;&atilde;o digital, apostando em entregas feitas sob medida, de forma inteligente, &aacute;gil, transparente e com pre&ccedil;os justos.&nbsp; Com 200 colaboradores, atua em todo o pa&iacute;s, al&eacute;m de ter projetos no M&eacute;xico, Uruguai e EUA.&nbsp;<\/p>\n\n\n\n<p><\/p>\n","protected":false},"excerpt":{"rendered":"<p>Pesquisa realizada pela CBYK mostra que o futuro das empresas passa pela necessidade de incorporar as inova&ccedil;&otilde;es gerenciais que prega para seus clientes<\/p>\n","protected":false},"author":1,"featured_media":0,"comment_status":"open","ping_status":"open","sticky":false,"template":"","format":"standard","meta":{"tdm_status":"","tdm_grid_status":"","footnotes":"","jetpack_publicize_message":"","jetpack_publicize_feature_enabled":true,"jetpack_social_post_already_shared":true,"jetpack_social_options":{"image_generator_settings":{"template":"highway","enabled":false},"version":2}},"categories":[20],"tags":[],"class_list":{"0":"post-18248","1":"post","2":"type-post","3":"status-publish","4":"format-standard","6":"category-destaques"},"jetpack_publicize_connections":[],"jetpack_featured_media_url":"","post_mailing_queue_ids":[],"_links":{"self":[{"href":"https:\/\/radardofuturo.com.br\/test\/wp-json\/wp\/v2\/posts\/18248","targetHints":{"allow":["GET"]}}],"collection":[{"href":"https:\/\/radardofuturo.com.br\/test\/wp-json\/wp\/v2\/posts"}],"about":[{"href":"https:\/\/radardofuturo.com.br\/test\/wp-json\/wp\/v2\/types\/post"}],"author":[{"embeddable":true,"href":"https:\/\/radardofuturo.com.br\/test\/wp-json\/wp\/v2\/users\/1"}],"replies":[{"embeddable":true,"href":"https:\/\/radardofuturo.com.br\/test\/wp-json\/wp\/v2\/comments?post=18248"}],"version-history":[{"count":0,"href":"https:\/\/radardofuturo.com.br\/test\/wp-json\/wp\/v2\/posts\/18248\/revisions"}],"wp:attachment":[{"href":"https:\/\/radardofuturo.com.br\/test\/wp-json\/wp\/v2\/media?parent=18248"}],"wp:term":[{"taxonomy":"category","embeddable":true,"href":"https:\/\/radardofuturo.com.br\/test\/wp-json\/wp\/v2\/categories?post=18248"},{"taxonomy":"post_tag","embeddable":true,"href":"https:\/\/radardofuturo.com.br\/test\/wp-json\/wp\/v2\/tags?post=18248"}],"curies":[{"name":"wp","href":"https:\/\/api.w.org\/{rel}","templated":true}]}}