{"id":18142,"date":"2021-08-10T14:48:23","date_gmt":"2021-08-10T17:48:23","guid":{"rendered":"https:\/\/radardofuturo.com.br\/?p=18142"},"modified":"2021-08-10T14:48:31","modified_gmt":"2021-08-10T17:48:31","slug":"futuro-da-tecnologia-da-informacao-a-concorrencia-do-trabalho-em-equipes","status":"publish","type":"post","link":"https:\/\/radardofuturo.com.br\/test\/futuro-da-tecnologia-da-informacao-a-concorrencia-do-trabalho-em-equipes\/","title":{"rendered":"Futuro da tecnologia da informa\u00e7\u00e3o: a concorr\u00eancia do trabalho em equipes"},"content":{"rendered":"\n<p>Empresa identifica a diversifica&ccedil;&atilde;o do perfil de profissionais envolvidos com projetos de TI. &Eacute; futuro da tecnologia da informa&ccedil;&atilde;o em processo de mudan&ccedil;a<\/p>\n\n\n\n<!--more-->\n\n\n\n<figure class=\"wp-block-image size-large is-style-default\"><img loading=\"lazy\" decoding=\"async\" width=\"1024\" height=\"682\" src=\"https:\/\/radardofuturo.com.br\/test\/wp-content\/uploads\/2019\/11\/pexels-photo-3277808-1024x682.jpeg\" alt=\"Reuni&atilde;o de quatro pessoas em torno de uma mesa, cada um com seu notebook. Foto por Canva Studio em Pexels.com\" class=\"wp-image-8624\" srcset=\"https:\/\/radardofuturo.com.br\/test\/wp-content\/uploads\/2019\/11\/pexels-photo-3277808-1024x682.jpeg 1024w, https:\/\/radardofuturo.com.br\/test\/wp-content\/uploads\/2019\/11\/pexels-photo-3277808-300x200.jpeg 300w, https:\/\/radardofuturo.com.br\/test\/wp-content\/uploads\/2019\/11\/pexels-photo-3277808-768x512.jpeg 768w, https:\/\/radardofuturo.com.br\/test\/wp-content\/uploads\/2019\/11\/pexels-photo-3277808-696x464.jpeg 696w, https:\/\/radardofuturo.com.br\/test\/wp-content\/uploads\/2019\/11\/pexels-photo-3277808-1392x928.jpeg 1392w, https:\/\/radardofuturo.com.br\/test\/wp-content\/uploads\/2019\/11\/pexels-photo-3277808.jpeg 1880w\" sizes=\"auto, (max-width: 1024px) 100vw, 1024px\"><figcaption>Foto por Canva Studio em <a href=\"https:\/\/www.pexels.com\/photo\/four-people-using-laptop-computers-and-smartphone-3277808\/\" rel=\"nofollow noopener\" target=\"_blank\">Pexels.com<\/a><\/figcaption><\/figure>\n\n\n\n<p class=\"has-drop-cap\">Consultoria brasileira de servi&ccedil;os de tecnologia da informa&ccedil;&atilde;o, a Iteris constata, desde o ano passado, um aumento substancial da faixa de idade das contrata&ccedil;&otilde;es de estagi&aacute;rios em seus programas de sele&ccedil;&atilde;o. No ambiente frequentado tradicionalmente por pessoas na faixa entre 16 e 22 anos, matriculados em cursos de ci&ecirc;ncias da computa&ccedil;&atilde;o, os treinamentos t&ecirc;m a presen&ccedil;a cada vez maior de representantes de idades acima de 28 anos, com gradua&ccedil;&atilde;o completa em outras &aacute;reas. <\/p>\n\n\n\n<figure class=\"wp-block-table alignleft\"><table class=\"has-background has-fixed-layout\" style=\"background-color:#94e963\"><thead><tr><th><a href=\"https:\/\/radardofuturo.com.br\/test\/ddof\/o-que-sao-tendencias\/\" target=\"_self\" title=\"Confira o que s&atilde;o tend&ecirc;ncias, os fatos ou fen&ocirc;menos que podem acontecer em algum momento adiante na hist&oacute;ria da sociedade, como um novo comportamento individual ou de um grupo\" class=\"encyclopedia\">TEND&Ecirc;NCIAS<\/a> <br>O trabalho em TI<\/th><\/tr><\/thead><tbody><tr><td>Squad &ndash; produ&ccedil;&atilde;o baseadas em <br>equipes multidisciplinares <\/td><\/tr><tr><td>Concorr&ecirc;ncia de especialistas de <br>outras &aacute;reas de conhecimento<\/td><\/tr><tr><td>Usu&aacute;rios conhecem <br>suas demandas e solu&ccedil;&otilde;es<\/td><\/tr><\/tbody><\/table><\/figure>\n\n\n\n<p>Engenheiros civis e qu&iacute;micos, administradores de empresas, profissionais de marketing, psic&oacute;logos e cientistas sociais s&atilde;o algumas das especialidades, dentro e fora das ci&ecirc;ncias exatas, que passam a ver boas oportunidades de ascens&atilde;o profissional na TI. Marcelo Santos, s&oacute;cio-fundador e vice-presidente de Services &amp; People da Iteris, com mais de 30 anos de experi&ecirc;ncia no setor, avalia tend&ecirc;ncia de mudan&ccedil;a de perfil como uma tend&ecirc;ncia de mudan&ccedil;a do mercado. N&atilde;o apenas como um fen&ocirc;meno moment&acirc;neo. <\/p>\n\n\n\n<p>H&aacute;, atualmente, uma adapta&ccedil;&atilde;o das demandas, o que leva a uma &lsquo;<strong>senioriza&ccedil;&atilde;o<\/strong>&lsquo; &mdash; envelhecimento &mdash; dos estagi&aacute;rios.  &ldquo;O j&uacute;nior se tornou o novo pleno&rdquo;, afirmam os executivos da empresa. As empresas de tecnologia tendem a ser cada vez mais receptivas aos candidatos que utilizam os seus conhecimentos em outras &aacute;reas para a aplica&ccedil;&atilde;o em projetos de tecnologia da informa&ccedil;&atilde;o. Por tr&aacute;s disso est&aacute; a palavra &ldquo;<strong>squad<\/strong>&ldquo;, que define um novo modelo de produ&ccedil;&atilde;o, baseado em multidisciplinariedade. <\/p>\n\n\n\n<p>Atualmente, para mudar de carreira, os profissionais mais velhos est&atilde;o apostando nas vagas de est&aacute;gio como novo recome&ccedil;o profissional. E a figura do estagi&aacute;rio mais jovem j&aacute; n&atilde;o faz mais parte do cen&aacute;rio do mundo atual, e os paradigmas de antigamente est&atilde;o sendo quebrados para um novo rumo &agrave; aceita&ccedil;&atilde;o. Mas h&aacute; algo mais: ao contr&aacute;rio do que acontecia at&eacute; alguns anos atr&aacute;s, as demandas de <a href=\"https:\/\/radardofuturo.com.br\/test\/ddof\/digitalizacao\/\" target=\"_self\" title=\"Digitaliza&ccedil;&atilde;o &eacute; o processo que transforma coisas anal&oacute;gicas, ou seja, algo com exist&ecirc;ncia f&iacute;sica, como um documento, uma foto, um disco de vinil ou seu ambiente de trabalho, em sistemas ou recursos acess&iacute;veis por computador.\" class=\"encyclopedia\">digitaliza&ccedil;&atilde;o<\/a> de processos administrativos e produtivos s&atilde;o originadas e definidas pelos setores internos das empresas. O que muda a rotina do desenvolvimento de novos sistemas de inform&aacute;tica.<\/p>\n\n\n\n<h2 class=\"wp-block-heading\">Mudan&ccedil;as de processos<\/h2>\n\n\n\n<p>A tend&ecirc;ncia sinaliza a evolu&ccedil;&atilde;o dos sistemas de produ&ccedil;&atilde;o e da forma&ccedil;&atilde;o de profissionais em &aacute;reas de computa&ccedil;&atilde;o. Testemunha dos primeiros momentos do hist&oacute;rico da informatiza&ccedil;&atilde;o de empresas e do ambiente de trabalho, Marcelo Santos lembra como os especialistas do setor eram tidos como &ldquo;nerds&rdquo;, pessoas com intelig&ecirc;ncia cima da m&eacute;dia, obcecados no trabalho. De fato, retornando a 1980, programadores de computadores viviam num mundo &agrave; parte. Dominavam linguagens complexas para o desenvolvimento de softwares, para aplica&ccedil;&otilde;es espec&iacute;ficas, que rodavam em grandes m&aacute;quinas, os mainframes. <\/p>\n\n\n\n<p>O lan&ccedil;amento do primeiro computador pessoal moderno, em 1981, pela IBM, abriu a era da cria&ccedil;&atilde;o da cultura de substitui&ccedil;&atilde;o de equipamentos tradicionais de produ&ccedil;&atilde;o por softwares. De uma hora para outra, at&eacute; o final da d&eacute;cada de 1990, trabalhadores de escrit&oacute;rios, prestadores de servi&ccedil;os, profissionais liberais e mesmo oper&aacute;rios em f&aacute;bricas passaram por um processo de convencimento sobre as vantagens do uso de sistemas digitais. Ao inv&eacute;s da m&aacute;quina de escrever, o Word. No lugar das anota&ccedil;&otilde;es em papel, planilhas Excel. <\/p>\n\n\n\n<p>O papel desempenhado pelo cientista da computa&ccedil;&atilde;o incluiu, ent&atilde;o, a &ldquo;evangeliza&ccedil;&atilde;o&rdquo;, o exerc&iacute;cio de argumenta&ccedil;&atilde;o sobre as vantagens do uso de sistemas informatizados. Entre os trabalhadores mais antigos, n&atilde;o h&aacute; quem n&atilde;o tenha um exemplo de um dia em que aparecia um &ldquo;sujeito da inform&aacute;tica&rdquo; dizendo que iria desenvolver um &ldquo;sistema para substituir o m&eacute;todo de trabalho utilizado pelos funcion&aacute;rios do setor&rdquo;.  Ele levantava as informa&ccedil;&otilde;es necess&aacute;rias e &ldquo;sumia por um tempo&rdquo;, at&eacute; chegar com as solu&ccedil;&otilde;es que seriam implantadas, encomendadas pelo &ldquo;departamento de inform&aacute;tica&rdquo;. <\/p>\n\n\n\n<p>A partir do in&iacute;cio do s&eacute;culo, o trabalhador n&atilde;o s&oacute; lida com as tecnologias, mas tamb&eacute;m deseja a informatiza&ccedil;&atilde;o de suas atividades. O antigo &ldquo;evangelizador&rdquo; passou a esbarrar em pessoas que j&aacute; conheciam as suas necessidades. A entrada dos nascidos digitais, o contingente nascido a partir de 1985, que cresceu com a evolu&ccedil;&atilde;o dos computadores e a entrada da internet em cena, impacta as atividades dos desenvolvedores de solu&ccedil;&otilde;es para os ambientes corporativos. &ldquo;Hoje o usu&aacute;rio sabe o que quer&rdquo;, atesta Marcelo Santos.<\/p>\n\n\n\n<h2 class=\"wp-block-heading\">Diversifica&ccedil;&atilde;o<\/h2>\n\n\n\n<p>O processo de aprofunda agora, sinalizando a necessidade de reposicionamento dos futuros profissionais das &aacute;reas de TI. Uma das vari&aacute;veis &eacute; a que graduados em outras &aacute;reas migram para o setor de tecnologia, em busca de novas oportunidades. Ou porque percebem que eles mesmos podem ser os geradores de solu&ccedil;&otilde;es para atividades de onde vieram.  Segundo um relat&oacute;rio da empresa de consultoria empresarial McKinsey, 75 milh&otilde;es a 375 milh&otilde;es de trabalhadores podem precisar mudar de categoria ocupacional e aprender novas habilidades. <\/p>\n\n\n\n<p>Dados do relat&oacute;rio How Robots Change the World da Oxford Economics indicam que mais de 8% da for&ccedil;a de trabalho de manufatura global deve ser substitu&iacute;da por rob&ocirc;s at&eacute; 2030. Em cerca de 60% das ocupa&ccedil;&otilde;es, mais de 30% das atividades podem ser automatizadas nos pr&oacute;ximos dez anos, segundo a McKinsey. H&aacute; demanda de fato, mas a entrada no mercado de gera&ccedil;&otilde;es que  cresceram j&aacute; programando vai definir o surgimento de novos cen&aacute;rios desafiadores.<\/p>\n\n\n\n<p>Para o executivo da Iteris, o mercado e as institui&ccedil;&otilde;es de ensino dever&atilde;o encontrar novos modelos de prepara&ccedil;&atilde;o das futuras gera&ccedil;&otilde;es de especialistas em tecnologia da informa&ccedil;&atilde;o. Inclusive que leve em conta a expans&atilde;o das contrata&ccedil;&otilde;es de pessoas com forma&ccedil;&otilde;es diferenciadas ou, mesmo, preparados em cursos de curta dura&ccedil;&atilde;o. <\/p>\n\n\n\n<div class=\"wp-block-columns is-layout-flex wp-container-core-columns-is-layout-9d6595d7 wp-block-columns-is-layout-flex\">\n<div class=\"wp-block-column is-layout-flow wp-block-column-is-layout-flow\" style=\"flex-basis:33.33%\">\n<h2 class=\"wp-block-heading\">Confira a entrevista<\/h2>\n\n\n\n<p><strong>Marcelo Santos<\/strong><br>s&oacute;cio-fundador e vice-presidente de Services &amp; People da Iteris <\/p>\n<\/div>\n\n\n\n<div class=\"wp-block-column is-vertically-aligned-center is-layout-flow wp-block-column-is-layout-flow\" style=\"flex-basis:66.66%\">\n<figure class=\"wp-block-embed is-type-rich is-provider-incorporar-manipulador wp-block-embed-incorporar-manipulador wp-embed-aspect-16-9 wp-has-aspect-ratio\"><div class=\"wp-block-embed__wrapper\">\n<iframe loading=\"lazy\" title=\"O futuro do mercado de tecnologia da informa&ccedil;&atilde;o\" width=\"696\" height=\"392\" src=\"https:\/\/www.youtube.com\/embed\/XwYrCsTFcoE?feature=oembed\" frameborder=\"0\" allow=\"accelerometer; autoplay; clipboard-write; encrypted-media; gyroscope; picture-in-picture; web-share\" referrerpolicy=\"strict-origin-when-cross-origin\" allowfullscreen><\/iframe>\n<\/div><\/figure>\n<\/div>\n<\/div>\n","protected":false},"excerpt":{"rendered":"<p>Empresa identifica a diversifica&ccedil;&atilde;o do perfil de profissionais envolvidos com projetos de TI. &Eacute; futuro da tecnologia da informa&ccedil;&atilde;o em processo de mudan&ccedil;a<\/p>\n","protected":false},"author":1,"featured_media":8624,"comment_status":"open","ping_status":"open","sticky":false,"template":"","format":"standard","meta":{"tdm_status":"","tdm_grid_status":"","footnotes":"","jetpack_publicize_message":"","jetpack_publicize_feature_enabled":true,"jetpack_social_post_already_shared":true,"jetpack_social_options":{"image_generator_settings":{"template":"highway","enabled":false},"version":2}},"categories":[14,20,16],"tags":[3292,1678,240,367,3296,3295,3294],"class_list":{"0":"post-18142","1":"post","2":"type-post","3":"status-publish","4":"format-standard","5":"has-post-thumbnail","7":"category-mercado-de-trabalho","8":"category-destaques","9":"category-tendencias-setores","10":"tag-futuro-da-tecnologia-da-informacao","11":"tag-futuro-da-ti","12":"tag-futuro-das-profissoes","13":"tag-modelos-de-producao","14":"tag-squads","15":"tag-tendencias-da-tecnologia-da-informacao","16":"tag-tendencias-da-ti"},"jetpack_publicize_connections":[],"jetpack_featured_media_url":"https:\/\/radardofuturo.com.br\/test\/wp-content\/uploads\/2019\/11\/pexels-photo-3277808.jpeg","post_mailing_queue_ids":[],"_links":{"self":[{"href":"https:\/\/radardofuturo.com.br\/test\/wp-json\/wp\/v2\/posts\/18142","targetHints":{"allow":["GET"]}}],"collection":[{"href":"https:\/\/radardofuturo.com.br\/test\/wp-json\/wp\/v2\/posts"}],"about":[{"href":"https:\/\/radardofuturo.com.br\/test\/wp-json\/wp\/v2\/types\/post"}],"author":[{"embeddable":true,"href":"https:\/\/radardofuturo.com.br\/test\/wp-json\/wp\/v2\/users\/1"}],"replies":[{"embeddable":true,"href":"https:\/\/radardofuturo.com.br\/test\/wp-json\/wp\/v2\/comments?post=18142"}],"version-history":[{"count":0,"href":"https:\/\/radardofuturo.com.br\/test\/wp-json\/wp\/v2\/posts\/18142\/revisions"}],"wp:featuredmedia":[{"embeddable":true,"href":"https:\/\/radardofuturo.com.br\/test\/wp-json\/wp\/v2\/media\/8624"}],"wp:attachment":[{"href":"https:\/\/radardofuturo.com.br\/test\/wp-json\/wp\/v2\/media?parent=18142"}],"wp:term":[{"taxonomy":"category","embeddable":true,"href":"https:\/\/radardofuturo.com.br\/test\/wp-json\/wp\/v2\/categories?post=18142"},{"taxonomy":"post_tag","embeddable":true,"href":"https:\/\/radardofuturo.com.br\/test\/wp-json\/wp\/v2\/tags?post=18142"}],"curies":[{"name":"wp","href":"https:\/\/api.w.org\/{rel}","templated":true}]}}