{"id":18045,"date":"2021-08-03T16:50:25","date_gmt":"2021-08-03T19:50:25","guid":{"rendered":"https:\/\/radardofuturo.com.br\/?p=18045"},"modified":"2021-08-03T16:50:34","modified_gmt":"2021-08-03T19:50:34","slug":"estudo-aponta-impactos-da-crise-de-representacao-no-cenario-politico-da-al","status":"publish","type":"post","link":"https:\/\/radardofuturo.com.br\/test\/estudo-aponta-impactos-da-crise-de-representacao-no-cenario-politico-da-al\/","title":{"rendered":"Estudo aponta impactos da crise de representa\u00e7\u00e3o no cen\u00e1rio pol\u00edtico da AL"},"content":{"rendered":"\n<figure class=\"wp-block-image size-full is-style-default\"><img loading=\"lazy\" decoding=\"async\" width=\"1000\" height=\"667\" src=\"https:\/\/radardofuturo.com.br\/test\/wp-content\/uploads\/2021\/08\/camara-dos-deputados-reuniao-de-plenario-foto-Pablo-Valadares-camara-dos-Deputados.jpg\" alt=\"crise de representa&ccedil;&atilde;o: foto mostra plen&aacute;rio da camara dos deputados \nFoto: Pablo Valadares\/C&acirc;mara dos Deputados\" class=\"wp-image-18047\" srcset=\"https:\/\/radardofuturo.com.br\/test\/wp-content\/uploads\/2021\/08\/camara-dos-deputados-reuniao-de-plenario-foto-Pablo-Valadares-camara-dos-Deputados.jpg 1000w, https:\/\/radardofuturo.com.br\/test\/wp-content\/uploads\/2021\/08\/camara-dos-deputados-reuniao-de-plenario-foto-Pablo-Valadares-camara-dos-Deputados-300x200.jpg 300w, https:\/\/radardofuturo.com.br\/test\/wp-content\/uploads\/2021\/08\/camara-dos-deputados-reuniao-de-plenario-foto-Pablo-Valadares-camara-dos-Deputados-768x512.jpg 768w, https:\/\/radardofuturo.com.br\/test\/wp-content\/uploads\/2021\/08\/camara-dos-deputados-reuniao-de-plenario-foto-Pablo-Valadares-camara-dos-Deputados-696x464.jpg 696w\" sizes=\"auto, (max-width: 1000px) 100vw, 1000px\"><figcaption><em>Pablo Valadares\/C&acirc;mara dos Deputados<\/em><\/figcaption><\/figure>\n\n\n\n<p><br>Para o cientista pol&iacute;tico Joscimar Silva, al&eacute;m das redes sociais tamb&eacute;m a crise da pol&iacute;tica abre espa&ccedil;os para a emerg&ecirc;ncia de lideran&ccedil;as digitais<br><\/p>\n\n\n\n<!--more-->\n\n\n\n<p>Como Kim Kataguiri, Joice Hasselmann e Olavo de Carvalho, entre outros, passaram de influenciadores digitais a lideran&ccedil;as pol&iacute;ticas nos &uacute;ltimos anos? O cientista pol&iacute;tico e pesquisador do Grupo Opini&atilde;o P&uacute;blica da UFMG Joscimar Silva investigou essa quest&atilde;o em sua tese de doutorado defendida no Programa de P&oacute;s-gradua&ccedil;&atilde;o em Ci&ecirc;ncia Pol&iacute;tica da UFMG.<\/p>\n\n\n\n<p>O trabalho mostra como a emerg&ecirc;ncia dessas lideran&ccedil;as est&aacute; ligada n&atilde;o apenas ao uso das redes sociais, mas tamb&eacute;m &agrave; crise de representa&ccedil;&atilde;o pol&iacute;tica que ganhou for&ccedil;a no Brasil desde as manifesta&ccedil;&otilde;es de 2013. E o fen&ocirc;meno n&atilde;o &eacute; apenas brasileiro. Ele ocorre no M&eacute;xico e no Peru, pa&iacute;ses onde tamb&eacute;m foram realizados protestos contra o sistema pol&iacute;tico que, assim como no Brasil, tiveram como caracter&iacute;sticas o questionamento &agrave;s bandeiras partid&aacute;rias, &agrave;s institui&ccedil;&otilde;es pol&iacute;ticas e &agrave; corrup&ccedil;&atilde;o.<\/p>\n\n\n\n<p>Joscimar Silva investigou os dados do Latinobar&ocirc;metro, levantamento que, desde 1995, analisa o comportamento pol&iacute;tico na Am&eacute;rica Latina e identificou uma desconfian&ccedil;a extrema nos partidos pol&iacute;ticos e em outras institui&ccedil;&otilde;es democr&aacute;ticas desses tr&ecirc;s pa&iacute;ses. Ele concluiu que as lideran&ccedil;as digitais aproveitam-se desse contexto de crise de representa&ccedil;&atilde;o e usam as redes sociais como trampolim para direcionar seus discursos para nichos espec&iacute;ficos.<\/p>\n\n\n\n<p>O estudo tamb&eacute;m alerta para o risco que essas lideran&ccedil;as podem representar para a democracia, j&aacute; que elas nem sempre respeitam as regras do jogo. <\/p>\n\n\n\n<p>Acesse a entrevista <strong><a href=\"https:\/\/downloads.megafono.host\/eb06eeb9-179f-4601-89ae-ca0c6d8f4c00\/Episodio78.mp3\" target=\"_blank\" rel=\"noreferrer noopener\">aqui<\/a>.<\/strong><\/p>\n\n\n\n<h2 class=\"wp-block-heading\">Raio-x da pesquisa<\/h2>\n\n\n\n<h4 class=\"wp-block-heading\">Tese: Surfando na crise de representa&ccedil;&atilde;o e nos valores: lideran&ccedil;as pol&iacute;ticas emergentes e m&iacute;dias sociais digitais na Am&eacute;rica Latina<\/h4>\n\n\n\n<p><strong>O que &eacute;<\/strong>: pesquisa que tem o objetivo de compreender o surgimento de lideran&ccedil;as pol&iacute;ticas digitais nas m&iacute;dias sociais digitais no atual contexto de crise de representa&ccedil;&atilde;o na Am&eacute;rica Latina, marcado por protestos antissistema, queda da confian&ccedil;a nos partidos, rejei&ccedil;&atilde;o &agrave;s institui&ccedil;&otilde;es e aos procedimentos da democracia representativa liberal<\/p>\n\n\n\n<p><strong>Pesquisador<\/strong>: Joscimar Souza Silva<\/p>\n\n\n\n<p>Programa de P&oacute;s-gra<strong>dua&ccedil;&atilde;o<\/strong>: Ci&ecirc;ncia Pol&iacute;tica<\/p>\n\n\n\n<p><strong>Orientador<\/strong>: Helcimara de Souza Telles (UFMG)<\/p>\n\n\n\n<p><strong>Coorientador<\/strong>: Jes&uacute;s Alejandro Moreno Alvarez (Itam, M&eacute;xico)<\/p>\n\n\n\n<p><strong>Ano da defesa<\/strong>: 2021<\/p>\n\n\n\n<p><strong>Financiamento<\/strong>: Associa&ccedil;&atilde;o Latino-americana de Ci&ecirc;ncia Pol&iacute;tica e Capes<\/p>\n","protected":false},"excerpt":{"rendered":"<p>Para o cientista pol&iacute;tico Joscimar Silva, al&eacute;m das redes sociais tamb&eacute;m a crise da pol&iacute;tica abre espa&ccedil;os para a emerg&ecirc;ncia de lideran&ccedil;as digitais<\/p>\n","protected":false},"author":15,"featured_media":18047,"comment_status":"open","ping_status":"open","sticky":false,"template":"","format":"standard","meta":{"tdm_status":"","tdm_grid_status":"","footnotes":"","jetpack_publicize_message":"","jetpack_publicize_feature_enabled":true,"jetpack_social_post_already_shared":true,"jetpack_social_options":{"image_generator_settings":{"template":"highway","enabled":false},"version":2}},"categories":[2245,22],"tags":[89,3263,3260,3258,431,3259,741,3121,2961],"class_list":{"0":"post-18045","1":"post","2":"type-post","3":"status-publish","4":"format-standard","5":"has-post-thumbnail","7":"category-conjuntura","8":"category-indicadores","9":"tag-america-latina","10":"tag-ciencia-politica","11":"tag-crise-da-politica","12":"tag-crise-de-representacao","13":"tag-crise-politica","14":"tag-impactos-da-crise-politica","15":"tag-politica-no-futuro","16":"tag-tendencias-da-politica","17":"tag-ufmg"},"jetpack_publicize_connections":[],"jetpack_featured_media_url":"https:\/\/radardofuturo.com.br\/test\/wp-content\/uploads\/2021\/08\/camara-dos-deputados-reuniao-de-plenario-foto-Pablo-Valadares-camara-dos-Deputados.jpg","post_mailing_queue_ids":[],"_links":{"self":[{"href":"https:\/\/radardofuturo.com.br\/test\/wp-json\/wp\/v2\/posts\/18045","targetHints":{"allow":["GET"]}}],"collection":[{"href":"https:\/\/radardofuturo.com.br\/test\/wp-json\/wp\/v2\/posts"}],"about":[{"href":"https:\/\/radardofuturo.com.br\/test\/wp-json\/wp\/v2\/types\/post"}],"author":[{"embeddable":true,"href":"https:\/\/radardofuturo.com.br\/test\/wp-json\/wp\/v2\/users\/15"}],"replies":[{"embeddable":true,"href":"https:\/\/radardofuturo.com.br\/test\/wp-json\/wp\/v2\/comments?post=18045"}],"version-history":[{"count":0,"href":"https:\/\/radardofuturo.com.br\/test\/wp-json\/wp\/v2\/posts\/18045\/revisions"}],"wp:featuredmedia":[{"embeddable":true,"href":"https:\/\/radardofuturo.com.br\/test\/wp-json\/wp\/v2\/media\/18047"}],"wp:attachment":[{"href":"https:\/\/radardofuturo.com.br\/test\/wp-json\/wp\/v2\/media?parent=18045"}],"wp:term":[{"taxonomy":"category","embeddable":true,"href":"https:\/\/radardofuturo.com.br\/test\/wp-json\/wp\/v2\/categories?post=18045"},{"taxonomy":"post_tag","embeddable":true,"href":"https:\/\/radardofuturo.com.br\/test\/wp-json\/wp\/v2\/tags?post=18045"}],"curies":[{"name":"wp","href":"https:\/\/api.w.org\/{rel}","templated":true}]}}