{"id":18024,"date":"2021-08-02T10:49:47","date_gmt":"2021-08-02T13:49:47","guid":{"rendered":"https:\/\/radardofuturo.com.br\/?p=18024"},"modified":"2021-08-02T10:53:41","modified_gmt":"2021-08-02T13:53:41","slug":"como-os-negocios-serao-impactados-pelas-tendencias-do-mercado","status":"publish","type":"post","link":"https:\/\/radardofuturo.com.br\/test\/como-os-negocios-serao-impactados-pelas-tendencias-do-mercado\/","title":{"rendered":"Como os neg\u00f3cios ser\u00e3o impactados pelas tend\u00eancias do mercado"},"content":{"rendered":"\n<p>Est&aacute; antenado com a transforma&ccedil;&atilde;o digital? Fique atento &agrave;s <a href=\"https:\/\/radardofuturo.com.br\/test\/ddof\/o-que-sao-tendencias\/\" target=\"_self\" title=\"Confira o que s&atilde;o tend&ecirc;ncias, os fatos ou fen&ocirc;menos que podem acontecer em algum momento adiante na hist&oacute;ria da sociedade, como um novo comportamento individual ou de um grupo\" class=\"encyclopedia\">tend&ecirc;ncias<\/a> que v&atilde;o gerar impacto nos neg&oacute;cios<\/p>\n\n\n\n<figure class=\"wp-block-image size-full\"><img loading=\"lazy\" decoding=\"async\" width=\"960\" height=\"640\" src=\"https:\/\/radardofuturo.com.br\/test\/wp-content\/uploads\/2018\/05\/comercio-de-roupas-vestuario-comercializacao-lojas.jpg\" alt=\"roupas enfileirados em cabides em uma loja de roupas foto: Pixabay\" class=\"wp-image-1150\" srcset=\"https:\/\/radardofuturo.com.br\/test\/wp-content\/uploads\/2018\/05\/comercio-de-roupas-vestuario-comercializacao-lojas.jpg 960w, https:\/\/radardofuturo.com.br\/test\/wp-content\/uploads\/2018\/05\/comercio-de-roupas-vestuario-comercializacao-lojas-300x200.jpg 300w, https:\/\/radardofuturo.com.br\/test\/wp-content\/uploads\/2018\/05\/comercio-de-roupas-vestuario-comercializacao-lojas-768x512.jpg 768w, https:\/\/radardofuturo.com.br\/test\/wp-content\/uploads\/2018\/05\/comercio-de-roupas-vestuario-comercializacao-lojas-480x320.jpg 480w\" sizes=\"auto, (max-width: 960px) 100vw, 960px\"><figcaption>foto: Pixabay<\/figcaption><\/figure>\n\n\n\n<p><\/p>\n\n\n\n<p>Carlos Baptista *<\/p>\n\n\n\n<p>As dificuldades impostas pela pandemia fizeram com que a transforma&ccedil;&atilde;o digital acelerasse cada vez mais nas organiza&ccedil;&otilde;es, como uma maneira de se adaptar a uma nova realidade. Foi uma forma das empresas se adequarem &agrave;s mudan&ccedil;as de processos de trabalho e tamb&eacute;m ao novo jeito de abordar seus consumidores, motivado pela necessidade do isolamento social. Consequentemente, as corpora&ccedil;&otilde;es est&atilde;o mais atentas ao avan&ccedil;o dessa verdadeira revolu&ccedil;&atilde;o ficando mais antenadas com a chegada de novas <a href=\"https:\/\/radardofuturo.com.br\/test\/ddof\/o-que-sao-tendencias\/\" target=\"_self\" title=\"Confira o que s&atilde;o tend&ecirc;ncias, os fatos ou fen&ocirc;menos que podem acontecer em algum momento adiante na hist&oacute;ria da sociedade, como um novo comportamento individual ou de um grupo\" class=\"encyclopedia\">tend&ecirc;ncias<\/a> capazes de gerar impactos nos neg&oacute;cios.<\/p>\n\n\n\n<p>E essa aten&ccedil;&atilde;o por parte das organiza&ccedil;&otilde;es em rela&ccedil;&atilde;o &agrave; transforma&ccedil;&atilde;o se encontra cada vez mais evidente. Prova deste cen&aacute;rio &eacute; a pesquisa divulgada recentemente pelo Gartner, que mostra um avan&ccedil;o da pretens&atilde;o dos investimentos em recursos digitais ainda neste ano. De acordo com o estudo, 82% dos CFOs das grandes corpora&ccedil;&otilde;es pretendem aumentar o investimento em transforma&ccedil;&atilde;o digital, se comparado com 2020.<\/p>\n\n\n\n<p>Realizado entre os meses de julho e dezembro do ano passado, o levantamento revela ainda uma trajet&oacute;ria de avan&ccedil;o da <a href=\"https:\/\/radardofuturo.com.br\/test\/ddof\/digitalizacao\/\" target=\"_self\" title=\"Digitaliza&ccedil;&atilde;o &eacute; o processo que transforma coisas anal&oacute;gicas, ou seja, algo com exist&ecirc;ncia f&iacute;sica, como um documento, uma foto, um disco de vinil ou seu ambiente de trabalho, em sistemas ou recursos acess&iacute;veis por computador.\" class=\"encyclopedia\">digitaliza&ccedil;&atilde;o<\/a> desde ent&atilde;o. Segundo esta avalia&ccedil;&atilde;o , 70% dos entrevistados j&aacute; planejavam ampliar os gastos com tecnologia em 2020 para atenderem &agrave;s novas necessidades geradas pela pandemia.<\/p>\n\n\n\n<p>O fato &eacute; que o avan&ccedil;o dessa revolu&ccedil;&atilde;o j&aacute; trouxe reflexos na sociedade ao longo dos &uacute;ltimos anos. As pessoas passaram a ter mais acesso &agrave; tecnologia e &agrave;s novas plataformas. Consequentemente, conseguiram obter uma gama maior de informa&ccedil;&otilde;es sobre uma determinada empresa ou servi&ccedil;o, informa&ccedil;&otilde;es essas que influenciam a decis&atilde;o do consumidor final.<\/p>\n\n\n\n<p>Esse contexto traz como primeiro impacto o aumento da concorr&ecirc;ncia. As organiza&ccedil;&otilde;es passam a levar mais em conta a experi&ecirc;ncia do consumidor e a proposta de valor entregue como vari&aacute;vel para a defini&ccedil;&atilde;o da estrat&eacute;gia, se comparadas ao per&iacute;odo antes da pandemia. Outro reflexo &eacute; a presen&ccedil;a ainda maior das empresas nas redes sociais. Antes da Covid-19, muitas delas n&atilde;o tinham perfis nessas m&iacute;dias nem consideravam estas plataformas como canais de relacionamento com o cliente. Al&eacute;m disso, os clientes passaram a analisar a decis&atilde;o de outros consumidores para tomar a pr&oacute;pria decis&atilde;o de comprar um produto ou servi&ccedil;o.<\/p>\n\n\n\n<p>&Eacute; importante lembrar que a transforma&ccedil;&atilde;o digital deve sempre ser focada no ser humano como o centro da transforma&ccedil;&atilde;o. Em meio a essa pondera&ccedil;&atilde;o fica uma quest&atilde;o: Tudo vai voltar ao normal com o fim da Covid-19? Ningu&eacute;m tem a certeza do que vai acontecer, mas &eacute; poss&iacute;vel afirmar que nada ser&aacute; como antes.<\/p>\n\n\n\n<p>O mundo dos neg&oacute;cios est&aacute; passando por novas necessidades e exig&ecirc;ncias e para se manter nessa nova realidade, as organiza&ccedil;&otilde;es devem ficar atentas a algumas <a href=\"https:\/\/radardofuturo.com.br\/test\/ddof\/o-que-sao-tendencias\/\" target=\"_self\" title=\"Confira o que s&atilde;o tend&ecirc;ncias, os fatos ou fen&ocirc;menos que podem acontecer em algum momento adiante na hist&oacute;ria da sociedade, como um novo comportamento individual ou de um grupo\" class=\"encyclopedia\">tend&ecirc;ncias<\/a> que impactam nos modelos de neg&oacute;cio e modo de atuar nesse novo mercado. Abaixo, algumas <a href=\"https:\/\/radardofuturo.com.br\/test\/ddof\/o-que-sao-tendencias\/\" target=\"_self\" title=\"Confira o que s&atilde;o tend&ecirc;ncias, os fatos ou fen&ocirc;menos que podem acontecer em algum momento adiante na hist&oacute;ria da sociedade, como um novo comportamento individual ou de um grupo\" class=\"encyclopedia\">tend&ecirc;ncias<\/a> que v&atilde;o gerar impactos:<\/p>\n\n\n\n<h2 class=\"wp-block-heading\">1 &ndash; Novo modelo de colaboradores<\/h2>\n\n\n\n<p>Haver&aacute; um novo modelo de profissionais nas organiza&ccedil;&otilde;es. A tecnologia permitiu que os colaboradores consigam trabalhar remotamente de qualquer lugar do mundo. Com isso, tamb&eacute;m surgiu a possibilidade de novas vagas em qualquer local do pa&iacute;s e at&eacute; do planeta.<\/p>\n\n\n\n<p>Esta possibilidade ir&aacute; gerar novas necessidades de educa&ccedil;&atilde;o. O profissional precisa desenvolver novas habilidades, t&eacute;cnicas e n&atilde;o t&eacute;cnicas para atender &agrave;s necessidades do mercado. Por exemplo, &eacute; interessante o estudo de novos idiomas que permitam atender a uma vaga fora do Brasil.<\/p>\n\n\n\n<p>Outro aspecto que deve ser levado em conta &eacute; a press&atilde;o psicol&oacute;gica que o modelo de Home Office gerou. Embora tenha sido confort&aacute;vel sair dos escrit&oacute;rios para trabalhar em casa, os profissionais sentiram muito o impacto psicol&oacute;gico de estarem confinados e do seu espa&ccedil;o privado passar a ser compartilhado com todos. <\/p>\n\n\n\n<p>Por esse motivo, uma das <a href=\"https:\/\/radardofuturo.com.br\/test\/ddof\/o-que-sao-tendencias\/\" target=\"_self\" title=\"Confira o que s&atilde;o tend&ecirc;ncias, os fatos ou fen&ocirc;menos que podem acontecer em algum momento adiante na hist&oacute;ria da sociedade, como um novo comportamento individual ou de um grupo\" class=\"encyclopedia\">tend&ecirc;ncias<\/a> &eacute; a utiliza&ccedil;&atilde;o de novos espa&ccedil;os de trabalho, que n&atilde;o estar&atilde;o na nossa casa, nem nas empresas, mas em espa&ccedil;os alternativos como caf&eacute;s, espa&ccedil;os de coworking ou outros locais que sejam uma alternativa confort&aacute;vel mas n&atilde;o sejam invasivos como a nossa casa.<\/p>\n\n\n\n<h2 class=\"wp-block-heading\">2 &ndash; Tecnologia<\/h2>\n\n\n\n<p>As empresas v&atilde;o investir ainda mais em tecnologia, ganhar&atilde;o mais efici&ecirc;ncia e reduzir&atilde;o custos. Por meio dela, haver&aacute; canais de acesso aos clientes ainda mais customizados e personalizados que v&atilde;o ajudar na experi&ecirc;ncia dos consumidores.<\/p>\n\n\n\n<p>Os profissionais devem ficar atentos porque tamb&eacute;m surgir&atilde;o novas carreiras com essas novas tecnologias. Isso ser&aacute; poss&iacute;vel diante do uso cada vez maior de tecnologia como Intelig&ecirc;ncia Artificial, computa&ccedil;&atilde;o qu&acirc;ntica, big data, blockchain, etc. As lideran&ccedil;as precisam estar abertas para essas novas carreiras incentivando a inclus&atilde;o e desenvolvimento das mesmas.<\/p>\n\n\n\n<h2 class=\"wp-block-heading\">3 &ndash; Organiza&ccedil;&otilde;es flex&iacute;veis<\/h2>\n\n\n\n<p>As organiza&ccedil;&otilde;es ser&atilde;o mais flex&iacute;veis e adapt&aacute;veis para que possam se modelar facilmente as novas necessidades que ser&atilde;o constantes. A ado&ccedil;&atilde;o da agilidade como mindset vai permitir mais efic&aacute;cia e direcionamento dos recursos. O mundo passar&aacute; por dificuldades econ&ocirc;micas no p&oacute;s-pandemia, por isso ter um foco maior no resultado ser&aacute; crucial para as organiza&ccedil;&otilde;es.<\/p>\n\n\n\n<h2 class=\"wp-block-heading\">4 &ndash; Nova lideran&ccedil;a<\/h2>\n\n\n\n<p>Haver&aacute; tamb&eacute;m um novo modelo de lideran&ccedil;a. N&atilde;o existir&aacute; mais espa&ccedil;o para o tradicional gestor autocr&aacute;tico. Esse novo l&iacute;der precisa ser mais inclusivo e servidor para chegar a um resultado por interm&eacute;dio de redes de colabora&ccedil;&atilde;o internas e externas.<\/p>\n\n\n\n<p>As equipes s&atilde;o cada vez mais formadas por profissionais com diferentes habilidades, de diferentes gera&ccedil;&otilde;es e n&iacute;veis de experi&ecirc;ncia. E todos t&ecirc;m a contribuir para o crescimento e para o resultado da organiza&ccedil;&atilde;o. A amplia&ccedil;&atilde;o da rede de colabora&ccedil;&atilde;o vai promover aprendizado entre as lideran&ccedil;as dentro e fora das organiza&ccedil;&otilde;es e assim potencializarmos o crescimento.<\/p>\n\n\n\n<p>Apesar de parecer t&atilde;o &oacute;bvia, a transforma&ccedil;&atilde;o digital ainda n&atilde;o faz parte do planejamento de muitas organiza&ccedil;&otilde;es. N&atilde;o &eacute; apenas mais um movimento, pois j&aacute; foi incorporada no nosso dia a dia e nunca ir&aacute; terminar. Passou a ser algo constante nas organiza&ccedil;&otilde;es. E nessa revolu&ccedil;&atilde;o, &eacute; preciso focar no ser humano, num novo modelo de lideran&ccedil;a e entender os novos liderados para adotar esse mindset &aacute;gil.<\/p>\n\n\n\n<hr class=\"wp-block-separator\">\n\n\n\n<ul class=\"wp-block-list\"><li><em>Carlos Baptista &eacute; professor e coordenador no N&uacute;cleo de Sele&ccedil;&atilde;o de Alunos do MBA da FIAP. Especialista em transforma&ccedil;&atilde;o digital, atua como diretor da A&amp;B Consultoria e Desenvolvimento Humano e &eacute; co-criador do Modelo &Aacute;gil Comportamental (MAC). Possui mais de 30 anos de experi&ecirc;ncia em TI no Brasil e Portugal.<\/em><\/li><\/ul>\n\n\n\n<p><\/p>\n","protected":false},"excerpt":{"rendered":"<p>Est&aacute; antenado com a transforma&ccedil;&atilde;o digital? Fique atento &agrave;s <a href=\"https:\/\/radardofuturo.com.br\/test\/ddof\/o-que-sao-tendencias\/\" target=\"_self\" title=\"Confira o que s&atilde;o tend&ecirc;ncias, os fatos ou fen&ocirc;menos que podem acontecer em algum momento adiante na hist&oacute;ria da sociedade, como um novo comportamento individual ou de um grupo\" class=\"encyclopedia\">tend&ecirc;ncias<\/a> que v&atilde;o gerar impacto nos neg&oacute;cios Carlos Baptista * As dificuldades impostas pela pandemia fizeram com que a transforma&ccedil;&atilde;o digital acelerasse cada vez mais nas organiza&ccedil;&otilde;es, como uma maneira de se adaptar a uma nova realidade. Foi uma forma das empresas se adequarem &agrave;s mudan&ccedil;as [&hellip;]<\/p>\n","protected":false},"author":14,"featured_media":1150,"comment_status":"open","ping_status":"open","sticky":false,"template":"","format":"standard","meta":{"tdm_status":"","tdm_grid_status":"","footnotes":"","jetpack_publicize_message":"","jetpack_publicize_feature_enabled":true,"jetpack_social_post_already_shared":true,"jetpack_social_options":{"image_generator_settings":{"template":"highway","enabled":false},"version":2}},"categories":[36,16],"tags":[3240,286,564,45,2292,2326],"class_list":{"0":"post-18024","1":"post","2":"type-post","3":"status-publish","4":"format-standard","5":"has-post-thumbnail","7":"category-pensadores-futuro","8":"category-tendencias-setores","9":"tag-impactos-das-tendencias","10":"tag-negocios","11":"tag-novos-negocios","12":"tag-oportunidades","13":"tag-oportunidades-e-ameacas","14":"tag-tendencias-dos-negocios"},"jetpack_publicize_connections":[],"jetpack_featured_media_url":"https:\/\/radardofuturo.com.br\/test\/wp-content\/uploads\/2018\/05\/comercio-de-roupas-vestuario-comercializacao-lojas.jpg","post_mailing_queue_ids":[],"_links":{"self":[{"href":"https:\/\/radardofuturo.com.br\/test\/wp-json\/wp\/v2\/posts\/18024","targetHints":{"allow":["GET"]}}],"collection":[{"href":"https:\/\/radardofuturo.com.br\/test\/wp-json\/wp\/v2\/posts"}],"about":[{"href":"https:\/\/radardofuturo.com.br\/test\/wp-json\/wp\/v2\/types\/post"}],"author":[{"embeddable":true,"href":"https:\/\/radardofuturo.com.br\/test\/wp-json\/wp\/v2\/users\/14"}],"replies":[{"embeddable":true,"href":"https:\/\/radardofuturo.com.br\/test\/wp-json\/wp\/v2\/comments?post=18024"}],"version-history":[{"count":0,"href":"https:\/\/radardofuturo.com.br\/test\/wp-json\/wp\/v2\/posts\/18024\/revisions"}],"wp:featuredmedia":[{"embeddable":true,"href":"https:\/\/radardofuturo.com.br\/test\/wp-json\/wp\/v2\/media\/1150"}],"wp:attachment":[{"href":"https:\/\/radardofuturo.com.br\/test\/wp-json\/wp\/v2\/media?parent=18024"}],"wp:term":[{"taxonomy":"category","embeddable":true,"href":"https:\/\/radardofuturo.com.br\/test\/wp-json\/wp\/v2\/categories?post=18024"},{"taxonomy":"post_tag","embeddable":true,"href":"https:\/\/radardofuturo.com.br\/test\/wp-json\/wp\/v2\/tags?post=18024"}],"curies":[{"name":"wp","href":"https:\/\/api.w.org\/{rel}","templated":true}]}}