{"id":17950,"date":"2021-07-27T17:46:16","date_gmt":"2021-07-27T20:46:16","guid":{"rendered":"https:\/\/radardofuturo.com.br\/?p=17950"},"modified":"2021-07-27T18:30:25","modified_gmt":"2021-07-27T21:30:25","slug":"natural-one-dara-r75-mil-reais-para-impulsionar-negocios-sustentaveis","status":"publish","type":"post","link":"https:\/\/radardofuturo.com.br\/test\/natural-one-dara-r75-mil-reais-para-impulsionar-negocios-sustentaveis\/","title":{"rendered":"Natural One dar\u00e1 R$75 mil reais para impulsionar neg\u00f3cios sustent\u00e1veis"},"content":{"rendered":"\n<p><strong>Inscri&ccedil;&otilde;es para o Coletivo Natural come&ccedil;am no dia 26 de julho e, al&eacute;m de pr&ecirc;mio, ganhadores ter&atilde;o live coaching com especialistas<\/strong><\/p>\n\n\n\n<!--more-->\n\n\n\n<figure class=\"wp-block-image size-large is-style-default\"><img loading=\"lazy\" decoding=\"async\" width=\"1024\" height=\"576\" src=\"https:\/\/radardofuturo.com.br\/test\/wp-content\/uploads\/2021\/07\/natural-one-1024x576.jpg\" alt=\"anuncio natural one oferece pr&ecirc;mio para neg&oacute;cios sustent&aacute;veis\" class=\"wp-image-17951\" srcset=\"https:\/\/radardofuturo.com.br\/test\/wp-content\/uploads\/2021\/07\/natural-one-1024x576.jpg 1024w, https:\/\/radardofuturo.com.br\/test\/wp-content\/uploads\/2021\/07\/natural-one-300x169.jpg 300w, https:\/\/radardofuturo.com.br\/test\/wp-content\/uploads\/2021\/07\/natural-one-768x432.jpg 768w, https:\/\/radardofuturo.com.br\/test\/wp-content\/uploads\/2021\/07\/natural-one-1536x864.jpg 1536w, https:\/\/radardofuturo.com.br\/test\/wp-content\/uploads\/2021\/07\/natural-one-696x392.jpg 696w, https:\/\/radardofuturo.com.br\/test\/wp-content\/uploads\/2021\/07\/natural-one-1392x783.jpg 1392w, https:\/\/radardofuturo.com.br\/test\/wp-content\/uploads\/2021\/07\/natural-one.jpg 1920w\" sizes=\"auto, (max-width: 1024px) 100vw, 1024px\"><\/figure>\n\n\n\n<p>Em busca de impactar o ecossistema do empreendedorismo por meio da sustentabilidade, a Natural One, marca l&iacute;der em sucos 100% naturais no pa&iacute;s, anuncia a abertura das inscri&ccedil;&otilde;es a partir do dia 26 de julho para o Coletivo Natural. A iniciativa nasce com o prop&oacute;sito de catalisar e impulsionar ideias disruptivas de pessoas que tenham uma cultura de sustentabilidade e criatividade. Ao fim de um processo de sele&ccedil;&atilde;o, vota&ccedil;&atilde;o popular e live coaching, o Coletivo Natural premiar&aacute; 3 projetos com R$25 mil reais para que eles saiam do papel e se tornem realidade.<\/p>\n\n\n\n<p>&ldquo;O Coletivo Natural foi inspirado na natureza, que &eacute; um dos mais importantes pontos para n&oacute;s da Natural One. &Eacute; nosso dever levantar a bandeira da sustentabilidade e sermos propulsores de ideias que impactem positivamente o meio ambiente e a sociedade&rdquo;, afirma Rafael Catol&eacute;, head de marketing e exporta&ccedil;&atilde;o.<\/p>\n\n\n\n<p>Dez ideias ser&atilde;o pr&eacute;-selecionadas pelo time da Natural One. Os neg&oacute;cios precisam se conectar com tr&ecirc;s categorias: natureza criativa, alimenta&ccedil;&atilde;o saud&aacute;vel e\/ou empreendedorismo sustent&aacute;vel. &ldquo;Durante as inscri&ccedil;&otilde;es, os candidatos precisam apresentar suas ideias e nos contar por que seu neg&oacute;cio deve ser selecionado e mentoreado pelo nosso time&rdquo;, compartilha Catol&eacute;.<\/p>\n\n\n\n<p>Em formato de competi&ccedil;&atilde;o, os 10 finalistas entrar&atilde;o em uma fase de vota&ccedil;&atilde;o popular, a fim de engajar o maior n&uacute;mero de pessoas que apoiem seus projetos. No dia 20 de setembro, o time da Natural One, juntamente com influenciadores convidados pela Companhia, anunciar&aacute; os 3 neg&oacute;cios mais votados, que receber&atilde;o uma mentoria exclusiva que acontecer&aacute; de forma digital por meio de lives. Para formar o j&uacute;ri, foram convidados Geraldo Rufino (@geraldoarufino) e Rafaella Cappai (@rafacappai), al&eacute;m do time da Natural One com o head de marketing e exporta&ccedil;&atilde;o Rafael Catol&eacute;.<\/p>\n\n\n\n<p>&ldquo;Quando recebi o convite me senti fazendo parte de algo grandioso para todos e esse &eacute; o meu principal prop&oacute;sito de vida, poder contribuir com algo positivo na vida das pessoas. Estou ansioso para quando abrir as inscri&ccedil;&otilde;es e ver tanta gente de mente inovadora e brilhante, entrando em a&ccedil;&atilde;o com projetos que podem mudar o nosso futuro&rdquo;, conta Geraldo Rufino, presidente do conselho da JR DIESEL, maior recicladora automotiva da Am&eacute;rica Latina.<\/p>\n\n\n\n<p>Rafaella Cappai, criadora da Espa&ccedil;onave, &eacute; consumidora da marca e compartilha ser uma grata surpresa receber o convite pra participar do projeto. &ldquo;&Eacute; muito gratificante fazer parte de uma a&ccedil;&atilde;o que inclui muitas das minhas paix&otilde;es &ndash; como alimenta&ccedil;&atilde;o saud&aacute;vel, natureza, criatividade, empreendedorismo e sustentabilidade &ndash; e que tem o objetivo real de incentivar pot&ecirc;ncias criativas e transformar realidades. &Eacute; um baita exemplo de uma marca se colocando no lugar de cocriadora e de transformadora de realidades e estou bem feliz de fazer parte desse time! Que comecem os trabalhos!&rdquo;, comemora.<\/p>\n\n\n\n<h4 class=\"wp-block-heading\">Resultado<\/h4>\n\n\n\n<p>No Dia da Natureza, comemorado em 4 de outubro, o Coletivo Natural ir&aacute; anunciar os vencedores e como seus projetos foram desenvolvidos.<\/p>\n\n\n\n<p>O Coletivo Natural receber&aacute; novas inscri&ccedil;&otilde;es at&eacute; o dia 22 de agosto. Para se inscrever, acesse: <a href=\"https:\/\/coletivonaturalone.com.br\/\" target=\"_blank\" rel=\"noreferrer noopener\">https:\/\/coletivonaturalone.com.br\/<\/a><\/p>\n\n\n\n<h2 class=\"wp-block-heading\">Servi&ccedil;o:<\/h2>\n\n\n\n<ul class=\"wp-block-list\"><li><strong>Inscri&ccedil;&otilde;es Coletivo Natural<\/strong><\/li><li><strong>Quando<\/strong>: de 26 de julho a 22 de agosto<\/li><li><strong>Onde<\/strong>: <a href=\"https:\/\/coletivonaturalone.com.br\/\" target=\"_blank\" rel=\"noreferrer noopener\">https:\/\/coletivonaturalone.com.br<\/a>\/<\/li><\/ul>\n","protected":false},"excerpt":{"rendered":"<p>Inscri&ccedil;&otilde;es para o Coletivo Natural come&ccedil;am no dia 26 de julho e, al&eacute;m de pr&ecirc;mio, ganhadores ter&atilde;o live coaching com especialistas<\/p>\n","protected":false},"author":15,"featured_media":17951,"comment_status":"open","ping_status":"open","sticky":false,"template":"","format":"standard","meta":{"tdm_status":"","tdm_grid_status":"","footnotes":"","jetpack_publicize_message":"","jetpack_publicize_feature_enabled":true,"jetpack_social_post_already_shared":true,"jetpack_social_options":{"image_generator_settings":{"template":"highway","enabled":false},"version":2}},"categories":[1533,18],"tags":[3217,3216,3218,2858,564,3213,3215,147],"class_list":{"0":"post-17950","1":"post","2":"type-post","3":"status-publish","4":"format-standard","5":"has-post-thumbnail","7":"category-inovacoes-e-sustentabilidade","8":"category-eventos","9":"tag-alimentacao-saudavel","10":"tag-natureza","11":"tag-natureza-criativa","12":"tag-negocios-sustentaveis","13":"tag-novos-negocios","14":"tag-premio-para-negocios-sustentaveis","15":"tag-projetos-criativos","16":"tag-sustentabilidade"},"jetpack_publicize_connections":[],"jetpack_featured_media_url":"https:\/\/radardofuturo.com.br\/test\/wp-content\/uploads\/2021\/07\/natural-one.jpg","post_mailing_queue_ids":[],"_links":{"self":[{"href":"https:\/\/radardofuturo.com.br\/test\/wp-json\/wp\/v2\/posts\/17950","targetHints":{"allow":["GET"]}}],"collection":[{"href":"https:\/\/radardofuturo.com.br\/test\/wp-json\/wp\/v2\/posts"}],"about":[{"href":"https:\/\/radardofuturo.com.br\/test\/wp-json\/wp\/v2\/types\/post"}],"author":[{"embeddable":true,"href":"https:\/\/radardofuturo.com.br\/test\/wp-json\/wp\/v2\/users\/15"}],"replies":[{"embeddable":true,"href":"https:\/\/radardofuturo.com.br\/test\/wp-json\/wp\/v2\/comments?post=17950"}],"version-history":[{"count":0,"href":"https:\/\/radardofuturo.com.br\/test\/wp-json\/wp\/v2\/posts\/17950\/revisions"}],"wp:featuredmedia":[{"embeddable":true,"href":"https:\/\/radardofuturo.com.br\/test\/wp-json\/wp\/v2\/media\/17951"}],"wp:attachment":[{"href":"https:\/\/radardofuturo.com.br\/test\/wp-json\/wp\/v2\/media?parent=17950"}],"wp:term":[{"taxonomy":"category","embeddable":true,"href":"https:\/\/radardofuturo.com.br\/test\/wp-json\/wp\/v2\/categories?post=17950"},{"taxonomy":"post_tag","embeddable":true,"href":"https:\/\/radardofuturo.com.br\/test\/wp-json\/wp\/v2\/tags?post=17950"}],"curies":[{"name":"wp","href":"https:\/\/api.w.org\/{rel}","templated":true}]}}