{"id":17727,"date":"2021-07-15T11:32:55","date_gmt":"2021-07-15T14:32:55","guid":{"rendered":"https:\/\/radardofuturo.com.br\/?p=17727"},"modified":"2021-07-15T11:35:33","modified_gmt":"2021-07-15T14:35:33","slug":"especialista-lanca-livro-sobre-como-tornar-acoes-sociais-mais-efetivas","status":"publish","type":"post","link":"https:\/\/radardofuturo.com.br\/test\/especialista-lanca-livro-sobre-como-tornar-acoes-sociais-mais-efetivas\/","title":{"rendered":"Especialista lan\u00e7a livro sobre como tornar a\u00e7\u00f5es sociais mais efetivas"},"content":{"rendered":"\n<p><strong>Lan&ccedil;ada no Clube de Autores, a obra &ldquo;Ecossistema das iniciativas sociais no Brasil&rdquo; traz um menu cheio de possibilidades para aqueles que j&aacute; atuam ou querem se aproximar desta agenda social<\/strong><\/p>\n\n\n\n<!--more-->\n\n\n\n<p>Nos &uacute;ltimos anos, a agenda socioambiental tem crescido, ganhado cada vez mais relev&acirc;ncia e adquirido maior complexidade por meio de novas ferramentas, abordagens e narrativas. E &eacute; sobre este cen&aacute;rio que Maria Cec&iacute;lia Prates reflete em seu novo livro &ldquo;Ecossistema das Iniciativas Sociais no Brasil&rdquo;, publicado no Clube de Autores, maior plataforma de autopublica&ccedil;&atilde;o da Am&eacute;rica Latina. A obra traz uma discuss&atilde;o sobre as a&ccedil;&otilde;es e projetos sociais do terceiro setor e das empresas, e como essas iniciativas podem gerar impacto mais abrangente.<\/p>\n\n\n\n<p>A &aacute;rea social sempre foi o foco do trabalho da autora. Primeiro, durante os 17 anos em que atuou como pesquisadora na FGV \/ Ebape e, depois, quando seguiu com os seus trabalhos de consultoria, monitorias, aulas e pesquisas. O seu Manual, em parceria com a FDC, de planejamento e avalia&ccedil;&atilde;o de projetos sociais em organiza&ccedil;&otilde;es sociais vem sendo bastante utilizado.<\/p>\n\n\n\n<p>&ldquo;Busco pensar maneiras sobre como tornar essas a&ccedil;&otilde;es sociais mais efetivas, e n&atilde;o apenas processos de compliance. Em meu site tenho publicado diversos artigos sobre quest&otilde;es pol&ecirc;micas e mutantes relacionadas a impacto social e ambiental, terceiro setor, avalia&ccedil;&atilde;o de resultados, &#64257;lantropia e ESG. Decidi ent&atilde;o sistematizar algumas dessas reflex&otilde;es que vinha fazendo e transformar em um livro, de modo a contribuir no amadurecimento desses temas, fortalecer as boas iniciativas sociais e redirecionar as pouco e&#64257;cientes&rdquo;, conta Maria Cec&iacute;lia.<\/p>\n\n\n\n<p>O livro j&aacute; est&aacute; dispon&iacute;vel no site do Clube de Autores no link: <a href=\"https:\/\/clubedeautores.com.br\/livro\/ecossistema-das-iniciativas-sociais-no-brasil\" target=\"_blank\" rel=\"noopener\">https:\/\/clubedeautores.com.br\/livro\/ecossistema-das-iniciativas-sociais-no-brasil<\/a><\/p>\n\n\n\n<h2 class=\"wp-block-heading\">Sobre autora<\/h2>\n\n\n\n<p><strong>Maria Cec&iacute;lia Prates Rodrigues<\/strong> &eacute; economista e mestre em economia pela UFMG, e doutora em administra&ccedil;&atilde;o pela FGV \/Ebape (RJ). A &aacute;rea social sempre foi o foco de suas pesquisas durante o per&iacute;odo em que esteve como pesquisadora na FGV, e depois em seus trabalhos de monitoria, consultoria, pesquisa e voluntariado.<\/p>\n\n\n\n<p><strong>Sobre o Clube de Autores<\/strong><\/p>\n\n\n\n<p>O Clube de Autores &eacute; a maior plataforma de autopublica&ccedil;&atilde;o da Am&eacute;rica Latina. Hoje, a plataforma on demand, representa cerca de 27% de todos os livros publicados no Brasil. Al&eacute;m disso, oferece uma gama de servi&ccedil;os profissionais para os autores independentes que pretendem crescer e se desenvolver no mercado de literatura. A empresa, comandada por Ricardo Almeida, fechou o primeiro semestre de 2020 com uma rentabilidade 35% maior que no mesmo per&iacute;odo do ano anterior. Al&eacute;m disso, registrou aumento de 40% em suas vendas.<\/p>\n","protected":false},"excerpt":{"rendered":"<p>Lan&ccedil;ada no Clube de Autores, a obra &ldquo;Ecossistema das iniciativas sociais no Brasil&rdquo; traz um menu cheio de possibilidades para aqueles que j&aacute; atuam ou querem se aproximar desta agenda social<\/p>\n","protected":false},"author":1,"featured_media":2331,"comment_status":"open","ping_status":"open","sticky":false,"template":"","format":"standard","meta":{"tdm_status":"","tdm_grid_status":"","footnotes":"","jetpack_publicize_message":"","jetpack_publicize_feature_enabled":true,"jetpack_social_post_already_shared":true,"jetpack_social_options":{"image_generator_settings":{"template":"highway","enabled":false},"version":2}},"categories":[1634],"tags":[3038,190,3040,3045,3041,2205,3042,3043],"class_list":{"0":"post-17727","1":"post","2":"type-post","3":"status-publish","4":"format-standard","5":"has-post-thumbnail","7":"category-resenhas-literatura-inovacao","8":"tag-agenda-socioambiental","9":"tag-ambiente","10":"tag-area-social","11":"tag-ecossistemas","12":"tag-literatura","13":"tag-livros","14":"tag-livros-sobre-iniciativas-sociais","15":"tag-marketing-social"},"jetpack_publicize_connections":[],"jetpack_featured_media_url":"https:\/\/radardofuturo.com.br\/test\/wp-content\/uploads\/2018\/12\/livraria-biblioteca-livros-foto-pixabay.jpg","post_mailing_queue_ids":[],"_links":{"self":[{"href":"https:\/\/radardofuturo.com.br\/test\/wp-json\/wp\/v2\/posts\/17727","targetHints":{"allow":["GET"]}}],"collection":[{"href":"https:\/\/radardofuturo.com.br\/test\/wp-json\/wp\/v2\/posts"}],"about":[{"href":"https:\/\/radardofuturo.com.br\/test\/wp-json\/wp\/v2\/types\/post"}],"author":[{"embeddable":true,"href":"https:\/\/radardofuturo.com.br\/test\/wp-json\/wp\/v2\/users\/1"}],"replies":[{"embeddable":true,"href":"https:\/\/radardofuturo.com.br\/test\/wp-json\/wp\/v2\/comments?post=17727"}],"version-history":[{"count":0,"href":"https:\/\/radardofuturo.com.br\/test\/wp-json\/wp\/v2\/posts\/17727\/revisions"}],"wp:featuredmedia":[{"embeddable":true,"href":"https:\/\/radardofuturo.com.br\/test\/wp-json\/wp\/v2\/media\/2331"}],"wp:attachment":[{"href":"https:\/\/radardofuturo.com.br\/test\/wp-json\/wp\/v2\/media?parent=17727"}],"wp:term":[{"taxonomy":"category","embeddable":true,"href":"https:\/\/radardofuturo.com.br\/test\/wp-json\/wp\/v2\/categories?post=17727"},{"taxonomy":"post_tag","embeddable":true,"href":"https:\/\/radardofuturo.com.br\/test\/wp-json\/wp\/v2\/tags?post=17727"}],"curies":[{"name":"wp","href":"https:\/\/api.w.org\/{rel}","templated":true}]}}