{"id":17683,"date":"2021-07-13T16:47:46","date_gmt":"2021-07-13T19:47:46","guid":{"rendered":"https:\/\/radardofuturo.com.br\/?p=17683"},"modified":"2021-07-13T16:51:27","modified_gmt":"2021-07-13T19:51:27","slug":"o-desafio-da-retencao-de-profissionais-de-tecnologia-da-informacao","status":"publish","type":"post","link":"https:\/\/radardofuturo.com.br\/test\/o-desafio-da-retencao-de-profissionais-de-tecnologia-da-informacao\/","title":{"rendered":"O desafio da reten\u00e7\u00e3o de profissionais de tecnologia da informa\u00e7\u00e3o"},"content":{"rendered":"\n<figure class=\"wp-block-image size-large is-style-default\"><img loading=\"lazy\" decoding=\"async\" width=\"1880\" height=\"1254\" src=\"https:\/\/radardofuturo.com.br\/test\/wp-content\/uploads\/2021\/07\/pexels-photo-3861943.jpeg\" alt=\"woman writing on whiteboard\nmulher escrevendo no quadro branco\nmat&eacute;ria profissionais de tecnologia da informa&ccedil;&atilde;o\n\" class=\"wp-image-17684\" srcset=\"https:\/\/radardofuturo.com.br\/test\/wp-content\/uploads\/2021\/07\/pexels-photo-3861943.jpeg 1880w, https:\/\/radardofuturo.com.br\/test\/wp-content\/uploads\/2021\/07\/pexels-photo-3861943-300x200.jpeg 300w, https:\/\/radardofuturo.com.br\/test\/wp-content\/uploads\/2021\/07\/pexels-photo-3861943-1024x683.jpeg 1024w, https:\/\/radardofuturo.com.br\/test\/wp-content\/uploads\/2021\/07\/pexels-photo-3861943-768x512.jpeg 768w, https:\/\/radardofuturo.com.br\/test\/wp-content\/uploads\/2021\/07\/pexels-photo-3861943-1536x1025.jpeg 1536w, https:\/\/radardofuturo.com.br\/test\/wp-content\/uploads\/2021\/07\/pexels-photo-3861943-696x464.jpeg 696w, https:\/\/radardofuturo.com.br\/test\/wp-content\/uploads\/2021\/07\/pexels-photo-3861943-1392x928.jpeg 1392w\" sizes=\"auto, (max-width: 1880px) 100vw, 1880px\"><figcaption>Photo by ThisIsEngineering on <a href=\"https:\/\/www.pexels.com\/photo\/woman-writing-on-whiteboard-3861943\/\" rel=\"nofollow noopener\" target=\"_blank\">Pexels.com<\/a><\/figcaption><\/figure>\n\n\n\n<p><strong>Segundo pesquisa realizada pela Wyser, profissionais de tecnologia da informa&ccedil;&atilde;o ficam pouco mais de um ano no cargo<\/strong><\/p>\n\n\n\n<!--more-->\n\n\n\n<p>No Brasil, por conta da r&aacute;pida pulveriza&ccedil;&atilde;o da tecnologia e da inova&ccedil;&atilde;o, a demanda por profissionais de TI (Tecnologia da Informa&ccedil;&atilde;o) pelo mercado ainda &eacute; maior que a oferta. E isso d&aacute; aos candidatos forte poder de barganha e migra&ccedil;&atilde;o entre empresas conforme os sal&aacute;rios e benef&iacute;cios oferecidos.<\/p>\n\n\n\n<p>Em pesquisa recente realizada pela Wyser Brasil, consultoria especializada em oferecer servi&ccedil;os de recrutamento e sele&ccedil;&atilde;o para cargos de m&eacute;dia e alta ger&ecirc;ncia m&eacute;dia, e diretoria da multinacional de RH, Gi Group, 60% dos consultados apontaram que, a falta de conhecimento t&eacute;cnico e informa&ccedil;&otilde;es sobre a vaga, s&atilde;o as principais dificuldades vividas nas sele&ccedil;&otilde;es de vagas de empregos para quem atua na &aacute;rea de TI, e 30% disseram que entrevistas mais t&eacute;cnicas s&atilde;o mais atrativas e efetivas, seguido por 15% que preferem ser abordados por especialistas da &aacute;rea correspondente.<\/p>\n\n\n\n<p>A rotatividade desses especialistas nas empresas brasileiras &eacute; muito alta: 1,3 ao ano. &ldquo;Partindo desta vis&atilde;o, a Wyser explora algumas quest&otilde;es problem&aacute;ticas para departamentos de recursos humanos com rela&ccedil;&atilde;o ao processo de recrutamento e pr&aacute;ticas de reten&ccedil;&atilde;o de funcion&aacute;rios no setor&rdquo;, detalha Alex Campos, head de Recrutamento Especializado em TI da Wyser.<\/p>\n\n\n\n<h2 class=\"wp-block-heading\">Headhunters: papel essencial<\/h2>\n\n\n\n<p>A r&aacute;pida atualiza&ccedil;&atilde;o do setor representa um desafio at&eacute; mesmo para o recrutador, que pode ter dificuldade de combinar as necessidades espec&iacute;ficas da empresa com o perfil adequado. &ldquo;Por isso, sugerimos envolver recrutadores especializados no segmento, com experi&ecirc;ncia no mercado, e adotar uma abordagem cooperativa, fazendo com que os clientes participem do processo. Al&eacute;m disso, devemos lembrar que a experi&ecirc;ncia dos headhunters &eacute; crucial: na verdade, eles avaliam as caracter&iacute;sticas pessoais e de lideran&ccedil;a dos gerentes, bem como sua ader&ecirc;ncia &agrave; cultura organizacional e ao sistema de valores&rdquo;, orienta Campos.<\/p>\n\n\n\n<p>Dados aprofundados sobre a pesquisa &ndash; Quando se trata de diferenciais na busca por emprego, 46% dos profissionais de TI disseram que o crescimento profissional e as oportunidades que permitam desenvolver suas habilidades s&atilde;o os principais atrativos na decis&atilde;o por novos desafios, seguido por 35% que preferem pacotes de benef&iacute;cios e remunera&ccedil;&atilde;o e 18% por um plano de carreira.<\/p>\n\n\n\n<p>De acordo com a an&aacute;lise da Wyser Global, uma &ldquo;remunera&ccedil;&atilde;o e benef&iacute;cios excelentes&rdquo; &eacute; o que os profissionais de TI altamente qualificados desejam em um emprego (66%), mas tamb&eacute;m h&aacute; outros aspectos que importam. 62% da amostra considera crucial ter um equil&iacute;brio adequado entre o cargo ocupado e a vida privada; 45% a flexibilidade nos arranjos de trabalho e 42% uma cultura organizacional inspiradora.<\/p>\n\n\n\n<p>H&aacute; outro dado que devemos considerar: apenas 24% da amostra considera a seguran&ccedil;a no trabalho importante. Isso significa que os profissionais de TI n&atilde;o apenas t&ecirc;m um grande poder de barganha para negociar, mas tamb&eacute;m deixa evidente que n&atilde;o est&atilde;o preocupados em perder o emprego porque sabem que podem encontrar outro com facilidade.<\/p>\n\n\n\n<p>No Brasil, 30% classificaram que o &ldquo;crescimento e reconhecimento profissional&rdquo; s&atilde;o o que estes especialistas mais desejam em um trabalho. J&aacute; 27% da amostra considera crucial ter uma &ldquo;cultura de ambiente relacional e focada nas pessoas&rdquo; como diferencial de reten&ccedil;&atilde;o; e apenas 8% pontuaram que o ambiente f&iacute;sico diferenciado (dress code informal, pinball, ping-pong, v&iacute;deo game, por exemplo), &eacute; importante na reten&ccedil;&atilde;o de profissionais dentro da &aacute;rea.<\/p>\n\n\n\n<p>&ldquo;Orientamos empresas e candidatos tamb&eacute;m ap&oacute;s a contrata&ccedil;&atilde;o. Os profissionais de TI costumavam trabalhar em condi&ccedil;&otilde;es inteligentes e flex&iacute;veis com experi&ecirc;ncias como freelancer. Al&eacute;m disso, hoje em dia, cuidar das pessoas &eacute; um valor organizacional fundamental. Negociar a remunera&ccedil;&atilde;o n&atilde;o &eacute; mais suficiente para garantir a perman&ecirc;ncia e a satisfa&ccedil;&atilde;o (e, portanto, a produtividade) de um funcion&aacute;rio. Existem muitos outros aspectos que as empresas devem aprimorar e levar em considera&ccedil;&atilde;o com a ajuda tamb&eacute;m, de consultores especializados da &aacute;rea de RH &rdquo;, finaliza Campos.<\/p>\n","protected":false},"excerpt":{"rendered":"<p>Segundo pesquisa realizada pela Wyser, profissionais de tecnologia da informa&ccedil;&atilde;o ficam pouco mais de um ano no cargo<\/p>\n","protected":false},"author":15,"featured_media":17684,"comment_status":"open","ping_status":"open","sticky":false,"template":"","format":"standard","meta":{"tdm_status":"","tdm_grid_status":"","footnotes":"","jetpack_publicize_message":"","jetpack_publicize_feature_enabled":true,"jetpack_social_post_already_shared":true,"jetpack_social_options":{"image_generator_settings":{"template":"highway","enabled":false},"version":2}},"categories":[14,19],"tags":[73,2995,3000,661],"class_list":{"0":"post-17683","1":"post","2":"type-post","3":"status-publish","4":"format-standard","5":"has-post-thumbnail","7":"category-mercado-de-trabalho","8":"category-insights","9":"tag-mercado-de-trabalho","10":"tag-profissionais-de-tecnologia-da-informacao","11":"tag-profissoes-que-contratam","12":"tag-trabalho-do-futuro"},"jetpack_publicize_connections":[],"jetpack_featured_media_url":"https:\/\/radardofuturo.com.br\/test\/wp-content\/uploads\/2021\/07\/pexels-photo-3861943.jpeg","post_mailing_queue_ids":[],"_links":{"self":[{"href":"https:\/\/radardofuturo.com.br\/test\/wp-json\/wp\/v2\/posts\/17683","targetHints":{"allow":["GET"]}}],"collection":[{"href":"https:\/\/radardofuturo.com.br\/test\/wp-json\/wp\/v2\/posts"}],"about":[{"href":"https:\/\/radardofuturo.com.br\/test\/wp-json\/wp\/v2\/types\/post"}],"author":[{"embeddable":true,"href":"https:\/\/radardofuturo.com.br\/test\/wp-json\/wp\/v2\/users\/15"}],"replies":[{"embeddable":true,"href":"https:\/\/radardofuturo.com.br\/test\/wp-json\/wp\/v2\/comments?post=17683"}],"version-history":[{"count":0,"href":"https:\/\/radardofuturo.com.br\/test\/wp-json\/wp\/v2\/posts\/17683\/revisions"}],"wp:featuredmedia":[{"embeddable":true,"href":"https:\/\/radardofuturo.com.br\/test\/wp-json\/wp\/v2\/media\/17684"}],"wp:attachment":[{"href":"https:\/\/radardofuturo.com.br\/test\/wp-json\/wp\/v2\/media?parent=17683"}],"wp:term":[{"taxonomy":"category","embeddable":true,"href":"https:\/\/radardofuturo.com.br\/test\/wp-json\/wp\/v2\/categories?post=17683"},{"taxonomy":"post_tag","embeddable":true,"href":"https:\/\/radardofuturo.com.br\/test\/wp-json\/wp\/v2\/tags?post=17683"}],"curies":[{"name":"wp","href":"https:\/\/api.w.org\/{rel}","templated":true}]}}