{"id":17625,"date":"2021-07-09T11:17:22","date_gmt":"2021-07-09T14:17:22","guid":{"rendered":"https:\/\/radardofuturo.com.br\/?p=17625"},"modified":"2021-07-09T11:17:31","modified_gmt":"2021-07-09T14:17:31","slug":"saude-e-inteligencia-artificial-evento-destaca-novos-cenarios-e-tendencias","status":"publish","type":"post","link":"https:\/\/radardofuturo.com.br\/test\/saude-e-inteligencia-artificial-evento-destaca-novos-cenarios-e-tendencias\/","title":{"rendered":"Sa\u00fade e intelig\u00eancia artificial: evento destaca novos cen\u00e1rios e tend\u00eancias"},"content":{"rendered":"\n<p>Meetup re&uacute;ne especialistas para apresentar aplica&ccedil;&otilde;es e possibilidades de uso de intelig&ecirc;ncia artificial na sa&uacute;de<\/p>\n\n\n\n<!--more-->\n\n\n\n<p>O pr&oacute;ximo <strong>Meetup de Intelig&ecirc;ncia Artificial<\/strong> da A3Data e Biosis Hub, no pr&oacute;ximo dia <strong>14 de julho<\/strong>, ter&aacute; como tema central a avalia&ccedil;&atilde;o sobre as perspectivas da aplica&ccedil;&atilde;o da intelig&ecirc;ncia artificial na &aacute;rea de sa&uacute;de. Apoiado pela Sucesu Minas, o evento ter&aacute; os palestrantes Arthur de Assis Silva e Elisa Castro, da A3Data.<\/p>\n\n\n\n<p>O evento &eacute; destinado a cientistas de dados, engenheiros de dados, analistas de IA e gerentes, diretores e coordenadores de IA ou de empresas que buscam entender como a IA faz a diferen&ccedil;a na sa&uacute;de.<\/p>\n\n\n\n<p>A abordagem sobre os avan&ccedil;os da IA na sa&uacute;de, inclui a revela&ccedil;&atilde;o de grandes cases do mercado. Como especialistas, os palestrantes t&ecirc;m vasta experi&ecirc;ncia como consultores em uma empresa de medicina diagn&oacute;stica.<\/p>\n\n\n\n<p>Conectividade e recursos de computa&ccedil;&atilde;o cada vez mais baratos, s&atilde;o condi&ccedil;&otilde;es para a acelera&ccedil;&atilde;o da Intelig&ecirc;ncia Artificial. Dessa forma, dados s&atilde;o combust&iacute;vel e machine learning &eacute; o motor para a solu&ccedil;&atilde;o de problemas e demandas das organiza&ccedil;&otilde;es p&uacute;blicas e privadas.<\/p>\n\n\n\n<p>No setor de sa&uacute;de n&atilde;o &eacute; diferente, as mudan&ccedil;as de comportamento exigem respostas r&aacute;pidas e a intelig&ecirc;ncia artificial surge como um recurso para as tomadas de decis&otilde;es<\/p>\n\n\n\n<h2 class=\"wp-block-heading\">Servi&ccedil;o<\/h2>\n\n\n\n<h4 class=\"wp-block-heading\">Meetup de intelig&ecirc;ncia artificial<\/h4>\n\n\n\n<p><strong>Quando:<\/strong><br>dia 14 &ndash; julho, das 19h30 &agrave;s 20h30<\/p>\n\n\n\n<p><strong>Canal:<\/strong><br><a href=\"https:\/\/www.youtube.com\/watch?v=rO8w1w0jqkE\" class=\"rank-math-link\" target=\"_blank\" rel=\"noopener\">https:\/\/www.youtube.com\/watch?v=rO8w1w0jqkE<\/a><\/p>\n\n\n\n<h2 class=\"wp-block-heading\">Inscri&ccedil;&otilde;es<\/h2>\n\n\n\n<p><a href=\"https:\/\/www.meetup.com\/pt-BR\/Meetup-de-Inteligencia-Artificial\/events\/279024784\/\" class=\"rank-math-link\" target=\"_blank\" rel=\"noopener\">https:\/\/www.meetup.com\/pt-BR\/Meetup-de-Inteligencia-Artificial\/events\/279024784\/<\/a><\/p>\n","protected":false},"excerpt":{"rendered":"<p>Meetup re&uacute;ne especialistas para apresentar aplica&ccedil;&otilde;es e possibilidades de uso de intelig&ecirc;ncia artificial na sa&uacute;de<\/p>\n","protected":false},"author":15,"featured_media":12174,"comment_status":"open","ping_status":"open","sticky":false,"template":"","format":"standard","meta":{"tdm_status":"","tdm_grid_status":"","footnotes":"","jetpack_publicize_message":"","jetpack_publicize_feature_enabled":true,"jetpack_social_post_already_shared":true,"jetpack_social_options":{"image_generator_settings":{"template":"highway","enabled":false},"version":2}},"categories":[18],"tags":[],"class_list":{"0":"post-17625","1":"post","2":"type-post","3":"status-publish","4":"format-standard","5":"has-post-thumbnail","7":"category-eventos"},"jetpack_publicize_connections":[],"jetpack_featured_media_url":"https:\/\/radardofuturo.com.br\/test\/wp-content\/uploads\/2020\/08\/pexels-photo-4145190.jpeg","post_mailing_queue_ids":[],"_links":{"self":[{"href":"https:\/\/radardofuturo.com.br\/test\/wp-json\/wp\/v2\/posts\/17625","targetHints":{"allow":["GET"]}}],"collection":[{"href":"https:\/\/radardofuturo.com.br\/test\/wp-json\/wp\/v2\/posts"}],"about":[{"href":"https:\/\/radardofuturo.com.br\/test\/wp-json\/wp\/v2\/types\/post"}],"author":[{"embeddable":true,"href":"https:\/\/radardofuturo.com.br\/test\/wp-json\/wp\/v2\/users\/15"}],"replies":[{"embeddable":true,"href":"https:\/\/radardofuturo.com.br\/test\/wp-json\/wp\/v2\/comments?post=17625"}],"version-history":[{"count":0,"href":"https:\/\/radardofuturo.com.br\/test\/wp-json\/wp\/v2\/posts\/17625\/revisions"}],"wp:featuredmedia":[{"embeddable":true,"href":"https:\/\/radardofuturo.com.br\/test\/wp-json\/wp\/v2\/media\/12174"}],"wp:attachment":[{"href":"https:\/\/radardofuturo.com.br\/test\/wp-json\/wp\/v2\/media?parent=17625"}],"wp:term":[{"taxonomy":"category","embeddable":true,"href":"https:\/\/radardofuturo.com.br\/test\/wp-json\/wp\/v2\/categories?post=17625"},{"taxonomy":"post_tag","embeddable":true,"href":"https:\/\/radardofuturo.com.br\/test\/wp-json\/wp\/v2\/tags?post=17625"}],"curies":[{"name":"wp","href":"https:\/\/api.w.org\/{rel}","templated":true}]}}