{"id":17562,"date":"2021-07-08T17:40:03","date_gmt":"2021-07-08T20:40:03","guid":{"rendered":"https:\/\/radardofuturo.com.br\/?p=17562"},"modified":"2021-07-08T19:30:07","modified_gmt":"2021-07-08T22:30:07","slug":"conversas-sobre-o-futuro-por-que-nao-devemos-levar-as-generalizacoes-x-y-z-a-serio","status":"publish","type":"post","link":"https:\/\/radardofuturo.com.br\/test\/conversas-sobre-o-futuro-por-que-nao-devemos-levar-as-generalizacoes-x-y-z-a-serio\/","title":{"rendered":"Conversas sobre o futuro: por que n\u00e3o devemos levar as generaliza\u00e7\u00f5es x, y, z a s\u00e9rio"},"content":{"rendered":"\n<p><strong>Nesta semana, as nossas conversas sobre o futuro s&atilde;o abertas com uma reflex&atilde;o sobre a incompatibilidade entre futuristas e a generaliza&ccedil;&atilde;o sobre gera&ccedil;&otilde;es. <\/strong><\/p>\n\n\n\n<figure class=\"wp-block-image size-large is-style-default\"><img loading=\"lazy\" decoding=\"async\" width=\"1024\" height=\"684\" src=\"https:\/\/radardofuturo.com.br\/test\/wp-content\/uploads\/2021\/07\/sobre-jovens-manuel-asturias-zMKDPlScFAU-unsplash-1024x684.jpg\" alt=\"O assunto da semana na coluna conversas sobre o futuro &eacute; gera&ccedil;&otilde;es e generaliza&ccedil;&otilde;es\" class=\"wp-image-17605\" srcset=\"https:\/\/radardofuturo.com.br\/test\/wp-content\/uploads\/2021\/07\/sobre-jovens-manuel-asturias-zMKDPlScFAU-unsplash-1024x684.jpg 1024w, https:\/\/radardofuturo.com.br\/test\/wp-content\/uploads\/2021\/07\/sobre-jovens-manuel-asturias-zMKDPlScFAU-unsplash-300x200.jpg 300w, https:\/\/radardofuturo.com.br\/test\/wp-content\/uploads\/2021\/07\/sobre-jovens-manuel-asturias-zMKDPlScFAU-unsplash-768x513.jpg 768w, https:\/\/radardofuturo.com.br\/test\/wp-content\/uploads\/2021\/07\/sobre-jovens-manuel-asturias-zMKDPlScFAU-unsplash-1536x1026.jpg 1536w, https:\/\/radardofuturo.com.br\/test\/wp-content\/uploads\/2021\/07\/sobre-jovens-manuel-asturias-zMKDPlScFAU-unsplash-696x465.jpg 696w, https:\/\/radardofuturo.com.br\/test\/wp-content\/uploads\/2021\/07\/sobre-jovens-manuel-asturias-zMKDPlScFAU-unsplash-1392x929.jpg 1392w, https:\/\/radardofuturo.com.br\/test\/wp-content\/uploads\/2021\/07\/sobre-jovens-manuel-asturias-zMKDPlScFAU-unsplash.jpg 1920w\" sizes=\"auto, (max-width: 1024px) 100vw, 1024px\"><figcaption>Photo by&nbsp;<a href=\"https:\/\/unsplash.com\/@manuel_asturias?utm_source=unsplash&amp;utm_medium=referral&amp;utm_content=creditCopyText\" target=\"_blank\" rel=\"noopener\">Manuel Asturias<\/a>&nbsp;on&nbsp;<a href=\"https:\/\/unsplash.com\/s\/photos\/gera%C3%A7ao-z?utm_source=unsplash&amp;utm_medium=referral&amp;utm_content=creditCopyText\" target=\"_blank\" rel=\"noopener\">Unsplash<\/a><\/figcaption><\/figure>\n\n\n\n<p>O que Jo&atilde;o Pedro tem em comum com o Jo&atilde;o Carlos? O primeiro &eacute; morador da favela de Santa Lucia, jovem, negro, trabalhador, sem carteira assinada. Trabalha no Sacol&atilde;o da Santa Lucinha, fazendo entregas das 8h &agrave;s 16h30, sem tempo de estudar, mesmo porque nem teria computador para frequentar uma aula pela internet, que tamb&eacute;m n&atilde;o tem em casa. O outro &eacute; jovem, branco, estudante do segundo ano do curso fundamental de um col&eacute;gio de alto padr&atilde;o. Atualmente, frequenta aulas virtuais usando os seus computadores, mais um tablet como segunda tela e o smartphone como terceira, morador do bairro S&atilde;o Bento, o bairro chique vizinho da favela de Santa L&uacute;cia.<\/p>\n\n\n\n<p>Para o pensamento <em>mainstream<\/em> (desculpem) de parte (consider&aacute;vel) de especialistas em <a href=\"https:\/\/radardofuturo.com.br\/test\/ddof\/o-que-sao-tendencias\/\" target=\"_self\" title=\"Confira o que s&atilde;o tend&ecirc;ncias, os fatos ou fen&ocirc;menos que podem acontecer em algum momento adiante na hist&oacute;ria da sociedade, como um novo comportamento individual ou de um grupo\" class=\"encyclopedia\">tend&ecirc;ncias<\/a> e futuros, os jo&otilde;es fazem parte de um mesmo grupo. S&atilde;o os Z, que sucederam os X, os millenials, os baby boomers. Quem se depara com v&aacute;rias, in&uacute;meras mat&eacute;rias e artigos publicados nas m&iacute;dias sobre as gera&ccedil;&otilde;es, entende que nossos amigos acima devem ter as mesmas personalidades, as mesmas expectativas, os mesmos comportamentos. Mas, al&eacute;m de um primeiro nome e a idade de 16 anos, n&atilde;o t&ecirc;m nada em comum. Ali&aacute;s, eu que seria da turma do boomers tenho me sentido cada vez mais deslocado.<\/p>\n\n\n\n<p>Mirando a defini&ccedil;&atilde;o do <a href=\"https:\/\/pt.wikipedia.org\/wiki\/Gera%C3%A7%C3%A3o_Z\" class=\"rank-math-link\" target=\"_blank\" rel=\"noopener\">Wikipedia<\/a>, Jo&atilde;o Pedro e Jo&atilde;o Carlos s&atilde;o nativos digitais. &ldquo;Muito familiarizados com a internet, compartilhamento de arquivos, telefones m&oacute;veis, n&atilde;o apenas acessando a rede de suas casas, mas tamb&eacute;m pelo celular, estando assim extremamente conectados. Suas principais caracter&iacute;sticas s&atilde;o: compreens&atilde;o da tecnologia e abertura social &agrave;s tecnologias.&rdquo; Oi, ser&aacute;?<\/p>\n\n\n\n<p><strong>Quer entender o futuro?<\/strong><\/p>\n\n\n\n<p>Se eu, jornalista, tivesse a possibilidade de dar um conselho para um futurista, diria: esquece esse trem de gera&ccedil;&otilde;es. As generaliza&ccedil;&otilde;es sobre as tais gera&ccedil;&otilde;es podem at&eacute; ser aplicadas para grupos espec&iacute;ficos. N&atilde;o d&aacute; para dizer que os jovens, como se brasileiro fosse igual a chin&ecirc;s, n&atilde;o desejam mais ter carros. Ou que eles v&atilde;o abrir m&atilde;o do consumo. Que ser&atilde;o mais conscientes sobre temas de sustentabilidade. Ou que sonham em estudar no exterior. <\/p>\n\n\n\n<p>Meu amigo ou minha amiga futurista deve entender que generaliza&ccedil;&otilde;es servem para esconder, n&atilde;o para revelar. Quando Jo&atilde;o Pedro e Jo&atilde;o Carlos s&atilde;o colocados como membros da mesma gera&ccedil;&atilde;o h&aacute; a nega&ccedil;&atilde;o das diferen&ccedil;as. E o papel de quem pretende estudar o futuro &eacute; de buscar o m&aacute;ximo de informa&ccedil;&otilde;es poss&iacute;veis, as nuances, para poder compreender os acontecimentos que v&atilde;o transformar as nossas vidas.<\/p>\n\n\n\n<p>E al&eacute;m disso, voc&ecirc;, futurista, pode perder a oportunidade de conhecer o Jo&atilde;o Pedro, o nosso jovem negro, trabalhador, que, depois do expediente no sacol&atilde;o, participa de reuni&otilde;es para discutir e se preparar para as lutas pelos direitos dele e de seus amigos da comunidade. E que no futuro pode se revelar como um grande l&iacute;der pol&iacute;tico. <\/p>\n\n\n\n<p><\/p>\n\n\n\n<p><strong>Concorda? Discorda? Ent&atilde;o mande suas opini&otilde;es pra gente conversar.<\/strong><\/p>\n\n\n\n<div class=\"wp-block-contact-form-7-contact-form-selector\">\n<div class=\"wpcf7 no-js\" id=\"wpcf7-f553-o1\" lang=\"pt-BR\" dir=\"ltr\" data-wpcf7-id=\"553\">\n<div class=\"screen-reader-response\"><p role=\"status\" aria-live=\"polite\" aria-atomic=\"true\"><\/p> <ul><\/ul><\/div>\n<form action=\"\/test\/wp-json\/wp\/v2\/posts\/17562#wpcf7-f553-o1\" method=\"post\" class=\"wpcf7-form init\" aria-label=\"Formul&aacute;rios de contato\" novalidate=\"novalidate\" data-status=\"init\">\n<fieldset class=\"hidden-fields-container\"><input type=\"hidden\" name=\"_wpcf7\" value=\"553\"><input type=\"hidden\" name=\"_wpcf7_version\" value=\"6.1.5\"><input type=\"hidden\" name=\"_wpcf7_locale\" value=\"pt_BR\"><input type=\"hidden\" name=\"_wpcf7_unit_tag\" value=\"wpcf7-f553-o1\"><input type=\"hidden\" name=\"_wpcf7_container_post\" value=\"0\"><input type=\"hidden\" name=\"_wpcf7_posted_data_hash\" value=\"\">\n<\/fieldset>\n<p>Seu Nome (obrigat&oacute;rio)\n<\/p>\n<p><span class=\"wpcf7-form-control-wrap\" data-name=\"your-name\"><input size=\"40\" maxlength=\"400\" class=\"wpcf7-form-control wpcf7-text wpcf7-validates-as-required\" aria-required=\"true\" aria-invalid=\"false\" value=\"\" type=\"text\" name=\"your-name\"><\/span>\n<\/p>\n<p>Seu e-mail (obrigat&oacute;rio)\n<\/p>\n<p><span class=\"wpcf7-form-control-wrap\" data-name=\"your-email\"><input size=\"40\" maxlength=\"400\" class=\"wpcf7-form-control wpcf7-email wpcf7-validates-as-required wpcf7-text wpcf7-validates-as-email\" aria-required=\"true\" aria-invalid=\"false\" value=\"\" type=\"email\" name=\"your-email\"><\/span>\n<\/p>\n<p>Assunto\n<\/p>\n<p><span class=\"wpcf7-form-control-wrap\" data-name=\"your-subject\"><input size=\"40\" maxlength=\"400\" class=\"wpcf7-form-control wpcf7-text\" aria-invalid=\"false\" value=\"\" type=\"text\" name=\"your-subject\"><\/span>\n<\/p>\n<p>Sua mensagem\n<\/p>\n<p><span class=\"wpcf7-form-control-wrap\" data-name=\"your-message\"><textarea cols=\"40\" rows=\"10\" maxlength=\"2000\" class=\"wpcf7-form-control wpcf7-textarea\" aria-invalid=\"false\" name=\"your-message\"><\/textarea><\/span>\n<\/p>\n<p><input class=\"wpcf7-form-control wpcf7-submit has-spinner\" type=\"submit\" value=\"Enviar\">\n<\/p><p style=\"display: none !important;\"><label>&Delta;<textarea name=\"_wpcf7_ak_hp_textarea\" cols=\"45\" rows=\"8\" maxlength=\"100\"><\/textarea><\/label><input type=\"hidden\" id=\"ak_js_1\" name=\"_wpcf7_ak_js\" value=\"62\"><script>document.getElementById( \"ak_js_1\" ).setAttribute( \"value\", ( new Date() ).getTime() );<\/script><\/p><input type=\"hidden\" class=\"wpcf7-pum\" value='{\"closepopup\":false,\"closedelay\":0,\"openpopup\":false,\"openpopup_id\":0}'><div class=\"wpcf7-response-output\" aria-hidden=\"true\"><\/div>\n<\/form>\n<\/div>\n<\/div>\n\n\n\n<hr class=\"wp-block-separator is-style-wide\">\n\n\n\n<h2 class=\"wp-block-heading\">Tend&ecirc;ncias<\/h2>\n\n\n\n<h4 class=\"wp-block-heading\">O mundo em 2040: papel das cidades<\/h4>\n\n\n\n<p>As cidades ter&atilde;o um papel estrat&eacute;gico na viabiliza&ccedil;&atilde;o de pol&iacute;ticas p&uacute;blicas, mais que os governos centrais. Esta &eacute; uma das conclus&otilde;es do <a href=\"https:\/\/radardofuturo.com.br\/test\/o-mundo-em-2040-cidades-terao-papeis-de-lideranca-segundo-relatorio-dos-eua\/\" class=\"rank-math-link\">relat&oacute;rio<\/a> <strong>&ldquo;<a href=\"https:\/\/radardofuturo.com.br\/test\/ddof\/o-que-sao-tendencias\/\" target=\"_self\" title=\"Confira o que s&atilde;o tend&ecirc;ncias, os fatos ou fen&ocirc;menos que podem acontecer em algum momento adiante na hist&oacute;ria da sociedade, como um novo comportamento individual ou de um grupo\" class=\"encyclopedia\">Tend&ecirc;ncias<\/a> Globais 2040: Um Mundo Mais Contestado<\/strong>&ldquo;, publica&ccedil;&atilde;o prospectiva principal da comunidade de intelig&ecirc;ncia dos Estados Unidos. O estudo revela um quadro de tens&otilde;es em rela&ccedil;&atilde;o ao futuro.<\/p>\n\n\n\n<h4 class=\"wp-block-heading\">Com&eacute;rcio eletr&ocirc;nico em alta<\/h4>\n\n\n\n<p>Descontos e promo&ccedil;&otilde;es s&atilde;o os itens que mais geram interesse dos consumidores brasileiros em compras, segundo uma pesquisa realizada pelo Twitter. Para 20%, variedade de produtos &eacute; o principal chamariz das vendas pela internet, que sofre ainda com resist&ecirc;ncias. Apenas 25% dos consumidores sentem confian&ccedil;a absoluta em suas compras. <\/p>\n\n\n\n<p>A pesquisa confirma que o com&eacute;rcio eletr&ocirc;nico foi grande beneficiado da pandemia, pois 67% dos respondentes declararam que passaram a comprar mais produtos e\/ou servi&ccedil;os de forma online no per&iacute;odo da pandemia. E, com maior variedade de ofertas e sistemas de buscas, a internet tende a manter o crescimento cont&iacute;nuo. <\/p>\n\n\n\n<div class=\"wp-block-columns is-layout-flex wp-container-core-columns-is-layout-9d6595d7 wp-block-columns-is-layout-flex\">\n<div class=\"wp-block-column is-layout-flow wp-block-column-is-layout-flow\">\n<h4 class=\"wp-block-heading\">O que os brasileiros podem querer comprar<\/h4>\n\n\n\n<p>&bull; 94% Outros produtos para casa (len&ccedil;ol, toalhas, edredom&hellip;)<br>&bull; 91% Aparelhos eletr&ocirc;nicos<br>&bull; 90% Itens de farm&aacute;cia\/drogaria<br>&bull; 88% Eletrodom&eacute;sticos<br>&bull; 85% Vestu&aacute;rio<br>&bull; 84% Itens de supermercado<br>&bull; 81% M&oacute;veis<br>&bull; 23% Im&oacute;vel<br>&bull; 20% Ve&iacute;culos<\/p>\n<\/div>\n\n\n\n<div class=\"wp-block-column is-layout-flow wp-block-column-is-layout-flow\">\n<h4 class=\"wp-block-heading\">O que os brasileiros j&aacute; compram:<\/h4>\n\n\n\n<p>&bull; 86% Vestu&aacute;rio<br>&bull; 85% Aparelhos eletr&ocirc;nicos<br>&bull; 69% Eletrodom&eacute;sticos<br>&bull; 66% Itens de farm&aacute;cia\/drogaria<br>&bull; 64% Itens de supermercado<br>&bull; 52% Outros produtos para casa (len&ccedil;ol, toalhas, edredom&hellip;)<br>&bull; 50% M&oacute;veis<br>&bull; 6% Ve&iacute;culos<br>&bull; 5% Im&oacute;vel<\/p>\n<\/div>\n<\/div>\n\n\n\n<h4 class=\"wp-block-heading\">Hoteis viram moradias nos Estados Unidos<\/h4>\n\n\n\n<p>As vagas em hot&eacute;is e mot&eacute;is durante a pandemia de Covid-19 criaram uma oportunidade &uacute;nica para a expans&atilde;o r&aacute;pida de oferta de moradias populares em algumas das regi&otilde;es mais caras dos Estados Unidos. Na <a href=\"https:\/\/www.bloomberg.com\/news\/articles\/2021-07-01\/how-california-and-ny-are-turning-hotels-into-housing?srnd=citylab\" class=\"rank-math-link\" target=\"_blank\" rel=\"noopener\">Calif&oacute;rnia e em Nova York<\/a>, legisladores agiram rapidamente com novas pol&iacute;ticas que d&atilde;o nova destina&ccedil;&atilde;o para os im&oacute;veis que foram impactados pelas restri&ccedil;&otilde;es ao turismo interno e internacional. <\/p>\n\n\n\n<h2 class=\"wp-block-heading\">Indicadores<\/h2>\n\n\n\n<p><strong>Tempos quentes<\/strong>: Canad&aacute; bate recorde e atinge 46,1&ordm; em onda de calor que tamb&eacute;m impacta os Estados Unidos. Em Moscou, na R&uacute;ssia, o dia mais em para junho em 120 anos levou turistas para &aacute;rea glacial em busca de refresco.<\/p>\n\n\n\n<p><strong>Turismo em marcha lenta 2<\/strong>: A ind&uacute;stria hoteleira de Nova York n&atilde;o espera uma recupera&ccedil;&atilde;o total antes de 2025. <\/p>\n\n\n\n<p><strong>Turismo em marcha lenta 1<\/strong>: Novo <a href=\"https:\/\/www.unwto.org\/news\/global-economy-could-lose-over-4-trillion-due-to-covid-19-impact-on-tourism\" class=\"rank-math-link\" target=\"_blank\" rel=\"noopener\">relat&oacute;rio<\/a> publicado pela a Organiza&ccedil;&atilde;o Mundial de Turismo da ONU revela que a distribui&ccedil;&atilde;o desigual de vacinas em todo o mundo sinaliza que &eacute; improv&aacute;vel que o turismo retome a for&ccedil;a antes de um ou dois anos. <\/p>\n\n\n\n<p><strong>Moda em ritmos variados<\/strong>: Enquanto na China as vendas de moda j&aacute; se recuperam h&aacute; meses e nos Estados Unidos os neg&oacute;cios retomam, mas em velocidade lenta, na Europa o cen&aacute;rio n&atilde;o &eacute; dos melhores. Um <a href=\"https:\/\/translate.google.com\/website?sl=en&amp;tl=pt&amp;ajax=1&amp;prev=search&amp;elem=1&amp;se=1&amp;u=https:\/\/www.businessoffashion.com\/articles\/news-analysis\/the-state-of-fashion-2021-reality-check\" class=\"rank-math-link\" target=\"_blank\" rel=\"noopener\">relat&oacute;rio<\/a> aponta que as vendas devem permanecer entre 12% e 24% abaixo do n&iacute;vel de 2019.<\/p>\n\n\n\n<p><strong>Consumo de v&iacute;deos<\/strong>: Segundo uma pesquisa do ComScore, 91% dos internautas consomem v&iacute;deos online e a maior taxa de espectadores de v&iacute;deos da Am&eacute;rica Latina &eacute; no Brasil.<\/p>\n\n\n\n<p><strong>Crise impacta MEIS<\/strong>: A taxa de mortalidade &eacute; de 29% segundo dados do Sebrae. Mais de 40% dos entrevistados citaram a pandemia do coronav&iacute;rus como causa do encerramento das atividades da empresa. Para 22%, a falta de capital de giro foi primordial para o fechamento do neg&oacute;cio. Entre as empresas que encerraram as suas atividades, cerca de 34% dos entrevistados acreditam que ter acesso a cr&eacute;dito poderia ter evitado o fechamento da empresa. <\/p>\n\n\n\n<p><\/p>\n\n\n\n<h2 class=\"wp-block-heading\">Insights<\/h2>\n\n\n\n<h4 class=\"wp-block-heading\">Abaste&ccedil;a-se no guarda-roupa<\/h4>\n\n\n\n<p>Quer uma moda mais sustent&aacute;vel? &ldquo;Fa&ccedil;a compras no pr&oacute;prio guarda-roupas&rdquo;, diz Kim Poldner, ca&ccedil;adora de <a href=\"https:\/\/radardofuturo.com.br\/test\/ddof\/o-que-sao-tendencias\/\" target=\"_self\" title=\"Confira o que s&atilde;o tend&ecirc;ncias, os fatos ou fen&ocirc;menos que podem acontecer em algum momento adiante na hist&oacute;ria da sociedade, como um novo comportamento individual ou de um grupo\" class=\"encyclopedia\">tend&ecirc;ncias<\/a> em economia circular. Ela ressalta que o mundo produz cerca de 80 bilh&otilde;es de novos itens de vestu&aacute;rio por ano. Para a especialista, mais do que tecnologia e inova&ccedil;&atilde;o, transi&ccedil;&atilde;o para a economia circular passa por mudan&ccedil;a de valores.<\/p>\n\n\n\n<h4 class=\"wp-block-heading\">Mobiliza&ccedil;&atilde;o contra a crise clim&aacute;tica<\/h4>\n\n\n\n<p>Mais da metade dos professores na Inglaterra s&atilde;o a favor de ensinar as crian&ccedil;as a agirem diretamente contra as mudan&ccedil;as clim&aacute;ticas, de acordo com uma pesquisa, liderada pela Universidade de Bristol, Inglaterra. Profissionais da educa&ccedil;&atilde;o prop&otilde;em um curr&iacute;culo de mudan&ccedil;a clim&aacute;tica focado em a&ccedil;&otilde;es, incorporado em todas as disciplinas, come&ccedil;ando com projetos de conserva&ccedil;&atilde;o no in&iacute;cio da escola prim&aacute;ria. A maioria (54%) tamb&eacute;m acreditava que temas em rela&ccedil;&atilde;o &agrave; participa&ccedil;&atilde;o em protestos pac&iacute;ficos deveriam ser inclu&iacute;dos no curr&iacute;culo escolar.&nbsp;<\/p>\n\n\n\n<h2 class=\"wp-block-heading\">Movimentos dos atores<\/h2>\n\n\n\n<h4 class=\"wp-block-heading\">Vencedores levam tudo: Kantar fecha compra da Numerator<\/h4>\n\n\n\n<p>A Kantar, empresa l&iacute;der mundial em dados, <em>insights<\/em> e consultoria,&nbsp; concluiu hoje a aquisi&ccedil;&atilde;o da <a href=\"https:\/\/www.numerator.com\/\" target=\"_blank\" rel=\"noopener\">Numerator<\/a>, a empresa de intelig&ecirc;ncia de mercado e consumidor com sede em Chicago da <a href=\"https:\/\/www.vistaequitypartners.com\/\" target=\"_blank\" rel=\"noopener\">Vista Equity<\/a> Partners.&nbsp; O neg&oacute;cio representa a cria&ccedil;&atilde;o de um l&iacute;der global em comportamento do consumidor. A Numerator combina dados propriet&aacute;rios, incluindo um painel digital de mais de um milh&atilde;o de consumidores dos EUA, com tecnologia avan&ccedil;ada para criar percep&ccedil;&otilde;es exclusivas que ajudam as empresas a entender seus clientes em tempo real e identificar oportunidades de crescimento.<\/p>\n\n\n\n<p>A Numerator estende a lideran&ccedil;a da Kantar em <em>insights<\/em> de consumo nos EUA e Canad&aacute;. A Divis&atilde;o Worldpanel da Kantar j&aacute; fornece percep&ccedil;&otilde;es do consumidor em mais de 45 pa&iacute;ses fora da Am&eacute;rica do Norte. A combina&ccedil;&atilde;o desses dados fornecer&aacute; <em>insights<\/em> sobre os h&aacute;bitos de compra de quase cinco bilh&otilde;es de consumidores em todo o mundo, informando as estrat&eacute;gias de crescimento das marcas l&iacute;deres mundiais de bens de consumo massivo.<\/p>\n\n\n\n<p><\/p>\n\n\n\n<p><\/p>\n\n\n\n<p><\/p>\n","protected":false},"excerpt":{"rendered":"<p>Nesta semana, as nossas conversas sobre o futuro s&atilde;o abertas com uma reflex&atilde;o sobre a incompatibilidade entre futuristas e a generaliza&ccedil;&atilde;o sobre gera&ccedil;&otilde;es. O que Jo&atilde;o Pedro tem em comum com o Jo&atilde;o Carlos? O primeiro &eacute; morador da favela de Santa Lucia, jovem, negro, trabalhador, sem carteira assinada. Trabalha no Sacol&atilde;o da Santa Lucinha, [&hellip;]<\/p>\n","protected":false},"author":1,"featured_media":17605,"comment_status":"open","ping_status":"open","sticky":false,"template":"","format":"standard","meta":{"tdm_status":"","tdm_grid_status":"","footnotes":"","jetpack_publicize_message":"","jetpack_publicize_feature_enabled":true,"jetpack_social_post_already_shared":true,"jetpack_social_options":{"image_generator_settings":{"template":"highway","enabled":false},"version":2}},"categories":[23,20],"tags":[2429,1056,76,2799,1956,2988,2989],"class_list":{"0":"post-17562","1":"post","2":"type-post","3":"status-publish","4":"format-standard","5":"has-post-thumbnail","7":"category-carlos-placido-teixeira","8":"category-destaques","9":"tag-conversas-sobre-o-futuro","10":"tag-geracao-z","11":"tag-indicadores","12":"tag-indicadores-do-futuro","13":"tag-insights","14":"tag-milleniaus","15":"tag-sinais-do-futuro"},"jetpack_publicize_connections":[],"jetpack_featured_media_url":"https:\/\/radardofuturo.com.br\/test\/wp-content\/uploads\/2021\/07\/sobre-jovens-manuel-asturias-zMKDPlScFAU-unsplash.jpg","post_mailing_queue_ids":[],"_links":{"self":[{"href":"https:\/\/radardofuturo.com.br\/test\/wp-json\/wp\/v2\/posts\/17562","targetHints":{"allow":["GET"]}}],"collection":[{"href":"https:\/\/radardofuturo.com.br\/test\/wp-json\/wp\/v2\/posts"}],"about":[{"href":"https:\/\/radardofuturo.com.br\/test\/wp-json\/wp\/v2\/types\/post"}],"author":[{"embeddable":true,"href":"https:\/\/radardofuturo.com.br\/test\/wp-json\/wp\/v2\/users\/1"}],"replies":[{"embeddable":true,"href":"https:\/\/radardofuturo.com.br\/test\/wp-json\/wp\/v2\/comments?post=17562"}],"version-history":[{"count":0,"href":"https:\/\/radardofuturo.com.br\/test\/wp-json\/wp\/v2\/posts\/17562\/revisions"}],"wp:featuredmedia":[{"embeddable":true,"href":"https:\/\/radardofuturo.com.br\/test\/wp-json\/wp\/v2\/media\/17605"}],"wp:attachment":[{"href":"https:\/\/radardofuturo.com.br\/test\/wp-json\/wp\/v2\/media?parent=17562"}],"wp:term":[{"taxonomy":"category","embeddable":true,"href":"https:\/\/radardofuturo.com.br\/test\/wp-json\/wp\/v2\/categories?post=17562"},{"taxonomy":"post_tag","embeddable":true,"href":"https:\/\/radardofuturo.com.br\/test\/wp-json\/wp\/v2\/tags?post=17562"}],"curies":[{"name":"wp","href":"https:\/\/api.w.org\/{rel}","templated":true}]}}