{"id":17522,"date":"2021-07-05T11:42:02","date_gmt":"2021-07-05T14:42:02","guid":{"rendered":"https:\/\/radardofuturo.com.br\/centralidade-das-ciencias-humanas-sera-abordada-na-73a-reuniao-da-sbpc-com-a-participacao-de-professo-res-da-ufmg\/"},"modified":"2021-07-05T11:54:03","modified_gmt":"2021-07-05T14:54:03","slug":"centralidade-das-ciencias-humanas-sera-abordada-na-73a-reuniao-da-sbpc-com-a-participacao-de-professo-res-da-ufmg","status":"publish","type":"post","link":"https:\/\/radardofuturo.com.br\/test\/centralidade-das-ciencias-humanas-sera-abordada-na-73a-reuniao-da-sbpc-com-a-participacao-de-professo-res-da-ufmg\/","title":{"rendered":"Centralidade das ci\u00eancias humanas \u00e9 foco da  reuni\u00e3o da SBPC"},"content":{"rendered":"\n<p><em><strong>Universidade Federal de Minas Gerais ter&aacute; participa&ccedil;&atilde;o destacada no evento on-line, com sede na UFJF em julho<\/strong><\/em><\/p>\n\n\n\n<!--more-->\n\n\n\n<p>UFMG<\/p>\n\n\n\n<p>Produ&ccedil;&atilde;o de vacina e insumos nacionais, o papel da comunica&ccedil;&atilde;o, da informa&ccedil;&atilde;o e da divulga&ccedil;&atilde;o da ci&ecirc;ncia, popula&ccedil;&otilde;es tradicionais, biodistribui&ccedil;&atilde;o de f&aacute;rmacos, desafios da educa&ccedil;&atilde;o e desigualdades, laicidade do Estado ser&atilde;o alguns dos temas abordados por 25 professores da&nbsp;UFMG&nbsp;que participam como conferencistas ou mediadores de debates e mesas-redondas da&nbsp;<em>73&ordf; Reuni&atilde;o da Sociedade Brasileira para o Progresso da Ci&ecirc;ncia<\/em>&nbsp;(SBPC), que ser&aacute; realizada de 18 a 24 de julho.<\/p>\n\n\n\n<p>Com&nbsp;o&nbsp;tema&nbsp;<em>Todas as ci&ecirc;ncias s&atilde;o humanas e essenciais &agrave; sociedade<\/em>, o evento manter&aacute; o formato virtual da edi&ccedil;&atilde;o anterior como medida de isolamento social para conten&ccedil;&atilde;o da covid-19. A organiza&ccedil;&atilde;o est&aacute; a cargo da Universidade Federal de Juiz de Fora (UFJF), e a&nbsp;programa&ccedil;&atilde;o ser&aacute; transmitida&nbsp;pelo&nbsp;<a href=\"https:\/\/www.youtube.com\/user\/canalsbpc\" target=\"_blank\" rel=\"noreferrer noopener\">canal da SBPC no YouTube<\/a>.&nbsp;<\/p>\n\n\n\n<p>A sess&atilde;o de abertura ser&aacute; no domingo, a partir das 18h30. A programa&ccedil;&atilde;o da Reuni&atilde;o&nbsp;prev&ecirc;&nbsp;confer&ecirc;ncias, mesas-redondas, pain&eacute;is, sess&atilde;o de p&ocirc;steres,&nbsp;minicursos e ainda&nbsp;inclui a Jornada Nacional de Inicia&ccedil;&atilde;o Cient&iacute;fica, atividades culturais na SBPC Cultural e a SBPC Jovem e Fam&iacute;lia, al&eacute;m de minicursos.<\/p>\n\n\n\n<p>Para participar dos&nbsp;<a href=\"https:\/\/reunioes.sbpcnet.org.br\/73RA\/lista_mc.php\" target=\"_blank\" rel=\"noreferrer noopener\">minicursos<\/a>,&nbsp;o interessado deve se inscrever previamente e&nbsp;pagar&nbsp;taxa de R$ 30 (n&atilde;o s&oacute;cios). Cada participante poder&aacute; fazer at&eacute; cinco minicursos e, caso fa&ccedil;a mais de uma op&ccedil;&atilde;o, haver&aacute; desconto na taxa de inscri&ccedil;&atilde;o conforme descrito nas&nbsp;<a href=\"https:\/\/ra.sbpcnet.org.br\/73RA\/wp-content\/uploads\/2021\/03\/Normaswebminicurso.pdf\" target=\"_blank\" rel=\"noreferrer noopener\">normas para participa&ccedil;&atilde;o<\/a>&nbsp;nas atividades.&nbsp;&nbsp;<\/p>\n\n\n\n<h2 class=\"wp-block-heading\">Todas as ci&ecirc;ncias s&atilde;o humanas<\/h2>\n\n\n\n<p>Para o professor da Faculdade de Educa&ccedil;&atilde;o da&nbsp;UFMG&nbsp;e secret&aacute;rio regional da SBPC Minas, Luciano Mendes, o tema desta edi&ccedil;&atilde;o &ldquo;foi uma decis&atilde;o muito s&aacute;bia, porque, ao dizer que todas as ci&ecirc;ncias s&atilde;o humanas, refere-se, simultaneamente, ao debate estabelecido sobre a import&acirc;ncia das Humanidades no &acirc;mbito da comunidade acad&ecirc;mico-cient&iacute;fica brasileira e mundial&nbsp;e &agrave; dimens&atilde;o crucial e fundante das pr&oacute;prias ci&ecirc;ncias, que &eacute; o bem-estar humano &ndash; o que nos leva para o debate sobre as quest&otilde;es &eacute;ticas, hist&oacute;ricas e filos&oacute;ficas referentes &agrave; pr&oacute;pria constru&ccedil;&atilde;o do conhecimento cient&iacute;fico&rdquo;.&nbsp;Ele acrescenta que, ao definir esse tema, &ldquo;a UFJF e a SBPC abra&ccedil;am todas as ci&ecirc;ncias e d&atilde;o um exemplo de como &eacute; poss&iacute;vel sermos diversos e, ao mesmo tempo, inclusivos&rdquo;.<\/p>\n\n\n\n<h2 class=\"wp-block-heading\">Universidade e pandemia<\/h2>\n\n\n\n<p>No segundo dia da 73&ordf; edi&ccedil;&atilde;o da SBPC, segunda-feira, 19&nbsp;de julho, das 9h &agrave;s 11h, ser&atilde;o realizados tr&ecirc;s pain&eacute;is. A reitora Sandra Regina Goulart Almeida far&aacute; palestra sobre&nbsp;<em>Universidade p&uacute;blica e a pandemia da covid-19: produ&ccedil;&atilde;o do conhecimento para o benef&iacute;cio da sociedade<\/em>. Ela estar&aacute; ao lado dos reitores da Universidade de Bras&iacute;lia (UnB), M&aacute;rcia Abrah&atilde;o Moura, das universidades federais de Goi&aacute;s (UFG), Edward Madureira Brasil, da Bahia (UFBA), Jo&atilde;o Carlos Salles Pires da Silva, e do Paran&aacute; (UFPR), Ricardo Marcelo Fonseca. O painel ser&aacute; coordenado pelo reitor da&nbsp;Universidade Federal de Juiz de Fora (UFJF), Marcus Vin&iacute;cius David.<\/p>\n\n\n\n<p>Das 14h &agrave;s 16h, o professor da Faculdade de Ci&ecirc;ncias Econ&ocirc;micas (Face)&nbsp;Pedro Vasconcelos Maia do Amaral vai&nbsp;integrar o quadro de palestrantes que tratar&atilde;o dos&nbsp;<em>Impactos da pandemia na pesquisa, ensino e extens&atilde;o na &aacute;rea de planejamento urbano e regional<\/em>. A coordena&ccedil;&atilde;o ser&aacute; de Camila D&rsquo;Ottaviano (USP), e os demais palestrantes ser&atilde;o Leda Velloso Buonfiglio (UFF) e&nbsp;Roberto Luiz do Carmo (Unicamp).<\/p>\n\n\n\n<p>Das 16h30 &agrave;s 17h30, o professor H&eacute;lio Chiarini Garcia vai&nbsp;apresentar a confer&ecirc;ncia da professora Rossana Melo, da UFJF, sobre&nbsp;<em>Microscopia como forma de arte e divulga&ccedil;&atilde;o cient&iacute;fica<\/em>.<\/p>\n\n\n\n<p>Na ter&ccedil;a-feira, 20, entre os pain&eacute;is que ocorrem das 9h &agrave;s 11h, o professor do Instituto de Ci&ecirc;ncias Biol&oacute;gicas (ICB) Ricardo Tostes Gazzinelli far&aacute;&nbsp;palestra sobre vacinas brasileiras, ao lado dos pesquisadores Jorge Elias Kalil Filho (Incor),&nbsp;Luciana Costa (UFRJ) e de representante do Butantan, sob a coordena&ccedil;&atilde;o de Lucile Maria Floeter-Winter (SBPC\/USP).<\/p>\n\n\n\n<p>Das 13h &agrave;s 15h, a professora da FaE&nbsp;Dalila Andrade Oliveira estar&aacute; entre as palestrantes da mesa-redonda&nbsp;<em>Contextos de pesquisa: educa&ccedil;&atilde;o e ci&ecirc;ncias humanas e sociais, em di&aacute;logo<\/em>, ao lado de&nbsp;Mayra Juru&aacute; Gomes de Oliveira (Centro de Gest&atilde;o e Estudos Estrat&eacute;gicos\/MCTI) e&nbsp;Manoel Fernandes de Sousa Neto (USP). A&nbsp;coordena&ccedil;&atilde;o ficar&aacute; a cargo&nbsp;de&nbsp;Miriam F&aacute;bia Alves (UFG).&nbsp;<\/p>\n\n\n\n<p>Outra mesa-redonda,&nbsp;<em>Como a ci&ecirc;ncia deve se comunicar? Estrat&eacute;gias na disputa pela opini&atilde;o p&uacute;blica,&nbsp;<\/em>que ser&aacute; realizada das&nbsp;14h &agrave;s 16h, reunir&aacute;&nbsp;os professores Daniel Reis Silva, da Faculdade de Ci&ecirc;ncias Humanas (Fafich-UFMG), Bianca Marder Dreyer (C&aacute;sper L&iacute;bero) e&nbsp;Ricardo Ferreira Freitas (Uerg), com media&ccedil;&atilde;o de&nbsp;Rudimar Baldissera (UFRGS).<\/p>\n\n\n\n<p>Tamb&eacute;m das 15h &agrave;s 16h, o professor Ado Jorio de Vasconcelos,&nbsp;do Instituto de Ci&ecirc;ncias Exatas (Icex), far&aacute; a&nbsp;confer&ecirc;ncia&nbsp;<em>Um mundo cada vez menor: a cria&ccedil;&atilde;o do nanosc&oacute;pio<\/em>, apresentado por Thiago de Louren&ccedil;o e Vasconcelos (Inmetro).<\/p>\n\n\n\n<p>&Agrave; noite, &agrave;s 20h, o&nbsp;bate-papo&nbsp;<em>Democracia no Brasil e as vis&otilde;es dos brasileiros<\/em>&nbsp;ser&aacute; conduzido pelo professor Leonardo Avritzer, do Departamento de Ci&ecirc;ncia Pol&iacute;tica.<\/p>\n\n\n\n<h1 class=\"wp-block-heading\"><strong>Estado laico, popula&ccedil;&otilde;es tradicionais, f&aacute;rmacos, vacinas&hellip;<\/strong><\/h1>\n\n\n\n<p>No dia 21, das 9h &agrave;s 11h, professores da&nbsp;UFMG&nbsp;participar&atilde;o&nbsp;de outras discuss&otilde;es no &acirc;mbito da Reuni&atilde;o.&nbsp;<em>A laicidade do Estado vista pelas ci&ecirc;ncias humanas e sociais<\/em>&nbsp;ser&aacute; tema da mesa-redonda coordenada pelo professor da Fafich&nbsp;Jos&eacute; Raimundo Maia Neto, que ter&aacute; os palestrantes Maria Lygia Quartim de Moraes (Unicamp), Luiz Ant&ocirc;nio Cunha (UFRJ) e Emerson Jos&eacute; Sena da Silveira (UFJF).<\/p>\n\n\n\n<p>O painel&nbsp;<em>Popula&ccedil;&otilde;es tradicionais na pandemia de&nbsp;covid-19: gest&atilde;o territorial e soberania de dados&nbsp;<\/em>vai reunir&nbsp;o&nbsp;professor da Fafich Marden Barbosa de Campos (coordenador) e a pesquisadora C&eacute;lia Nunes Correa (C&eacute;lia Xakriab&aacute;), que far&aacute;&nbsp;palestra, assim como Marta Maria do Amaral Azevedo (Unicamp), Solange Maria Gayoso da Costa (UFPA) e Eliel Benites Kaiow&aacute; (UFGD).<\/p>\n\n\n\n<p>&Agrave;s 12h, o professor Valbert Nascimento Cardoso, da Faculdade de Farm&aacute;cia, vai&nbsp;ministrar a confer&ecirc;ncia&nbsp;<em>Estudos de biodistribui&ccedil;&atilde;o de f&aacute;rmacos, pept&iacute;deos e nanoestruturas empregando radiotra&ccedil;adores e t&eacute;cnicas de bioluminesc&ecirc;ncia\/fluoresc&ecirc;ncia<\/em>. A apresenta&ccedil;&atilde;o ser&aacute; feita por outro professor da&nbsp;UFMG,&nbsp;Marcelo Henrique Mamede Lewer, da&nbsp;Faculdade de&nbsp;Medicina.<\/p>\n\n\n\n<p>No mesmo hor&aacute;rio, a professora do Instituto de Ci&ecirc;ncias Biol&oacute;gicas (ICB) Santuza Teixeira,&nbsp;coordenadora do Centro de Tecnologia em Vacinas (CTVacinas), vai&nbsp;ministrar a confer&ecirc;ncia&nbsp;<em>O caminho para o desenvolvimento de uma vacina para covid-19: sucessos e percal&ccedil;os encontrados pela equipe do CTVacinas<\/em>.<\/p>\n\n\n\n<p>A mesa-redonda&nbsp;<em>As escolas e a covid-19: entre o &ldquo;novo normal&rdquo;&nbsp;e&nbsp;as velhas desigualdades&nbsp;<\/em>reunir&aacute;, ainda no dia 21,&nbsp;das 14h &agrave;s 16h, o professor da Fafich&nbsp;Silvio Salej Higgins e os docentes&nbsp;Jean Segata (UFRGS) e Carla Ramos Munzanzu (Ufopa).&nbsp;<\/p>\n\n\n\n<p>Da mesa&nbsp;<em>Linguagem e pol&iacute;ticas p&uacute;blicas: m&uacute;tuas implica&ccedil;&otilde;es<\/em>, participar&atilde;o os professores da Faculdade de Letras&nbsp;Leandro Rodrigues Alves Diniz, F&aacute;tima Cristina da Costa Pessoa (UFPA), Cristine Gorski Severo (UFSC) e Ricardo Nascimento Abreu (UFS).<\/p>\n\n\n\n<h2 class=\"wp-block-heading\">Ifas e informa&ccedil;&atilde;o na pandemia<\/h2>\n\n\n\n<p>No pen&uacute;ltimo dia do evento, na quinta-feira, 22, outros&nbsp;professores da&nbsp;UFMG&nbsp;participar&atilde;o de pain&eacute;is na parte da manh&atilde;, das 9h &agrave;s 11h. Andr&eacute;a Zhouri, da Fafich, vai&nbsp;debater o tema&nbsp;<em>As ci&ecirc;ncias s&atilde;o sobretudo humanas?&nbsp;<\/em>juntamente com&nbsp;Patr&iacute;cia Valim (UFBA), Margarida Salom&atilde;o (professora da UFJF e&nbsp;prefeita de Juiz de Fora), Aldo Jos&eacute; Gorgatti Zarbin (UFPR) e Reinaldo Guimar&atilde;es (UFRJ). A coordena&ccedil;&atilde;o ser&aacute;&nbsp;de&nbsp;Cl&aacute;udia Lago (USP).<\/p>\n\n\n\n<p>A mesa-redonda&nbsp;<em>Autonomia brasileira na produ&ccedil;&atilde;o de insumos farmac&ecirc;uticos ativos (Ifas): o que &eacute; preciso para darmos esse salto?<\/em>&nbsp;reunir&aacute; o infectologista do Instituto&nbsp;de Ci&ecirc;ncias Biol&oacute;gicas (ICB) Mauro Martins Teixeira e os pesquisadores Eliezer Jesus de Lacerda Barreiro (UFRJ) e Antonio Carlos Bezerra (Abifina). A coordena&ccedil;&atilde;o ficar&aacute; a cargo de&nbsp;Teresa Cristina Tavares Dalla Costa (UFRGS).<\/p>\n\n\n\n<p>A professora do Instituto de Ci&ecirc;ncias Exatas (ICEx)&nbsp;Rossimiriam Pereira de Freitas coordenar&aacute; o painel&nbsp;<em>Ci&ecirc;ncia e informa&ccedil;&atilde;o na pandemia,<\/em>&nbsp;com&nbsp;participa&ccedil;&atilde;o de&nbsp;Ana Paula Salles Moura Fernandes, da&nbsp;Faculdade de Farm&aacute;cia e do CTVacinas, e dos pesquisadores Natalia Pasternak Taschner (USP) e Luiz Carlos Dias (Unicamp).<\/p>\n\n\n\n<p>Na sexta-feira, 23, das 13h &agrave;s 15h, Yurij Castelfranchi, da Fafich, participar&aacute; do debate&nbsp;<em>Qual &eacute; o sentido de destacar as figuras humanas e as institui&ccedil;&otilde;es cient&iacute;ficas nas pr&aacute;ticas de divulga&ccedil;&atilde;o cient&iacute;fica?,&nbsp;<\/em>juntamente com&nbsp;Alan Alves Brito (UFRGS) e Deborah Blum (MIT-Economics).&nbsp;Rodrigo Arantes Reis, da&nbsp;UFPR, ser&aacute; o mediador.&nbsp;<\/p>\n\n\n\n<h2 class=\"wp-block-heading\">Minicursos<\/h2>\n\n\n\n<p><em>Os recursos e estrat&eacute;gias para o ensino on-line e ativo da Qu&iacute;mica<\/em>&nbsp;ser&aacute; tema do minicurso que ser&aacute; conduzido pelo&nbsp;professor do Col&eacute;gio T&eacute;cnico (Coltec\/UFMG)&nbsp;Alfredo Lameir&atilde;o Mateus, juntamente com o colega da UFG&nbsp;M&aacute;rlon Herbert Soares.<\/p>\n\n\n\n<p><em>Manejo e preven&ccedil;&atilde;o do comportamento suicida no ensino b&aacute;sico<\/em>&nbsp;ser&aacute; ministrado pelos professores da Fafich&nbsp;Maycoln Le&ocirc;ni Martins Teodoro, Luciana Almeida Santos e Luciene Rocha.<\/p>\n\n\n\n<p>Acompanhe as informa&ccedil;&otilde;es e consulte detalhes da programa&ccedil;&atilde;o&nbsp;no <a href=\"https:\/\/www.youtube.com\/user\/canalsbpc\" class=\"rank-math-link\" target=\"_blank\" rel=\"noopener\">site da 73&ordf; Reuni&atilde;o Anual da SBPC<\/a>.&nbsp;&nbsp;<\/p>\n","protected":false},"excerpt":{"rendered":"<p>Universidade Federal de Minas Gerais ter&aacute; participa&ccedil;&atilde;o destacada no evento on-line, com sede na UFJF em julho<\/p>\n","protected":false},"author":15,"featured_media":11239,"comment_status":"open","ping_status":"open","sticky":false,"template":"","format":"standard","meta":{"tdm_status":"","tdm_grid_status":"","footnotes":"","jetpack_publicize_message":"","jetpack_publicize_feature_enabled":true,"jetpack_social_post_already_shared":true,"jetpack_social_options":{"image_generator_settings":{"template":"highway","enabled":false},"version":2}},"categories":[18,19],"tags":[1109,2962,2959,2961],"class_list":{"0":"post-17522","1":"post","2":"type-post","3":"status-publish","4":"format-standard","5":"has-post-thumbnail","7":"category-eventos","8":"category-insights","9":"tag-futuro-da-ciencia","10":"tag-progresso-da-ciencia","11":"tag-sbpc","12":"tag-ufmg"},"jetpack_publicize_connections":[],"jetpack_featured_media_url":"https:\/\/radardofuturo.com.br\/test\/wp-content\/uploads\/2020\/06\/video-conferencia-conversa-on-line.jpg","post_mailing_queue_ids":[],"_links":{"self":[{"href":"https:\/\/radardofuturo.com.br\/test\/wp-json\/wp\/v2\/posts\/17522","targetHints":{"allow":["GET"]}}],"collection":[{"href":"https:\/\/radardofuturo.com.br\/test\/wp-json\/wp\/v2\/posts"}],"about":[{"href":"https:\/\/radardofuturo.com.br\/test\/wp-json\/wp\/v2\/types\/post"}],"author":[{"embeddable":true,"href":"https:\/\/radardofuturo.com.br\/test\/wp-json\/wp\/v2\/users\/15"}],"replies":[{"embeddable":true,"href":"https:\/\/radardofuturo.com.br\/test\/wp-json\/wp\/v2\/comments?post=17522"}],"version-history":[{"count":0,"href":"https:\/\/radardofuturo.com.br\/test\/wp-json\/wp\/v2\/posts\/17522\/revisions"}],"wp:featuredmedia":[{"embeddable":true,"href":"https:\/\/radardofuturo.com.br\/test\/wp-json\/wp\/v2\/media\/11239"}],"wp:attachment":[{"href":"https:\/\/radardofuturo.com.br\/test\/wp-json\/wp\/v2\/media?parent=17522"}],"wp:term":[{"taxonomy":"category","embeddable":true,"href":"https:\/\/radardofuturo.com.br\/test\/wp-json\/wp\/v2\/categories?post=17522"},{"taxonomy":"post_tag","embeddable":true,"href":"https:\/\/radardofuturo.com.br\/test\/wp-json\/wp\/v2\/tags?post=17522"}],"curies":[{"name":"wp","href":"https:\/\/api.w.org\/{rel}","templated":true}]}}