{"id":17476,"date":"2021-07-01T11:04:22","date_gmt":"2021-07-01T14:04:22","guid":{"rendered":"https:\/\/radardofuturo.com.br\/?p=17476"},"modified":"2021-07-01T11:08:47","modified_gmt":"2021-07-01T14:08:47","slug":"tecnologia-4-0-de-portas-abertas-para-a-industria-mineira","status":"publish","type":"post","link":"https:\/\/radardofuturo.com.br\/test\/tecnologia-4-0-de-portas-abertas-para-a-industria-mineira\/","title":{"rendered":"Tecnologia 4.0: ind\u00fastria mineira ganha centro de desenvolvimento"},"content":{"rendered":"\n<p>Implanta&ccedil;&atilde;o de tecnologia 4.0 em Contagem, na RMBH, possibilita o desenvolvimento de moderniza&ccedil;&atilde;o de ind&uacute;strias regionais<\/p>\n\n\n\n<!--more-->\n\n\n\n<p>Uma f&aacute;brica refer&ecirc;ncia em tecnologia 4.0, uma &aacute;rea inteira com internet das coisas, rob&oacute;tica colaborativa e <a href=\"https:\/\/radardofuturo.com.br\/test\/ddof\/digitalizacao\/\" target=\"_self\" title=\"Digitaliza&ccedil;&atilde;o &eacute; o processo que transforma coisas anal&oacute;gicas, ou seja, algo com exist&ecirc;ncia f&iacute;sica, como um documento, uma foto, um disco de vinil ou seu ambiente de trabalho, em sistemas ou recursos acess&iacute;veis por computador.\" class=\"encyclopedia\">digitaliza&ccedil;&atilde;o<\/a> industrial, um espa&ccedil;o maker de alta tecnologia, tudo em um mesmo local, preparado para elevar a ind&uacute;stria a um novo patamar tecnol&oacute;gico. Isso n&atilde;o &eacute; coisa do futuro, nem trabalho feito fora do Brasil, mas sim uma realidade para o SENAI-MG e para as empresas mineiras. <\/p>\n\n\n\n<div class=\"wp-block-media-text alignwide is-stacked-on-mobile is-vertically-aligned-top\"><figure class=\"wp-block-media-text__media\"><img loading=\"lazy\" decoding=\"async\" width=\"799\" height=\"533\" src=\"https:\/\/radardofuturo.com.br\/test\/wp-content\/uploads\/2021\/07\/51282623755_69b6449ff3_c.jpg\" alt=\"foto fiemg\" class=\"wp-image-17477 size-full\" srcset=\"https:\/\/radardofuturo.com.br\/test\/wp-content\/uploads\/2021\/07\/51282623755_69b6449ff3_c.jpg 799w, https:\/\/radardofuturo.com.br\/test\/wp-content\/uploads\/2021\/07\/51282623755_69b6449ff3_c-300x200.jpg 300w, https:\/\/radardofuturo.com.br\/test\/wp-content\/uploads\/2021\/07\/51282623755_69b6449ff3_c-768x512.jpg 768w, https:\/\/radardofuturo.com.br\/test\/wp-content\/uploads\/2021\/07\/51282623755_69b6449ff3_c-696x464.jpg 696w\" sizes=\"auto, (max-width: 799px) 100vw, 799px\"><\/figure><div class=\"wp-block-media-text__content\">\n<pre class=\"wp-block-preformatted\">No dia 30 de junho, o presidente da FIEMG, Fl\u00e1vio Roscoe, o governador de Minas, Romeu Zema, e a prefeita de Contagem, Mar\u00edlia Campos, inauguraram o\u00a0Centro de Treinamento e Desenvolvimento da Ind\u00fastria 4.0, que est\u00e1 localizado no munic\u00edpio da Regi\u00e3o Metropolitana de Belo Horizonte, ber\u00e7o da ind\u00fastria mineira.<\/pre>\n<\/div><\/div>\n\n\n\n<p>&ldquo;Este Centro &eacute; um marco para a inova&ccedil;&atilde;o em Minas e vai contribuir para a melhoria do ambiente de neg&oacute;cios no estado&rdquo;, iniciou o anfitri&atilde;o e presidente da FIEMG, Fl&aacute;vio Roscoe. &ldquo;Em um s&oacute; local, a ind&uacute;stria ter&aacute; o suporte do SENAI-MG para a implanta&ccedil;&atilde;o de toda a jornada 4.0, por meio de servi&ccedil;os de consultoria tecnol&oacute;gica especializada, desenvolvimento e testes de solu&ccedil;&otilde;es integradoras, servi&ccedil;os t&eacute;cnicos, projetos espec&iacute;ficos e treinamentos correlacionados, tudo isso totalmente personalizado e customizado para cada cliente. <\/p>\n\n\n\n<p>&Eacute; o &uacute;nico espa&ccedil;o no pa&iacute;s dedicado exclusivamente &agrave; tecnologia 4.0 e pensado para as necessidades da ind&uacute;stria mineira. &Eacute; motivo de orgulho para todos n&oacute;s e ele estar instalado em Contagem &eacute; muito simb&oacute;lico, pois a cidade &eacute; o ber&ccedil;o da ind&uacute;stria mineira&rdquo;, destacou o l&iacute;der industrial.<\/p>\n\n\n\n<p>A promo&ccedil;&atilde;o do desenvolvimento econ&ocirc;mico e sustent&aacute;vel de Contagem e de todo o estado de Minas Gerais foi a ideia defendida pela prefeita Mar&iacute;lia Campos, ao celebrar a abertura do novo espa&ccedil;o. &ldquo;Contagem vai ser conhecida no Brasil e mesmo no mundo por sediar este Centro que vai preparar os profissionais para esta revolu&ccedil;&atilde;o na ind&uacute;stria. Vamos projetar a nossa cidade para o futuro e estamos felizes em ter a FIEMG e o governo do Estado ao nosso lado&rdquo;.<\/p>\n\n\n\n<p>O Centro vai qualificar a m&atilde;o de obra dos profissionais que conduzir&atilde;o o processo da implanta&ccedil;&atilde;o da tecnologia 4.0 dentro das f&aacute;bricas. S&atilde;o ofertados cursos t&eacute;cnicos, especializa&ccedil;&otilde;es, aperfei&ccedil;oamento profissional e p&oacute;s-gradua&ccedil;&otilde;es em parceria com os melhores centros de ensino, como o Instituto Tecnol&oacute;gico de Aeron&aacute;utica (ITA) e a UNA.<\/p>\n\n\n\n<p>O governador Romeu Zema refor&ccedil;ou que a pauta da empregabilidade &eacute; uma das principais bandeiras de seu governo. &ldquo;N&atilde;o h&aacute; pol&iacute;tica social melhor que o emprego digno&rdquo;, afirmou. Segundo o governador, em 30 meses de gest&atilde;o, Minas conseguiu atrair mais de R$ 120 bilh&otilde;es em investimentos, proporcionando a gera&ccedil;&atilde;o de muitos empregos. &ldquo;Temos pessoas querendo trabalhar e vagas que n&atilde;o s&atilde;o preenchidas. O Centro 4.0 vem para suprir essa lacuna. Parabenizo a FIEMG por este empreendimento que vai fazer a diferen&ccedil;a e impactar de forma positiva a vida das pessoas&rdquo;, contou.<\/p>\n\n\n\n<h2 class=\"wp-block-heading\">Estrutura para todas as ind&uacute;strias<\/h2>\n\n\n\n<p>O Centro de Treinamento e Desenvolvimento da Ind&uacute;stria 4.0 conta com v&aacute;rias estruturas organizadas para atuar de ponta a ponta no processo industrial. A&nbsp;F&aacute;brica Refer&ecirc;ncia em Ind&uacute;stria 4.0&nbsp;oferece uma planta industrial produtiva projetada e desenvolvida pelo SENAI-MG. Essa f&aacute;brica &eacute; a espinha dorsal do Centro 4.0 e contempla todos os processos da ind&uacute;stria: manuais, mecanizados, automatizados e todos eles com tecnologia 4.0 embarcados.<\/p>\n\n\n\n<p>J&aacute; as&nbsp;&Aacute;reas de IoT&nbsp;e&nbsp;<a href=\"https:\/\/radardofuturo.com.br\/test\/ddof\/digitalizacao\/\" target=\"_self\" title=\"Digitaliza&ccedil;&atilde;o &eacute; o processo que transforma coisas anal&oacute;gicas, ou seja, algo com exist&ecirc;ncia f&iacute;sica, como um documento, uma foto, um disco de vinil ou seu ambiente de trabalho, em sistemas ou recursos acess&iacute;veis por computador.\" class=\"encyclopedia\">Digitaliza&ccedil;&atilde;o<\/a> Industrial&nbsp;realizam estudos, implementam e formam os profissionais especializados nas tecnologias de Solu&ccedil;&otilde;es Internet of Things (IoT), a conhecida internet das coisas, em sistemas embarcados, retrofit (termo utilizado para designar o processo de moderniza&ccedil;&atilde;o de equipamento j&aacute; considerado ultrapassado ou fora de norma), monitoramento de processos industriais, utiliza&ccedil;&atilde;o de RFID (sigla para Radio Frequency Identification, que &eacute; um m&eacute;todo de identifica&ccedil;&atilde;o por meio de sinais de r&aacute;dio que recuperam e armazenam os dados &agrave; dist&acirc;ncia utilizando dispositivos chamados etiquetas RFID) e comunica&ccedil;&atilde;o com a nuvem. V&atilde;o oferecer tamb&eacute;m solu&ccedil;&otilde;es digitais como o desenvolvimento de aplicativos, simula&ccedil;&atilde;o computacional, big data analytics, <a href=\"https:\/\/radardofuturo.com.br\/test\/ddof\/realidade-aumentada\/\" target=\"_self\" title=\"Realidade aumentada &eacute; a tecnologia que utiliza recursos para facilitar a informa&ccedil;&otilde;es e conhecimentos do mundo externo, seja sobre caracter&iacute;sticas de produtos, de coisas ou lugares. A ideia &eacute; aumentar seu conhecimento imediato do mundo ao seu redor. Para isso, insere informa&ccedil;&otilde;es curtas, diretas e relevantes nele. Isso permite maior intera&ccedil;&atilde;o e aumenta as possibilidades&hellip;\" class=\"encyclopedia\">realidade aumentada<\/a> e cybersecurity.<\/p>\n\n\n\n<p>O&nbsp;Espa&ccedil;o Lab. Maker&nbsp;ser&aacute; destinado &agrave; cria&ccedil;&atilde;o, experimenta&ccedil;&atilde;o, prototipagem, compartilhamento, trabalho em conjunto, intera&ccedil;&atilde;o com startups, projetos integradores e espa&ccedil;o de inova&ccedil;&atilde;o aberta. O Centro 4.0 conta ainda com a&nbsp;F&aacute;brica para Treinamento Lean Manufacturing 4.0, o sistema enxuto de manufatura que busca reduzir desperd&iacute;cios enquanto aumenta a produtividade e a qualidade, dando uma vis&atilde;o de processos eficientes e sem desperd&iacute;cios.<\/p>\n\n\n\n<h2 class=\"wp-block-heading\">Parcerias para o sucesso<\/h2>\n\n\n\n<p>Empresas de todos os portes podem trabalhar com o Centro de Treinamento e Desenvolvimento da Ind&uacute;stria 4.0 e a parceria pode ser feita por meio da cess&atilde;o de tecnologia, transfer&ecirc;ncia de conhecimento e at&eacute; doa&ccedil;&atilde;o de equipamentos. J&aacute; s&atilde;o parceiros nesta empreitada a Sequor Softwares Industriais, UR Universal Robotics, Advantech, ECO Automa&ccedil;&atilde;o, SIEMENS PLM, Mix Reality, Mitsubshi Eletric, Altus Automa&ccedil;&atilde;o e Stellantis.<\/p>\n\n\n\n<p>O Centro de Treinamento e Desenvolvimento da Ind&uacute;stria 4.0 do SENAI est&aacute; aberto &agrave; visita&ccedil;&atilde;o dos empres&aacute;rios que quiserem conhecer todas as possibilidades deste universo, por meio de agendamento de visitas pelo endere&ccedil;o eletr&ocirc;nico <a href=\"mailto:senai40@fiemg.com.br\" class=\"rank-math-link\">senai40@fiemg.com.br<\/a>.<\/p>\n\n\n\n<div class=\"wp-block-columns is-layout-flex wp-container-core-columns-is-layout-9d6595d7 wp-block-columns-is-layout-flex\">\n<div class=\"wp-block-column is-layout-flow wp-block-column-is-layout-flow\" style=\"flex-basis:33.33%\">\n<h2 class=\"wp-block-heading\">Onde fica: <\/h2>\n\n\n\n<p>Rua doutor Jos&eacute; Am&eacute;rico Can&ccedil;ado Bahia, 75. Cidade Industrial<br>Contagem &ndash; MG<\/p>\n<\/div>\n\n\n\n<div class=\"wp-block-column is-layout-flow wp-block-column-is-layout-flow\" style=\"flex-basis:66.66%\">\n<iframe src=\"https:\/\/www.google.com\/maps\/embed?pb=!1m18!1m12!1m3!1d30002.018613158678!2d-44.03796146274931!3d-19.955887986589236!2m3!1f0!2f0!3f0!3m2!1i1024!2i768!4f13.1!3m3!1m2!1s0xa695fe07cb9291%3A0x50324068edf99844!2sR.%20Dr.%20Jose%20Americo%20Cancado%20Bahia%2C%2075%20-%20Cidade%20Industrial%2C%20Contagem%20-%20MG%2C%2032210-130!5e0!3m2!1spt-BR!2sbr!4v1625148174460!5m2!1spt-BR!2sbr\" width=\"400\" height=\"300\" style=\"border:0;\" allowfullscreen=\"\" loading=\"lazy\"><\/iframe>\n<\/div>\n<\/div>\n","protected":false},"excerpt":{"rendered":"<p>Implanta&ccedil;&atilde;o de tecnologia 4.0 em Contagem, na RMBH, possibilita o desenvolvimento de moderniza&ccedil;&atilde;o de ind&uacute;strias regionais<\/p>\n","protected":false},"author":15,"featured_media":17477,"comment_status":"open","ping_status":"open","sticky":false,"template":"","format":"standard","meta":{"tdm_status":"","tdm_grid_status":"","footnotes":"","jetpack_publicize_message":"","jetpack_publicize_feature_enabled":true,"jetpack_social_post_already_shared":true,"jetpack_social_options":{"image_generator_settings":{"template":"highway","enabled":false},"version":2}},"categories":[20],"tags":[475,346,474,2712],"class_list":{"0":"post-17476","1":"post","2":"type-post","3":"status-publish","4":"format-standard","5":"has-post-thumbnail","7":"category-destaques","8":"tag-futuro-da-industria","9":"tag-industria-4-0","10":"tag-industria-do-futuro","11":"tag-tendencias-da-industria"},"jetpack_publicize_connections":[],"jetpack_featured_media_url":"https:\/\/radardofuturo.com.br\/test\/wp-content\/uploads\/2021\/07\/51282623755_69b6449ff3_c.jpg","post_mailing_queue_ids":[],"_links":{"self":[{"href":"https:\/\/radardofuturo.com.br\/test\/wp-json\/wp\/v2\/posts\/17476","targetHints":{"allow":["GET"]}}],"collection":[{"href":"https:\/\/radardofuturo.com.br\/test\/wp-json\/wp\/v2\/posts"}],"about":[{"href":"https:\/\/radardofuturo.com.br\/test\/wp-json\/wp\/v2\/types\/post"}],"author":[{"embeddable":true,"href":"https:\/\/radardofuturo.com.br\/test\/wp-json\/wp\/v2\/users\/15"}],"replies":[{"embeddable":true,"href":"https:\/\/radardofuturo.com.br\/test\/wp-json\/wp\/v2\/comments?post=17476"}],"version-history":[{"count":0,"href":"https:\/\/radardofuturo.com.br\/test\/wp-json\/wp\/v2\/posts\/17476\/revisions"}],"wp:featuredmedia":[{"embeddable":true,"href":"https:\/\/radardofuturo.com.br\/test\/wp-json\/wp\/v2\/media\/17477"}],"wp:attachment":[{"href":"https:\/\/radardofuturo.com.br\/test\/wp-json\/wp\/v2\/media?parent=17476"}],"wp:term":[{"taxonomy":"category","embeddable":true,"href":"https:\/\/radardofuturo.com.br\/test\/wp-json\/wp\/v2\/categories?post=17476"},{"taxonomy":"post_tag","embeddable":true,"href":"https:\/\/radardofuturo.com.br\/test\/wp-json\/wp\/v2\/tags?post=17476"}],"curies":[{"name":"wp","href":"https:\/\/api.w.org\/{rel}","templated":true}]}}