{"id":17471,"date":"2021-07-01T09:19:48","date_gmt":"2021-07-01T12:19:48","guid":{"rendered":"https:\/\/radardofuturo.com.br\/1-july-2021-0919\/"},"modified":"2021-07-01T10:16:12","modified_gmt":"2021-07-01T13:16:12","slug":"great-reset-como-plano-economico-virou-teoria-da-conspiracao-global","status":"publish","type":"post","link":"https:\/\/radardofuturo.com.br\/test\/great-reset-como-plano-economico-virou-teoria-da-conspiracao-global\/","title":{"rendered":"&#8216;Great Reset&#8217;: como plano econ\u00f4mico virou teoria da conspira\u00e7\u00e3o global"},"content":{"rendered":"\n<figure class=\"wp-block-image size-large is-style-default\"><img loading=\"lazy\" decoding=\"async\" width=\"1880\" height=\"1295\" src=\"https:\/\/radardofuturo.com.br\/test\/wp-content\/uploads\/2021\/07\/pexels-photo-1134204.jpeg\" alt=\"man in black shirt and gray denim pants sitting on gray padded bench\" class=\"wp-image-17473\" srcset=\"https:\/\/radardofuturo.com.br\/test\/wp-content\/uploads\/2021\/07\/pexels-photo-1134204.jpeg 1880w, https:\/\/radardofuturo.com.br\/test\/wp-content\/uploads\/2021\/07\/pexels-photo-1134204-300x207.jpeg 300w, https:\/\/radardofuturo.com.br\/test\/wp-content\/uploads\/2021\/07\/pexels-photo-1134204-1024x705.jpeg 1024w, https:\/\/radardofuturo.com.br\/test\/wp-content\/uploads\/2021\/07\/pexels-photo-1134204-768x529.jpeg 768w, https:\/\/radardofuturo.com.br\/test\/wp-content\/uploads\/2021\/07\/pexels-photo-1134204-1536x1058.jpeg 1536w, https:\/\/radardofuturo.com.br\/test\/wp-content\/uploads\/2021\/07\/pexels-photo-1134204-100x70.jpeg 100w, https:\/\/radardofuturo.com.br\/test\/wp-content\/uploads\/2021\/07\/pexels-photo-1134204-218x150.jpeg 218w, https:\/\/radardofuturo.com.br\/test\/wp-content\/uploads\/2021\/07\/pexels-photo-1134204-436x300.jpeg 436w, https:\/\/radardofuturo.com.br\/test\/wp-content\/uploads\/2021\/07\/pexels-photo-1134204-696x479.jpeg 696w, https:\/\/radardofuturo.com.br\/test\/wp-content\/uploads\/2021\/07\/pexels-photo-1134204-1392x959.jpeg 1392w\" sizes=\"auto, (max-width: 1880px) 100vw, 1880px\"><figcaption>Photo by Inzmam Khan on <a href=\"https:\/\/www.pexels.com\/photo\/man-in-black-shirt-and-gray-denim-pants-sitting-on-gray-padded-bench-1134204\/\" rel=\"nofollow noopener\" target=\"_blank\">Pexels.com<\/a><\/figcaption><\/figure>\n\n\n\n<!--more-->\n\n\n\n<p>BBC *<br><br>Um vago conjunto de propostas de uma organiza&ccedil;&atilde;o influente foi transformado por te&oacute;ricos da conspira&ccedil;&atilde;o em um motivo para se declarar um levante em uma guerra virtual. Qual &eacute; a verdade por tr&aacute;s do &ldquo;Great Reset&rdquo; (ou &ldquo;Grande Reinicializa&ccedil;&atilde;o&rdquo;)?<\/p>\n\n\n\n<p>As pessoas que acreditam nessas teorias contam hist&oacute;rias sinistras sobre um governo mundial socialista autorit&aacute;rio dirigido por capitalistas e pol&iacute;ticos poderosos &mdash; uma conspira&ccedil;&atilde;o secreta que estaria em curso ao redor do mundo.<\/p>\n\n\n\n<p>Apesar de todas as contradi&ccedil;&otilde;es na teoria, milhares de pessoas na internet est&atilde;o aderindo a esta &uacute;ltima reencarna&ccedil;&atilde;o de uma velha teoria da conspira&ccedil;&atilde;o &mdash; atualizada para a era da covid-19.<\/p>\n\n\n\n<h2 class=\"wp-block-heading\">Onde isso come&ccedil;ou?<\/h2>\n\n\n\n<p>Como muitas teorias de conspira&ccedil;&atilde;o populares, esta come&ccedil;a com um pequeno fato verdadeiro.<\/p>\n\n\n\n<p>Em junho de 2020, o Pr&iacute;ncipe de Gales e o chefe do F&oacute;rum Econ&ocirc;mico Mundial, de Davos, lan&ccedil;aram uma iniciativa pedindo que a pandemia fosse vista como uma chance para o que eles chamaram de um Great Reset da economia global.<\/p>\n\n\n\n<p>Um v&iacute;deo de lan&ccedil;amento da iniciativa intercalava imagens de um mundo em caos &mdash; uma baleia morta, um furac&atilde;o, um canguru em um inc&ecirc;ndio &mdash; com um discurso do pr&iacute;ncipe Charles.<\/p>\n\n\n\n<p>&ldquo;Temos uma oportunidade incr&iacute;vel de criar ind&uacute;strias sustent&aacute;veis inteiramente novas&rdquo;, disse o pr&iacute;ncipe. &ldquo;A hora de agir &eacute; agora.&rdquo;<\/p>\n\n\n\n<p><\/p>\n\n\n\n<figure class=\"wp-block-embed is-type-video is-provider-youtube wp-block-embed-youtube wp-embed-aspect-16-9 wp-has-aspect-ratio\"><div class=\"wp-block-embed__wrapper\">\n<iframe loading=\"lazy\" title=\"#TheGreatReset\" width=\"696\" height=\"392\" src=\"https:\/\/www.youtube.com\/embed\/hRPQqfwwuhU?feature=oembed\" frameborder=\"0\" allow=\"accelerometer; autoplay; clipboard-write; encrypted-media; gyroscope; picture-in-picture; web-share\" referrerpolicy=\"strict-origin-when-cross-origin\" allowfullscreen><\/iframe>\n<\/div><\/figure>\n\n\n\n<p>O outro fundador da iniciativa &eacute; Klaus Schwab, chefe do F&oacute;rum Econ&ocirc;mico Mundial, que organiza um encontro anual em um resort de esqui su&iacute;&ccedil;o para algumas das pessoas mais ricas e poderosas do mundo.<\/p>\n\n\n\n<p>Ele explicou a ideia por tr&aacute;s do Great Reset em um artigo que acompanha o lan&ccedil;amento:<\/p>\n\n\n\n<p>&ldquo;A pandemia representa uma rara mas estreita janela de oportunidade para refletir, reimaginar e redefinir nosso mundo para criar um futuro mais saud&aacute;vel, justo e pr&oacute;spero.&rdquo;<\/p>\n\n\n\n<p>H&aacute; um podcast do Great Reset e at&eacute; um livro de 280 p&aacute;ginas. Mas o plano &eacute; vago quanto a detalhes mais espec&iacute;ficos.<\/p>\n\n\n\n<p>Schwab fala sobre um &ldquo;imposto sobre a riqueza&rdquo; e o fim dos subs&iacute;dios aos combust&iacute;veis f&oacute;sseis. Mas o escopo das ideias &eacute; enorme &mdash; cobrindo tecnologia, mudan&ccedil;a clim&aacute;tica, o futuro do trabalho, seguran&ccedil;a internacional e outros temas &mdash; e &eacute; dif&iacute;cil ver precisamente o que o Great Reset significa na pr&aacute;tica.<\/p>\n\n\n\n<p>Essa falta de clareza, combinada com o plano sendo lan&ccedil;ado por uma organiza&ccedil;&atilde;o influente, forneceu um terreno f&eacute;rtil para o crescimento das teorias da conspira&ccedil;&atilde;o.<\/p>\n\n\n\n<h2 class=\"wp-block-heading\">Nasce uma teoria da conspira&ccedil;&atilde;o<\/h2>\n\n\n\n<p>As propostas, assim como o pr&oacute;prio F&oacute;rum Econ&ocirc;mico Mundial, enfrentam cr&iacute;ticas leg&iacute;timas de uma variedade de fontes. Figuras pol&iacute;ticas conservadoras e meios de comunica&ccedil;&atilde;o acusam a organiza&ccedil;&atilde;o de pressionar por pol&iacute;ticas ambientais que prejudicariam a economia.<\/p>\n\n\n\n<p>H&aacute; d&uacute;vidas sobre se indiv&iacute;duos n&atilde;o-eleitos como Schwab deveriam ter o poder de fazer lobby de forma t&atilde;o proeminente por ideias que poderiam transformar a economia global. A reuni&atilde;o de Davos certamente est&aacute; repleta de pessoas poderosas que t&ecirc;m uma grande influ&ecirc;ncia nos eventos mundiais. Tamb&eacute;m existem preocupa&ccedil;&otilde;es sobre o impacto da tecnologia nas liberdades civis e empregos.<\/p>\n\n\n\n<p>Mas a maior discuss&atilde;o online n&atilde;o &eacute; sobre quest&otilde;es pol&iacute;ticas leg&iacute;timas &mdash; discuss&otilde;es sobre combust&iacute;veis f&oacute;sseis e igualdade de renda &mdash; mas na forma de afirma&ccedil;&otilde;es selvagens e sem fundamento.<\/p>\n\n\n\n<p>A express&atilde;o &ldquo;Great Reset&rdquo; recebeu mais de oito milh&otilde;es de intera&ccedil;&otilde;es no Facebook e foi compartilhado quase dois milh&otilde;es de vezes no Twitter desde que a iniciativa foi lan&ccedil;ada, de acordo com uma pesquisa da BBC Monitoring.<\/p>\n\n\n\n<p>Entre as postagens mais populares est&atilde;o declara&ccedil;&otilde;es infundadas de que o Great Reset &eacute; parte de uma grande conspira&ccedil;&atilde;o da elite global, que de alguma forma planejou e geriu a pandemia da covid-19.<\/p>\n\n\n\n<p>Nessa narrativa, as restri&ccedil;&otilde;es de bloqueio foram introduzidas n&atilde;o para conter a propaga&ccedil;&atilde;o do v&iacute;rus, mas para provocar deliberadamente o colapso econ&ocirc;mico, levando a um governo socialista mundial, embora dirigido para o benef&iacute;cio de capitalistas poderosos.<\/p>\n\n\n\n<p>A teoria da conspira&ccedil;&atilde;o encontrou eco entre ativistas antivacinas, ativistas anti-lockdown, curandeiros new age e pessoas da extrema direita e da extrema esquerda.<\/p>\n\n\n\n<p>Melanie Smith, chefe de an&aacute;lise do Graphika, que pesquisa movimentos online e desinforma&ccedil;&atilde;o, diz que boatos assim s&atilde;o t&iacute;picos de &ldquo;teorias da conspira&ccedil;&atilde;o anti-establishment&rdquo;. &ldquo;Os mais intrincados costumam ser populares entre os c&eacute;ticos do governo de todo o espectro pol&iacute;tico&rdquo;, diz ela.<\/p>\n\n\n\n<p>Nas m&atilde;os de um grupo diversificado de ativistas online, o Great Reset foi evoluindo &mdash; deixando de ser um debate sobre futuro sustent&aacute;vel para se transformar em uma conspira&ccedil;&atilde;o sinistra contra a humanidade.<\/p>\n\n\n\n<h2 class=\"wp-block-heading\">Como viralizou?<\/h2>\n\n\n\n<p>Essas teorias da conspira&ccedil;&atilde;o come&ccedil;aram a circular online por volta de junho de 2020, mas s&oacute; ganharam for&ccedil;a significativa no final do ano.<\/p>\n\n\n\n<p>Em 15 de novembro, a frase come&ccedil;ou a virar trending topic no Twitter quando um v&iacute;deo se tornou viral mostrando o primeiro-ministro canadense Justin Trudeau em uma reuni&atilde;o da ONU em setembro, dizendo que a pandemia proporcionava uma oportunidade para um &ldquo;rein&iacute;cio&rdquo;. N&atilde;o est&aacute; claro se ele estava se referindo ao plano do F&oacute;rum Econ&ocirc;mico Mundial.<\/p>\n\n\n\n<p>Mas alguns afirmaram que seu discurso era a prova de que os l&iacute;deres globais estavam usando a pandemia como pretexto para introduzir uma s&eacute;rie de pol&iacute;ticas socialistas e ambientais.<\/p>\n\n\n\n<p>Milhares de apoiadores de Donald Trump impulsionaram essa ideia. Eles alegaram que uma vit&oacute;ria de Trump nas elei&ccedil;&otilde;es de novembro era a &uacute;nica chance de frustrar o tal compl&ocirc; secreto.<\/p>\n\n\n\n<h2 class=\"wp-block-heading\">Qual &eacute; o pano de fundo dessa teoria?<\/h2>\n\n\n\n<p>A maioria das narrativas promovidas em torno do Great Reset n&atilde;o s&atilde;o novas.<\/p>\n\n\n\n<p>Especialistas dizem que ideias semelhantes sobre o surgimento de um governo mundial totalit&aacute;rio t&ecirc;m circulado desde 1960 sob o nome de Nova Ordem Mundial, que por sua vez toma emprestado ideias de teorias da conspira&ccedil;&atilde;o do s&eacute;culo 18.<\/p>\n\n\n\n<p>Os c&eacute;ticos do Great Reset reempacotam essas ideias, acrescentando novas afirma&ccedil;&otilde;es infundadas da era Covid &mdash; por exemplo, sobre como as vacinas &ldquo;cont&ecirc;m microchips&rdquo; e &ldquo;escravizam&rdquo; as pessoas.<\/p>\n\n\n\n<p>Sua &ldquo;adaptabilidade e la&ccedil;os estreitos com a narrativa da Nova Ordem Mundial&rdquo;, diz Smith, tornam prov&aacute;vel que a teoria da conspira&ccedil;&atilde;o sobreviva &agrave; pandemia.<\/p>\n\n\n\n<p>Em um v&iacute;deo de janeiro, o F&oacute;rum Econ&ocirc;mico Mundial reconheceu que o Great Reset n&atilde;o foi recebido conforme o planejado.<\/p>\n\n\n\n<p>&ldquo;Assumimos a culpa, esse tipo de slogan n&atilde;o caiu bem&rdquo;, diz uma narra&ccedil;&atilde;o.<\/p>\n\n\n\n<p>O F&oacute;rum disse em um comunicado: &ldquo;Teorias da conspira&ccedil;&atilde;o substituem a raz&atilde;o pela fantasia. Elas s&atilde;o uma parte barulhenta, mas perif&eacute;rica da esfera p&uacute;blica. N&oacute;s encorajamos o debate racionalmente fundamentado e baseado em fatos.&rdquo;<\/p>\n\n\n\n<p>Qual &eacute; o futuro do Great Reset?<\/p>\n\n\n\n<p>As cren&ccedil;as da conspira&ccedil;&atilde;o tamb&eacute;m est&atilde;o se infiltrando nas discuss&otilde;es sobre a resposta global &agrave;s mudan&ccedil;as clim&aacute;ticas. A proposta de Schwab enfatiza o uso de mais projetos ecol&oacute;gicos de infraestrutura p&uacute;blica e um &ldquo;crescimento mais verde&rdquo;.<\/p>\n\n\n\n<p>Smith diz que os ativistas online que negam a exist&ecirc;ncia do aquecimento global frequentemente se engajam com a teoria do Great Reset para &ldquo;descartar as iniciativas de sustentabilidade e energia renov&aacute;vel como uma agenda de elite para controle&rdquo;.<\/p>\n\n\n\n<p>&ldquo;A sobreposi&ccedil;&atilde;o dessas conversas pode ficar mais forte &agrave; medida que as quest&otilde;es clim&aacute;ticas se tornam ainda mais proeminentes&rdquo;, diz ela.<\/p>\n\n\n\n<hr class=\"wp-block-separator is-style-wide\">\n\n\n\n<ul class=\"wp-block-list\"><li>Reportagem de Olga Robinson, Shayan Sardarizadeh, Jack Goodman, Christopher Giles e Hugo Williams.<\/li><\/ul>\n","protected":false},"excerpt":{"rendered":"","protected":false},"author":14,"featured_media":17473,"comment_status":"open","ping_status":"open","sticky":false,"template":"","format":"standard","meta":{"tdm_status":"","tdm_grid_status":"","footnotes":"","jetpack_publicize_message":"","jetpack_publicize_feature_enabled":true,"jetpack_social_post_already_shared":true,"jetpack_social_options":{"image_generator_settings":{"template":"highway","enabled":false},"version":2}},"categories":[19,20],"tags":[],"class_list":{"0":"post-17471","1":"post","2":"type-post","3":"status-publish","4":"format-standard","5":"has-post-thumbnail","7":"category-insights","8":"category-destaques"},"jetpack_publicize_connections":[],"jetpack_featured_media_url":"https:\/\/radardofuturo.com.br\/test\/wp-content\/uploads\/2021\/07\/pexels-photo-1134204.jpeg","post_mailing_queue_ids":[],"_links":{"self":[{"href":"https:\/\/radardofuturo.com.br\/test\/wp-json\/wp\/v2\/posts\/17471","targetHints":{"allow":["GET"]}}],"collection":[{"href":"https:\/\/radardofuturo.com.br\/test\/wp-json\/wp\/v2\/posts"}],"about":[{"href":"https:\/\/radardofuturo.com.br\/test\/wp-json\/wp\/v2\/types\/post"}],"author":[{"embeddable":true,"href":"https:\/\/radardofuturo.com.br\/test\/wp-json\/wp\/v2\/users\/14"}],"replies":[{"embeddable":true,"href":"https:\/\/radardofuturo.com.br\/test\/wp-json\/wp\/v2\/comments?post=17471"}],"version-history":[{"count":0,"href":"https:\/\/radardofuturo.com.br\/test\/wp-json\/wp\/v2\/posts\/17471\/revisions"}],"wp:featuredmedia":[{"embeddable":true,"href":"https:\/\/radardofuturo.com.br\/test\/wp-json\/wp\/v2\/media\/17473"}],"wp:attachment":[{"href":"https:\/\/radardofuturo.com.br\/test\/wp-json\/wp\/v2\/media?parent=17471"}],"wp:term":[{"taxonomy":"category","embeddable":true,"href":"https:\/\/radardofuturo.com.br\/test\/wp-json\/wp\/v2\/categories?post=17471"},{"taxonomy":"post_tag","embeddable":true,"href":"https:\/\/radardofuturo.com.br\/test\/wp-json\/wp\/v2\/tags?post=17471"}],"curies":[{"name":"wp","href":"https:\/\/api.w.org\/{rel}","templated":true}]}}